{"id":43009,"date":"2024-01-25T14:18:02","date_gmt":"2024-01-25T14:18:02","guid":{"rendered":"https:\/\/blogin.al\/?p=43009"},"modified":"2024-01-25T14:18:04","modified_gmt":"2024-01-25T14:18:04","slug":"sara-afrohet-me-bardhin-per-ti-shpetuar-eleminimit-ne-bbvip-reagon-rikja-deri-dje-tha-nuk-lidhem-tani-ben-gili-vili","status":"publish","type":"post","link":"https:\/\/blogin.al\/?p=43009","title":{"rendered":"Sara afrohet me Bardhin p\u00ebr ti shp\u00ebtuar eleminimit n\u00eb \u201cBBVIP\u201d? Reagon Rikja: Deri dje tha nuk lidhem, tani b\u00ebn gili-vili"},"content":{"rendered":"\n<p class=\"wp-block-paragraph\">Sara Gjordeni dhe Bardhit s\u00eb fundmi jan\u00eb par\u00eb mjaft t\u00eb af\u00ebrt me nj\u00ebri-tjetrin n\u00eb sht\u00ebpin\u00eb e \u201cBig Brother VIP\u201d.<\/p>\n\n\n\n<p class=\"wp-block-paragraph\">Afermiteti i dyshes ka nxitur aludimet e banor\u00ebve se banorja mund t\u00eb jet\u00eb duke e p\u00ebrdorur k\u00ebng\u00ebtarin vet\u00ebm q\u00eb ti shp\u00ebtoj\u00eb eleminimit.<\/p>\n\n\n\n<p class=\"wp-block-paragraph\">Dit\u00ebn e sotme Rike Roci teksa po bisedonte me Julin u shpreh se para disa dit\u00ebsh Sara i ka th\u00ebn\u00eb q\u00eb nuk d\u00ebshiron t\u00eb lidhet n\u00eb \u201cBig Brother VIP\u201d, pasi d\u00ebshiron q\u00eb publiku ta njohin vetem n\u00eb k\u00ebt\u00eb rrug\u00ebtim.<\/p>\n\n\n\n<p class=\"wp-block-paragraph\">Megjithat\u00eb akoma nuk dihet n\u00ebse n\u00eb t\u00eb v\u00ebrtet\u00eb ka nisur di\u00e7ka mes Sar\u00ebs dhe Bardhit, apo dyshja po e b\u00ebjn\u00eb p\u00ebr ti shp\u00ebtuar eleminimit.<\/p>\n\n\n\n<p class=\"wp-block-paragraph\"><strong>Pjes\u00eb nga biseda:<\/strong><\/p>\n\n\n\n<p class=\"wp-block-paragraph\"><strong>Rikja:<\/strong>&nbsp;Para sa dit\u00ebve m\u00eb tha \u2018un\u00eb e kam problem q\u00eb jasht\u00eb t\u00eb mendojn\u00eb k\u00ebt\u00eb gj\u00eb sepse un\u00eb kam ardhur vet\u00ebm dhe duhet t\u00eb eci vet\u00ebm\u2019 nd\u00ebrsa tani e shoh gili-vili.<\/p>\n\n\n\n<p class=\"wp-block-paragraph\"><strong>Juli:<\/strong>&nbsp;Ti mendon se i ka lindur di\u00e7ka apo \u00ebsht\u00eb thjesht\u00eb di\u00e7ka p\u00ebr ti shpetuar eleminimit.<\/p>\n\n\n\n<p class=\"wp-block-paragraph\"><strong>Rikja:<\/strong>&nbsp;Se di pra se para ca dit\u00ebve m\u00eb tha \u2018q\u00eb Rike un\u00eb nuk dua q\u00eb emri im t\u00eb lidhet me dik\u00ebn tjet\u00ebr sepse un\u00eb dua q\u00eb t\u00eb jem vetem\u00eb n\u00eb k\u00ebt\u00eb rrug\u00ebtim dhe publiku t\u00eb m\u00eb njohin vet\u00ebm.\u201d<\/p>\n\n\n\n<p class=\"wp-block-paragraph\"><strong>Juli:<\/strong>&nbsp;Ndoshta se ka pasur n\u00eb sensin e lidhjes por n\u00eb sensin e grupimit.<\/p>\n\n\n\n<p class=\"wp-block-paragraph\"><strong>Rikja:<\/strong>&nbsp;Jo jo n\u00eb sensin e lidhjes e ka pasur sepse m\u00eb tha q\u00eb un\u00eb nuk dua q\u00eb emri im t\u00eb lidhet me Romeon sepse dua q\u00eb t\u00eb njihem vet\u00ebm, t\u00eb betohem.<\/p>\n","protected":false},"excerpt":{"rendered":"<p>Sara Gjordeni dhe Bardhit s\u00eb fundmi jan\u00eb par\u00eb mjaft t\u00eb af\u00ebrt me nj\u00ebri-tjetrin n\u00eb sht\u00ebpin\u00eb e \u201cBig Brother VIP\u201d. Afermiteti i dyshes ka nxitur aludimet e banor\u00ebve se banorja mund t\u00eb jet\u00eb duke e p\u00ebrdorur k\u00ebng\u00ebtarin vet\u00ebm q\u00eb ti shp\u00ebtoj\u00eb eleminimit. Dit\u00ebn e sotme Rike Roci teksa po bisedonte me Julin u shpreh se para [&hellip;]<\/p>\n","protected":false},"author":2,"featured_media":42968,"comment_status":"open","ping_status":"open","sticky":false,"template":"","format":"standard","meta":{"footnotes":""},"categories":[33],"tags":[],"class_list":["post-43009","post","type-post","status-publish","format-standard","has-post-thumbnail","category-showbiz"],"yoast_head":"<!-- This site is optimized with the Yoast SEO plugin v28.4 - https:\/\/yoast.com\/product\/yoast-seo-wordpress\/ -->\n<title>Sara afrohet me Bardhin p\u00ebr ti shp\u00ebtuar eleminimit n\u00eb \u201cBBVIP\u201d? Reagon Rikja: Deri dje tha nuk lidhem, tani b\u00ebn gili-vili - blogin.al<\/title>\n<meta name=\"robots\" content=\"index, follow, max-snippet:-1, max-image-preview:large, max-video-preview:-1\" \/>\n<link rel=\"canonical\" href=\"https:\/\/blogin.al\/?p=43009\" \/>\n<meta property=\"og:locale\" content=\"en_US\" \/>\n<meta property=\"og:type\" content=\"article\" \/>\n<meta property=\"og:title\" content=\"Sara afrohet me Bardhin p\u00ebr ti shp\u00ebtuar eleminimit n\u00eb \u201cBBVIP\u201d? Reagon Rikja: Deri dje tha nuk lidhem, tani b\u00ebn gili-vili - blogin.al\" \/>\n<meta property=\"og:description\" content=\"Sara Gjordeni dhe Bardhit s\u00eb fundmi jan\u00eb par\u00eb mjaft t\u00eb af\u00ebrt me nj\u00ebri-tjetrin n\u00eb sht\u00ebpin\u00eb e \u201cBig Brother VIP\u201d. Afermiteti i dyshes ka nxitur aludimet e banor\u00ebve se banorja mund t\u00eb jet\u00eb duke e p\u00ebrdorur k\u00ebng\u00ebtarin vet\u00ebm q\u00eb ti shp\u00ebtoj\u00eb eleminimit. Dit\u00ebn e sotme Rike Roci teksa po bisedonte me Julin u shpreh se para [&hellip;]\" \/>\n<meta property=\"og:url\" content=\"https:\/\/blogin.al\/?p=43009\" \/>\n<meta property=\"og:site_name\" content=\"blogin.al\" \/>\n<meta property=\"article:published_time\" content=\"2024-01-25T14:18:02+00:00\" \/>\n<meta property=\"article:modified_time\" content=\"2024-01-25T14:18:04+00:00\" \/>\n<meta property=\"og:image\" content=\"https:\/\/blogin.al\/wp-content\/uploads\/2024\/01\/image-151.png\" \/>\n\t<meta property=\"og:image:width\" content=\"750\" \/>\n\t<meta property=\"og:image:height\" content=\"491\" \/>\n\t<meta property=\"og:image:type\" content=\"image\/png\" \/>\n<meta name=\"author\" content=\"Blogin al\" \/>\n<meta name=\"twitter:card\" content=\"summary_large_image\" \/>\n<meta name=\"twitter:label1\" content=\"Written by\" \/>\n\t<meta name=\"twitter:data1\" content=\"Blogin al\" \/>\n\t<meta name=\"twitter:label2\" content=\"Est. reading time\" \/>\n\t<meta name=\"twitter:data2\" content=\"2 minutes\" \/>\n<script type=\"application\/ld+json\" class=\"yoast-schema-graph\">{\"@context\":\"https:\\\/\\\/schema.org\",\"@graph\":[{\"@type\":\"Article\",\"@id\":\"https:\\\/\\\/blogin.al\\\/?p=43009#article\",\"isPartOf\":{\"@id\":\"https:\\\/\\\/blogin.al\\\/?p=43009\"},\"author\":{\"name\":\"Blogin al\",\"@id\":\"https:\\\/\\\/blogin.al\\\/#\\\/schema\\\/person\\\/abdd56bc912cd511db877b852b115399\"},\"headline\":\"Sara afrohet me Bardhin p\u00ebr ti shp\u00ebtuar eleminimit n\u00eb \u201cBBVIP\u201d? Reagon Rikja: Deri dje tha nuk lidhem, tani b\u00ebn gili-vili\",\"datePublished\":\"2024-01-25T14:18:02+00:00\",\"dateModified\":\"2024-01-25T14:18:04+00:00\",\"mainEntityOfPage\":{\"@id\":\"https:\\\/\\\/blogin.al\\\/?p=43009\"},\"wordCount\":305,\"commentCount\":0,\"publisher\":{\"@id\":\"https:\\\/\\\/blogin.al\\\/#organization\"},\"image\":{\"@id\":\"https:\\\/\\\/blogin.al\\\/?p=43009#primaryimage\"},\"thumbnailUrl\":\"https:\\\/\\\/blogin.al\\\/wp-content\\\/uploads\\\/2024\\\/01\\\/image-151.png\",\"articleSection\":[\"SHOWBIZ\"],\"inLanguage\":\"en-US\",\"potentialAction\":[{\"@type\":\"CommentAction\",\"name\":\"Comment\",\"target\":[\"https:\\\/\\\/blogin.al\\\/?p=43009#respond\"]}]},{\"@type\":\"WebPage\",\"@id\":\"https:\\\/\\\/blogin.al\\\/?p=43009\",\"url\":\"https:\\\/\\\/blogin.al\\\/?p=43009\",\"name\":\"Sara afrohet me Bardhin p\u00ebr ti shp\u00ebtuar eleminimit n\u00eb \u201cBBVIP\u201d? Reagon Rikja: Deri dje tha nuk lidhem, tani b\u00ebn gili-vili - blogin.al\",\"isPartOf\":{\"@id\":\"https:\\\/\\\/blogin.al\\\/#website\"},\"primaryImageOfPage\":{\"@id\":\"https:\\\/\\\/blogin.al\\\/?p=43009#primaryimage\"},\"image\":{\"@id\":\"https:\\\/\\\/blogin.al\\\/?p=43009#primaryimage\"},\"thumbnailUrl\":\"https:\\\/\\\/blogin.al\\\/wp-content\\\/uploads\\\/2024\\\/01\\\/image-151.png\",\"datePublished\":\"2024-01-25T14:18:02+00:00\",\"dateModified\":\"2024-01-25T14:18:04+00:00\",\"breadcrumb\":{\"@id\":\"https:\\\/\\\/blogin.al\\\/?p=43009#breadcrumb\"},\"inLanguage\":\"en-US\",\"potentialAction\":[{\"@type\":\"ReadAction\",\"target\":[\"https:\\\/\\\/blogin.al\\\/?p=43009\"]}]},{\"@type\":\"ImageObject\",\"inLanguage\":\"en-US\",\"@id\":\"https:\\\/\\\/blogin.al\\\/?p=43009#primaryimage\",\"url\":\"https:\\\/\\\/blogin.al\\\/wp-content\\\/uploads\\\/2024\\\/01\\\/image-151.png\",\"contentUrl\":\"https:\\\/\\\/blogin.al\\\/wp-content\\\/uploads\\\/2024\\\/01\\\/image-151.png\",\"width\":750,\"height\":491},{\"@type\":\"BreadcrumbList\",\"@id\":\"https:\\\/\\\/blogin.al\\\/?p=43009#breadcrumb\",\"itemListElement\":[{\"@type\":\"ListItem\",\"position\":1,\"name\":\"Home\",\"item\":\"https:\\\/\\\/blogin.al\\\/\"},{\"@type\":\"ListItem\",\"position\":2,\"name\":\"Sara afrohet me Bardhin p\u00ebr ti shp\u00ebtuar eleminimit n\u00eb \u201cBBVIP\u201d? Reagon Rikja: Deri dje tha nuk lidhem, tani b\u00ebn gili-vili\"}]},{\"@type\":\"WebSite\",\"@id\":\"https:\\\/\\\/blogin.al\\\/#website\",\"url\":\"https:\\\/\\\/blogin.al\\\/\",\"name\":\"blogin.al\",\"description\":\"\",\"publisher\":{\"@id\":\"https:\\\/\\\/blogin.al\\\/#organization\"},\"potentialAction\":[{\"@type\":\"SearchAction\",\"target\":{\"@type\":\"EntryPoint\",\"urlTemplate\":\"https:\\\/\\\/blogin.al\\\/?s={search_term_string}\"},\"query-input\":{\"@type\":\"PropertyValueSpecification\",\"valueRequired\":true,\"valueName\":\"search_term_string\"}}],\"inLanguage\":\"en-US\"},{\"@type\":\"Organization\",\"@id\":\"https:\\\/\\\/blogin.al\\\/#organization\",\"name\":\"BLOGIN.al\",\"url\":\"https:\\\/\\\/blogin.al\\\/\",\"logo\":{\"@type\":\"ImageObject\",\"inLanguage\":\"en-US\",\"@id\":\"https:\\\/\\\/blogin.al\\\/#\\\/schema\\\/logo\\\/image\\\/\",\"url\":\"https:\\\/\\\/blogin.al\\\/wp-content\\\/uploads\\\/2022\\\/05\\\/Untitled-2-01-e1652084456514.png\",\"contentUrl\":\"https:\\\/\\\/blogin.al\\\/wp-content\\\/uploads\\\/2022\\\/05\\\/Untitled-2-01-e1652084456514.png\",\"width\":3723,\"height\":1698,\"caption\":\"BLOGIN.al\"},\"image\":{\"@id\":\"https:\\\/\\\/blogin.al\\\/#\\\/schema\\\/logo\\\/image\\\/\"},\"sameAs\":[\"https:\\\/\\\/instagram.com\\\/blogin.al\\\/\"]},{\"@type\":\"Person\",\"@id\":\"https:\\\/\\\/blogin.al\\\/#\\\/schema\\\/person\\\/abdd56bc912cd511db877b852b115399\",\"name\":\"Blogin al\",\"image\":{\"@type\":\"ImageObject\",\"inLanguage\":\"en-US\",\"@id\":\"https:\\\/\\\/secure.gravatar.com\\\/avatar\\\/60d5661aee6e835fb13dc75d2204cd0c1d61bef2efd137c0083e59ef831e235e?s=96&d=mm&r=g\",\"url\":\"https:\\\/\\\/secure.gravatar.com\\\/avatar\\\/60d5661aee6e835fb13dc75d2204cd0c1d61bef2efd137c0083e59ef831e235e?s=96&d=mm&r=g\",\"contentUrl\":\"https:\\\/\\\/secure.gravatar.com\\\/avatar\\\/60d5661aee6e835fb13dc75d2204cd0c1d61bef2efd137c0083e59ef831e235e?s=96&d=mm&r=g\",\"caption\":\"Blogin al\"},\"sameAs\":[\"https:\\\/\\\/blogin.al\"],\"url\":\"https:\\\/\\\/blogin.al\\\/?author=2\"}]}<\/script>\n<!-- \/ Yoast SEO plugin. -->","yoast_head_json":{"title":"Sara afrohet me Bardhin p\u00ebr ti shp\u00ebtuar eleminimit n\u00eb \u201cBBVIP\u201d? Reagon Rikja: Deri dje tha nuk lidhem, tani b\u00ebn gili-vili - blogin.al","robots":{"index":"index","follow":"follow","max-snippet":"max-snippet:-1","max-image-preview":"max-image-preview:large","max-video-preview":"max-video-preview:-1"},"canonical":"https:\/\/blogin.al\/?p=43009","og_locale":"en_US","og_type":"article","og_title":"Sara afrohet me Bardhin p\u00ebr ti shp\u00ebtuar eleminimit n\u00eb \u201cBBVIP\u201d? Reagon Rikja: Deri dje tha nuk lidhem, tani b\u00ebn gili-vili - blogin.al","og_description":"Sara Gjordeni dhe Bardhit s\u00eb fundmi jan\u00eb par\u00eb mjaft t\u00eb af\u00ebrt me nj\u00ebri-tjetrin n\u00eb sht\u00ebpin\u00eb e \u201cBig Brother VIP\u201d. Afermiteti i dyshes ka nxitur aludimet e banor\u00ebve se banorja mund t\u00eb jet\u00eb duke e p\u00ebrdorur k\u00ebng\u00ebtarin vet\u00ebm q\u00eb ti shp\u00ebtoj\u00eb eleminimit. Dit\u00ebn e sotme Rike Roci teksa po bisedonte me Julin u shpreh se para [&hellip;]","og_url":"https:\/\/blogin.al\/?p=43009","og_site_name":"blogin.al","article_published_time":"2024-01-25T14:18:02+00:00","article_modified_time":"2024-01-25T14:18:04+00:00","og_image":[{"width":750,"height":491,"url":"https:\/\/blogin.al\/wp-content\/uploads\/2024\/01\/image-151.png","type":"image\/png"}],"author":"Blogin al","twitter_card":"summary_large_image","twitter_misc":{"Written by":"Blogin al","Est. reading time":"2 minutes"},"schema":{"@context":"https:\/\/schema.org","@graph":[{"@type":"Article","@id":"https:\/\/blogin.al\/?p=43009#article","isPartOf":{"@id":"https:\/\/blogin.al\/?p=43009"},"author":{"name":"Blogin al","@id":"https:\/\/blogin.al\/#\/schema\/person\/abdd56bc912cd511db877b852b115399"},"headline":"Sara afrohet me Bardhin p\u00ebr ti shp\u00ebtuar eleminimit n\u00eb \u201cBBVIP\u201d? Reagon Rikja: Deri dje tha nuk lidhem, tani b\u00ebn gili-vili","datePublished":"2024-01-25T14:18:02+00:00","dateModified":"2024-01-25T14:18:04+00:00","mainEntityOfPage":{"@id":"https:\/\/blogin.al\/?p=43009"},"wordCount":305,"commentCount":0,"publisher":{"@id":"https:\/\/blogin.al\/#organization"},"image":{"@id":"https:\/\/blogin.al\/?p=43009#primaryimage"},"thumbnailUrl":"https:\/\/blogin.al\/wp-content\/uploads\/2024\/01\/image-151.png","articleSection":["SHOWBIZ"],"inLanguage":"en-US","potentialAction":[{"@type":"CommentAction","name":"Comment","target":["https:\/\/blogin.al\/?p=43009#respond"]}]},{"@type":"WebPage","@id":"https:\/\/blogin.al\/?p=43009","url":"https:\/\/blogin.al\/?p=43009","name":"Sara afrohet me Bardhin p\u00ebr ti shp\u00ebtuar eleminimit n\u00eb \u201cBBVIP\u201d? Reagon Rikja: Deri dje tha nuk lidhem, tani b\u00ebn gili-vili - blogin.al","isPartOf":{"@id":"https:\/\/blogin.al\/#website"},"primaryImageOfPage":{"@id":"https:\/\/blogin.al\/?p=43009#primaryimage"},"image":{"@id":"https:\/\/blogin.al\/?p=43009#primaryimage"},"thumbnailUrl":"https:\/\/blogin.al\/wp-content\/uploads\/2024\/01\/image-151.png","datePublished":"2024-01-25T14:18:02+00:00","dateModified":"2024-01-25T14:18:04+00:00","breadcrumb":{"@id":"https:\/\/blogin.al\/?p=43009#breadcrumb"},"inLanguage":"en-US","potentialAction":[{"@type":"ReadAction","target":["https:\/\/blogin.al\/?p=43009"]}]},{"@type":"ImageObject","inLanguage":"en-US","@id":"https:\/\/blogin.al\/?p=43009#primaryimage","url":"https:\/\/blogin.al\/wp-content\/uploads\/2024\/01\/image-151.png","contentUrl":"https:\/\/blogin.al\/wp-content\/uploads\/2024\/01\/image-151.png","width":750,"height":491},{"@type":"BreadcrumbList","@id":"https:\/\/blogin.al\/?p=43009#breadcrumb","itemListElement":[{"@type":"ListItem","position":1,"name":"Home","item":"https:\/\/blogin.al\/"},{"@type":"ListItem","position":2,"name":"Sara afrohet me Bardhin p\u00ebr ti shp\u00ebtuar eleminimit n\u00eb \u201cBBVIP\u201d? Reagon Rikja: Deri dje tha nuk lidhem, tani b\u00ebn gili-vili"}]},{"@type":"WebSite","@id":"https:\/\/blogin.al\/#website","url":"https:\/\/blogin.al\/","name":"blogin.al","description":"","publisher":{"@id":"https:\/\/blogin.al\/#organization"},"potentialAction":[{"@type":"SearchAction","target":{"@type":"EntryPoint","urlTemplate":"https:\/\/blogin.al\/?s={search_term_string}"},"query-input":{"@type":"PropertyValueSpecification","valueRequired":true,"valueName":"search_term_string"}}],"inLanguage":"en-US"},{"@type":"Organization","@id":"https:\/\/blogin.al\/#organization","name":"BLOGIN.al","url":"https:\/\/blogin.al\/","logo":{"@type":"ImageObject","inLanguage":"en-US","@id":"https:\/\/blogin.al\/#\/schema\/logo\/image\/","url":"https:\/\/blogin.al\/wp-content\/uploads\/2022\/05\/Untitled-2-01-e1652084456514.png","contentUrl":"https:\/\/blogin.al\/wp-content\/uploads\/2022\/05\/Untitled-2-01-e1652084456514.png","width":3723,"height":1698,"caption":"BLOGIN.al"},"image":{"@id":"https:\/\/blogin.al\/#\/schema\/logo\/image\/"},"sameAs":["https:\/\/instagram.com\/blogin.al\/"]},{"@type":"Person","@id":"https:\/\/blogin.al\/#\/schema\/person\/abdd56bc912cd511db877b852b115399","name":"Blogin al","image":{"@type":"ImageObject","inLanguage":"en-US","@id":"https:\/\/secure.gravatar.com\/avatar\/60d5661aee6e835fb13dc75d2204cd0c1d61bef2efd137c0083e59ef831e235e?s=96&d=mm&r=g","url":"https:\/\/secure.gravatar.com\/avatar\/60d5661aee6e835fb13dc75d2204cd0c1d61bef2efd137c0083e59ef831e235e?s=96&d=mm&r=g","contentUrl":"https:\/\/secure.gravatar.com\/avatar\/60d5661aee6e835fb13dc75d2204cd0c1d61bef2efd137c0083e59ef831e235e?s=96&d=mm&r=g","caption":"Blogin al"},"sameAs":["https:\/\/blogin.al"],"url":"https:\/\/blogin.al\/?author=2"}]}},"_links":{"self":[{"href":"https:\/\/blogin.al\/index.php?rest_route=\/wp\/v2\/posts\/43009","targetHints":{"allow":["GET"]}}],"collection":[{"href":"https:\/\/blogin.al\/index.php?rest_route=\/wp\/v2\/posts"}],"about":[{"href":"https:\/\/blogin.al\/index.php?rest_route=\/wp\/v2\/types\/post"}],"author":[{"embeddable":true,"href":"https:\/\/blogin.al\/index.php?rest_route=\/wp\/v2\/users\/2"}],"replies":[{"embeddable":true,"href":"https:\/\/blogin.al\/index.php?rest_route=%2Fwp%2Fv2%2Fcomments&post=43009"}],"version-history":[{"count":1,"href":"https:\/\/blogin.al\/index.php?rest_route=\/wp\/v2\/posts\/43009\/revisions"}],"predecessor-version":[{"id":43010,"href":"https:\/\/blogin.al\/index.php?rest_route=\/wp\/v2\/posts\/43009\/revisions\/43010"}],"wp:featuredmedia":[{"embeddable":true,"href":"https:\/\/blogin.al\/index.php?rest_route=\/wp\/v2\/media\/42968"}],"wp:attachment":[{"href":"https:\/\/blogin.al\/index.php?rest_route=%2Fwp%2Fv2%2Fmedia&parent=43009"}],"wp:term":[{"taxonomy":"category","embeddable":true,"href":"https:\/\/blogin.al\/index.php?rest_route=%2Fwp%2Fv2%2Fcategories&post=43009"},{"taxonomy":"post_tag","embeddable":true,"href":"https:\/\/blogin.al\/index.php?rest_route=%2Fwp%2Fv2%2Ftags&post=43009"}],"curies":[{"name":"wp","href":"https:\/\/api.w.org\/{rel}","templated":true}]}}