{"id":43057,"date":"2024-01-27T08:55:28","date_gmt":"2024-01-27T08:55:28","guid":{"rendered":"https:\/\/blogin.al\/?p=43057"},"modified":"2024-01-27T13:36:11","modified_gmt":"2024-01-27T13:36:11","slug":"dojna-mema-i-del-ne-mbrojtje-gazetares-nuk-eshte-ledjona","status":"publish","type":"post","link":"https:\/\/blogin.al\/?p=43057","title":{"rendered":"Dojna Mema i del n\u00eb mbrojtje gazetares: Ledjona ka mbajtur n\u00eb sht\u00ebpi.."},"content":{"rendered":"\n<p>Si moderatore e programit \u201cPiranjat\u201d, Dojna Mema ka arritur ta njoh\u00eb nga af\u00ebr gazetaren e k\u00ebtij programi, Ledjon\u00ebn.<\/p>\n\n\n\n<p>S\u00eb fundmi, ajo ka zhvilluar nj\u00eb intervist\u00eb me ndjek\u00ebsit e saj virtual, ku nj\u00eb prej tyre e ka pyetur:<\/p>\n\n\n\n<p><em>Ledjona \u00ebsht\u00eb ajo q\u00eb mbajti n\u00eb sht\u00ebpin\u00eb e saj dy jav\u00eb nj\u00eb viktim\u00eb t\u00eb abuzuar seksualisht. Ledjona \u00ebsht\u00eb ajo q\u00eb rend p\u00ebr t\u00eb kapur pedofil\u00ebt dhe p\u00ebr t\u00eb ngritur z\u00ebrin p\u00ebrkundrejt \u00e7do padrejt\u00ebsie.Uroj q\u00eb k\u00ebt\u00eb ta tregoj\u00eb edhe aty brenda\u201d \u2013 shkruan Dojna.<\/em><\/p>\n\n\n\n<p><em>\u201cA e mb\u00ebshtet Ledjon\u00ebn n\u00eb Big Brother?\u201d, nd\u00ebrsa Dojna i \u00ebsht\u00eb p\u00ebrgjigjur:<\/em><\/p>\n\n\n\n<p><em>\u201cLedjona \u00ebsht\u00eb vajz\u00eb shum\u00eb e guximshme q\u00eb ka b\u00ebr\u00eb nj\u00eb pun\u00eb t\u00eb shk\u00eblqyer p\u00ebr shoq\u00ebrin\u00eb shqiptare n\u00ebp\u00ebrmjet pun\u00ebs s\u00eb saj. Ledjona nuk \u00ebsht\u00eb vet\u00ebm Ledjona e Esmas! At\u00eb keni zgjedhur t\u00eb shihni ju.<\/em><\/p>\n","protected":false},"excerpt":{"rendered":"<p>Si moderatore e programit \u201cPiranjat\u201d, Dojna Mema ka arritur ta njoh\u00eb nga af\u00ebr gazetaren e k\u00ebtij programi, Ledjon\u00ebn. S\u00eb fundmi, ajo ka zhvilluar nj\u00eb intervist\u00eb me ndjek\u00ebsit e saj virtual, ku nj\u00eb prej tyre e ka pyetur: Ledjona \u00ebsht\u00eb ajo q\u00eb mbajti n\u00eb sht\u00ebpin\u00eb e saj dy jav\u00eb nj\u00eb viktim\u00eb t\u00eb abuzuar seksualisht. Ledjona \u00ebsht\u00eb [&hellip;]<\/p>\n","protected":false},"author":2,"featured_media":16201,"comment_status":"open","ping_status":"open","sticky":false,"template":"","format":"standard","meta":{"footnotes":""},"categories":[33],"tags":[],"class_list":{"0":"post-43057","1":"post","2":"type-post","3":"status-publish","4":"format-standard","5":"has-post-thumbnail","7":"category-showbiz"},"yoast_head":"<!-- This site is optimized with the Yoast SEO plugin v27.4 - https:\/\/yoast.com\/product\/yoast-seo-wordpress\/ -->\n<title>Dojna Mema i del n\u00eb mbrojtje gazetares: Ledjona ka mbajtur n\u00eb sht\u00ebpi.. - blogin.al<\/title>\n<meta name=\"robots\" content=\"index, follow, max-snippet:-1, max-image-preview:large, max-video-preview:-1\" \/>\n<link rel=\"canonical\" href=\"https:\/\/blogin.al\/?p=43057\" \/>\n<meta property=\"og:locale\" content=\"en_US\" \/>\n<meta property=\"og:type\" content=\"article\" \/>\n<meta property=\"og:title\" content=\"Dojna Mema i del n\u00eb mbrojtje gazetares: Ledjona ka mbajtur n\u00eb sht\u00ebpi.. - blogin.al\" \/>\n<meta property=\"og:description\" content=\"Si moderatore e programit \u201cPiranjat\u201d, Dojna Mema ka arritur ta njoh\u00eb nga af\u00ebr gazetaren e k\u00ebtij programi, Ledjon\u00ebn. S\u00eb fundmi, ajo ka zhvilluar nj\u00eb intervist\u00eb me ndjek\u00ebsit e saj virtual, ku nj\u00eb prej tyre e ka pyetur: Ledjona \u00ebsht\u00eb ajo q\u00eb mbajti n\u00eb sht\u00ebpin\u00eb e saj dy jav\u00eb nj\u00eb viktim\u00eb t\u00eb abuzuar seksualisht. Ledjona \u00ebsht\u00eb [&hellip;]\" \/>\n<meta property=\"og:url\" content=\"https:\/\/blogin.al\/?p=43057\" \/>\n<meta property=\"og:site_name\" content=\"blogin.al\" \/>\n<meta property=\"article:published_time\" content=\"2024-01-27T08:55:28+00:00\" \/>\n<meta property=\"article:modified_time\" content=\"2024-01-27T13:36:11+00:00\" \/>\n<meta property=\"og:image\" content=\"https:\/\/blogin.al\/wp-content\/uploads\/2022\/10\/dojna.jpg\" \/>\n\t<meta property=\"og:image:width\" content=\"672\" \/>\n\t<meta property=\"og:image:height\" content=\"448\" \/>\n\t<meta property=\"og:image:type\" content=\"image\/jpeg\" \/>\n<meta name=\"author\" content=\"Blogin al\" \/>\n<meta name=\"twitter:card\" content=\"summary_large_image\" \/>\n<meta name=\"twitter:label1\" content=\"Written by\" \/>\n\t<meta name=\"twitter:data1\" content=\"Blogin al\" \/>\n\t<meta name=\"twitter:label2\" content=\"Est. reading time\" \/>\n\t<meta name=\"twitter:data2\" content=\"1 minute\" \/>\n<script type=\"application\/ld+json\" class=\"yoast-schema-graph\">{\"@context\":\"https:\\\/\\\/schema.org\",\"@graph\":[{\"@type\":\"Article\",\"@id\":\"https:\\\/\\\/blogin.al\\\/?p=43057#article\",\"isPartOf\":{\"@id\":\"https:\\\/\\\/blogin.al\\\/?p=43057\"},\"author\":{\"name\":\"Blogin al\",\"@id\":\"https:\\\/\\\/blogin.al\\\/#\\\/schema\\\/person\\\/abdd56bc912cd511db877b852b115399\"},\"headline\":\"Dojna Mema i del n\u00eb mbrojtje gazetares: Ledjona ka mbajtur n\u00eb sht\u00ebpi..\",\"datePublished\":\"2024-01-27T08:55:28+00:00\",\"dateModified\":\"2024-01-27T13:36:11+00:00\",\"mainEntityOfPage\":{\"@id\":\"https:\\\/\\\/blogin.al\\\/?p=43057\"},\"wordCount\":162,\"commentCount\":0,\"publisher\":{\"@id\":\"https:\\\/\\\/blogin.al\\\/#organization\"},\"image\":{\"@id\":\"https:\\\/\\\/blogin.al\\\/?p=43057#primaryimage\"},\"thumbnailUrl\":\"https:\\\/\\\/blogin.al\\\/wp-content\\\/uploads\\\/2022\\\/10\\\/dojna.jpg\",\"articleSection\":[\"SHOWBIZ\"],\"inLanguage\":\"en-US\",\"potentialAction\":[{\"@type\":\"CommentAction\",\"name\":\"Comment\",\"target\":[\"https:\\\/\\\/blogin.al\\\/?p=43057#respond\"]}]},{\"@type\":\"WebPage\",\"@id\":\"https:\\\/\\\/blogin.al\\\/?p=43057\",\"url\":\"https:\\\/\\\/blogin.al\\\/?p=43057\",\"name\":\"Dojna Mema i del n\u00eb mbrojtje gazetares: Ledjona ka mbajtur n\u00eb sht\u00ebpi.. - blogin.al\",\"isPartOf\":{\"@id\":\"https:\\\/\\\/blogin.al\\\/#website\"},\"primaryImageOfPage\":{\"@id\":\"https:\\\/\\\/blogin.al\\\/?p=43057#primaryimage\"},\"image\":{\"@id\":\"https:\\\/\\\/blogin.al\\\/?p=43057#primaryimage\"},\"thumbnailUrl\":\"https:\\\/\\\/blogin.al\\\/wp-content\\\/uploads\\\/2022\\\/10\\\/dojna.jpg\",\"datePublished\":\"2024-01-27T08:55:28+00:00\",\"dateModified\":\"2024-01-27T13:36:11+00:00\",\"breadcrumb\":{\"@id\":\"https:\\\/\\\/blogin.al\\\/?p=43057#breadcrumb\"},\"inLanguage\":\"en-US\",\"potentialAction\":[{\"@type\":\"ReadAction\",\"target\":[\"https:\\\/\\\/blogin.al\\\/?p=43057\"]}]},{\"@type\":\"ImageObject\",\"inLanguage\":\"en-US\",\"@id\":\"https:\\\/\\\/blogin.al\\\/?p=43057#primaryimage\",\"url\":\"https:\\\/\\\/blogin.al\\\/wp-content\\\/uploads\\\/2022\\\/10\\\/dojna.jpg\",\"contentUrl\":\"https:\\\/\\\/blogin.al\\\/wp-content\\\/uploads\\\/2022\\\/10\\\/dojna.jpg\",\"width\":672,\"height\":448},{\"@type\":\"BreadcrumbList\",\"@id\":\"https:\\\/\\\/blogin.al\\\/?p=43057#breadcrumb\",\"itemListElement\":[{\"@type\":\"ListItem\",\"position\":1,\"name\":\"Home\",\"item\":\"https:\\\/\\\/blogin.al\\\/\"},{\"@type\":\"ListItem\",\"position\":2,\"name\":\"Dojna Mema i del n\u00eb mbrojtje gazetares: Ledjona ka mbajtur n\u00eb sht\u00ebpi..\"}]},{\"@type\":\"WebSite\",\"@id\":\"https:\\\/\\\/blogin.al\\\/#website\",\"url\":\"https:\\\/\\\/blogin.al\\\/\",\"name\":\"blogin.al\",\"description\":\"\",\"publisher\":{\"@id\":\"https:\\\/\\\/blogin.al\\\/#organization\"},\"potentialAction\":[{\"@type\":\"SearchAction\",\"target\":{\"@type\":\"EntryPoint\",\"urlTemplate\":\"https:\\\/\\\/blogin.al\\\/?s={search_term_string}\"},\"query-input\":{\"@type\":\"PropertyValueSpecification\",\"valueRequired\":true,\"valueName\":\"search_term_string\"}}],\"inLanguage\":\"en-US\"},{\"@type\":\"Organization\",\"@id\":\"https:\\\/\\\/blogin.al\\\/#organization\",\"name\":\"BLOGIN.al\",\"url\":\"https:\\\/\\\/blogin.al\\\/\",\"logo\":{\"@type\":\"ImageObject\",\"inLanguage\":\"en-US\",\"@id\":\"https:\\\/\\\/blogin.al\\\/#\\\/schema\\\/logo\\\/image\\\/\",\"url\":\"https:\\\/\\\/blogin.al\\\/wp-content\\\/uploads\\\/2022\\\/05\\\/Untitled-2-01-e1652084456514.png\",\"contentUrl\":\"https:\\\/\\\/blogin.al\\\/wp-content\\\/uploads\\\/2022\\\/05\\\/Untitled-2-01-e1652084456514.png\",\"width\":3723,\"height\":1698,\"caption\":\"BLOGIN.al\"},\"image\":{\"@id\":\"https:\\\/\\\/blogin.al\\\/#\\\/schema\\\/logo\\\/image\\\/\"},\"sameAs\":[\"https:\\\/\\\/instagram.com\\\/blogin.al\\\/\"]},{\"@type\":\"Person\",\"@id\":\"https:\\\/\\\/blogin.al\\\/#\\\/schema\\\/person\\\/abdd56bc912cd511db877b852b115399\",\"name\":\"Blogin al\",\"image\":{\"@type\":\"ImageObject\",\"inLanguage\":\"en-US\",\"@id\":\"https:\\\/\\\/secure.gravatar.com\\\/avatar\\\/60d5661aee6e835fb13dc75d2204cd0c1d61bef2efd137c0083e59ef831e235e?s=96&d=mm&r=g\",\"url\":\"https:\\\/\\\/secure.gravatar.com\\\/avatar\\\/60d5661aee6e835fb13dc75d2204cd0c1d61bef2efd137c0083e59ef831e235e?s=96&d=mm&r=g\",\"contentUrl\":\"https:\\\/\\\/secure.gravatar.com\\\/avatar\\\/60d5661aee6e835fb13dc75d2204cd0c1d61bef2efd137c0083e59ef831e235e?s=96&d=mm&r=g\",\"caption\":\"Blogin al\"},\"sameAs\":[\"https:\\\/\\\/blogin.al\"],\"url\":\"https:\\\/\\\/blogin.al\\\/?author=2\"}]}<\/script>\n<!-- \/ Yoast SEO plugin. -->","yoast_head_json":{"title":"Dojna Mema i del n\u00eb mbrojtje gazetares: Ledjona ka mbajtur n\u00eb sht\u00ebpi.. - blogin.al","robots":{"index":"index","follow":"follow","max-snippet":"max-snippet:-1","max-image-preview":"max-image-preview:large","max-video-preview":"max-video-preview:-1"},"canonical":"https:\/\/blogin.al\/?p=43057","og_locale":"en_US","og_type":"article","og_title":"Dojna Mema i del n\u00eb mbrojtje gazetares: Ledjona ka mbajtur n\u00eb sht\u00ebpi.. - blogin.al","og_description":"Si moderatore e programit \u201cPiranjat\u201d, Dojna Mema ka arritur ta njoh\u00eb nga af\u00ebr gazetaren e k\u00ebtij programi, Ledjon\u00ebn. S\u00eb fundmi, ajo ka zhvilluar nj\u00eb intervist\u00eb me ndjek\u00ebsit e saj virtual, ku nj\u00eb prej tyre e ka pyetur: Ledjona \u00ebsht\u00eb ajo q\u00eb mbajti n\u00eb sht\u00ebpin\u00eb e saj dy jav\u00eb nj\u00eb viktim\u00eb t\u00eb abuzuar seksualisht. Ledjona \u00ebsht\u00eb [&hellip;]","og_url":"https:\/\/blogin.al\/?p=43057","og_site_name":"blogin.al","article_published_time":"2024-01-27T08:55:28+00:00","article_modified_time":"2024-01-27T13:36:11+00:00","og_image":[{"width":672,"height":448,"url":"https:\/\/blogin.al\/wp-content\/uploads\/2022\/10\/dojna.jpg","type":"image\/jpeg"}],"author":"Blogin al","twitter_card":"summary_large_image","twitter_misc":{"Written by":"Blogin al","Est. reading time":"1 minute"},"schema":{"@context":"https:\/\/schema.org","@graph":[{"@type":"Article","@id":"https:\/\/blogin.al\/?p=43057#article","isPartOf":{"@id":"https:\/\/blogin.al\/?p=43057"},"author":{"name":"Blogin al","@id":"https:\/\/blogin.al\/#\/schema\/person\/abdd56bc912cd511db877b852b115399"},"headline":"Dojna Mema i del n\u00eb mbrojtje gazetares: Ledjona ka mbajtur n\u00eb sht\u00ebpi..","datePublished":"2024-01-27T08:55:28+00:00","dateModified":"2024-01-27T13:36:11+00:00","mainEntityOfPage":{"@id":"https:\/\/blogin.al\/?p=43057"},"wordCount":162,"commentCount":0,"publisher":{"@id":"https:\/\/blogin.al\/#organization"},"image":{"@id":"https:\/\/blogin.al\/?p=43057#primaryimage"},"thumbnailUrl":"https:\/\/blogin.al\/wp-content\/uploads\/2022\/10\/dojna.jpg","articleSection":["SHOWBIZ"],"inLanguage":"en-US","potentialAction":[{"@type":"CommentAction","name":"Comment","target":["https:\/\/blogin.al\/?p=43057#respond"]}]},{"@type":"WebPage","@id":"https:\/\/blogin.al\/?p=43057","url":"https:\/\/blogin.al\/?p=43057","name":"Dojna Mema i del n\u00eb mbrojtje gazetares: Ledjona ka mbajtur n\u00eb sht\u00ebpi.. - blogin.al","isPartOf":{"@id":"https:\/\/blogin.al\/#website"},"primaryImageOfPage":{"@id":"https:\/\/blogin.al\/?p=43057#primaryimage"},"image":{"@id":"https:\/\/blogin.al\/?p=43057#primaryimage"},"thumbnailUrl":"https:\/\/blogin.al\/wp-content\/uploads\/2022\/10\/dojna.jpg","datePublished":"2024-01-27T08:55:28+00:00","dateModified":"2024-01-27T13:36:11+00:00","breadcrumb":{"@id":"https:\/\/blogin.al\/?p=43057#breadcrumb"},"inLanguage":"en-US","potentialAction":[{"@type":"ReadAction","target":["https:\/\/blogin.al\/?p=43057"]}]},{"@type":"ImageObject","inLanguage":"en-US","@id":"https:\/\/blogin.al\/?p=43057#primaryimage","url":"https:\/\/blogin.al\/wp-content\/uploads\/2022\/10\/dojna.jpg","contentUrl":"https:\/\/blogin.al\/wp-content\/uploads\/2022\/10\/dojna.jpg","width":672,"height":448},{"@type":"BreadcrumbList","@id":"https:\/\/blogin.al\/?p=43057#breadcrumb","itemListElement":[{"@type":"ListItem","position":1,"name":"Home","item":"https:\/\/blogin.al\/"},{"@type":"ListItem","position":2,"name":"Dojna Mema i del n\u00eb mbrojtje gazetares: Ledjona ka mbajtur n\u00eb sht\u00ebpi.."}]},{"@type":"WebSite","@id":"https:\/\/blogin.al\/#website","url":"https:\/\/blogin.al\/","name":"blogin.al","description":"","publisher":{"@id":"https:\/\/blogin.al\/#organization"},"potentialAction":[{"@type":"SearchAction","target":{"@type":"EntryPoint","urlTemplate":"https:\/\/blogin.al\/?s={search_term_string}"},"query-input":{"@type":"PropertyValueSpecification","valueRequired":true,"valueName":"search_term_string"}}],"inLanguage":"en-US"},{"@type":"Organization","@id":"https:\/\/blogin.al\/#organization","name":"BLOGIN.al","url":"https:\/\/blogin.al\/","logo":{"@type":"ImageObject","inLanguage":"en-US","@id":"https:\/\/blogin.al\/#\/schema\/logo\/image\/","url":"https:\/\/blogin.al\/wp-content\/uploads\/2022\/05\/Untitled-2-01-e1652084456514.png","contentUrl":"https:\/\/blogin.al\/wp-content\/uploads\/2022\/05\/Untitled-2-01-e1652084456514.png","width":3723,"height":1698,"caption":"BLOGIN.al"},"image":{"@id":"https:\/\/blogin.al\/#\/schema\/logo\/image\/"},"sameAs":["https:\/\/instagram.com\/blogin.al\/"]},{"@type":"Person","@id":"https:\/\/blogin.al\/#\/schema\/person\/abdd56bc912cd511db877b852b115399","name":"Blogin al","image":{"@type":"ImageObject","inLanguage":"en-US","@id":"https:\/\/secure.gravatar.com\/avatar\/60d5661aee6e835fb13dc75d2204cd0c1d61bef2efd137c0083e59ef831e235e?s=96&d=mm&r=g","url":"https:\/\/secure.gravatar.com\/avatar\/60d5661aee6e835fb13dc75d2204cd0c1d61bef2efd137c0083e59ef831e235e?s=96&d=mm&r=g","contentUrl":"https:\/\/secure.gravatar.com\/avatar\/60d5661aee6e835fb13dc75d2204cd0c1d61bef2efd137c0083e59ef831e235e?s=96&d=mm&r=g","caption":"Blogin al"},"sameAs":["https:\/\/blogin.al"],"url":"https:\/\/blogin.al\/?author=2"}]}},"_links":{"self":[{"href":"https:\/\/blogin.al\/index.php?rest_route=\/wp\/v2\/posts\/43057","targetHints":{"allow":["GET"]}}],"collection":[{"href":"https:\/\/blogin.al\/index.php?rest_route=\/wp\/v2\/posts"}],"about":[{"href":"https:\/\/blogin.al\/index.php?rest_route=\/wp\/v2\/types\/post"}],"author":[{"embeddable":true,"href":"https:\/\/blogin.al\/index.php?rest_route=\/wp\/v2\/users\/2"}],"replies":[{"embeddable":true,"href":"https:\/\/blogin.al\/index.php?rest_route=%2Fwp%2Fv2%2Fcomments&post=43057"}],"version-history":[{"count":2,"href":"https:\/\/blogin.al\/index.php?rest_route=\/wp\/v2\/posts\/43057\/revisions"}],"predecessor-version":[{"id":43096,"href":"https:\/\/blogin.al\/index.php?rest_route=\/wp\/v2\/posts\/43057\/revisions\/43096"}],"wp:featuredmedia":[{"embeddable":true,"href":"https:\/\/blogin.al\/index.php?rest_route=\/wp\/v2\/media\/16201"}],"wp:attachment":[{"href":"https:\/\/blogin.al\/index.php?rest_route=%2Fwp%2Fv2%2Fmedia&parent=43057"}],"wp:term":[{"taxonomy":"category","embeddable":true,"href":"https:\/\/blogin.al\/index.php?rest_route=%2Fwp%2Fv2%2Fcategories&post=43057"},{"taxonomy":"post_tag","embeddable":true,"href":"https:\/\/blogin.al\/index.php?rest_route=%2Fwp%2Fv2%2Ftags&post=43057"}],"curies":[{"name":"wp","href":"https:\/\/api.w.org\/{rel}","templated":true}]}}