{"id":43398,"date":"2024-02-03T09:25:17","date_gmt":"2024-02-03T09:25:17","guid":{"rendered":"https:\/\/blogin.al\/?p=43398"},"modified":"2024-02-03T14:46:38","modified_gmt":"2024-02-03T14:46:38","slug":"kam-jetuar-me-friken-se-kanceri-mund-te-rishfaqej-arbana-osmani-prek-me-rrefimin-emocionues","status":"publish","type":"post","link":"https:\/\/blogin.al\/?p=43398","title":{"rendered":"\u201cKam jetuar me frik\u00ebn se kanceri mund t\u00eb rishfaqej\u201d- Arbana Osmani prek me rr\u00ebfimin emocionues"},"content":{"rendered":"\n<p>Moderatorja e njohur Arbana Osmani \u00ebsht\u00eb shum\u00eb aktive n\u00eb rrjetet sociale, ku ndan me fansat foto nga p\u00ebrditshm\u00ebria e saj.<\/p>\n\n\n\n<p>S\u00eb fundmi ajo ka zhvilluar nj\u00eb bised\u00eb virtuale me ndjek\u00ebsit e saj n\u00eb Instagram, nd\u00ebrsa nj\u00eb nd\u00ebr ta ka shkruar:&nbsp;<em>\u201cSi p\u00ebrballohet humbja e mamit n\u00eb mosh\u00eb t\u00eb re?\u201d<\/em><\/p>\n\n\n\n<p>Kjo pyetje e ka b\u00ebr\u00eb p\u00ebr t\u00eb qar\u00eb moderatoren, e cila ka zbuluar se shum\u00eb vite m\u00eb par\u00eb edhe n\u00ebna e saj vuante nga kanceri dhe ishte n\u00eb rrezik p\u00ebr jet\u00ebn, teksa tha se ajo kishte shum\u00eb frik\u00eb se kjo s\u00ebmundje mund ti rikthehej.<\/p>\n\n\n\n<p>\u201c<em>M\u00eb b\u00ebre t\u00eb qash. Nuk e di, besoj nuk ka diferenc\u00eb mosha, nj\u00eb humbje e till\u00eb \u00ebsht\u00eb gjithmon\u00eb e dhimbshme kurdo q\u00eb vjen. N\u00ebna ime ka qen\u00eb n\u00eb shum\u00eb rrezik p\u00ebr jet\u00ebn kur ne kemi qen\u00eb shum\u00eb t\u00eb vegj\u00ebl dhe p\u00ebr shum\u00eb vite me rradh\u00eb un\u00eb kam jetuar me frik\u00ebn se kanceri mund t\u00eb rishfaqej nj\u00eb dit\u00eb dhe mund ta humbisja papritur. E t\u00eb betohem vet\u00ebm mendimi m\u00eb l\u00ebndonte aq shum\u00eb.\u201d<\/em>\u2013 ka shkruar Arbana nd\u00ebr t\u00eb tjera.<\/p>\n\n\n\n<figure class=\"wp-block-image size-full is-style-default\"><img fetchpriority=\"high\" decoding=\"async\" width=\"480\" height=\"839\" src=\"https:\/\/blogin.al\/wp-content\/uploads\/2024\/02\/image-13.png\" alt=\"\" class=\"wp-image-43399\" srcset=\"https:\/\/blogin.al\/wp-content\/uploads\/2024\/02\/image-13.png 480w, https:\/\/blogin.al\/wp-content\/uploads\/2024\/02\/image-13-172x300.png 172w, https:\/\/blogin.al\/wp-content\/uploads\/2024\/02\/image-13-150x262.png 150w, https:\/\/blogin.al\/wp-content\/uploads\/2024\/02\/image-13-300x524.png 300w\" sizes=\"(max-width: 480px) 100vw, 480px\" \/><\/figure>\n","protected":false},"excerpt":{"rendered":"<p>Moderatorja e njohur Arbana Osmani \u00ebsht\u00eb shum\u00eb aktive n\u00eb rrjetet sociale, ku ndan me fansat foto nga p\u00ebrditshm\u00ebria e saj. S\u00eb fundmi ajo ka zhvilluar nj\u00eb bised\u00eb virtuale me ndjek\u00ebsit e saj n\u00eb Instagram, nd\u00ebrsa nj\u00eb nd\u00ebr ta ka shkruar:&nbsp;\u201cSi p\u00ebrballohet humbja e mamit n\u00eb mosh\u00eb t\u00eb re?\u201d Kjo pyetje e ka b\u00ebr\u00eb p\u00ebr t\u00eb [&hellip;]<\/p>\n","protected":false},"author":2,"featured_media":20173,"comment_status":"open","ping_status":"open","sticky":false,"template":"","format":"standard","meta":{"footnotes":""},"categories":[33],"tags":[],"class_list":{"0":"post-43398","1":"post","2":"type-post","3":"status-publish","4":"format-standard","5":"has-post-thumbnail","7":"category-showbiz"},"yoast_head":"<!-- This site is optimized with the Yoast SEO plugin v27.4 - https:\/\/yoast.com\/product\/yoast-seo-wordpress\/ -->\n<title>\u201cKam jetuar me frik\u00ebn se kanceri mund t\u00eb rishfaqej\u201d- Arbana Osmani prek me rr\u00ebfimin emocionues - blogin.al<\/title>\n<meta name=\"robots\" content=\"index, follow, max-snippet:-1, max-image-preview:large, max-video-preview:-1\" \/>\n<link rel=\"canonical\" href=\"https:\/\/blogin.al\/?p=43398\" \/>\n<meta property=\"og:locale\" content=\"en_US\" \/>\n<meta property=\"og:type\" content=\"article\" \/>\n<meta property=\"og:title\" content=\"\u201cKam jetuar me frik\u00ebn se kanceri mund t\u00eb rishfaqej\u201d- Arbana Osmani prek me rr\u00ebfimin emocionues - blogin.al\" \/>\n<meta property=\"og:description\" content=\"Moderatorja e njohur Arbana Osmani \u00ebsht\u00eb shum\u00eb aktive n\u00eb rrjetet sociale, ku ndan me fansat foto nga p\u00ebrditshm\u00ebria e saj. S\u00eb fundmi ajo ka zhvilluar nj\u00eb bised\u00eb virtuale me ndjek\u00ebsit e saj n\u00eb Instagram, nd\u00ebrsa nj\u00eb nd\u00ebr ta ka shkruar:&nbsp;\u201cSi p\u00ebrballohet humbja e mamit n\u00eb mosh\u00eb t\u00eb re?\u201d Kjo pyetje e ka b\u00ebr\u00eb p\u00ebr t\u00eb [&hellip;]\" \/>\n<meta property=\"og:url\" content=\"https:\/\/blogin.al\/?p=43398\" \/>\n<meta property=\"og:site_name\" content=\"blogin.al\" \/>\n<meta property=\"article:published_time\" content=\"2024-02-03T09:25:17+00:00\" \/>\n<meta property=\"article:modified_time\" content=\"2024-02-03T14:46:38+00:00\" \/>\n<meta property=\"og:image\" content=\"https:\/\/blogin.al\/wp-content\/uploads\/2022\/12\/arbana-osmani.png\" \/>\n\t<meta property=\"og:image:width\" content=\"780\" \/>\n\t<meta property=\"og:image:height\" content=\"439\" \/>\n\t<meta property=\"og:image:type\" content=\"image\/png\" \/>\n<meta name=\"author\" content=\"Blogin al\" \/>\n<meta name=\"twitter:card\" content=\"summary_large_image\" \/>\n<meta name=\"twitter:label1\" content=\"Written by\" \/>\n\t<meta name=\"twitter:data1\" content=\"Blogin al\" \/>\n\t<meta name=\"twitter:label2\" content=\"Est. reading time\" \/>\n\t<meta name=\"twitter:data2\" content=\"2 minutes\" \/>\n<script type=\"application\/ld+json\" class=\"yoast-schema-graph\">{\"@context\":\"https:\\\/\\\/schema.org\",\"@graph\":[{\"@type\":\"Article\",\"@id\":\"https:\\\/\\\/blogin.al\\\/?p=43398#article\",\"isPartOf\":{\"@id\":\"https:\\\/\\\/blogin.al\\\/?p=43398\"},\"author\":{\"name\":\"Blogin al\",\"@id\":\"https:\\\/\\\/blogin.al\\\/#\\\/schema\\\/person\\\/abdd56bc912cd511db877b852b115399\"},\"headline\":\"\u201cKam jetuar me frik\u00ebn se kanceri mund t\u00eb rishfaqej\u201d- Arbana Osmani prek me rr\u00ebfimin emocionues\",\"datePublished\":\"2024-02-03T09:25:17+00:00\",\"dateModified\":\"2024-02-03T14:46:38+00:00\",\"mainEntityOfPage\":{\"@id\":\"https:\\\/\\\/blogin.al\\\/?p=43398\"},\"wordCount\":211,\"commentCount\":0,\"publisher\":{\"@id\":\"https:\\\/\\\/blogin.al\\\/#organization\"},\"image\":{\"@id\":\"https:\\\/\\\/blogin.al\\\/?p=43398#primaryimage\"},\"thumbnailUrl\":\"https:\\\/\\\/blogin.al\\\/wp-content\\\/uploads\\\/2022\\\/12\\\/arbana-osmani.png\",\"articleSection\":[\"SHOWBIZ\"],\"inLanguage\":\"en-US\",\"potentialAction\":[{\"@type\":\"CommentAction\",\"name\":\"Comment\",\"target\":[\"https:\\\/\\\/blogin.al\\\/?p=43398#respond\"]}]},{\"@type\":\"WebPage\",\"@id\":\"https:\\\/\\\/blogin.al\\\/?p=43398\",\"url\":\"https:\\\/\\\/blogin.al\\\/?p=43398\",\"name\":\"\u201cKam jetuar me frik\u00ebn se kanceri mund t\u00eb rishfaqej\u201d- Arbana Osmani prek me rr\u00ebfimin emocionues - blogin.al\",\"isPartOf\":{\"@id\":\"https:\\\/\\\/blogin.al\\\/#website\"},\"primaryImageOfPage\":{\"@id\":\"https:\\\/\\\/blogin.al\\\/?p=43398#primaryimage\"},\"image\":{\"@id\":\"https:\\\/\\\/blogin.al\\\/?p=43398#primaryimage\"},\"thumbnailUrl\":\"https:\\\/\\\/blogin.al\\\/wp-content\\\/uploads\\\/2022\\\/12\\\/arbana-osmani.png\",\"datePublished\":\"2024-02-03T09:25:17+00:00\",\"dateModified\":\"2024-02-03T14:46:38+00:00\",\"breadcrumb\":{\"@id\":\"https:\\\/\\\/blogin.al\\\/?p=43398#breadcrumb\"},\"inLanguage\":\"en-US\",\"potentialAction\":[{\"@type\":\"ReadAction\",\"target\":[\"https:\\\/\\\/blogin.al\\\/?p=43398\"]}]},{\"@type\":\"ImageObject\",\"inLanguage\":\"en-US\",\"@id\":\"https:\\\/\\\/blogin.al\\\/?p=43398#primaryimage\",\"url\":\"https:\\\/\\\/blogin.al\\\/wp-content\\\/uploads\\\/2022\\\/12\\\/arbana-osmani.png\",\"contentUrl\":\"https:\\\/\\\/blogin.al\\\/wp-content\\\/uploads\\\/2022\\\/12\\\/arbana-osmani.png\",\"width\":780,\"height\":439},{\"@type\":\"BreadcrumbList\",\"@id\":\"https:\\\/\\\/blogin.al\\\/?p=43398#breadcrumb\",\"itemListElement\":[{\"@type\":\"ListItem\",\"position\":1,\"name\":\"Home\",\"item\":\"https:\\\/\\\/blogin.al\\\/\"},{\"@type\":\"ListItem\",\"position\":2,\"name\":\"\u201cKam jetuar me frik\u00ebn se kanceri mund t\u00eb rishfaqej\u201d- Arbana Osmani prek me rr\u00ebfimin emocionues\"}]},{\"@type\":\"WebSite\",\"@id\":\"https:\\\/\\\/blogin.al\\\/#website\",\"url\":\"https:\\\/\\\/blogin.al\\\/\",\"name\":\"blogin.al\",\"description\":\"\",\"publisher\":{\"@id\":\"https:\\\/\\\/blogin.al\\\/#organization\"},\"potentialAction\":[{\"@type\":\"SearchAction\",\"target\":{\"@type\":\"EntryPoint\",\"urlTemplate\":\"https:\\\/\\\/blogin.al\\\/?s={search_term_string}\"},\"query-input\":{\"@type\":\"PropertyValueSpecification\",\"valueRequired\":true,\"valueName\":\"search_term_string\"}}],\"inLanguage\":\"en-US\"},{\"@type\":\"Organization\",\"@id\":\"https:\\\/\\\/blogin.al\\\/#organization\",\"name\":\"BLOGIN.al\",\"url\":\"https:\\\/\\\/blogin.al\\\/\",\"logo\":{\"@type\":\"ImageObject\",\"inLanguage\":\"en-US\",\"@id\":\"https:\\\/\\\/blogin.al\\\/#\\\/schema\\\/logo\\\/image\\\/\",\"url\":\"https:\\\/\\\/blogin.al\\\/wp-content\\\/uploads\\\/2022\\\/05\\\/Untitled-2-01-e1652084456514.png\",\"contentUrl\":\"https:\\\/\\\/blogin.al\\\/wp-content\\\/uploads\\\/2022\\\/05\\\/Untitled-2-01-e1652084456514.png\",\"width\":3723,\"height\":1698,\"caption\":\"BLOGIN.al\"},\"image\":{\"@id\":\"https:\\\/\\\/blogin.al\\\/#\\\/schema\\\/logo\\\/image\\\/\"},\"sameAs\":[\"https:\\\/\\\/instagram.com\\\/blogin.al\\\/\"]},{\"@type\":\"Person\",\"@id\":\"https:\\\/\\\/blogin.al\\\/#\\\/schema\\\/person\\\/abdd56bc912cd511db877b852b115399\",\"name\":\"Blogin al\",\"image\":{\"@type\":\"ImageObject\",\"inLanguage\":\"en-US\",\"@id\":\"https:\\\/\\\/secure.gravatar.com\\\/avatar\\\/60d5661aee6e835fb13dc75d2204cd0c1d61bef2efd137c0083e59ef831e235e?s=96&d=mm&r=g\",\"url\":\"https:\\\/\\\/secure.gravatar.com\\\/avatar\\\/60d5661aee6e835fb13dc75d2204cd0c1d61bef2efd137c0083e59ef831e235e?s=96&d=mm&r=g\",\"contentUrl\":\"https:\\\/\\\/secure.gravatar.com\\\/avatar\\\/60d5661aee6e835fb13dc75d2204cd0c1d61bef2efd137c0083e59ef831e235e?s=96&d=mm&r=g\",\"caption\":\"Blogin al\"},\"sameAs\":[\"https:\\\/\\\/blogin.al\"],\"url\":\"https:\\\/\\\/blogin.al\\\/?author=2\"}]}<\/script>\n<!-- \/ Yoast SEO plugin. -->","yoast_head_json":{"title":"\u201cKam jetuar me frik\u00ebn se kanceri mund t\u00eb rishfaqej\u201d- Arbana Osmani prek me rr\u00ebfimin emocionues - blogin.al","robots":{"index":"index","follow":"follow","max-snippet":"max-snippet:-1","max-image-preview":"max-image-preview:large","max-video-preview":"max-video-preview:-1"},"canonical":"https:\/\/blogin.al\/?p=43398","og_locale":"en_US","og_type":"article","og_title":"\u201cKam jetuar me frik\u00ebn se kanceri mund t\u00eb rishfaqej\u201d- Arbana Osmani prek me rr\u00ebfimin emocionues - blogin.al","og_description":"Moderatorja e njohur Arbana Osmani \u00ebsht\u00eb shum\u00eb aktive n\u00eb rrjetet sociale, ku ndan me fansat foto nga p\u00ebrditshm\u00ebria e saj. S\u00eb fundmi ajo ka zhvilluar nj\u00eb bised\u00eb virtuale me ndjek\u00ebsit e saj n\u00eb Instagram, nd\u00ebrsa nj\u00eb nd\u00ebr ta ka shkruar:&nbsp;\u201cSi p\u00ebrballohet humbja e mamit n\u00eb mosh\u00eb t\u00eb re?\u201d Kjo pyetje e ka b\u00ebr\u00eb p\u00ebr t\u00eb [&hellip;]","og_url":"https:\/\/blogin.al\/?p=43398","og_site_name":"blogin.al","article_published_time":"2024-02-03T09:25:17+00:00","article_modified_time":"2024-02-03T14:46:38+00:00","og_image":[{"width":780,"height":439,"url":"https:\/\/blogin.al\/wp-content\/uploads\/2022\/12\/arbana-osmani.png","type":"image\/png"}],"author":"Blogin al","twitter_card":"summary_large_image","twitter_misc":{"Written by":"Blogin al","Est. reading time":"2 minutes"},"schema":{"@context":"https:\/\/schema.org","@graph":[{"@type":"Article","@id":"https:\/\/blogin.al\/?p=43398#article","isPartOf":{"@id":"https:\/\/blogin.al\/?p=43398"},"author":{"name":"Blogin al","@id":"https:\/\/blogin.al\/#\/schema\/person\/abdd56bc912cd511db877b852b115399"},"headline":"\u201cKam jetuar me frik\u00ebn se kanceri mund t\u00eb rishfaqej\u201d- Arbana Osmani prek me rr\u00ebfimin emocionues","datePublished":"2024-02-03T09:25:17+00:00","dateModified":"2024-02-03T14:46:38+00:00","mainEntityOfPage":{"@id":"https:\/\/blogin.al\/?p=43398"},"wordCount":211,"commentCount":0,"publisher":{"@id":"https:\/\/blogin.al\/#organization"},"image":{"@id":"https:\/\/blogin.al\/?p=43398#primaryimage"},"thumbnailUrl":"https:\/\/blogin.al\/wp-content\/uploads\/2022\/12\/arbana-osmani.png","articleSection":["SHOWBIZ"],"inLanguage":"en-US","potentialAction":[{"@type":"CommentAction","name":"Comment","target":["https:\/\/blogin.al\/?p=43398#respond"]}]},{"@type":"WebPage","@id":"https:\/\/blogin.al\/?p=43398","url":"https:\/\/blogin.al\/?p=43398","name":"\u201cKam jetuar me frik\u00ebn se kanceri mund t\u00eb rishfaqej\u201d- Arbana Osmani prek me rr\u00ebfimin emocionues - blogin.al","isPartOf":{"@id":"https:\/\/blogin.al\/#website"},"primaryImageOfPage":{"@id":"https:\/\/blogin.al\/?p=43398#primaryimage"},"image":{"@id":"https:\/\/blogin.al\/?p=43398#primaryimage"},"thumbnailUrl":"https:\/\/blogin.al\/wp-content\/uploads\/2022\/12\/arbana-osmani.png","datePublished":"2024-02-03T09:25:17+00:00","dateModified":"2024-02-03T14:46:38+00:00","breadcrumb":{"@id":"https:\/\/blogin.al\/?p=43398#breadcrumb"},"inLanguage":"en-US","potentialAction":[{"@type":"ReadAction","target":["https:\/\/blogin.al\/?p=43398"]}]},{"@type":"ImageObject","inLanguage":"en-US","@id":"https:\/\/blogin.al\/?p=43398#primaryimage","url":"https:\/\/blogin.al\/wp-content\/uploads\/2022\/12\/arbana-osmani.png","contentUrl":"https:\/\/blogin.al\/wp-content\/uploads\/2022\/12\/arbana-osmani.png","width":780,"height":439},{"@type":"BreadcrumbList","@id":"https:\/\/blogin.al\/?p=43398#breadcrumb","itemListElement":[{"@type":"ListItem","position":1,"name":"Home","item":"https:\/\/blogin.al\/"},{"@type":"ListItem","position":2,"name":"\u201cKam jetuar me frik\u00ebn se kanceri mund t\u00eb rishfaqej\u201d- Arbana Osmani prek me rr\u00ebfimin emocionues"}]},{"@type":"WebSite","@id":"https:\/\/blogin.al\/#website","url":"https:\/\/blogin.al\/","name":"blogin.al","description":"","publisher":{"@id":"https:\/\/blogin.al\/#organization"},"potentialAction":[{"@type":"SearchAction","target":{"@type":"EntryPoint","urlTemplate":"https:\/\/blogin.al\/?s={search_term_string}"},"query-input":{"@type":"PropertyValueSpecification","valueRequired":true,"valueName":"search_term_string"}}],"inLanguage":"en-US"},{"@type":"Organization","@id":"https:\/\/blogin.al\/#organization","name":"BLOGIN.al","url":"https:\/\/blogin.al\/","logo":{"@type":"ImageObject","inLanguage":"en-US","@id":"https:\/\/blogin.al\/#\/schema\/logo\/image\/","url":"https:\/\/blogin.al\/wp-content\/uploads\/2022\/05\/Untitled-2-01-e1652084456514.png","contentUrl":"https:\/\/blogin.al\/wp-content\/uploads\/2022\/05\/Untitled-2-01-e1652084456514.png","width":3723,"height":1698,"caption":"BLOGIN.al"},"image":{"@id":"https:\/\/blogin.al\/#\/schema\/logo\/image\/"},"sameAs":["https:\/\/instagram.com\/blogin.al\/"]},{"@type":"Person","@id":"https:\/\/blogin.al\/#\/schema\/person\/abdd56bc912cd511db877b852b115399","name":"Blogin al","image":{"@type":"ImageObject","inLanguage":"en-US","@id":"https:\/\/secure.gravatar.com\/avatar\/60d5661aee6e835fb13dc75d2204cd0c1d61bef2efd137c0083e59ef831e235e?s=96&d=mm&r=g","url":"https:\/\/secure.gravatar.com\/avatar\/60d5661aee6e835fb13dc75d2204cd0c1d61bef2efd137c0083e59ef831e235e?s=96&d=mm&r=g","contentUrl":"https:\/\/secure.gravatar.com\/avatar\/60d5661aee6e835fb13dc75d2204cd0c1d61bef2efd137c0083e59ef831e235e?s=96&d=mm&r=g","caption":"Blogin al"},"sameAs":["https:\/\/blogin.al"],"url":"https:\/\/blogin.al\/?author=2"}]}},"_links":{"self":[{"href":"https:\/\/blogin.al\/index.php?rest_route=\/wp\/v2\/posts\/43398","targetHints":{"allow":["GET"]}}],"collection":[{"href":"https:\/\/blogin.al\/index.php?rest_route=\/wp\/v2\/posts"}],"about":[{"href":"https:\/\/blogin.al\/index.php?rest_route=\/wp\/v2\/types\/post"}],"author":[{"embeddable":true,"href":"https:\/\/blogin.al\/index.php?rest_route=\/wp\/v2\/users\/2"}],"replies":[{"embeddable":true,"href":"https:\/\/blogin.al\/index.php?rest_route=%2Fwp%2Fv2%2Fcomments&post=43398"}],"version-history":[{"count":2,"href":"https:\/\/blogin.al\/index.php?rest_route=\/wp\/v2\/posts\/43398\/revisions"}],"predecessor-version":[{"id":43414,"href":"https:\/\/blogin.al\/index.php?rest_route=\/wp\/v2\/posts\/43398\/revisions\/43414"}],"wp:featuredmedia":[{"embeddable":true,"href":"https:\/\/blogin.al\/index.php?rest_route=\/wp\/v2\/media\/20173"}],"wp:attachment":[{"href":"https:\/\/blogin.al\/index.php?rest_route=%2Fwp%2Fv2%2Fmedia&parent=43398"}],"wp:term":[{"taxonomy":"category","embeddable":true,"href":"https:\/\/blogin.al\/index.php?rest_route=%2Fwp%2Fv2%2Fcategories&post=43398"},{"taxonomy":"post_tag","embeddable":true,"href":"https:\/\/blogin.al\/index.php?rest_route=%2Fwp%2Fv2%2Ftags&post=43398"}],"curies":[{"name":"wp","href":"https:\/\/api.w.org\/{rel}","templated":true}]}}