{"id":43670,"date":"2024-02-09T14:04:07","date_gmt":"2024-02-09T14:04:07","guid":{"rendered":"https:\/\/blogin.al\/?p=43670"},"modified":"2024-02-09T14:04:08","modified_gmt":"2024-02-09T14:04:08","slug":"rita-ora-dhe-dua-lipa-behen-bashke-mund-te-performojne-ne-hapjen-e","status":"publish","type":"post","link":"https:\/\/blogin.al\/?p=43670","title":{"rendered":"Rita Ora dhe Dua Lipa b\u00ebhen bashk\u00eb? Mund t\u00eb performojn\u00eb n\u00eb hapjen e\u2026"},"content":{"rendered":"\n<p class=\"wp-block-paragraph\">Loj\u00ebrat Mesdhetare t\u00eb vitit 2030 n\u00eb Kosov\u00eb mund t\u00eb b\u00ebjn\u00eb bashk\u00eb Rita Or\u00ebn dhe Dua Lip\u00ebn<\/p>\n\n\n\n<p class=\"wp-block-paragraph\">N\u00eb ceremonin\u00eb hapes\u00eb mund t\u00eb performojn\u00eb dy yjet bot\u00ebrore t\u00eb muzik\u00ebs dhe k\u00ebt\u00eb lajm e ka b\u00ebr\u00eb t\u00eb ditur z\u00ebdh\u00ebn\u00ebsi p\u00ebr media i Komitetit Olimpik t\u00eb Kosov\u00ebs Kushtrim Krasniqi, n\u00eb Konferenc\u00ebn nd\u00ebrkomb\u00ebtare \u201cKufijt\u00eb e Liris\u00eb s\u00eb Fjal\u00ebs\u201d.<\/p>\n\n\n\n<p class=\"wp-block-paragraph\">Sipas tij n\u00eb k\u00ebto loj\u00ebra nuk do ket\u00eb vet\u00ebm sport, por edhe kultur\u00eb dhe art. Madje ai \u00ebsht\u00eb duke punuar p\u00ebr t\u00eb siguruar nj\u00eb performanc\u00eb t\u00eb t\u00eb dyjave k\u00ebng\u00ebtar\u00ebve n\u00eb ceremonin\u00eb hyr\u00ebse.<\/p>\n\n\n\n<p class=\"wp-block-paragraph\">&nbsp;\u201cKur jemi tek investimet, dua t\u00eb ndalem k\u00ebtu. Qeveria, e cila ka qen\u00eb partner i fuqish\u00ebm k\u00ebtu dhe pa mb\u00ebshtetjen e tyre do t\u00eb ishte i pamundur t\u00eb fitohet nj\u00eb organizim i till\u00eb, ka premtuar dhe ka garantuar q\u00eb do t\u00eb investoj\u00eb mbi 250 milion\u00eb euro n\u00eb infrastruktur\u00ebn sportive. Do t\u00eb nd\u00ebrtohet stadiumi nacional, i shum\u00ebp\u00ebrfolur deri m\u00eb tani, por q\u00eb tani ka nj\u00eb garanci q\u00eb duhet patjet\u00ebr t\u00eb nd\u00ebrtohet t\u00eb pakt\u00ebn deri n\u00eb vitin 2029 sepse n\u00eb at\u00eb stadium p\u00ebrve\u00e7 q\u00eb do t\u00eb organizohen ndeshjet e futbollit, parashihet q\u00eb t\u00eb zhvillohet edhe ceremonia hap\u00ebse dhe mbyll\u00ebse e Loj\u00ebrave Mesdhetare, e q\u00eb pritet t\u2019i ket\u00eb 30 mij\u00eb tifoz\u00eb t\u00eb pranish\u00ebm n\u00eb ceremonis\u00eb hap\u00ebse. Pra, k\u00ebtu nuk do t\u00eb ket\u00eb vet\u00ebm sport, do t\u00eb ket\u00eb edhe kultur\u00eb dhe art dhe nj\u00ebra prej mund\u00ebsive \u00ebsht\u00eb q\u00eb n\u00eb ceremonin\u00eb hap\u00ebse t\u00eb p\u00ebrformoj\u00eb nj\u00ebra ose dy yjet tan\u00eb t\u00eb muzik\u00ebs si\u00e7 jan\u00eb Rita Ora dhe Dua Lipa. Pra \u00ebsht\u00eb edhe kjo mund\u00ebsi q\u00eb t\u2019i kemi t\u00eb pranishme q\u00eb t\u00eb joshim sa m\u00eb shum\u00eb turist\u00eb n\u00eb ceremonin\u00eb hap\u00ebse dhe jo vet\u00ebm\u201d, tha Krasniqi.<\/p>\n","protected":false},"excerpt":{"rendered":"<p>Loj\u00ebrat Mesdhetare t\u00eb vitit 2030 n\u00eb Kosov\u00eb mund t\u00eb b\u00ebjn\u00eb bashk\u00eb Rita Or\u00ebn dhe Dua Lip\u00ebn N\u00eb ceremonin\u00eb hapes\u00eb mund t\u00eb performojn\u00eb dy yjet bot\u00ebrore t\u00eb muzik\u00ebs dhe k\u00ebt\u00eb lajm e ka b\u00ebr\u00eb t\u00eb ditur z\u00ebdh\u00ebn\u00ebsi p\u00ebr media i Komitetit Olimpik t\u00eb Kosov\u00ebs Kushtrim Krasniqi, n\u00eb Konferenc\u00ebn nd\u00ebrkomb\u00ebtare \u201cKufijt\u00eb e Liris\u00eb s\u00eb Fjal\u00ebs\u201d. Sipas tij [&hellip;]<\/p>\n","protected":false},"author":2,"featured_media":19098,"comment_status":"open","ping_status":"open","sticky":false,"template":"","format":"standard","meta":{"footnotes":""},"categories":[33],"tags":[],"class_list":["post-43670","post","type-post","status-publish","format-standard","has-post-thumbnail","category-showbiz"],"yoast_head":"<!-- This site is optimized with the Yoast SEO plugin v28.4 - https:\/\/yoast.com\/product\/yoast-seo-wordpress\/ -->\n<title>Rita Ora dhe Dua Lipa b\u00ebhen bashk\u00eb? Mund t\u00eb performojn\u00eb n\u00eb hapjen e\u2026 - blogin.al<\/title>\n<meta name=\"robots\" content=\"index, follow, max-snippet:-1, max-image-preview:large, max-video-preview:-1\" \/>\n<link rel=\"canonical\" href=\"https:\/\/blogin.al\/?p=43670\" \/>\n<meta property=\"og:locale\" content=\"en_US\" \/>\n<meta property=\"og:type\" content=\"article\" \/>\n<meta property=\"og:title\" content=\"Rita Ora dhe Dua Lipa b\u00ebhen bashk\u00eb? Mund t\u00eb performojn\u00eb n\u00eb hapjen e\u2026 - blogin.al\" \/>\n<meta property=\"og:description\" content=\"Loj\u00ebrat Mesdhetare t\u00eb vitit 2030 n\u00eb Kosov\u00eb mund t\u00eb b\u00ebjn\u00eb bashk\u00eb Rita Or\u00ebn dhe Dua Lip\u00ebn N\u00eb ceremonin\u00eb hapes\u00eb mund t\u00eb performojn\u00eb dy yjet bot\u00ebrore t\u00eb muzik\u00ebs dhe k\u00ebt\u00eb lajm e ka b\u00ebr\u00eb t\u00eb ditur z\u00ebdh\u00ebn\u00ebsi p\u00ebr media i Komitetit Olimpik t\u00eb Kosov\u00ebs Kushtrim Krasniqi, n\u00eb Konferenc\u00ebn nd\u00ebrkomb\u00ebtare \u201cKufijt\u00eb e Liris\u00eb s\u00eb Fjal\u00ebs\u201d. Sipas tij [&hellip;]\" \/>\n<meta property=\"og:url\" content=\"https:\/\/blogin.al\/?p=43670\" \/>\n<meta property=\"og:site_name\" content=\"blogin.al\" \/>\n<meta property=\"article:published_time\" content=\"2024-02-09T14:04:07+00:00\" \/>\n<meta property=\"article:modified_time\" content=\"2024-02-09T14:04:08+00:00\" \/>\n<meta property=\"og:image\" content=\"https:\/\/blogin.al\/wp-content\/uploads\/2022\/11\/20221130_101410-scaled.jpg\" \/>\n\t<meta property=\"og:image:width\" content=\"2560\" \/>\n\t<meta property=\"og:image:height\" content=\"2560\" \/>\n\t<meta property=\"og:image:type\" content=\"image\/jpeg\" \/>\n<meta name=\"author\" content=\"Blogin al\" \/>\n<meta name=\"twitter:card\" content=\"summary_large_image\" \/>\n<meta name=\"twitter:label1\" content=\"Written by\" \/>\n\t<meta name=\"twitter:data1\" content=\"Blogin al\" \/>\n\t<meta name=\"twitter:label2\" content=\"Est. reading time\" \/>\n\t<meta name=\"twitter:data2\" content=\"2 minutes\" \/>\n<script type=\"application\/ld+json\" class=\"yoast-schema-graph\">{\"@context\":\"https:\\\/\\\/schema.org\",\"@graph\":[{\"@type\":\"Article\",\"@id\":\"https:\\\/\\\/blogin.al\\\/?p=43670#article\",\"isPartOf\":{\"@id\":\"https:\\\/\\\/blogin.al\\\/?p=43670\"},\"author\":{\"name\":\"Blogin al\",\"@id\":\"https:\\\/\\\/blogin.al\\\/#\\\/schema\\\/person\\\/abdd56bc912cd511db877b852b115399\"},\"headline\":\"Rita Ora dhe Dua Lipa b\u00ebhen bashk\u00eb? Mund t\u00eb performojn\u00eb n\u00eb hapjen e\u2026\",\"datePublished\":\"2024-02-09T14:04:07+00:00\",\"dateModified\":\"2024-02-09T14:04:08+00:00\",\"mainEntityOfPage\":{\"@id\":\"https:\\\/\\\/blogin.al\\\/?p=43670\"},\"wordCount\":329,\"commentCount\":0,\"publisher\":{\"@id\":\"https:\\\/\\\/blogin.al\\\/#organization\"},\"image\":{\"@id\":\"https:\\\/\\\/blogin.al\\\/?p=43670#primaryimage\"},\"thumbnailUrl\":\"https:\\\/\\\/blogin.al\\\/wp-content\\\/uploads\\\/2022\\\/11\\\/20221130_101410-scaled.jpg\",\"articleSection\":[\"SHOWBIZ\"],\"inLanguage\":\"en-US\",\"potentialAction\":[{\"@type\":\"CommentAction\",\"name\":\"Comment\",\"target\":[\"https:\\\/\\\/blogin.al\\\/?p=43670#respond\"]}]},{\"@type\":\"WebPage\",\"@id\":\"https:\\\/\\\/blogin.al\\\/?p=43670\",\"url\":\"https:\\\/\\\/blogin.al\\\/?p=43670\",\"name\":\"Rita Ora dhe Dua Lipa b\u00ebhen bashk\u00eb? Mund t\u00eb performojn\u00eb n\u00eb hapjen e\u2026 - blogin.al\",\"isPartOf\":{\"@id\":\"https:\\\/\\\/blogin.al\\\/#website\"},\"primaryImageOfPage\":{\"@id\":\"https:\\\/\\\/blogin.al\\\/?p=43670#primaryimage\"},\"image\":{\"@id\":\"https:\\\/\\\/blogin.al\\\/?p=43670#primaryimage\"},\"thumbnailUrl\":\"https:\\\/\\\/blogin.al\\\/wp-content\\\/uploads\\\/2022\\\/11\\\/20221130_101410-scaled.jpg\",\"datePublished\":\"2024-02-09T14:04:07+00:00\",\"dateModified\":\"2024-02-09T14:04:08+00:00\",\"breadcrumb\":{\"@id\":\"https:\\\/\\\/blogin.al\\\/?p=43670#breadcrumb\"},\"inLanguage\":\"en-US\",\"potentialAction\":[{\"@type\":\"ReadAction\",\"target\":[\"https:\\\/\\\/blogin.al\\\/?p=43670\"]}]},{\"@type\":\"ImageObject\",\"inLanguage\":\"en-US\",\"@id\":\"https:\\\/\\\/blogin.al\\\/?p=43670#primaryimage\",\"url\":\"https:\\\/\\\/blogin.al\\\/wp-content\\\/uploads\\\/2022\\\/11\\\/20221130_101410-scaled.jpg\",\"contentUrl\":\"https:\\\/\\\/blogin.al\\\/wp-content\\\/uploads\\\/2022\\\/11\\\/20221130_101410-scaled.jpg\",\"width\":2560,\"height\":2560},{\"@type\":\"BreadcrumbList\",\"@id\":\"https:\\\/\\\/blogin.al\\\/?p=43670#breadcrumb\",\"itemListElement\":[{\"@type\":\"ListItem\",\"position\":1,\"name\":\"Home\",\"item\":\"https:\\\/\\\/blogin.al\\\/\"},{\"@type\":\"ListItem\",\"position\":2,\"name\":\"Rita Ora dhe Dua Lipa b\u00ebhen bashk\u00eb? Mund t\u00eb performojn\u00eb n\u00eb hapjen e\u2026\"}]},{\"@type\":\"WebSite\",\"@id\":\"https:\\\/\\\/blogin.al\\\/#website\",\"url\":\"https:\\\/\\\/blogin.al\\\/\",\"name\":\"blogin.al\",\"description\":\"\",\"publisher\":{\"@id\":\"https:\\\/\\\/blogin.al\\\/#organization\"},\"potentialAction\":[{\"@type\":\"SearchAction\",\"target\":{\"@type\":\"EntryPoint\",\"urlTemplate\":\"https:\\\/\\\/blogin.al\\\/?s={search_term_string}\"},\"query-input\":{\"@type\":\"PropertyValueSpecification\",\"valueRequired\":true,\"valueName\":\"search_term_string\"}}],\"inLanguage\":\"en-US\"},{\"@type\":\"Organization\",\"@id\":\"https:\\\/\\\/blogin.al\\\/#organization\",\"name\":\"BLOGIN.al\",\"url\":\"https:\\\/\\\/blogin.al\\\/\",\"logo\":{\"@type\":\"ImageObject\",\"inLanguage\":\"en-US\",\"@id\":\"https:\\\/\\\/blogin.al\\\/#\\\/schema\\\/logo\\\/image\\\/\",\"url\":\"https:\\\/\\\/blogin.al\\\/wp-content\\\/uploads\\\/2022\\\/05\\\/Untitled-2-01-e1652084456514.png\",\"contentUrl\":\"https:\\\/\\\/blogin.al\\\/wp-content\\\/uploads\\\/2022\\\/05\\\/Untitled-2-01-e1652084456514.png\",\"width\":3723,\"height\":1698,\"caption\":\"BLOGIN.al\"},\"image\":{\"@id\":\"https:\\\/\\\/blogin.al\\\/#\\\/schema\\\/logo\\\/image\\\/\"},\"sameAs\":[\"https:\\\/\\\/instagram.com\\\/blogin.al\\\/\"]},{\"@type\":\"Person\",\"@id\":\"https:\\\/\\\/blogin.al\\\/#\\\/schema\\\/person\\\/abdd56bc912cd511db877b852b115399\",\"name\":\"Blogin al\",\"image\":{\"@type\":\"ImageObject\",\"inLanguage\":\"en-US\",\"@id\":\"https:\\\/\\\/secure.gravatar.com\\\/avatar\\\/60d5661aee6e835fb13dc75d2204cd0c1d61bef2efd137c0083e59ef831e235e?s=96&d=mm&r=g\",\"url\":\"https:\\\/\\\/secure.gravatar.com\\\/avatar\\\/60d5661aee6e835fb13dc75d2204cd0c1d61bef2efd137c0083e59ef831e235e?s=96&d=mm&r=g\",\"contentUrl\":\"https:\\\/\\\/secure.gravatar.com\\\/avatar\\\/60d5661aee6e835fb13dc75d2204cd0c1d61bef2efd137c0083e59ef831e235e?s=96&d=mm&r=g\",\"caption\":\"Blogin al\"},\"sameAs\":[\"https:\\\/\\\/blogin.al\"],\"url\":\"https:\\\/\\\/blogin.al\\\/?author=2\"}]}<\/script>\n<!-- \/ Yoast SEO plugin. -->","yoast_head_json":{"title":"Rita Ora dhe Dua Lipa b\u00ebhen bashk\u00eb? Mund t\u00eb performojn\u00eb n\u00eb hapjen e\u2026 - blogin.al","robots":{"index":"index","follow":"follow","max-snippet":"max-snippet:-1","max-image-preview":"max-image-preview:large","max-video-preview":"max-video-preview:-1"},"canonical":"https:\/\/blogin.al\/?p=43670","og_locale":"en_US","og_type":"article","og_title":"Rita Ora dhe Dua Lipa b\u00ebhen bashk\u00eb? Mund t\u00eb performojn\u00eb n\u00eb hapjen e\u2026 - blogin.al","og_description":"Loj\u00ebrat Mesdhetare t\u00eb vitit 2030 n\u00eb Kosov\u00eb mund t\u00eb b\u00ebjn\u00eb bashk\u00eb Rita Or\u00ebn dhe Dua Lip\u00ebn N\u00eb ceremonin\u00eb hapes\u00eb mund t\u00eb performojn\u00eb dy yjet bot\u00ebrore t\u00eb muzik\u00ebs dhe k\u00ebt\u00eb lajm e ka b\u00ebr\u00eb t\u00eb ditur z\u00ebdh\u00ebn\u00ebsi p\u00ebr media i Komitetit Olimpik t\u00eb Kosov\u00ebs Kushtrim Krasniqi, n\u00eb Konferenc\u00ebn nd\u00ebrkomb\u00ebtare \u201cKufijt\u00eb e Liris\u00eb s\u00eb Fjal\u00ebs\u201d. Sipas tij [&hellip;]","og_url":"https:\/\/blogin.al\/?p=43670","og_site_name":"blogin.al","article_published_time":"2024-02-09T14:04:07+00:00","article_modified_time":"2024-02-09T14:04:08+00:00","og_image":[{"width":2560,"height":2560,"url":"https:\/\/blogin.al\/wp-content\/uploads\/2022\/11\/20221130_101410-scaled.jpg","type":"image\/jpeg"}],"author":"Blogin al","twitter_card":"summary_large_image","twitter_misc":{"Written by":"Blogin al","Est. reading time":"2 minutes"},"schema":{"@context":"https:\/\/schema.org","@graph":[{"@type":"Article","@id":"https:\/\/blogin.al\/?p=43670#article","isPartOf":{"@id":"https:\/\/blogin.al\/?p=43670"},"author":{"name":"Blogin al","@id":"https:\/\/blogin.al\/#\/schema\/person\/abdd56bc912cd511db877b852b115399"},"headline":"Rita Ora dhe Dua Lipa b\u00ebhen bashk\u00eb? Mund t\u00eb performojn\u00eb n\u00eb hapjen e\u2026","datePublished":"2024-02-09T14:04:07+00:00","dateModified":"2024-02-09T14:04:08+00:00","mainEntityOfPage":{"@id":"https:\/\/blogin.al\/?p=43670"},"wordCount":329,"commentCount":0,"publisher":{"@id":"https:\/\/blogin.al\/#organization"},"image":{"@id":"https:\/\/blogin.al\/?p=43670#primaryimage"},"thumbnailUrl":"https:\/\/blogin.al\/wp-content\/uploads\/2022\/11\/20221130_101410-scaled.jpg","articleSection":["SHOWBIZ"],"inLanguage":"en-US","potentialAction":[{"@type":"CommentAction","name":"Comment","target":["https:\/\/blogin.al\/?p=43670#respond"]}]},{"@type":"WebPage","@id":"https:\/\/blogin.al\/?p=43670","url":"https:\/\/blogin.al\/?p=43670","name":"Rita Ora dhe Dua Lipa b\u00ebhen bashk\u00eb? Mund t\u00eb performojn\u00eb n\u00eb hapjen e\u2026 - blogin.al","isPartOf":{"@id":"https:\/\/blogin.al\/#website"},"primaryImageOfPage":{"@id":"https:\/\/blogin.al\/?p=43670#primaryimage"},"image":{"@id":"https:\/\/blogin.al\/?p=43670#primaryimage"},"thumbnailUrl":"https:\/\/blogin.al\/wp-content\/uploads\/2022\/11\/20221130_101410-scaled.jpg","datePublished":"2024-02-09T14:04:07+00:00","dateModified":"2024-02-09T14:04:08+00:00","breadcrumb":{"@id":"https:\/\/blogin.al\/?p=43670#breadcrumb"},"inLanguage":"en-US","potentialAction":[{"@type":"ReadAction","target":["https:\/\/blogin.al\/?p=43670"]}]},{"@type":"ImageObject","inLanguage":"en-US","@id":"https:\/\/blogin.al\/?p=43670#primaryimage","url":"https:\/\/blogin.al\/wp-content\/uploads\/2022\/11\/20221130_101410-scaled.jpg","contentUrl":"https:\/\/blogin.al\/wp-content\/uploads\/2022\/11\/20221130_101410-scaled.jpg","width":2560,"height":2560},{"@type":"BreadcrumbList","@id":"https:\/\/blogin.al\/?p=43670#breadcrumb","itemListElement":[{"@type":"ListItem","position":1,"name":"Home","item":"https:\/\/blogin.al\/"},{"@type":"ListItem","position":2,"name":"Rita Ora dhe Dua Lipa b\u00ebhen bashk\u00eb? Mund t\u00eb performojn\u00eb n\u00eb hapjen e\u2026"}]},{"@type":"WebSite","@id":"https:\/\/blogin.al\/#website","url":"https:\/\/blogin.al\/","name":"blogin.al","description":"","publisher":{"@id":"https:\/\/blogin.al\/#organization"},"potentialAction":[{"@type":"SearchAction","target":{"@type":"EntryPoint","urlTemplate":"https:\/\/blogin.al\/?s={search_term_string}"},"query-input":{"@type":"PropertyValueSpecification","valueRequired":true,"valueName":"search_term_string"}}],"inLanguage":"en-US"},{"@type":"Organization","@id":"https:\/\/blogin.al\/#organization","name":"BLOGIN.al","url":"https:\/\/blogin.al\/","logo":{"@type":"ImageObject","inLanguage":"en-US","@id":"https:\/\/blogin.al\/#\/schema\/logo\/image\/","url":"https:\/\/blogin.al\/wp-content\/uploads\/2022\/05\/Untitled-2-01-e1652084456514.png","contentUrl":"https:\/\/blogin.al\/wp-content\/uploads\/2022\/05\/Untitled-2-01-e1652084456514.png","width":3723,"height":1698,"caption":"BLOGIN.al"},"image":{"@id":"https:\/\/blogin.al\/#\/schema\/logo\/image\/"},"sameAs":["https:\/\/instagram.com\/blogin.al\/"]},{"@type":"Person","@id":"https:\/\/blogin.al\/#\/schema\/person\/abdd56bc912cd511db877b852b115399","name":"Blogin al","image":{"@type":"ImageObject","inLanguage":"en-US","@id":"https:\/\/secure.gravatar.com\/avatar\/60d5661aee6e835fb13dc75d2204cd0c1d61bef2efd137c0083e59ef831e235e?s=96&d=mm&r=g","url":"https:\/\/secure.gravatar.com\/avatar\/60d5661aee6e835fb13dc75d2204cd0c1d61bef2efd137c0083e59ef831e235e?s=96&d=mm&r=g","contentUrl":"https:\/\/secure.gravatar.com\/avatar\/60d5661aee6e835fb13dc75d2204cd0c1d61bef2efd137c0083e59ef831e235e?s=96&d=mm&r=g","caption":"Blogin al"},"sameAs":["https:\/\/blogin.al"],"url":"https:\/\/blogin.al\/?author=2"}]}},"_links":{"self":[{"href":"https:\/\/blogin.al\/index.php?rest_route=\/wp\/v2\/posts\/43670","targetHints":{"allow":["GET"]}}],"collection":[{"href":"https:\/\/blogin.al\/index.php?rest_route=\/wp\/v2\/posts"}],"about":[{"href":"https:\/\/blogin.al\/index.php?rest_route=\/wp\/v2\/types\/post"}],"author":[{"embeddable":true,"href":"https:\/\/blogin.al\/index.php?rest_route=\/wp\/v2\/users\/2"}],"replies":[{"embeddable":true,"href":"https:\/\/blogin.al\/index.php?rest_route=%2Fwp%2Fv2%2Fcomments&post=43670"}],"version-history":[{"count":1,"href":"https:\/\/blogin.al\/index.php?rest_route=\/wp\/v2\/posts\/43670\/revisions"}],"predecessor-version":[{"id":43671,"href":"https:\/\/blogin.al\/index.php?rest_route=\/wp\/v2\/posts\/43670\/revisions\/43671"}],"wp:featuredmedia":[{"embeddable":true,"href":"https:\/\/blogin.al\/index.php?rest_route=\/wp\/v2\/media\/19098"}],"wp:attachment":[{"href":"https:\/\/blogin.al\/index.php?rest_route=%2Fwp%2Fv2%2Fmedia&parent=43670"}],"wp:term":[{"taxonomy":"category","embeddable":true,"href":"https:\/\/blogin.al\/index.php?rest_route=%2Fwp%2Fv2%2Fcategories&post=43670"},{"taxonomy":"post_tag","embeddable":true,"href":"https:\/\/blogin.al\/index.php?rest_route=%2Fwp%2Fv2%2Ftags&post=43670"}],"curies":[{"name":"wp","href":"https:\/\/api.w.org\/{rel}","templated":true}]}}