{"id":43741,"date":"2024-02-11T10:11:20","date_gmt":"2024-02-11T10:11:20","guid":{"rendered":"https:\/\/blogin.al\/?p=43741"},"modified":"2024-02-11T10:11:21","modified_gmt":"2024-02-11T10:11:21","slug":"e-kam-gjetur-me-ish-in-e-tij-sara-dhe-endrik-rrefejne-lidhjen-e-tyre-mendoj-se-do-ishim-miq-shume-te-mire","status":"publish","type":"post","link":"https:\/\/blogin.al\/?p=43741","title":{"rendered":"\u201cE kam gjetur me ish-in e tij\u201d\/ Sara dhe Endrik rr\u00ebfejn\u00eb lidhjen e tyre: Mendoj se do ishim miq shum\u00eb t\u00eb mir\u00eb"},"content":{"rendered":"\n<p class=\"wp-block-paragraph\">Sara dhe Endrik kan\u00eb patur nj\u00eb lidhje me nj\u00ebri-tjetrin p\u00ebrpara disa vitesh dhe pat\u00ebn p\u00ebrplasjen e par\u00eb n\u00eb sht\u00ebpin\u00eb e \u201cBig Brother\u201d. Ata treguan historin\u00eb e tyre n\u00eb dy dhoma t\u00eb ndryshme, me Sar\u00ebn q\u00eb tha:<\/p>\n\n\n\n<p class=\"wp-block-paragraph\">Ledioni: Doja t\u00eb flisnim pak n\u00eb lidhje me raportin q\u00eb to ke patur me Endrikun.<\/p>\n\n\n\n<p class=\"wp-block-paragraph\">Sara: Mendova mos kishe ndonj\u00eb surpriz\u00eb, m\u00eb ngrive zemr\u00ebn (Qesh).<\/p>\n\n\n\n<p class=\"wp-block-paragraph\">Ledioni: M\u00eb trego pak p\u00ebr lidhjen q\u00eb keni patur. Di q\u00eb keni qen\u00eb t\u00eb fejuar. Ka qen\u00eb nj\u00eb marr\u00ebdh\u00ebnie q\u00eb nuk mbaroi mir\u00eb.<\/p>\n\n\n\n<p class=\"wp-block-paragraph\">Sara: Si fillim dua t\u2019i k\u00ebrkoj ndjes\u00eb bashk\u00ebshortes s\u00eb tij aktuale, sepse mendoj se \u00ebsht\u00eb shum\u00eb e v\u00ebshtir\u00eb p\u00ebr at\u00eb vajz\u00eb q\u00eb ta d\u00ebgjoj k\u00ebt\u00eb. Dua t\u00eb cek q\u00eb Endrikut ja k\u00ebrkova vet\u00eb kontaktin e par\u00eb. Kemi b\u00ebr\u00eb nj\u00eb bised\u00eb q\u00eb t\u00eb qet\u00ebsohet situata. Un\u00eb dhe Endriku kemi pasur nj\u00eb marr\u00ebdh\u00ebnie shum\u00eb t\u00eb mir\u00eb. Ai ka ardhur te n\u00ebna ime n\u00eb Greqi. Gj\u00ebrat kan\u00eb qen\u00eb familjare. Un\u00eb kam shkuar n\u00eb sht\u00ebpin\u00eb e tij, si nusja e tij. Respekti ka qen\u00eb maksimal. Ai m\u00eb ka dedikuar dhe nj\u00eb k\u00ebng\u00eb. Ka qen\u00eb nj\u00eb ndihmes\u00eb e madhe p\u00ebr mua, por nuk e dija q\u00eb mbante kontakte me ish-in e tij, q\u00eb i kam gjetur n\u00eb nj\u00eb situat\u00eb t\u00eb pak\u00ebndshme. Dhe shum\u00eb e shum\u00eb sdituata t\u00eb tjera t\u00eb pak\u00ebndshme. Nuk e kemi p\u00ebrjetuar mir\u00eb, as un\u00eb as familja ime. Endriku b\u00ebri zgjedhjen e tij. Mund t\u00eb ket\u00eb akuzuar p\u00ebr mua, por pa fakte. Nuk e faj\u00ebsoj, sepse ka qen\u00eb goxha i papjekur. E kam kaluar at\u00eb situat\u00eb dhe n\u00eb t\u00eb nj\u00ebjt\u00ebn koh\u00eb i hodha vet\u00eb e para dorez\u00ebn e bardh\u00eb k\u00ebtu, e para p\u00ebr veten time, por dhe p\u00ebr familjen time q\u00eb t\u00eb mos p\u00ebrjetoj\u00eb t\u00eb nj\u00ebjtin siklet. Kam qen\u00eb e tensionuar, sepse nuk e dija n\u00ebse do t\u00eb vinte apo jo. Ju nuk e keni iden\u00eb se \u00e7far\u00eb ndjesirash p\u00ebrjteoj un\u00eb kur Bardhi dhe Endriku bisedojn\u00eb s\u00eb bashku. Nuk dua t\u00eb l\u00ebndoj asnj\u00eb pal\u00eb. Ai ka martes\u00ebn e dyt\u00eb n\u00eb mos gaboj. Endriku ka nj\u00eb f\u00ebmij\u00eb, gj\u00eb q\u00eb e vler\u00ebsoj jasht\u00eb mase shum\u00eb.<\/p>\n\n\n\n<p class=\"wp-block-paragraph\">Ledioni: E ke menduar ndonj\u00ebher\u00eb situat\u00ebn q\u00eb mund t\u00eb p\u00ebrballeshit t\u00eb dy?<\/p>\n\n\n\n<p class=\"wp-block-paragraph\">Sara: Un\u00eb e kam ndar\u00eb k\u00ebt\u00eb detaj kur i k\u00ebrkova Endrikut t\u00eb kishim kontaktin e par\u00eb k\u00ebtu. Un\u00eb nuk e dija se \u00e7far\u00eb njeriu e kishte b\u00ebr\u00eb Endrikun. Sepse nuk jan\u00eb pak, 9 vite. Nuk kemi pasur asnj\u00eb kontakt q\u00eb nga momentin kur m\u00eb ka dh\u00ebn\u00eb dor\u00ebn k\u00ebtu brenda. Nuk e dija si do ishte reagimi k\u00ebtu brenda, sepse nuk e dija si e kishte b\u00ebr\u00eb jeta. Pavar\u00ebsisht gjith\u00e7ka, shoh q\u00eb familja e ka b\u00ebr\u00eb Endrikun nj\u00eb djal\u00eb shum\u00eb t\u00eb respektuar, sepse i dha i pari dor\u00ebn Bardhit dhe ngriti dor\u00ebn kat\u00ebr her\u00eb q\u00eb dasma t\u00eb b\u00ebhej mes meje dhe Bardhit. Jam shum\u00eb e lumtur q\u00eb nuk \u00ebsht\u00eb m\u00eb njeriu q\u00eb ka qen\u00eb.<\/p>\n\n\n\n<p class=\"wp-block-paragraph\">M\u00eb pas, Ledioni shkoi t\u00eb fliste me Endrikun n\u00eb dhom\u00ebn e rr\u00ebfimeve, i cili n\u00eb raportin me Sar\u00ebn, ai tha:<\/p>\n\n\n\n<p class=\"wp-block-paragraph\">Ledioni: Doja t\u00eb dija nga ty si ka qen\u00eb raporti juaj?<\/p>\n\n\n\n<p class=\"wp-block-paragraph\">Endrik: Historia jon\u00eb ka zgjatur diku te 7-8 muaj dhe \u00ebsht\u00eb b\u00ebr\u00eb publike pasi ne realizuam dhe nj\u00eb videoklip bashk\u00eb. Un\u00eb kam shum\u00eb respekt p\u00ebr historin\u00eb q\u00eb kemi patur. E vler\u00ebsoj si njeri q\u00eb Sara \u00ebsht\u00eb. Besoj se k\u00ebt\u00eb respekt do ta ruaj akoma dhe m\u00eb shum\u00eb pas bised\u00ebs q\u00eb pat\u00ebm n\u00eb sht\u00ebpin\u00eb e \u201cBig Brother\u201d.<\/p>\n\n\n\n<p class=\"wp-block-paragraph\">Ledioni: Sa serioze ka qenb\u00eb.<\/p>\n\n\n\n<p class=\"wp-block-paragraph\">Endrik: Kemi qen\u00eb t\u00eb dy t\u00eb rinj. Sara \u00ebsht\u00eb nj\u00eb njeri shum\u00eb i mir\u00ebkuptuesh\u00ebm. Gj\u00ebrat ishin dhe intensive. Por me kalimin e kloh\u00ebs dhe duke pasur m\u00eb kontakte, kuptuam q\u00eb nuk ishim t\u00eb duhurit p\u00ebr nj\u00ebri-tjetrin. Nuk doja t\u00eb hiqesha si nj\u00eb njeri q\u00eb nuk e njoh. E pash\u00eb dhe q\u00eb po krijonte nj\u00eb lidhjue t\u00eb bukur me Bardhin, un\u00eb jam pro dashuris\u00eb. Doja q\u00eb kjo gj\u00eb t\u00eb sheshohej. M\u00eb ka surprizuar Bardhi si person, sepse \u00ebsht\u00eb treguar shum\u00eb xhentil. E ndjeva t\u00eb detyruar t\u2019ia thoja n\u00eb sy q\u00eb nuk jam k\u00ebtu p\u00ebr partneren t\u00ebnde ose t\u00eb nd\u00ebrhyja mes jush. I dham\u00eb dor\u00ebn nj\u00ebri-tjetrit. Nuk kishte nj\u00eb duel ose sfid\u00eb, sepse u tregua jasht\u00ebzakonisht miq\u00ebsor dhe xhentil.<\/p>\n\n\n\n<p class=\"wp-block-paragraph\">Ledioni: A ka qen\u00eb serioze?<\/p>\n\n\n\n<p class=\"wp-block-paragraph\">Endrik: Ka patur prezantime familjare. Por nuk ka qen\u00eb nj\u00eb k\u00ebrkes\u00eb zyrtare fejese. Por ishin situatat q\u00eb m\u00eb detyruan t\u00eb njihja un\u00eb familjen e saj dhe ajo timen. Por familjket tona nuk jan\u00eb takuar kurr\u00eb m\u00eb p\u00ebrpara. Mund t\u00eb them q\u00eb nuk ishte faji i askujt dhe faji i t\u00eb dyve. Nuk ishim p\u00ebr nj\u00ebri-tjetrin. Un\u00eb besoj se duhet t\u00eb kishim qen\u00eb miqshum\u00eb t\u00eb mir\u00eb, por tani besoj se nuk duhet t\u00eb kishim nj\u00eb raport dashurie, por miq shum\u00eb t\u00eb mir\u00eb, sepse mendoj se do ishim miq akoma dhe sot.<\/p>\n\n\n\n<p class=\"wp-block-paragraph\">M\u00eb pas t\u00eb dy ata shkuan n\u00eb dhom\u00ebn e ndenjes, ku Sara dhe Endriku pan\u00eb m\u00eb pas nj\u00eb klip q\u00eb i takonte atyre t\u00eb dyve.<\/p>\n","protected":false},"excerpt":{"rendered":"<p>Sara dhe Endrik kan\u00eb patur nj\u00eb lidhje me nj\u00ebri-tjetrin p\u00ebrpara disa vitesh dhe pat\u00ebn p\u00ebrplasjen e par\u00eb n\u00eb sht\u00ebpin\u00eb e \u201cBig Brother\u201d. Ata treguan historin\u00eb e tyre n\u00eb dy dhoma t\u00eb ndryshme, me Sar\u00ebn q\u00eb tha: Ledioni: Doja t\u00eb flisnim pak n\u00eb lidhje me raportin q\u00eb to ke patur me Endrikun. Sara: Mendova mos kishe [&hellip;]<\/p>\n","protected":false},"author":2,"featured_media":43688,"comment_status":"open","ping_status":"open","sticky":false,"template":"","format":"standard","meta":{"footnotes":""},"categories":[33],"tags":[],"class_list":["post-43741","post","type-post","status-publish","format-standard","has-post-thumbnail","category-showbiz"],"yoast_head":"<!-- This site is optimized with the Yoast SEO plugin v28.4 - https:\/\/yoast.com\/product\/yoast-seo-wordpress\/ -->\n<title>\u201cE kam gjetur me ish-in e tij\u201d\/ Sara dhe Endrik rr\u00ebfejn\u00eb lidhjen e tyre: Mendoj se do ishim miq shum\u00eb t\u00eb mir\u00eb - blogin.al<\/title>\n<meta name=\"robots\" content=\"index, follow, max-snippet:-1, max-image-preview:large, max-video-preview:-1\" \/>\n<link rel=\"canonical\" href=\"https:\/\/blogin.al\/?p=43741\" \/>\n<meta property=\"og:locale\" content=\"en_US\" \/>\n<meta property=\"og:type\" content=\"article\" \/>\n<meta property=\"og:title\" content=\"\u201cE kam gjetur me ish-in e tij\u201d\/ Sara dhe Endrik rr\u00ebfejn\u00eb lidhjen e tyre: Mendoj se do ishim miq shum\u00eb t\u00eb mir\u00eb - blogin.al\" \/>\n<meta property=\"og:description\" content=\"Sara dhe Endrik kan\u00eb patur nj\u00eb lidhje me nj\u00ebri-tjetrin p\u00ebrpara disa vitesh dhe pat\u00ebn p\u00ebrplasjen e par\u00eb n\u00eb sht\u00ebpin\u00eb e \u201cBig Brother\u201d. Ata treguan historin\u00eb e tyre n\u00eb dy dhoma t\u00eb ndryshme, me Sar\u00ebn q\u00eb tha: Ledioni: Doja t\u00eb flisnim pak n\u00eb lidhje me raportin q\u00eb to ke patur me Endrikun. Sara: Mendova mos kishe [&hellip;]\" \/>\n<meta property=\"og:url\" content=\"https:\/\/blogin.al\/?p=43741\" \/>\n<meta property=\"og:site_name\" content=\"blogin.al\" \/>\n<meta property=\"article:published_time\" content=\"2024-02-11T10:11:20+00:00\" \/>\n<meta property=\"article:modified_time\" content=\"2024-02-11T10:11:21+00:00\" \/>\n<meta property=\"og:image\" content=\"https:\/\/blogin.al\/wp-content\/uploads\/2024\/02\/image-65.png\" \/>\n\t<meta property=\"og:image:width\" content=\"800\" \/>\n\t<meta property=\"og:image:height\" content=\"466\" \/>\n\t<meta property=\"og:image:type\" content=\"image\/png\" \/>\n<meta name=\"author\" content=\"Blogin al\" \/>\n<meta name=\"twitter:card\" content=\"summary_large_image\" \/>\n<meta name=\"twitter:label1\" content=\"Written by\" \/>\n\t<meta name=\"twitter:data1\" content=\"Blogin al\" \/>\n\t<meta name=\"twitter:label2\" content=\"Est. reading time\" \/>\n\t<meta name=\"twitter:data2\" content=\"4 minutes\" \/>\n<script type=\"application\/ld+json\" class=\"yoast-schema-graph\">{\"@context\":\"https:\\\/\\\/schema.org\",\"@graph\":[{\"@type\":\"Article\",\"@id\":\"https:\\\/\\\/blogin.al\\\/?p=43741#article\",\"isPartOf\":{\"@id\":\"https:\\\/\\\/blogin.al\\\/?p=43741\"},\"author\":{\"name\":\"Blogin al\",\"@id\":\"https:\\\/\\\/blogin.al\\\/#\\\/schema\\\/person\\\/abdd56bc912cd511db877b852b115399\"},\"headline\":\"\u201cE kam gjetur me ish-in e tij\u201d\\\/ Sara dhe Endrik rr\u00ebfejn\u00eb lidhjen e tyre: Mendoj se do ishim miq shum\u00eb t\u00eb mir\u00eb\",\"datePublished\":\"2024-02-11T10:11:20+00:00\",\"dateModified\":\"2024-02-11T10:11:21+00:00\",\"mainEntityOfPage\":{\"@id\":\"https:\\\/\\\/blogin.al\\\/?p=43741\"},\"wordCount\":906,\"commentCount\":0,\"publisher\":{\"@id\":\"https:\\\/\\\/blogin.al\\\/#organization\"},\"image\":{\"@id\":\"https:\\\/\\\/blogin.al\\\/?p=43741#primaryimage\"},\"thumbnailUrl\":\"https:\\\/\\\/blogin.al\\\/wp-content\\\/uploads\\\/2024\\\/02\\\/image-65.png\",\"articleSection\":[\"SHOWBIZ\"],\"inLanguage\":\"en-US\",\"potentialAction\":[{\"@type\":\"CommentAction\",\"name\":\"Comment\",\"target\":[\"https:\\\/\\\/blogin.al\\\/?p=43741#respond\"]}]},{\"@type\":\"WebPage\",\"@id\":\"https:\\\/\\\/blogin.al\\\/?p=43741\",\"url\":\"https:\\\/\\\/blogin.al\\\/?p=43741\",\"name\":\"\u201cE kam gjetur me ish-in e tij\u201d\\\/ Sara dhe Endrik rr\u00ebfejn\u00eb lidhjen e tyre: Mendoj se do ishim miq shum\u00eb t\u00eb mir\u00eb - blogin.al\",\"isPartOf\":{\"@id\":\"https:\\\/\\\/blogin.al\\\/#website\"},\"primaryImageOfPage\":{\"@id\":\"https:\\\/\\\/blogin.al\\\/?p=43741#primaryimage\"},\"image\":{\"@id\":\"https:\\\/\\\/blogin.al\\\/?p=43741#primaryimage\"},\"thumbnailUrl\":\"https:\\\/\\\/blogin.al\\\/wp-content\\\/uploads\\\/2024\\\/02\\\/image-65.png\",\"datePublished\":\"2024-02-11T10:11:20+00:00\",\"dateModified\":\"2024-02-11T10:11:21+00:00\",\"breadcrumb\":{\"@id\":\"https:\\\/\\\/blogin.al\\\/?p=43741#breadcrumb\"},\"inLanguage\":\"en-US\",\"potentialAction\":[{\"@type\":\"ReadAction\",\"target\":[\"https:\\\/\\\/blogin.al\\\/?p=43741\"]}]},{\"@type\":\"ImageObject\",\"inLanguage\":\"en-US\",\"@id\":\"https:\\\/\\\/blogin.al\\\/?p=43741#primaryimage\",\"url\":\"https:\\\/\\\/blogin.al\\\/wp-content\\\/uploads\\\/2024\\\/02\\\/image-65.png\",\"contentUrl\":\"https:\\\/\\\/blogin.al\\\/wp-content\\\/uploads\\\/2024\\\/02\\\/image-65.png\",\"width\":800,\"height\":466},{\"@type\":\"BreadcrumbList\",\"@id\":\"https:\\\/\\\/blogin.al\\\/?p=43741#breadcrumb\",\"itemListElement\":[{\"@type\":\"ListItem\",\"position\":1,\"name\":\"Home\",\"item\":\"https:\\\/\\\/blogin.al\\\/\"},{\"@type\":\"ListItem\",\"position\":2,\"name\":\"\u201cE kam gjetur me ish-in e tij\u201d\\\/ Sara dhe Endrik rr\u00ebfejn\u00eb lidhjen e tyre: Mendoj se do ishim miq shum\u00eb t\u00eb mir\u00eb\"}]},{\"@type\":\"WebSite\",\"@id\":\"https:\\\/\\\/blogin.al\\\/#website\",\"url\":\"https:\\\/\\\/blogin.al\\\/\",\"name\":\"blogin.al\",\"description\":\"\",\"publisher\":{\"@id\":\"https:\\\/\\\/blogin.al\\\/#organization\"},\"potentialAction\":[{\"@type\":\"SearchAction\",\"target\":{\"@type\":\"EntryPoint\",\"urlTemplate\":\"https:\\\/\\\/blogin.al\\\/?s={search_term_string}\"},\"query-input\":{\"@type\":\"PropertyValueSpecification\",\"valueRequired\":true,\"valueName\":\"search_term_string\"}}],\"inLanguage\":\"en-US\"},{\"@type\":\"Organization\",\"@id\":\"https:\\\/\\\/blogin.al\\\/#organization\",\"name\":\"BLOGIN.al\",\"url\":\"https:\\\/\\\/blogin.al\\\/\",\"logo\":{\"@type\":\"ImageObject\",\"inLanguage\":\"en-US\",\"@id\":\"https:\\\/\\\/blogin.al\\\/#\\\/schema\\\/logo\\\/image\\\/\",\"url\":\"https:\\\/\\\/blogin.al\\\/wp-content\\\/uploads\\\/2022\\\/05\\\/Untitled-2-01-e1652084456514.png\",\"contentUrl\":\"https:\\\/\\\/blogin.al\\\/wp-content\\\/uploads\\\/2022\\\/05\\\/Untitled-2-01-e1652084456514.png\",\"width\":3723,\"height\":1698,\"caption\":\"BLOGIN.al\"},\"image\":{\"@id\":\"https:\\\/\\\/blogin.al\\\/#\\\/schema\\\/logo\\\/image\\\/\"},\"sameAs\":[\"https:\\\/\\\/instagram.com\\\/blogin.al\\\/\"]},{\"@type\":\"Person\",\"@id\":\"https:\\\/\\\/blogin.al\\\/#\\\/schema\\\/person\\\/abdd56bc912cd511db877b852b115399\",\"name\":\"Blogin al\",\"image\":{\"@type\":\"ImageObject\",\"inLanguage\":\"en-US\",\"@id\":\"https:\\\/\\\/secure.gravatar.com\\\/avatar\\\/60d5661aee6e835fb13dc75d2204cd0c1d61bef2efd137c0083e59ef831e235e?s=96&d=mm&r=g\",\"url\":\"https:\\\/\\\/secure.gravatar.com\\\/avatar\\\/60d5661aee6e835fb13dc75d2204cd0c1d61bef2efd137c0083e59ef831e235e?s=96&d=mm&r=g\",\"contentUrl\":\"https:\\\/\\\/secure.gravatar.com\\\/avatar\\\/60d5661aee6e835fb13dc75d2204cd0c1d61bef2efd137c0083e59ef831e235e?s=96&d=mm&r=g\",\"caption\":\"Blogin al\"},\"sameAs\":[\"https:\\\/\\\/blogin.al\"],\"url\":\"https:\\\/\\\/blogin.al\\\/?author=2\"}]}<\/script>\n<!-- \/ Yoast SEO plugin. -->","yoast_head_json":{"title":"\u201cE kam gjetur me ish-in e tij\u201d\/ Sara dhe Endrik rr\u00ebfejn\u00eb lidhjen e tyre: Mendoj se do ishim miq shum\u00eb t\u00eb mir\u00eb - blogin.al","robots":{"index":"index","follow":"follow","max-snippet":"max-snippet:-1","max-image-preview":"max-image-preview:large","max-video-preview":"max-video-preview:-1"},"canonical":"https:\/\/blogin.al\/?p=43741","og_locale":"en_US","og_type":"article","og_title":"\u201cE kam gjetur me ish-in e tij\u201d\/ Sara dhe Endrik rr\u00ebfejn\u00eb lidhjen e tyre: Mendoj se do ishim miq shum\u00eb t\u00eb mir\u00eb - blogin.al","og_description":"Sara dhe Endrik kan\u00eb patur nj\u00eb lidhje me nj\u00ebri-tjetrin p\u00ebrpara disa vitesh dhe pat\u00ebn p\u00ebrplasjen e par\u00eb n\u00eb sht\u00ebpin\u00eb e \u201cBig Brother\u201d. Ata treguan historin\u00eb e tyre n\u00eb dy dhoma t\u00eb ndryshme, me Sar\u00ebn q\u00eb tha: Ledioni: Doja t\u00eb flisnim pak n\u00eb lidhje me raportin q\u00eb to ke patur me Endrikun. Sara: Mendova mos kishe [&hellip;]","og_url":"https:\/\/blogin.al\/?p=43741","og_site_name":"blogin.al","article_published_time":"2024-02-11T10:11:20+00:00","article_modified_time":"2024-02-11T10:11:21+00:00","og_image":[{"width":800,"height":466,"url":"https:\/\/blogin.al\/wp-content\/uploads\/2024\/02\/image-65.png","type":"image\/png"}],"author":"Blogin al","twitter_card":"summary_large_image","twitter_misc":{"Written by":"Blogin al","Est. reading time":"4 minutes"},"schema":{"@context":"https:\/\/schema.org","@graph":[{"@type":"Article","@id":"https:\/\/blogin.al\/?p=43741#article","isPartOf":{"@id":"https:\/\/blogin.al\/?p=43741"},"author":{"name":"Blogin al","@id":"https:\/\/blogin.al\/#\/schema\/person\/abdd56bc912cd511db877b852b115399"},"headline":"\u201cE kam gjetur me ish-in e tij\u201d\/ Sara dhe Endrik rr\u00ebfejn\u00eb lidhjen e tyre: Mendoj se do ishim miq shum\u00eb t\u00eb mir\u00eb","datePublished":"2024-02-11T10:11:20+00:00","dateModified":"2024-02-11T10:11:21+00:00","mainEntityOfPage":{"@id":"https:\/\/blogin.al\/?p=43741"},"wordCount":906,"commentCount":0,"publisher":{"@id":"https:\/\/blogin.al\/#organization"},"image":{"@id":"https:\/\/blogin.al\/?p=43741#primaryimage"},"thumbnailUrl":"https:\/\/blogin.al\/wp-content\/uploads\/2024\/02\/image-65.png","articleSection":["SHOWBIZ"],"inLanguage":"en-US","potentialAction":[{"@type":"CommentAction","name":"Comment","target":["https:\/\/blogin.al\/?p=43741#respond"]}]},{"@type":"WebPage","@id":"https:\/\/blogin.al\/?p=43741","url":"https:\/\/blogin.al\/?p=43741","name":"\u201cE kam gjetur me ish-in e tij\u201d\/ Sara dhe Endrik rr\u00ebfejn\u00eb lidhjen e tyre: Mendoj se do ishim miq shum\u00eb t\u00eb mir\u00eb - blogin.al","isPartOf":{"@id":"https:\/\/blogin.al\/#website"},"primaryImageOfPage":{"@id":"https:\/\/blogin.al\/?p=43741#primaryimage"},"image":{"@id":"https:\/\/blogin.al\/?p=43741#primaryimage"},"thumbnailUrl":"https:\/\/blogin.al\/wp-content\/uploads\/2024\/02\/image-65.png","datePublished":"2024-02-11T10:11:20+00:00","dateModified":"2024-02-11T10:11:21+00:00","breadcrumb":{"@id":"https:\/\/blogin.al\/?p=43741#breadcrumb"},"inLanguage":"en-US","potentialAction":[{"@type":"ReadAction","target":["https:\/\/blogin.al\/?p=43741"]}]},{"@type":"ImageObject","inLanguage":"en-US","@id":"https:\/\/blogin.al\/?p=43741#primaryimage","url":"https:\/\/blogin.al\/wp-content\/uploads\/2024\/02\/image-65.png","contentUrl":"https:\/\/blogin.al\/wp-content\/uploads\/2024\/02\/image-65.png","width":800,"height":466},{"@type":"BreadcrumbList","@id":"https:\/\/blogin.al\/?p=43741#breadcrumb","itemListElement":[{"@type":"ListItem","position":1,"name":"Home","item":"https:\/\/blogin.al\/"},{"@type":"ListItem","position":2,"name":"\u201cE kam gjetur me ish-in e tij\u201d\/ Sara dhe Endrik rr\u00ebfejn\u00eb lidhjen e tyre: Mendoj se do ishim miq shum\u00eb t\u00eb mir\u00eb"}]},{"@type":"WebSite","@id":"https:\/\/blogin.al\/#website","url":"https:\/\/blogin.al\/","name":"blogin.al","description":"","publisher":{"@id":"https:\/\/blogin.al\/#organization"},"potentialAction":[{"@type":"SearchAction","target":{"@type":"EntryPoint","urlTemplate":"https:\/\/blogin.al\/?s={search_term_string}"},"query-input":{"@type":"PropertyValueSpecification","valueRequired":true,"valueName":"search_term_string"}}],"inLanguage":"en-US"},{"@type":"Organization","@id":"https:\/\/blogin.al\/#organization","name":"BLOGIN.al","url":"https:\/\/blogin.al\/","logo":{"@type":"ImageObject","inLanguage":"en-US","@id":"https:\/\/blogin.al\/#\/schema\/logo\/image\/","url":"https:\/\/blogin.al\/wp-content\/uploads\/2022\/05\/Untitled-2-01-e1652084456514.png","contentUrl":"https:\/\/blogin.al\/wp-content\/uploads\/2022\/05\/Untitled-2-01-e1652084456514.png","width":3723,"height":1698,"caption":"BLOGIN.al"},"image":{"@id":"https:\/\/blogin.al\/#\/schema\/logo\/image\/"},"sameAs":["https:\/\/instagram.com\/blogin.al\/"]},{"@type":"Person","@id":"https:\/\/blogin.al\/#\/schema\/person\/abdd56bc912cd511db877b852b115399","name":"Blogin al","image":{"@type":"ImageObject","inLanguage":"en-US","@id":"https:\/\/secure.gravatar.com\/avatar\/60d5661aee6e835fb13dc75d2204cd0c1d61bef2efd137c0083e59ef831e235e?s=96&d=mm&r=g","url":"https:\/\/secure.gravatar.com\/avatar\/60d5661aee6e835fb13dc75d2204cd0c1d61bef2efd137c0083e59ef831e235e?s=96&d=mm&r=g","contentUrl":"https:\/\/secure.gravatar.com\/avatar\/60d5661aee6e835fb13dc75d2204cd0c1d61bef2efd137c0083e59ef831e235e?s=96&d=mm&r=g","caption":"Blogin al"},"sameAs":["https:\/\/blogin.al"],"url":"https:\/\/blogin.al\/?author=2"}]}},"_links":{"self":[{"href":"https:\/\/blogin.al\/index.php?rest_route=\/wp\/v2\/posts\/43741","targetHints":{"allow":["GET"]}}],"collection":[{"href":"https:\/\/blogin.al\/index.php?rest_route=\/wp\/v2\/posts"}],"about":[{"href":"https:\/\/blogin.al\/index.php?rest_route=\/wp\/v2\/types\/post"}],"author":[{"embeddable":true,"href":"https:\/\/blogin.al\/index.php?rest_route=\/wp\/v2\/users\/2"}],"replies":[{"embeddable":true,"href":"https:\/\/blogin.al\/index.php?rest_route=%2Fwp%2Fv2%2Fcomments&post=43741"}],"version-history":[{"count":1,"href":"https:\/\/blogin.al\/index.php?rest_route=\/wp\/v2\/posts\/43741\/revisions"}],"predecessor-version":[{"id":43742,"href":"https:\/\/blogin.al\/index.php?rest_route=\/wp\/v2\/posts\/43741\/revisions\/43742"}],"wp:featuredmedia":[{"embeddable":true,"href":"https:\/\/blogin.al\/index.php?rest_route=\/wp\/v2\/media\/43688"}],"wp:attachment":[{"href":"https:\/\/blogin.al\/index.php?rest_route=%2Fwp%2Fv2%2Fmedia&parent=43741"}],"wp:term":[{"taxonomy":"category","embeddable":true,"href":"https:\/\/blogin.al\/index.php?rest_route=%2Fwp%2Fv2%2Fcategories&post=43741"},{"taxonomy":"post_tag","embeddable":true,"href":"https:\/\/blogin.al\/index.php?rest_route=%2Fwp%2Fv2%2Ftags&post=43741"}],"curies":[{"name":"wp","href":"https:\/\/api.w.org\/{rel}","templated":true}]}}