{"id":43751,"date":"2024-02-11T12:23:36","date_gmt":"2024-02-11T12:23:36","guid":{"rendered":"https:\/\/blogin.al\/?p=43751"},"modified":"2024-02-11T12:23:38","modified_gmt":"2024-02-11T12:23:38","slug":"sara-i-kerkon-te-ndahenper-koke-te-mamit-nuk-te-afrohem-me-kurre-bardhi-mos-me-fol-as-kur-kalon","status":"publish","type":"post","link":"https:\/\/blogin.al\/?p=43751","title":{"rendered":"Sara i k\u00ebrkon t\u00eb ndahen:\u201cP\u00ebr kok\u00eb t\u00eb mamit nuk t\u00eb afrohem m\u00eb kurr\u00eb\u201d! Bardhi: Mos m\u00eb fol as kur kalon"},"content":{"rendered":"\n<p class=\"wp-block-paragraph\">Sara dhe Bardhi jan\u00eb p\u00ebrfshir\u00eb n\u00eb nj\u00eb debat t\u00eb ashp\u00ebr menj\u00ebher\u00eb pas Primes, dhe shkak p\u00ebr k\u00ebt\u00eb jan\u00eb b\u00ebr\u00eb ankesat e modeles ndaj k\u00ebng\u00ebtarit se ai nuk e mbron dhe heziton gjith\u00eb koh\u00ebs kur duhet t\u2019i dal\u00eb p\u00ebr zot si femra e tij.<\/p>\n\n\n\n<p class=\"wp-block-paragraph\">Sipas Sar\u00ebs, gjith\u00e7ka nisi nga debati me Ilnis\u00ebn dhe p\u00ebrfundoi tek komentet sarkastike t\u00eb opinionist\u00ebve se \u201cSara rreh Bardhin\u201d. Modelja i ka b\u00ebr\u00eb t\u00eb ditur k\u00ebng\u00ebtarit se n\u00eb Big Brother nuk erdhi p\u00ebr t\u2019u njohur, por p\u00ebr t\u00eb fituar dhe ai duhet ta mb\u00ebshtes\u00eb n\u00eb rrug\u00ebtimin e saj, gj\u00eb t\u00eb cil\u00ebn e ka b\u00ebr\u00eb vet\u00ebm 3 her\u00eb q\u00eb kur jan\u00eb njohur duke d\u00ebshtuar si mashkull.<\/p>\n\n\n\n<p class=\"wp-block-paragraph\">P\u00ebrball\u00eb k\u00ebsaj deklarate, k\u00ebng\u00ebtari \u00ebsht\u00eb p\u00ebrgjigjur duke th\u00ebn\u00eb se ka b\u00ebr\u00eb sakrifica t\u00eb cilat nuk do t\u2019i p\u00ebrmendi dhe se \u201cnuk \u00ebsht\u00eb jeta Prime\u201d, por Sara theksoi se ai \u00ebsht\u00eb duke u ndikuar dhe kritikuar at\u00eb gjith\u00eb koh\u00ebn.<\/p>\n\n\n\n<p class=\"wp-block-paragraph\">N\u00eb p\u00ebrfundim t\u00eb bised\u00ebs \u00e7ifti ka arritur n\u00eb akord se nuk mund t\u00eb ndryshojn\u00eb njeri tjetrin dhe p\u00ebr k\u00ebt\u00eb duhet t\u00eb ndajn\u00eb rrug\u00ebt n\u00eb sht\u00ebpi. \u201cN\u00ebse do t\u00eb doja t\u00eb t\u00eb njihja, do t\u00eb shkruaja si njeri n\u00eb Instagram\u201d, tha Sara, duke shtuar m\u00eb von\u00eb se p\u00ebr momentin \u00ebsht\u00eb mir\u00eb q\u00eb t\u2019i japin fund dhe n\u00ebse \u00ebsht\u00eb e shkruar t\u00eb vijojn\u00eb prap kur t\u00eb dalin nga sht\u00ebpia.<\/p>\n\n\n\n<p class=\"wp-block-paragraph\">Sara: Ti heziton, dhe p\u00ebrve\u00e7 k\u00ebsaj m\u00eb kritikon gjith\u00eb koh\u00ebs. \u2018Flet shum\u00eb, b\u00ebn shum\u00eb\u2019, un\u00eb k\u00ebshtu jam mor v\u00eblla. K\u00ebshtu jam gjith\u00eb koh\u00ebs.<\/p>\n\n\n\n<p class=\"wp-block-paragraph\">Bardhi: K\u00ebt\u00eb jav\u00eb t\u00eb kam l\u00ebn\u00eb p\u00ebr q\u00eb t\u2019i t\u00eb kuptosh se je n\u00eb gabim. Nejse, kur dalim jasht\u00eb e sheh. N\u00eb fund e sheh\u2026<\/p>\n\n\n\n<p class=\"wp-block-paragraph\">Sara: \u00c7far\u00eb do t\u00eb thot\u00eb kjo? \u201cN\u00eb fund\u201d, \u00e7far\u00eb do t\u00eb thot\u00eb?<\/p>\n\n\n\n<p class=\"wp-block-paragraph\">Bardhi: E sheh pra\u2026 N\u00eb fund i sheh videot e prera dhe e kupton.<\/p>\n\n\n\n<p class=\"wp-block-paragraph\">Sara: \u00c7far\u00eb?<\/p>\n\n\n\n<p class=\"wp-block-paragraph\">Bardhi: Ti je nxituar me mua.<\/p>\n\n\n\n<p class=\"wp-block-paragraph\">Sara: P\u00ebr \u00e7far\u00eb?<\/p>\n\n\n\n<p class=\"wp-block-paragraph\">Bardhi: P\u00ebr k\u00ebt\u00eb q\u00eb je duke th\u00ebn\u00eb.<\/p>\n\n\n\n<p class=\"wp-block-paragraph\">Sara: jo nuk jam nxituar. K\u00ebto jan\u00eb ndjesit\u00eb e mija prej dit\u00ebsh.<\/p>\n\n\n\n<p class=\"wp-block-paragraph\">Bardhi: Dhe un\u00eb t\u00eb respektoj maksimalisht\u2026<\/p>\n\n\n\n<p class=\"wp-block-paragraph\">Sara: Ndjesit\u00eb e mija prej dit\u00ebsh q\u00eb nga muhabeti me Ilnis\u00ebn dhe deri m\u00eb sot jan\u00eb t\u00eb nj\u00ebjta. I dashur djal\u00eb, ti heziton.<\/p>\n\n\n\n<p class=\"wp-block-paragraph\">Bardhi: N\u00eb rregull, m\u00eb fal.<\/p>\n\n\n\n<p class=\"wp-block-paragraph\">Sara: Jo, nuk \u00ebsht\u00eb p\u00ebr m\u00eb fal. Ti je k\u00ebshtu dhe un\u00eb nuk&nbsp; dua t\u00eb t\u00eb ndryshoj. T\u00eb kam par\u00eb n\u00eb situata t\u00eb ndryshme, ky je ti. P\u00ebrve\u00e7 k\u00ebsaj, edhe un\u00eb po dal keq q\u00eb po t\u00eb them mos hezito. Nuk dua ta b\u00ebj\u00eb m\u00eb k\u00ebt\u00eb gj\u00eb. \u00cbsht\u00eb shum\u00eb e qart\u00eb.<\/p>\n\n\n\n<p class=\"wp-block-paragraph\">Bardhi: Dil te p\u00ebrfundimi, \u00e7far\u00eb k\u00ebrkon t\u00eb b\u00ebsh.<\/p>\n\n\n\n<p class=\"wp-block-paragraph\">Sara: Sapo ta thash\u00eb, mua kjo gj\u00eb po m\u00eb ndikon k\u00ebtu dhe nuk dua ta vazhdoj\u00eb m\u00eb.<\/p>\n\n\n\n<p class=\"wp-block-paragraph\">Bardhi: K\u00eb?<\/p>\n\n\n\n<p class=\"wp-block-paragraph\">Sara: K\u00ebt\u00eb gj\u00eb.<\/p>\n\n\n\n<p class=\"wp-block-paragraph\">Bardhi: N\u00eb rregull, mos e thuaj.<\/p>\n\n\n\n<p class=\"wp-block-paragraph\">Sara: \u00cbsht\u00eb shum\u00eb e thjesht\u00eb. N\u00ebse \u00ebsht\u00eb e shkruar, t\u00eb vazhdoj\u00eb jasht\u00eb.<\/p>\n\n\n\n<p class=\"wp-block-paragraph\">Bardhi: E the nj\u00ebher\u00eb k\u00ebt\u00eb.<\/p>\n\n\n\n<p class=\"wp-block-paragraph\">Sara: Po, por p\u00ebr momentin po m\u00eb b\u00ebn t\u00eb ndihem keq. Kam konflikte p\u00ebr ty gjith\u00eb koh\u00ebs. Bardhi, Bardhi, Bardhi, me Ilnis\u00ebn gjith\u00eb koh\u00ebs.<\/p>\n\n\n\n<p class=\"wp-block-paragraph\">Bardhi: Dhe \u00e7far\u00eb b\u00ebre ti n\u00eb Prime?<\/p>\n\n\n\n<p class=\"wp-block-paragraph\">Sara: Po l\u00ebre Primen ti.<\/p>\n\n\n\n<p class=\"wp-block-paragraph\">Bardhi: Ore e ke seriozisht k\u00ebt\u00eb q\u00eb po m\u00eb thua?<\/p>\n\n\n\n<p class=\"wp-block-paragraph\">Sara: Pse po m\u00eb shikon sikur se kam? Pse po e v\u00eb n\u00eb pik\u00ebpyetje? Nuk dua more ta vazhdoj, po m\u00eb jep vet\u00ebm ndjesi t\u00eb k\u00ebqija.<\/p>\n\n\n\n<p class=\"wp-block-paragraph\">Bardhi: Mir\u00eb, mir\u00eb. Ti e di. Nuk dua, nuk dua\u2026<\/p>\n\n\n\n<p class=\"wp-block-paragraph\">Sara: \u2026po vjen ti aty dhe i jep dor\u00ebn Endrikut para meje dhe mua vijon t\u00eb mos m\u00eb flas\u00ebsh.<\/p>\n\n\n\n<p class=\"wp-block-paragraph\">Bardhi: Nuk t\u00eb fola sepse e meritove. More kryqin dhe ti e di shum\u00eb mir\u00eb se \u00e7far\u00eb deshe t\u00eb b\u00ebje.<\/p>\n\n\n\n<p class=\"wp-block-paragraph\">Sara: Po \u00e7lidhje ke ti me k\u00ebt\u00eb gj\u00eb?<\/p>\n\n\n\n<p class=\"wp-block-paragraph\">Bardhi: Po ti nuk e ndave me mua absolutisht, pa mbaruar Prime.<\/p>\n\n\n\n<p class=\"wp-block-paragraph\">Sara: \u00c7far\u00eb t\u00eb ndaj un\u00eb me ty? Ti q\u00eb merr fjal\u00ebn dhe flet p\u00ebr Meritonin dhe Romeon nd\u00ebrkoh\u00eb q\u00eb mua m\u00eb kan\u00eb sakatuar opinionist\u00ebt? Ti nuk je as me Meritonin.<\/p>\n\n\n\n<p class=\"wp-block-paragraph\">Bardhi: Jam me veten\u2026<\/p>\n\n\n\n<p class=\"wp-block-paragraph\">Sara: Jo qenke me Meritonin sepse t\u00eb ishe me veten do e kishe mbrojtur veten.<\/p>\n\n\n\n<p class=\"wp-block-paragraph\">Bardhi: Un\u00eb t\u00eb mbrojta ty, Meritonin dhe veten. N\u00ebse ti nuk do t\u00eb vazhdosh k\u00ebt\u00eb q\u00eb kemi nisur, at\u00ebhere ke respekt prej meje. P\u00ebrball\u00eb teje dhe familjes t\u00ebnde mbaj p\u00ebrgjegj\u00ebsi p\u00ebr \u00e7do send. N\u00ebse nuk po t\u00eb p\u00eblqej si person, si k\u00ebtu si jasht\u00eb n\u00eb rregull. P\u00ebr gj\u00eb tjet\u00ebr mos fol. Nuk do t\u00eb vazhdosh m\u00eb me mua, t\u00eb jap dor\u00ebn, t\u00eb respektoj gjithmon\u00eb. Mos m\u00eb akuzo p\u00ebr gj\u00ebra t\u00eb tjera q\u00eb nuk i di.<\/p>\n\n\n\n<p class=\"wp-block-paragraph\">Sara: Ato jan\u00eb bindjet e mija.<\/p>\n\n\n\n<p class=\"wp-block-paragraph\">Bardhi: Bindjet e tua mendoj mir\u00eb.<\/p>\n\n\n\n<p class=\"wp-block-paragraph\">Sara: Ore me k\u00eb po flet k\u00ebshtu ti?<\/p>\n\n\n\n<p class=\"wp-block-paragraph\">Bardhi: Me ty moj, p\u00ebrderisa po t\u00eb vij dhe po t\u00eb them nuk dua t\u00eb m\u00eb p\u00eblqesh me zor. Nuk po t\u00eb them mi p\u00eblqe defektet e mija.<\/p>\n\n\n\n<p class=\"wp-block-paragraph\">Sara: Kush po t\u00eb thot\u00eb ty q\u00eb ti m\u00eb thua t\u00eb m\u00eb duash me zor? Un\u00eb po them q\u00eb kan\u00eb qen\u00eb disa raste q\u00eb t\u00eb shoh q\u00eb heziton.<\/p>\n\n\n\n<p class=\"wp-block-paragraph\">Bardhi: Edhe un\u00eb t\u00eb kam sqaruar shum\u00eb mir\u00eb, t\u00eb thash q\u00eb ishte hera e fundit.<\/p>\n\n\n\n<p class=\"wp-block-paragraph\">Sara: Pse e p\u00ebrs\u00ebrite sot prap\u00eb.<\/p>\n\n\n\n<p class=\"wp-block-paragraph\">Bardhi: Ishte mendimi im sepse u pyeta p\u00ebr mendimin tim\u2026<\/p>\n\n\n\n<p class=\"wp-block-paragraph\">Sara: Mir\u00eb, o Bardhi. Shiko je njeri i mir\u00eb dhe sa her\u00eb q\u00eb t\u00eb t\u00eb shoh do t\u00eb p\u00ebrsh\u00ebndes. Por kaq, p\u00ebr kok\u00eb t\u00eb mamit nuk t\u00eb afrohem m\u00eb kurr\u00eb.<\/p>\n\n\n\n<p class=\"wp-block-paragraph\">Bardhi: As p\u00ebr t\u00eb folur mos m\u00eb fol kur kalon.<\/p>\n\n\n\n<p class=\"wp-block-paragraph\">Sara: Mir\u00eb, n\u00ebse do k\u00ebshtu, mir\u00eb.<\/p>\n\n\n\n<p class=\"wp-block-paragraph\">Kur gjith\u00e7kaje u duk se ju vu kapaku, \u00e7ifti duket se i kan\u00eb sheshuar s\u00ebrish uj\u00ebrat, nd\u00ebrsa pas nj\u00eb bisede t\u00eb gjat\u00eb konsturktive p\u00ebr nominimin e fort\u00eb Romeo-Heidi-Elvis t\u00eb kryer nga Garciano pas hapjes s\u00eb Kutis\u00eb s\u00eb Pandor\u00ebs, jan\u00eb par\u00eb s\u00ebrish n\u00eb krah\u00ebt e nj\u00ebri tjetrit. Momentet romantike jan\u00eb pasuar me puthje pasionate dhe p\u00ebrqafime n\u00eb krevat.<\/p>\n","protected":false},"excerpt":{"rendered":"<p>Sara dhe Bardhi jan\u00eb p\u00ebrfshir\u00eb n\u00eb nj\u00eb debat t\u00eb ashp\u00ebr menj\u00ebher\u00eb pas Primes, dhe shkak p\u00ebr k\u00ebt\u00eb jan\u00eb b\u00ebr\u00eb ankesat e modeles ndaj k\u00ebng\u00ebtarit se ai nuk e mbron dhe heziton gjith\u00eb koh\u00ebs kur duhet t\u2019i dal\u00eb p\u00ebr zot si femra e tij. Sipas Sar\u00ebs, gjith\u00e7ka nisi nga debati me Ilnis\u00ebn dhe p\u00ebrfundoi tek komentet [&hellip;]<\/p>\n","protected":false},"author":2,"featured_media":42968,"comment_status":"open","ping_status":"open","sticky":false,"template":"","format":"standard","meta":{"footnotes":""},"categories":[33],"tags":[],"class_list":["post-43751","post","type-post","status-publish","format-standard","has-post-thumbnail","category-showbiz"],"yoast_head":"<!-- This site is optimized with the Yoast SEO plugin v28.4 - https:\/\/yoast.com\/product\/yoast-seo-wordpress\/ -->\n<title>Sara i k\u00ebrkon t\u00eb ndahen:\u201cP\u00ebr kok\u00eb t\u00eb mamit nuk t\u00eb afrohem m\u00eb kurr\u00eb\u201d! Bardhi: Mos m\u00eb fol as kur kalon - blogin.al<\/title>\n<meta name=\"robots\" content=\"index, follow, max-snippet:-1, max-image-preview:large, max-video-preview:-1\" \/>\n<link rel=\"canonical\" href=\"https:\/\/blogin.al\/?p=43751\" \/>\n<meta property=\"og:locale\" content=\"en_US\" \/>\n<meta property=\"og:type\" content=\"article\" \/>\n<meta property=\"og:title\" content=\"Sara i k\u00ebrkon t\u00eb ndahen:\u201cP\u00ebr kok\u00eb t\u00eb mamit nuk t\u00eb afrohem m\u00eb kurr\u00eb\u201d! Bardhi: Mos m\u00eb fol as kur kalon - blogin.al\" \/>\n<meta property=\"og:description\" content=\"Sara dhe Bardhi jan\u00eb p\u00ebrfshir\u00eb n\u00eb nj\u00eb debat t\u00eb ashp\u00ebr menj\u00ebher\u00eb pas Primes, dhe shkak p\u00ebr k\u00ebt\u00eb jan\u00eb b\u00ebr\u00eb ankesat e modeles ndaj k\u00ebng\u00ebtarit se ai nuk e mbron dhe heziton gjith\u00eb koh\u00ebs kur duhet t\u2019i dal\u00eb p\u00ebr zot si femra e tij. Sipas Sar\u00ebs, gjith\u00e7ka nisi nga debati me Ilnis\u00ebn dhe p\u00ebrfundoi tek komentet [&hellip;]\" \/>\n<meta property=\"og:url\" content=\"https:\/\/blogin.al\/?p=43751\" \/>\n<meta property=\"og:site_name\" content=\"blogin.al\" \/>\n<meta property=\"article:published_time\" content=\"2024-02-11T12:23:36+00:00\" \/>\n<meta property=\"article:modified_time\" content=\"2024-02-11T12:23:38+00:00\" \/>\n<meta property=\"og:image\" content=\"https:\/\/blogin.al\/wp-content\/uploads\/2024\/01\/image-151.png\" \/>\n\t<meta property=\"og:image:width\" content=\"750\" \/>\n\t<meta property=\"og:image:height\" content=\"491\" \/>\n\t<meta property=\"og:image:type\" content=\"image\/png\" \/>\n<meta name=\"author\" content=\"Blogin al\" \/>\n<meta name=\"twitter:card\" content=\"summary_large_image\" \/>\n<meta name=\"twitter:label1\" content=\"Written by\" \/>\n\t<meta name=\"twitter:data1\" content=\"Blogin al\" \/>\n\t<meta name=\"twitter:label2\" content=\"Est. reading time\" \/>\n\t<meta name=\"twitter:data2\" content=\"5 minutes\" \/>\n<script type=\"application\/ld+json\" class=\"yoast-schema-graph\">{\"@context\":\"https:\\\/\\\/schema.org\",\"@graph\":[{\"@type\":\"Article\",\"@id\":\"https:\\\/\\\/blogin.al\\\/?p=43751#article\",\"isPartOf\":{\"@id\":\"https:\\\/\\\/blogin.al\\\/?p=43751\"},\"author\":{\"name\":\"Blogin al\",\"@id\":\"https:\\\/\\\/blogin.al\\\/#\\\/schema\\\/person\\\/abdd56bc912cd511db877b852b115399\"},\"headline\":\"Sara i k\u00ebrkon t\u00eb ndahen:\u201cP\u00ebr kok\u00eb t\u00eb mamit nuk t\u00eb afrohem m\u00eb kurr\u00eb\u201d! Bardhi: Mos m\u00eb fol as kur kalon\",\"datePublished\":\"2024-02-11T12:23:36+00:00\",\"dateModified\":\"2024-02-11T12:23:38+00:00\",\"mainEntityOfPage\":{\"@id\":\"https:\\\/\\\/blogin.al\\\/?p=43751\"},\"wordCount\":1096,\"commentCount\":0,\"publisher\":{\"@id\":\"https:\\\/\\\/blogin.al\\\/#organization\"},\"image\":{\"@id\":\"https:\\\/\\\/blogin.al\\\/?p=43751#primaryimage\"},\"thumbnailUrl\":\"https:\\\/\\\/blogin.al\\\/wp-content\\\/uploads\\\/2024\\\/01\\\/image-151.png\",\"articleSection\":[\"SHOWBIZ\"],\"inLanguage\":\"en-US\",\"potentialAction\":[{\"@type\":\"CommentAction\",\"name\":\"Comment\",\"target\":[\"https:\\\/\\\/blogin.al\\\/?p=43751#respond\"]}]},{\"@type\":\"WebPage\",\"@id\":\"https:\\\/\\\/blogin.al\\\/?p=43751\",\"url\":\"https:\\\/\\\/blogin.al\\\/?p=43751\",\"name\":\"Sara i k\u00ebrkon t\u00eb ndahen:\u201cP\u00ebr kok\u00eb t\u00eb mamit nuk t\u00eb afrohem m\u00eb kurr\u00eb\u201d! Bardhi: Mos m\u00eb fol as kur kalon - blogin.al\",\"isPartOf\":{\"@id\":\"https:\\\/\\\/blogin.al\\\/#website\"},\"primaryImageOfPage\":{\"@id\":\"https:\\\/\\\/blogin.al\\\/?p=43751#primaryimage\"},\"image\":{\"@id\":\"https:\\\/\\\/blogin.al\\\/?p=43751#primaryimage\"},\"thumbnailUrl\":\"https:\\\/\\\/blogin.al\\\/wp-content\\\/uploads\\\/2024\\\/01\\\/image-151.png\",\"datePublished\":\"2024-02-11T12:23:36+00:00\",\"dateModified\":\"2024-02-11T12:23:38+00:00\",\"breadcrumb\":{\"@id\":\"https:\\\/\\\/blogin.al\\\/?p=43751#breadcrumb\"},\"inLanguage\":\"en-US\",\"potentialAction\":[{\"@type\":\"ReadAction\",\"target\":[\"https:\\\/\\\/blogin.al\\\/?p=43751\"]}]},{\"@type\":\"ImageObject\",\"inLanguage\":\"en-US\",\"@id\":\"https:\\\/\\\/blogin.al\\\/?p=43751#primaryimage\",\"url\":\"https:\\\/\\\/blogin.al\\\/wp-content\\\/uploads\\\/2024\\\/01\\\/image-151.png\",\"contentUrl\":\"https:\\\/\\\/blogin.al\\\/wp-content\\\/uploads\\\/2024\\\/01\\\/image-151.png\",\"width\":750,\"height\":491},{\"@type\":\"BreadcrumbList\",\"@id\":\"https:\\\/\\\/blogin.al\\\/?p=43751#breadcrumb\",\"itemListElement\":[{\"@type\":\"ListItem\",\"position\":1,\"name\":\"Home\",\"item\":\"https:\\\/\\\/blogin.al\\\/\"},{\"@type\":\"ListItem\",\"position\":2,\"name\":\"Sara i k\u00ebrkon t\u00eb ndahen:\u201cP\u00ebr kok\u00eb t\u00eb mamit nuk t\u00eb afrohem m\u00eb kurr\u00eb\u201d! Bardhi: Mos m\u00eb fol as kur kalon\"}]},{\"@type\":\"WebSite\",\"@id\":\"https:\\\/\\\/blogin.al\\\/#website\",\"url\":\"https:\\\/\\\/blogin.al\\\/\",\"name\":\"blogin.al\",\"description\":\"\",\"publisher\":{\"@id\":\"https:\\\/\\\/blogin.al\\\/#organization\"},\"potentialAction\":[{\"@type\":\"SearchAction\",\"target\":{\"@type\":\"EntryPoint\",\"urlTemplate\":\"https:\\\/\\\/blogin.al\\\/?s={search_term_string}\"},\"query-input\":{\"@type\":\"PropertyValueSpecification\",\"valueRequired\":true,\"valueName\":\"search_term_string\"}}],\"inLanguage\":\"en-US\"},{\"@type\":\"Organization\",\"@id\":\"https:\\\/\\\/blogin.al\\\/#organization\",\"name\":\"BLOGIN.al\",\"url\":\"https:\\\/\\\/blogin.al\\\/\",\"logo\":{\"@type\":\"ImageObject\",\"inLanguage\":\"en-US\",\"@id\":\"https:\\\/\\\/blogin.al\\\/#\\\/schema\\\/logo\\\/image\\\/\",\"url\":\"https:\\\/\\\/blogin.al\\\/wp-content\\\/uploads\\\/2022\\\/05\\\/Untitled-2-01-e1652084456514.png\",\"contentUrl\":\"https:\\\/\\\/blogin.al\\\/wp-content\\\/uploads\\\/2022\\\/05\\\/Untitled-2-01-e1652084456514.png\",\"width\":3723,\"height\":1698,\"caption\":\"BLOGIN.al\"},\"image\":{\"@id\":\"https:\\\/\\\/blogin.al\\\/#\\\/schema\\\/logo\\\/image\\\/\"},\"sameAs\":[\"https:\\\/\\\/instagram.com\\\/blogin.al\\\/\"]},{\"@type\":\"Person\",\"@id\":\"https:\\\/\\\/blogin.al\\\/#\\\/schema\\\/person\\\/abdd56bc912cd511db877b852b115399\",\"name\":\"Blogin al\",\"image\":{\"@type\":\"ImageObject\",\"inLanguage\":\"en-US\",\"@id\":\"https:\\\/\\\/secure.gravatar.com\\\/avatar\\\/60d5661aee6e835fb13dc75d2204cd0c1d61bef2efd137c0083e59ef831e235e?s=96&d=mm&r=g\",\"url\":\"https:\\\/\\\/secure.gravatar.com\\\/avatar\\\/60d5661aee6e835fb13dc75d2204cd0c1d61bef2efd137c0083e59ef831e235e?s=96&d=mm&r=g\",\"contentUrl\":\"https:\\\/\\\/secure.gravatar.com\\\/avatar\\\/60d5661aee6e835fb13dc75d2204cd0c1d61bef2efd137c0083e59ef831e235e?s=96&d=mm&r=g\",\"caption\":\"Blogin al\"},\"sameAs\":[\"https:\\\/\\\/blogin.al\"],\"url\":\"https:\\\/\\\/blogin.al\\\/?author=2\"}]}<\/script>\n<!-- \/ Yoast SEO plugin. -->","yoast_head_json":{"title":"Sara i k\u00ebrkon t\u00eb ndahen:\u201cP\u00ebr kok\u00eb t\u00eb mamit nuk t\u00eb afrohem m\u00eb kurr\u00eb\u201d! Bardhi: Mos m\u00eb fol as kur kalon - blogin.al","robots":{"index":"index","follow":"follow","max-snippet":"max-snippet:-1","max-image-preview":"max-image-preview:large","max-video-preview":"max-video-preview:-1"},"canonical":"https:\/\/blogin.al\/?p=43751","og_locale":"en_US","og_type":"article","og_title":"Sara i k\u00ebrkon t\u00eb ndahen:\u201cP\u00ebr kok\u00eb t\u00eb mamit nuk t\u00eb afrohem m\u00eb kurr\u00eb\u201d! Bardhi: Mos m\u00eb fol as kur kalon - blogin.al","og_description":"Sara dhe Bardhi jan\u00eb p\u00ebrfshir\u00eb n\u00eb nj\u00eb debat t\u00eb ashp\u00ebr menj\u00ebher\u00eb pas Primes, dhe shkak p\u00ebr k\u00ebt\u00eb jan\u00eb b\u00ebr\u00eb ankesat e modeles ndaj k\u00ebng\u00ebtarit se ai nuk e mbron dhe heziton gjith\u00eb koh\u00ebs kur duhet t\u2019i dal\u00eb p\u00ebr zot si femra e tij. Sipas Sar\u00ebs, gjith\u00e7ka nisi nga debati me Ilnis\u00ebn dhe p\u00ebrfundoi tek komentet [&hellip;]","og_url":"https:\/\/blogin.al\/?p=43751","og_site_name":"blogin.al","article_published_time":"2024-02-11T12:23:36+00:00","article_modified_time":"2024-02-11T12:23:38+00:00","og_image":[{"width":750,"height":491,"url":"https:\/\/blogin.al\/wp-content\/uploads\/2024\/01\/image-151.png","type":"image\/png"}],"author":"Blogin al","twitter_card":"summary_large_image","twitter_misc":{"Written by":"Blogin al","Est. reading time":"5 minutes"},"schema":{"@context":"https:\/\/schema.org","@graph":[{"@type":"Article","@id":"https:\/\/blogin.al\/?p=43751#article","isPartOf":{"@id":"https:\/\/blogin.al\/?p=43751"},"author":{"name":"Blogin al","@id":"https:\/\/blogin.al\/#\/schema\/person\/abdd56bc912cd511db877b852b115399"},"headline":"Sara i k\u00ebrkon t\u00eb ndahen:\u201cP\u00ebr kok\u00eb t\u00eb mamit nuk t\u00eb afrohem m\u00eb kurr\u00eb\u201d! Bardhi: Mos m\u00eb fol as kur kalon","datePublished":"2024-02-11T12:23:36+00:00","dateModified":"2024-02-11T12:23:38+00:00","mainEntityOfPage":{"@id":"https:\/\/blogin.al\/?p=43751"},"wordCount":1096,"commentCount":0,"publisher":{"@id":"https:\/\/blogin.al\/#organization"},"image":{"@id":"https:\/\/blogin.al\/?p=43751#primaryimage"},"thumbnailUrl":"https:\/\/blogin.al\/wp-content\/uploads\/2024\/01\/image-151.png","articleSection":["SHOWBIZ"],"inLanguage":"en-US","potentialAction":[{"@type":"CommentAction","name":"Comment","target":["https:\/\/blogin.al\/?p=43751#respond"]}]},{"@type":"WebPage","@id":"https:\/\/blogin.al\/?p=43751","url":"https:\/\/blogin.al\/?p=43751","name":"Sara i k\u00ebrkon t\u00eb ndahen:\u201cP\u00ebr kok\u00eb t\u00eb mamit nuk t\u00eb afrohem m\u00eb kurr\u00eb\u201d! Bardhi: Mos m\u00eb fol as kur kalon - blogin.al","isPartOf":{"@id":"https:\/\/blogin.al\/#website"},"primaryImageOfPage":{"@id":"https:\/\/blogin.al\/?p=43751#primaryimage"},"image":{"@id":"https:\/\/blogin.al\/?p=43751#primaryimage"},"thumbnailUrl":"https:\/\/blogin.al\/wp-content\/uploads\/2024\/01\/image-151.png","datePublished":"2024-02-11T12:23:36+00:00","dateModified":"2024-02-11T12:23:38+00:00","breadcrumb":{"@id":"https:\/\/blogin.al\/?p=43751#breadcrumb"},"inLanguage":"en-US","potentialAction":[{"@type":"ReadAction","target":["https:\/\/blogin.al\/?p=43751"]}]},{"@type":"ImageObject","inLanguage":"en-US","@id":"https:\/\/blogin.al\/?p=43751#primaryimage","url":"https:\/\/blogin.al\/wp-content\/uploads\/2024\/01\/image-151.png","contentUrl":"https:\/\/blogin.al\/wp-content\/uploads\/2024\/01\/image-151.png","width":750,"height":491},{"@type":"BreadcrumbList","@id":"https:\/\/blogin.al\/?p=43751#breadcrumb","itemListElement":[{"@type":"ListItem","position":1,"name":"Home","item":"https:\/\/blogin.al\/"},{"@type":"ListItem","position":2,"name":"Sara i k\u00ebrkon t\u00eb ndahen:\u201cP\u00ebr kok\u00eb t\u00eb mamit nuk t\u00eb afrohem m\u00eb kurr\u00eb\u201d! Bardhi: Mos m\u00eb fol as kur kalon"}]},{"@type":"WebSite","@id":"https:\/\/blogin.al\/#website","url":"https:\/\/blogin.al\/","name":"blogin.al","description":"","publisher":{"@id":"https:\/\/blogin.al\/#organization"},"potentialAction":[{"@type":"SearchAction","target":{"@type":"EntryPoint","urlTemplate":"https:\/\/blogin.al\/?s={search_term_string}"},"query-input":{"@type":"PropertyValueSpecification","valueRequired":true,"valueName":"search_term_string"}}],"inLanguage":"en-US"},{"@type":"Organization","@id":"https:\/\/blogin.al\/#organization","name":"BLOGIN.al","url":"https:\/\/blogin.al\/","logo":{"@type":"ImageObject","inLanguage":"en-US","@id":"https:\/\/blogin.al\/#\/schema\/logo\/image\/","url":"https:\/\/blogin.al\/wp-content\/uploads\/2022\/05\/Untitled-2-01-e1652084456514.png","contentUrl":"https:\/\/blogin.al\/wp-content\/uploads\/2022\/05\/Untitled-2-01-e1652084456514.png","width":3723,"height":1698,"caption":"BLOGIN.al"},"image":{"@id":"https:\/\/blogin.al\/#\/schema\/logo\/image\/"},"sameAs":["https:\/\/instagram.com\/blogin.al\/"]},{"@type":"Person","@id":"https:\/\/blogin.al\/#\/schema\/person\/abdd56bc912cd511db877b852b115399","name":"Blogin al","image":{"@type":"ImageObject","inLanguage":"en-US","@id":"https:\/\/secure.gravatar.com\/avatar\/60d5661aee6e835fb13dc75d2204cd0c1d61bef2efd137c0083e59ef831e235e?s=96&d=mm&r=g","url":"https:\/\/secure.gravatar.com\/avatar\/60d5661aee6e835fb13dc75d2204cd0c1d61bef2efd137c0083e59ef831e235e?s=96&d=mm&r=g","contentUrl":"https:\/\/secure.gravatar.com\/avatar\/60d5661aee6e835fb13dc75d2204cd0c1d61bef2efd137c0083e59ef831e235e?s=96&d=mm&r=g","caption":"Blogin al"},"sameAs":["https:\/\/blogin.al"],"url":"https:\/\/blogin.al\/?author=2"}]}},"_links":{"self":[{"href":"https:\/\/blogin.al\/index.php?rest_route=\/wp\/v2\/posts\/43751","targetHints":{"allow":["GET"]}}],"collection":[{"href":"https:\/\/blogin.al\/index.php?rest_route=\/wp\/v2\/posts"}],"about":[{"href":"https:\/\/blogin.al\/index.php?rest_route=\/wp\/v2\/types\/post"}],"author":[{"embeddable":true,"href":"https:\/\/blogin.al\/index.php?rest_route=\/wp\/v2\/users\/2"}],"replies":[{"embeddable":true,"href":"https:\/\/blogin.al\/index.php?rest_route=%2Fwp%2Fv2%2Fcomments&post=43751"}],"version-history":[{"count":1,"href":"https:\/\/blogin.al\/index.php?rest_route=\/wp\/v2\/posts\/43751\/revisions"}],"predecessor-version":[{"id":43752,"href":"https:\/\/blogin.al\/index.php?rest_route=\/wp\/v2\/posts\/43751\/revisions\/43752"}],"wp:featuredmedia":[{"embeddable":true,"href":"https:\/\/blogin.al\/index.php?rest_route=\/wp\/v2\/media\/42968"}],"wp:attachment":[{"href":"https:\/\/blogin.al\/index.php?rest_route=%2Fwp%2Fv2%2Fmedia&parent=43751"}],"wp:term":[{"taxonomy":"category","embeddable":true,"href":"https:\/\/blogin.al\/index.php?rest_route=%2Fwp%2Fv2%2Fcategories&post=43751"},{"taxonomy":"post_tag","embeddable":true,"href":"https:\/\/blogin.al\/index.php?rest_route=%2Fwp%2Fv2%2Ftags&post=43751"}],"curies":[{"name":"wp","href":"https:\/\/api.w.org\/{rel}","templated":true}]}}