{"id":44209,"date":"2024-02-22T13:40:09","date_gmt":"2024-02-22T13:40:09","guid":{"rendered":"https:\/\/blogin.al\/?p=44209"},"modified":"2024-02-22T13:48:48","modified_gmt":"2024-02-22T13:48:48","slug":"ndahen-chiarra-ferrangez-dhe-fedez-levizjet-e-fundit-te-kengetarit-flasin-shume","status":"publish","type":"post","link":"https:\/\/blogin.al\/?p=44209","title":{"rendered":"Ndahen Chiarra Ferrangez dhe Fedez? L\u00ebvizjet e fundit t\u00eb k\u00ebng\u00ebtarit flasin shum\u00eb"},"content":{"rendered":"\n<p class=\"wp-block-paragraph\">Duket se historia mes Fedez dhe Chiara Ferragni-t ka marr\u00eb fund. Mediat italiane prej koh\u00ebsh kan\u00eb shkruar se \u00e7ifti po kalon nj\u00eb kriz\u00eb n\u00eb martes\u00eb, q\u00eb pas skandalit q\u00eb p\u00ebrfshiu blogeren, por me sa duket gj\u00ebrat jan\u00eb b\u00ebr\u00eb m\u00eb serioze k\u00ebt\u00eb her\u00eb.<br>Sipas mediave vendase reperi \u00ebsht\u00eb larguar nga sht\u00ebpia e tyre n\u00eb Milano dit\u00ebn e diel\u00eb dhe nuk \u00ebsht\u00eb kthyer m\u00eb.<\/p>\n\n\n\n<p class=\"wp-block-paragraph\">Thuhet se gjith\u00e7ka nisi kur reperi u la sht\u00ebpin\u00eb e tyre n\u00eb Milano dit\u00ebn e diel\u00eb dhe nuk \u00ebsht\u00eb kthyer m\u00eb. Po ashtu n\u00ebse ju kujtohet, nj\u00eb moment ftohje mes \u00e7iftit u vu re edhe gjat\u00eb Festivalit t\u00eb Sanremos 2023.<\/p>\n\n\n\n<p class=\"wp-block-paragraph\">Fedez u b\u00eb protagonist pas puthjes q\u00eb shk\u00ebmbeu me Rosa Chemical, nd\u00ebrsa nuk i dha v\u00ebmendjen e duhur partneres s\u00eb tij q\u00eb ishte bashk\u00ebprezantuese n\u00eb festivalin e famsh\u00ebm.<\/p>\n\n\n\n<p class=\"wp-block-paragraph\">Por duket se \u2018pikat mbi i\u2019 p\u00ebr ndarjen e tyre i vuri, q\u00ebndrimi shum\u00eb i ftoht\u00eb i Fedez ndaj Chiar\u00ebs n\u00eb nj\u00eb moment shum\u00eb t\u00eb v\u00ebshtir\u00eb t\u00eb karrier\u00ebs s\u00eb saj si influencuese, pas skandalit t\u00eb bamir\u00ebsive.<\/p>\n\n\n\n<p class=\"wp-block-paragraph\">Sipas asaj q\u00eb raportojn\u00eb mediat italiane, sip\u00ebrmarr\u00ebsja dixhitale ka vendosur t\u00eb distancohet nga bashk\u00ebshorti i saj pasi nuk mori mb\u00ebshtetjen e duhur nga ai n\u00eb k\u00ebt\u00eb moment aspak t\u00eb leht\u00eb p\u00ebr t\u00eb.<\/p>\n\n\n\n<p class=\"wp-block-paragraph\">P\u00ebr m\u00eb tep\u00ebr gjat\u00eb k\u00ebsaj periudhe, Fedez u \u2018arratis\u2019 n\u00eb nj\u00eb udh\u00ebtim n\u00eb Miami me menaxherin e tij, p\u00ebr t\u00eb mos u kthyer m\u00eb.<\/p>\n","protected":false},"excerpt":{"rendered":"<p>Duket se historia mes Fedez dhe Chiara Ferragni-t ka marr\u00eb fund. Mediat italiane prej koh\u00ebsh kan\u00eb shkruar se \u00e7ifti po kalon nj\u00eb kriz\u00eb n\u00eb martes\u00eb, q\u00eb pas skandalit q\u00eb p\u00ebrfshiu blogeren, por me sa duket gj\u00ebrat jan\u00eb b\u00ebr\u00eb m\u00eb serioze k\u00ebt\u00eb her\u00eb.Sipas mediave vendase reperi \u00ebsht\u00eb larguar nga sht\u00ebpia e tyre n\u00eb Milano dit\u00ebn e [&hellip;]<\/p>\n","protected":false},"author":2,"featured_media":3599,"comment_status":"open","ping_status":"open","sticky":false,"template":"","format":"standard","meta":{"footnotes":""},"categories":[33],"tags":[],"class_list":["post-44209","post","type-post","status-publish","format-standard","has-post-thumbnail","category-showbiz"],"yoast_head":"<!-- This site is optimized with the Yoast SEO plugin v28.4 - https:\/\/yoast.com\/product\/yoast-seo-wordpress\/ -->\n<title>Ndahen Chiarra Ferrangez dhe Fedez? L\u00ebvizjet e fundit t\u00eb k\u00ebng\u00ebtarit flasin shum\u00eb - blogin.al<\/title>\n<meta name=\"robots\" content=\"index, follow, max-snippet:-1, max-image-preview:large, max-video-preview:-1\" \/>\n<link rel=\"canonical\" href=\"https:\/\/blogin.al\/?p=44209\" \/>\n<meta property=\"og:locale\" content=\"en_US\" \/>\n<meta property=\"og:type\" content=\"article\" \/>\n<meta property=\"og:title\" content=\"Ndahen Chiarra Ferrangez dhe Fedez? L\u00ebvizjet e fundit t\u00eb k\u00ebng\u00ebtarit flasin shum\u00eb - blogin.al\" \/>\n<meta property=\"og:description\" content=\"Duket se historia mes Fedez dhe Chiara Ferragni-t ka marr\u00eb fund. Mediat italiane prej koh\u00ebsh kan\u00eb shkruar se \u00e7ifti po kalon nj\u00eb kriz\u00eb n\u00eb martes\u00eb, q\u00eb pas skandalit q\u00eb p\u00ebrfshiu blogeren, por me sa duket gj\u00ebrat jan\u00eb b\u00ebr\u00eb m\u00eb serioze k\u00ebt\u00eb her\u00eb.Sipas mediave vendase reperi \u00ebsht\u00eb larguar nga sht\u00ebpia e tyre n\u00eb Milano dit\u00ebn e [&hellip;]\" \/>\n<meta property=\"og:url\" content=\"https:\/\/blogin.al\/?p=44209\" \/>\n<meta property=\"og:site_name\" content=\"blogin.al\" \/>\n<meta property=\"article:published_time\" content=\"2024-02-22T13:40:09+00:00\" \/>\n<meta property=\"article:modified_time\" content=\"2024-02-22T13:48:48+00:00\" \/>\n<meta property=\"og:image\" content=\"https:\/\/blogin.al\/wp-content\/uploads\/2022\/05\/ferragnez-in-crisi-chiara-ferragni-e-fedez-rispondono-al-gossip-via-instagram-1642020554.webp\" \/>\n\t<meta property=\"og:image:width\" content=\"640\" \/>\n\t<meta property=\"og:image:height\" content=\"794\" \/>\n\t<meta property=\"og:image:type\" content=\"image\/webp\" \/>\n<meta name=\"author\" content=\"Blogin al\" \/>\n<meta name=\"twitter:card\" content=\"summary_large_image\" \/>\n<meta name=\"twitter:label1\" content=\"Written by\" \/>\n\t<meta name=\"twitter:data1\" content=\"Blogin al\" \/>\n\t<meta name=\"twitter:label2\" content=\"Est. reading time\" \/>\n\t<meta name=\"twitter:data2\" content=\"2 minutes\" \/>\n<script type=\"application\/ld+json\" class=\"yoast-schema-graph\">{\"@context\":\"https:\\\/\\\/schema.org\",\"@graph\":[{\"@type\":\"Article\",\"@id\":\"https:\\\/\\\/blogin.al\\\/?p=44209#article\",\"isPartOf\":{\"@id\":\"https:\\\/\\\/blogin.al\\\/?p=44209\"},\"author\":{\"name\":\"Blogin al\",\"@id\":\"https:\\\/\\\/blogin.al\\\/#\\\/schema\\\/person\\\/abdd56bc912cd511db877b852b115399\"},\"headline\":\"Ndahen Chiarra Ferrangez dhe Fedez? L\u00ebvizjet e fundit t\u00eb k\u00ebng\u00ebtarit flasin shum\u00eb\",\"datePublished\":\"2024-02-22T13:40:09+00:00\",\"dateModified\":\"2024-02-22T13:48:48+00:00\",\"mainEntityOfPage\":{\"@id\":\"https:\\\/\\\/blogin.al\\\/?p=44209\"},\"wordCount\":269,\"commentCount\":0,\"publisher\":{\"@id\":\"https:\\\/\\\/blogin.al\\\/#organization\"},\"image\":{\"@id\":\"https:\\\/\\\/blogin.al\\\/?p=44209#primaryimage\"},\"thumbnailUrl\":\"https:\\\/\\\/blogin.al\\\/wp-content\\\/uploads\\\/2022\\\/05\\\/ferragnez-in-crisi-chiara-ferragni-e-fedez-rispondono-al-gossip-via-instagram-1642020554.webp\",\"articleSection\":[\"SHOWBIZ\"],\"inLanguage\":\"en-US\",\"potentialAction\":[{\"@type\":\"CommentAction\",\"name\":\"Comment\",\"target\":[\"https:\\\/\\\/blogin.al\\\/?p=44209#respond\"]}]},{\"@type\":\"WebPage\",\"@id\":\"https:\\\/\\\/blogin.al\\\/?p=44209\",\"url\":\"https:\\\/\\\/blogin.al\\\/?p=44209\",\"name\":\"Ndahen Chiarra Ferrangez dhe Fedez? L\u00ebvizjet e fundit t\u00eb k\u00ebng\u00ebtarit flasin shum\u00eb - blogin.al\",\"isPartOf\":{\"@id\":\"https:\\\/\\\/blogin.al\\\/#website\"},\"primaryImageOfPage\":{\"@id\":\"https:\\\/\\\/blogin.al\\\/?p=44209#primaryimage\"},\"image\":{\"@id\":\"https:\\\/\\\/blogin.al\\\/?p=44209#primaryimage\"},\"thumbnailUrl\":\"https:\\\/\\\/blogin.al\\\/wp-content\\\/uploads\\\/2022\\\/05\\\/ferragnez-in-crisi-chiara-ferragni-e-fedez-rispondono-al-gossip-via-instagram-1642020554.webp\",\"datePublished\":\"2024-02-22T13:40:09+00:00\",\"dateModified\":\"2024-02-22T13:48:48+00:00\",\"breadcrumb\":{\"@id\":\"https:\\\/\\\/blogin.al\\\/?p=44209#breadcrumb\"},\"inLanguage\":\"en-US\",\"potentialAction\":[{\"@type\":\"ReadAction\",\"target\":[\"https:\\\/\\\/blogin.al\\\/?p=44209\"]}]},{\"@type\":\"ImageObject\",\"inLanguage\":\"en-US\",\"@id\":\"https:\\\/\\\/blogin.al\\\/?p=44209#primaryimage\",\"url\":\"https:\\\/\\\/blogin.al\\\/wp-content\\\/uploads\\\/2022\\\/05\\\/ferragnez-in-crisi-chiara-ferragni-e-fedez-rispondono-al-gossip-via-instagram-1642020554.webp\",\"contentUrl\":\"https:\\\/\\\/blogin.al\\\/wp-content\\\/uploads\\\/2022\\\/05\\\/ferragnez-in-crisi-chiara-ferragni-e-fedez-rispondono-al-gossip-via-instagram-1642020554.webp\",\"width\":640,\"height\":794},{\"@type\":\"BreadcrumbList\",\"@id\":\"https:\\\/\\\/blogin.al\\\/?p=44209#breadcrumb\",\"itemListElement\":[{\"@type\":\"ListItem\",\"position\":1,\"name\":\"Home\",\"item\":\"https:\\\/\\\/blogin.al\\\/\"},{\"@type\":\"ListItem\",\"position\":2,\"name\":\"Ndahen Chiarra Ferrangez dhe Fedez? L\u00ebvizjet e fundit t\u00eb k\u00ebng\u00ebtarit flasin shum\u00eb\"}]},{\"@type\":\"WebSite\",\"@id\":\"https:\\\/\\\/blogin.al\\\/#website\",\"url\":\"https:\\\/\\\/blogin.al\\\/\",\"name\":\"blogin.al\",\"description\":\"\",\"publisher\":{\"@id\":\"https:\\\/\\\/blogin.al\\\/#organization\"},\"potentialAction\":[{\"@type\":\"SearchAction\",\"target\":{\"@type\":\"EntryPoint\",\"urlTemplate\":\"https:\\\/\\\/blogin.al\\\/?s={search_term_string}\"},\"query-input\":{\"@type\":\"PropertyValueSpecification\",\"valueRequired\":true,\"valueName\":\"search_term_string\"}}],\"inLanguage\":\"en-US\"},{\"@type\":\"Organization\",\"@id\":\"https:\\\/\\\/blogin.al\\\/#organization\",\"name\":\"BLOGIN.al\",\"url\":\"https:\\\/\\\/blogin.al\\\/\",\"logo\":{\"@type\":\"ImageObject\",\"inLanguage\":\"en-US\",\"@id\":\"https:\\\/\\\/blogin.al\\\/#\\\/schema\\\/logo\\\/image\\\/\",\"url\":\"https:\\\/\\\/blogin.al\\\/wp-content\\\/uploads\\\/2022\\\/05\\\/Untitled-2-01-e1652084456514.png\",\"contentUrl\":\"https:\\\/\\\/blogin.al\\\/wp-content\\\/uploads\\\/2022\\\/05\\\/Untitled-2-01-e1652084456514.png\",\"width\":3723,\"height\":1698,\"caption\":\"BLOGIN.al\"},\"image\":{\"@id\":\"https:\\\/\\\/blogin.al\\\/#\\\/schema\\\/logo\\\/image\\\/\"},\"sameAs\":[\"https:\\\/\\\/instagram.com\\\/blogin.al\\\/\"]},{\"@type\":\"Person\",\"@id\":\"https:\\\/\\\/blogin.al\\\/#\\\/schema\\\/person\\\/abdd56bc912cd511db877b852b115399\",\"name\":\"Blogin al\",\"image\":{\"@type\":\"ImageObject\",\"inLanguage\":\"en-US\",\"@id\":\"https:\\\/\\\/secure.gravatar.com\\\/avatar\\\/60d5661aee6e835fb13dc75d2204cd0c1d61bef2efd137c0083e59ef831e235e?s=96&d=mm&r=g\",\"url\":\"https:\\\/\\\/secure.gravatar.com\\\/avatar\\\/60d5661aee6e835fb13dc75d2204cd0c1d61bef2efd137c0083e59ef831e235e?s=96&d=mm&r=g\",\"contentUrl\":\"https:\\\/\\\/secure.gravatar.com\\\/avatar\\\/60d5661aee6e835fb13dc75d2204cd0c1d61bef2efd137c0083e59ef831e235e?s=96&d=mm&r=g\",\"caption\":\"Blogin al\"},\"sameAs\":[\"https:\\\/\\\/blogin.al\"],\"url\":\"https:\\\/\\\/blogin.al\\\/?author=2\"}]}<\/script>\n<!-- \/ Yoast SEO plugin. -->","yoast_head_json":{"title":"Ndahen Chiarra Ferrangez dhe Fedez? L\u00ebvizjet e fundit t\u00eb k\u00ebng\u00ebtarit flasin shum\u00eb - blogin.al","robots":{"index":"index","follow":"follow","max-snippet":"max-snippet:-1","max-image-preview":"max-image-preview:large","max-video-preview":"max-video-preview:-1"},"canonical":"https:\/\/blogin.al\/?p=44209","og_locale":"en_US","og_type":"article","og_title":"Ndahen Chiarra Ferrangez dhe Fedez? L\u00ebvizjet e fundit t\u00eb k\u00ebng\u00ebtarit flasin shum\u00eb - blogin.al","og_description":"Duket se historia mes Fedez dhe Chiara Ferragni-t ka marr\u00eb fund. Mediat italiane prej koh\u00ebsh kan\u00eb shkruar se \u00e7ifti po kalon nj\u00eb kriz\u00eb n\u00eb martes\u00eb, q\u00eb pas skandalit q\u00eb p\u00ebrfshiu blogeren, por me sa duket gj\u00ebrat jan\u00eb b\u00ebr\u00eb m\u00eb serioze k\u00ebt\u00eb her\u00eb.Sipas mediave vendase reperi \u00ebsht\u00eb larguar nga sht\u00ebpia e tyre n\u00eb Milano dit\u00ebn e [&hellip;]","og_url":"https:\/\/blogin.al\/?p=44209","og_site_name":"blogin.al","article_published_time":"2024-02-22T13:40:09+00:00","article_modified_time":"2024-02-22T13:48:48+00:00","og_image":[{"width":640,"height":794,"url":"https:\/\/blogin.al\/wp-content\/uploads\/2022\/05\/ferragnez-in-crisi-chiara-ferragni-e-fedez-rispondono-al-gossip-via-instagram-1642020554.webp","type":"image\/webp"}],"author":"Blogin al","twitter_card":"summary_large_image","twitter_misc":{"Written by":"Blogin al","Est. reading time":"2 minutes"},"schema":{"@context":"https:\/\/schema.org","@graph":[{"@type":"Article","@id":"https:\/\/blogin.al\/?p=44209#article","isPartOf":{"@id":"https:\/\/blogin.al\/?p=44209"},"author":{"name":"Blogin al","@id":"https:\/\/blogin.al\/#\/schema\/person\/abdd56bc912cd511db877b852b115399"},"headline":"Ndahen Chiarra Ferrangez dhe Fedez? L\u00ebvizjet e fundit t\u00eb k\u00ebng\u00ebtarit flasin shum\u00eb","datePublished":"2024-02-22T13:40:09+00:00","dateModified":"2024-02-22T13:48:48+00:00","mainEntityOfPage":{"@id":"https:\/\/blogin.al\/?p=44209"},"wordCount":269,"commentCount":0,"publisher":{"@id":"https:\/\/blogin.al\/#organization"},"image":{"@id":"https:\/\/blogin.al\/?p=44209#primaryimage"},"thumbnailUrl":"https:\/\/blogin.al\/wp-content\/uploads\/2022\/05\/ferragnez-in-crisi-chiara-ferragni-e-fedez-rispondono-al-gossip-via-instagram-1642020554.webp","articleSection":["SHOWBIZ"],"inLanguage":"en-US","potentialAction":[{"@type":"CommentAction","name":"Comment","target":["https:\/\/blogin.al\/?p=44209#respond"]}]},{"@type":"WebPage","@id":"https:\/\/blogin.al\/?p=44209","url":"https:\/\/blogin.al\/?p=44209","name":"Ndahen Chiarra Ferrangez dhe Fedez? L\u00ebvizjet e fundit t\u00eb k\u00ebng\u00ebtarit flasin shum\u00eb - blogin.al","isPartOf":{"@id":"https:\/\/blogin.al\/#website"},"primaryImageOfPage":{"@id":"https:\/\/blogin.al\/?p=44209#primaryimage"},"image":{"@id":"https:\/\/blogin.al\/?p=44209#primaryimage"},"thumbnailUrl":"https:\/\/blogin.al\/wp-content\/uploads\/2022\/05\/ferragnez-in-crisi-chiara-ferragni-e-fedez-rispondono-al-gossip-via-instagram-1642020554.webp","datePublished":"2024-02-22T13:40:09+00:00","dateModified":"2024-02-22T13:48:48+00:00","breadcrumb":{"@id":"https:\/\/blogin.al\/?p=44209#breadcrumb"},"inLanguage":"en-US","potentialAction":[{"@type":"ReadAction","target":["https:\/\/blogin.al\/?p=44209"]}]},{"@type":"ImageObject","inLanguage":"en-US","@id":"https:\/\/blogin.al\/?p=44209#primaryimage","url":"https:\/\/blogin.al\/wp-content\/uploads\/2022\/05\/ferragnez-in-crisi-chiara-ferragni-e-fedez-rispondono-al-gossip-via-instagram-1642020554.webp","contentUrl":"https:\/\/blogin.al\/wp-content\/uploads\/2022\/05\/ferragnez-in-crisi-chiara-ferragni-e-fedez-rispondono-al-gossip-via-instagram-1642020554.webp","width":640,"height":794},{"@type":"BreadcrumbList","@id":"https:\/\/blogin.al\/?p=44209#breadcrumb","itemListElement":[{"@type":"ListItem","position":1,"name":"Home","item":"https:\/\/blogin.al\/"},{"@type":"ListItem","position":2,"name":"Ndahen Chiarra Ferrangez dhe Fedez? L\u00ebvizjet e fundit t\u00eb k\u00ebng\u00ebtarit flasin shum\u00eb"}]},{"@type":"WebSite","@id":"https:\/\/blogin.al\/#website","url":"https:\/\/blogin.al\/","name":"blogin.al","description":"","publisher":{"@id":"https:\/\/blogin.al\/#organization"},"potentialAction":[{"@type":"SearchAction","target":{"@type":"EntryPoint","urlTemplate":"https:\/\/blogin.al\/?s={search_term_string}"},"query-input":{"@type":"PropertyValueSpecification","valueRequired":true,"valueName":"search_term_string"}}],"inLanguage":"en-US"},{"@type":"Organization","@id":"https:\/\/blogin.al\/#organization","name":"BLOGIN.al","url":"https:\/\/blogin.al\/","logo":{"@type":"ImageObject","inLanguage":"en-US","@id":"https:\/\/blogin.al\/#\/schema\/logo\/image\/","url":"https:\/\/blogin.al\/wp-content\/uploads\/2022\/05\/Untitled-2-01-e1652084456514.png","contentUrl":"https:\/\/blogin.al\/wp-content\/uploads\/2022\/05\/Untitled-2-01-e1652084456514.png","width":3723,"height":1698,"caption":"BLOGIN.al"},"image":{"@id":"https:\/\/blogin.al\/#\/schema\/logo\/image\/"},"sameAs":["https:\/\/instagram.com\/blogin.al\/"]},{"@type":"Person","@id":"https:\/\/blogin.al\/#\/schema\/person\/abdd56bc912cd511db877b852b115399","name":"Blogin al","image":{"@type":"ImageObject","inLanguage":"en-US","@id":"https:\/\/secure.gravatar.com\/avatar\/60d5661aee6e835fb13dc75d2204cd0c1d61bef2efd137c0083e59ef831e235e?s=96&d=mm&r=g","url":"https:\/\/secure.gravatar.com\/avatar\/60d5661aee6e835fb13dc75d2204cd0c1d61bef2efd137c0083e59ef831e235e?s=96&d=mm&r=g","contentUrl":"https:\/\/secure.gravatar.com\/avatar\/60d5661aee6e835fb13dc75d2204cd0c1d61bef2efd137c0083e59ef831e235e?s=96&d=mm&r=g","caption":"Blogin al"},"sameAs":["https:\/\/blogin.al"],"url":"https:\/\/blogin.al\/?author=2"}]}},"_links":{"self":[{"href":"https:\/\/blogin.al\/index.php?rest_route=\/wp\/v2\/posts\/44209","targetHints":{"allow":["GET"]}}],"collection":[{"href":"https:\/\/blogin.al\/index.php?rest_route=\/wp\/v2\/posts"}],"about":[{"href":"https:\/\/blogin.al\/index.php?rest_route=\/wp\/v2\/types\/post"}],"author":[{"embeddable":true,"href":"https:\/\/blogin.al\/index.php?rest_route=\/wp\/v2\/users\/2"}],"replies":[{"embeddable":true,"href":"https:\/\/blogin.al\/index.php?rest_route=%2Fwp%2Fv2%2Fcomments&post=44209"}],"version-history":[{"count":1,"href":"https:\/\/blogin.al\/index.php?rest_route=\/wp\/v2\/posts\/44209\/revisions"}],"predecessor-version":[{"id":44210,"href":"https:\/\/blogin.al\/index.php?rest_route=\/wp\/v2\/posts\/44209\/revisions\/44210"}],"wp:featuredmedia":[{"embeddable":true,"href":"https:\/\/blogin.al\/index.php?rest_route=\/wp\/v2\/media\/3599"}],"wp:attachment":[{"href":"https:\/\/blogin.al\/index.php?rest_route=%2Fwp%2Fv2%2Fmedia&parent=44209"}],"wp:term":[{"taxonomy":"category","embeddable":true,"href":"https:\/\/blogin.al\/index.php?rest_route=%2Fwp%2Fv2%2Fcategories&post=44209"},{"taxonomy":"post_tag","embeddable":true,"href":"https:\/\/blogin.al\/index.php?rest_route=%2Fwp%2Fv2%2Ftags&post=44209"}],"curies":[{"name":"wp","href":"https:\/\/api.w.org\/{rel}","templated":true}]}}