{"id":45254,"date":"2024-03-20T09:19:56","date_gmt":"2024-03-20T09:19:56","guid":{"rendered":"https:\/\/blogin.al\/?p=45254"},"modified":"2024-03-20T09:19:59","modified_gmt":"2024-03-20T09:19:59","slug":"preku-gazetaren-pa-miratimin-e-saj-rama-skam-asnje-ndjese","status":"publish","type":"post","link":"https:\/\/blogin.al\/?p=45254","title":{"rendered":"Preku gazetaren pa miratimin e saj, Rama: S\u2019kam asnj\u00eb ndjes\u00eb"},"content":{"rendered":"\n<p>Kryeministri Edi Rama ka reaguar n\u00eb lidhje incidentin e ndodhur sot me gazetaren,&nbsp;<strong>Ambrozia Meta<\/strong>.<\/p>\n\n\n\n<p>N\u00eb nj\u00eb postim n\u00eb rrjetin social \u201c<strong>X<\/strong>\u201d kryeministri reagoi n\u00eb lidhje me deklarat\u00ebn e Qendr\u00ebs Europiane p\u00ebr Lirin\u00eb e Shtypit dhe Medias, e cila k\u00ebrkonte q\u00eb kreu i qeveris\u00eb t\u00eb shprehte ndjes\u00eb mbi ngjarjen.<\/p>\n\n\n\n<p>Rama u shpreh se nuk ka asnj\u00eb arsye se p\u00ebrse t\u00eb k\u00ebrkoj\u00eb ndjes\u00eb p\u00ebr di\u00e7ka q\u00eb nuk \u00ebsht\u00eb e v\u00ebrtet\u00eb. Ja \u00e7far\u00eb shkruan ai:<\/p>\n\n\n\n<p><strong>Me falje?!<\/strong><\/p>\n\n\n\n<p><em>K\u00ebrkimet falje pas nj\u00eb g\u00ebnjesht\u00ebr krejt\u00ebsisht t\u00eb neveritshme, nd\u00ebrsa gjith\u00e7ka \u00ebsht\u00eb n\u00eb video dhe nj\u00eb duzin\u00eb gazetar\u00ebsh dhe kameraman\u00ebsh gjithashtu, jan\u00eb d\u00ebshmitar\u00eb okular\u00eb t\u00eb s\u00eb v\u00ebrtet\u00ebs s\u00eb thjesht\u00eb se jo vet\u00ebm q\u00eb kishte asgj\u00eb pran\u00eb nj\u00eb agresioni, por t\u00eb gjitha pyetjeve iu p\u00ebrgjigj\u00ebn me durim (pavar\u00ebsisht disa nd\u00ebrprerjeve jotetike ) n\u00eb nj\u00eb bised\u00eb t\u00eb zakonshme me shtypin dhe u largova pas nj\u00eb lamtumire miq\u00ebsore?!<\/em><\/p>\n\n\n\n<p><em>Jo me vjen keq dhe jo vetem nuk kam asnje ndjese per te kerkuar, por e hedh poshte te gjithe karakterizimin e \u201cliderit qe ka treguar perbuzje ndaj shtypit kritik\u201d, qe thjesht nuk eshte e vertete sepse tani ka shume vite qe nuk angazhohem. n\u00eb \u00e7do lloj debati t\u00eb ndezur legjitim me \u00e7do gazetar:-)<\/em><\/p>\n\n\n\n<p><em>P\u00ebrkundrazi, un\u00eb u tregoj gazetar\u00ebve t\u00eb shumt\u00eb etik\u00eb dhe ndonj\u00ebher\u00eb joetik\u00eb disponueshm\u00ebrin\u00eb time t\u00eb plot\u00eb p\u00ebr t\u2019iu p\u00ebrgjigjur t\u00eb gjitha pyetjeve, megjith\u00ebse kategoria e von\u00eb p\u00ebrdoret p\u00ebr t\u00eb p\u00ebr\u00e7ar\u00ebs dhe qart\u00ebsisht jasht\u00eb \u00e7do nd\u00ebrprerje standarde t\u00eb vazhdueshme t\u00eb p\u00ebrgjigjeve.<\/em><\/p>\n\n\n\n<p><em>Na vjen keq q\u00eb nj\u00eb \u201cdenoncim\u201d i till\u00eb nuk nderon vlerat e liris\u00eb dhe as t\u00eb v\u00ebrtet\u00ebn, por m\u00eb shum\u00eb se denoncimi i nj\u00eb agresioni imagjinar nuk respekton viktimat e v\u00ebrteta t\u00eb agresioneve t\u00eb pushtetit ndaj grave gazetare n\u00eb mbar\u00eb bot\u00ebn.<\/em><\/p>\n\n\n\n<p><em>Sa i p\u00ebrket sjelljes \u201ct\u00eb pafalshme\u201d, si nj\u00eb ish-pionier i shtypit t\u00eb lir\u00eb n\u00eb vendin tim kur fjala ime e lir\u00eb rrezikoi jet\u00ebn time, ndihem plot\u00ebsisht i autorizuar t\u00eb them se organizatat e shtypit duhet t\u00eb kujdesen p\u00ebr t\u00eb mbrojtur vlerat e liris\u00eb, demokracis\u00eb dhe integritetit gazetaresk jo vet\u00ebm kur k\u00ebrc\u00ebnohen nga pushteti, por edhe kur minohen nga an\u00ebtar\u00ebt e komunitetit t\u00eb shtypit.<\/em><\/p>\n\n\n\n<p><em>P\u00ebrndryshe, shoq\u00ebrit\u00eb tona demokratike jan\u00eb v\u00ebrtet n\u00eb telashe.<\/em><\/p>\n","protected":false},"excerpt":{"rendered":"<p>Kryeministri Edi Rama ka reaguar n\u00eb lidhje incidentin e ndodhur sot me gazetaren,&nbsp;Ambrozia Meta. N\u00eb nj\u00eb postim n\u00eb rrjetin social \u201cX\u201d kryeministri reagoi n\u00eb lidhje me deklarat\u00ebn e Qendr\u00ebs Europiane p\u00ebr Lirin\u00eb e Shtypit dhe Medias, e cila k\u00ebrkonte q\u00eb kreu i qeveris\u00eb t\u00eb shprehte ndjes\u00eb mbi ngjarjen. Rama u shpreh se nuk ka asnj\u00eb [&hellip;]<\/p>\n","protected":false},"author":2,"featured_media":45255,"comment_status":"open","ping_status":"open","sticky":false,"template":"","format":"standard","meta":{"footnotes":""},"categories":[39,40],"tags":[],"class_list":{"0":"post-45254","1":"post","2":"type-post","3":"status-publish","4":"format-standard","5":"has-post-thumbnail","7":"category-aktualitet","8":"category-lajmet-e-dites"},"yoast_head":"<!-- This site is optimized with the Yoast SEO plugin v27.4 - https:\/\/yoast.com\/product\/yoast-seo-wordpress\/ -->\n<title>Preku gazetaren pa miratimin e saj, Rama: S\u2019kam asnj\u00eb ndjes\u00eb - blogin.al<\/title>\n<meta name=\"robots\" content=\"index, follow, max-snippet:-1, max-image-preview:large, max-video-preview:-1\" \/>\n<link rel=\"canonical\" href=\"https:\/\/blogin.al\/?p=45254\" \/>\n<meta property=\"og:locale\" content=\"en_US\" \/>\n<meta property=\"og:type\" content=\"article\" \/>\n<meta property=\"og:title\" content=\"Preku gazetaren pa miratimin e saj, Rama: S\u2019kam asnj\u00eb ndjes\u00eb - blogin.al\" \/>\n<meta property=\"og:description\" content=\"Kryeministri Edi Rama ka reaguar n\u00eb lidhje incidentin e ndodhur sot me gazetaren,&nbsp;Ambrozia Meta. N\u00eb nj\u00eb postim n\u00eb rrjetin social \u201cX\u201d kryeministri reagoi n\u00eb lidhje me deklarat\u00ebn e Qendr\u00ebs Europiane p\u00ebr Lirin\u00eb e Shtypit dhe Medias, e cila k\u00ebrkonte q\u00eb kreu i qeveris\u00eb t\u00eb shprehte ndjes\u00eb mbi ngjarjen. Rama u shpreh se nuk ka asnj\u00eb [&hellip;]\" \/>\n<meta property=\"og:url\" content=\"https:\/\/blogin.al\/?p=45254\" \/>\n<meta property=\"og:site_name\" content=\"blogin.al\" \/>\n<meta property=\"article:published_time\" content=\"2024-03-20T09:19:56+00:00\" \/>\n<meta property=\"article:modified_time\" content=\"2024-03-20T09:19:59+00:00\" \/>\n<meta property=\"og:image\" content=\"https:\/\/blogin.al\/wp-content\/uploads\/2024\/03\/image-111.png\" \/>\n\t<meta property=\"og:image:width\" content=\"1080\" \/>\n\t<meta property=\"og:image:height\" content=\"843\" \/>\n\t<meta property=\"og:image:type\" content=\"image\/png\" \/>\n<meta name=\"author\" content=\"Blogin al\" \/>\n<meta name=\"twitter:card\" content=\"summary_large_image\" \/>\n<meta name=\"twitter:label1\" content=\"Written by\" \/>\n\t<meta name=\"twitter:data1\" content=\"Blogin al\" \/>\n\t<meta name=\"twitter:label2\" content=\"Est. reading time\" \/>\n\t<meta name=\"twitter:data2\" content=\"2 minutes\" \/>\n<script type=\"application\/ld+json\" class=\"yoast-schema-graph\">{\"@context\":\"https:\\\/\\\/schema.org\",\"@graph\":[{\"@type\":\"Article\",\"@id\":\"https:\\\/\\\/blogin.al\\\/?p=45254#article\",\"isPartOf\":{\"@id\":\"https:\\\/\\\/blogin.al\\\/?p=45254\"},\"author\":{\"name\":\"Blogin al\",\"@id\":\"https:\\\/\\\/blogin.al\\\/#\\\/schema\\\/person\\\/abdd56bc912cd511db877b852b115399\"},\"headline\":\"Preku gazetaren pa miratimin e saj, Rama: S\u2019kam asnj\u00eb ndjes\u00eb\",\"datePublished\":\"2024-03-20T09:19:56+00:00\",\"dateModified\":\"2024-03-20T09:19:59+00:00\",\"mainEntityOfPage\":{\"@id\":\"https:\\\/\\\/blogin.al\\\/?p=45254\"},\"wordCount\":414,\"commentCount\":0,\"publisher\":{\"@id\":\"https:\\\/\\\/blogin.al\\\/#organization\"},\"image\":{\"@id\":\"https:\\\/\\\/blogin.al\\\/?p=45254#primaryimage\"},\"thumbnailUrl\":\"https:\\\/\\\/blogin.al\\\/wp-content\\\/uploads\\\/2024\\\/03\\\/image-111.png\",\"articleSection\":[\"AKTUALITET\",\"LAJMET E DITES\"],\"inLanguage\":\"en-US\",\"potentialAction\":[{\"@type\":\"CommentAction\",\"name\":\"Comment\",\"target\":[\"https:\\\/\\\/blogin.al\\\/?p=45254#respond\"]}]},{\"@type\":\"WebPage\",\"@id\":\"https:\\\/\\\/blogin.al\\\/?p=45254\",\"url\":\"https:\\\/\\\/blogin.al\\\/?p=45254\",\"name\":\"Preku gazetaren pa miratimin e saj, Rama: S\u2019kam asnj\u00eb ndjes\u00eb - blogin.al\",\"isPartOf\":{\"@id\":\"https:\\\/\\\/blogin.al\\\/#website\"},\"primaryImageOfPage\":{\"@id\":\"https:\\\/\\\/blogin.al\\\/?p=45254#primaryimage\"},\"image\":{\"@id\":\"https:\\\/\\\/blogin.al\\\/?p=45254#primaryimage\"},\"thumbnailUrl\":\"https:\\\/\\\/blogin.al\\\/wp-content\\\/uploads\\\/2024\\\/03\\\/image-111.png\",\"datePublished\":\"2024-03-20T09:19:56+00:00\",\"dateModified\":\"2024-03-20T09:19:59+00:00\",\"breadcrumb\":{\"@id\":\"https:\\\/\\\/blogin.al\\\/?p=45254#breadcrumb\"},\"inLanguage\":\"en-US\",\"potentialAction\":[{\"@type\":\"ReadAction\",\"target\":[\"https:\\\/\\\/blogin.al\\\/?p=45254\"]}]},{\"@type\":\"ImageObject\",\"inLanguage\":\"en-US\",\"@id\":\"https:\\\/\\\/blogin.al\\\/?p=45254#primaryimage\",\"url\":\"https:\\\/\\\/blogin.al\\\/wp-content\\\/uploads\\\/2024\\\/03\\\/image-111.png\",\"contentUrl\":\"https:\\\/\\\/blogin.al\\\/wp-content\\\/uploads\\\/2024\\\/03\\\/image-111.png\",\"width\":1080,\"height\":843},{\"@type\":\"BreadcrumbList\",\"@id\":\"https:\\\/\\\/blogin.al\\\/?p=45254#breadcrumb\",\"itemListElement\":[{\"@type\":\"ListItem\",\"position\":1,\"name\":\"Home\",\"item\":\"https:\\\/\\\/blogin.al\\\/\"},{\"@type\":\"ListItem\",\"position\":2,\"name\":\"Preku gazetaren pa miratimin e saj, Rama: S\u2019kam asnj\u00eb ndjes\u00eb\"}]},{\"@type\":\"WebSite\",\"@id\":\"https:\\\/\\\/blogin.al\\\/#website\",\"url\":\"https:\\\/\\\/blogin.al\\\/\",\"name\":\"blogin.al\",\"description\":\"\",\"publisher\":{\"@id\":\"https:\\\/\\\/blogin.al\\\/#organization\"},\"potentialAction\":[{\"@type\":\"SearchAction\",\"target\":{\"@type\":\"EntryPoint\",\"urlTemplate\":\"https:\\\/\\\/blogin.al\\\/?s={search_term_string}\"},\"query-input\":{\"@type\":\"PropertyValueSpecification\",\"valueRequired\":true,\"valueName\":\"search_term_string\"}}],\"inLanguage\":\"en-US\"},{\"@type\":\"Organization\",\"@id\":\"https:\\\/\\\/blogin.al\\\/#organization\",\"name\":\"BLOGIN.al\",\"url\":\"https:\\\/\\\/blogin.al\\\/\",\"logo\":{\"@type\":\"ImageObject\",\"inLanguage\":\"en-US\",\"@id\":\"https:\\\/\\\/blogin.al\\\/#\\\/schema\\\/logo\\\/image\\\/\",\"url\":\"https:\\\/\\\/blogin.al\\\/wp-content\\\/uploads\\\/2022\\\/05\\\/Untitled-2-01-e1652084456514.png\",\"contentUrl\":\"https:\\\/\\\/blogin.al\\\/wp-content\\\/uploads\\\/2022\\\/05\\\/Untitled-2-01-e1652084456514.png\",\"width\":3723,\"height\":1698,\"caption\":\"BLOGIN.al\"},\"image\":{\"@id\":\"https:\\\/\\\/blogin.al\\\/#\\\/schema\\\/logo\\\/image\\\/\"},\"sameAs\":[\"https:\\\/\\\/instagram.com\\\/blogin.al\\\/\"]},{\"@type\":\"Person\",\"@id\":\"https:\\\/\\\/blogin.al\\\/#\\\/schema\\\/person\\\/abdd56bc912cd511db877b852b115399\",\"name\":\"Blogin al\",\"image\":{\"@type\":\"ImageObject\",\"inLanguage\":\"en-US\",\"@id\":\"https:\\\/\\\/secure.gravatar.com\\\/avatar\\\/60d5661aee6e835fb13dc75d2204cd0c1d61bef2efd137c0083e59ef831e235e?s=96&d=mm&r=g\",\"url\":\"https:\\\/\\\/secure.gravatar.com\\\/avatar\\\/60d5661aee6e835fb13dc75d2204cd0c1d61bef2efd137c0083e59ef831e235e?s=96&d=mm&r=g\",\"contentUrl\":\"https:\\\/\\\/secure.gravatar.com\\\/avatar\\\/60d5661aee6e835fb13dc75d2204cd0c1d61bef2efd137c0083e59ef831e235e?s=96&d=mm&r=g\",\"caption\":\"Blogin al\"},\"sameAs\":[\"https:\\\/\\\/blogin.al\"],\"url\":\"https:\\\/\\\/blogin.al\\\/?author=2\"}]}<\/script>\n<!-- \/ Yoast SEO plugin. -->","yoast_head_json":{"title":"Preku gazetaren pa miratimin e saj, Rama: S\u2019kam asnj\u00eb ndjes\u00eb - blogin.al","robots":{"index":"index","follow":"follow","max-snippet":"max-snippet:-1","max-image-preview":"max-image-preview:large","max-video-preview":"max-video-preview:-1"},"canonical":"https:\/\/blogin.al\/?p=45254","og_locale":"en_US","og_type":"article","og_title":"Preku gazetaren pa miratimin e saj, Rama: S\u2019kam asnj\u00eb ndjes\u00eb - blogin.al","og_description":"Kryeministri Edi Rama ka reaguar n\u00eb lidhje incidentin e ndodhur sot me gazetaren,&nbsp;Ambrozia Meta. N\u00eb nj\u00eb postim n\u00eb rrjetin social \u201cX\u201d kryeministri reagoi n\u00eb lidhje me deklarat\u00ebn e Qendr\u00ebs Europiane p\u00ebr Lirin\u00eb e Shtypit dhe Medias, e cila k\u00ebrkonte q\u00eb kreu i qeveris\u00eb t\u00eb shprehte ndjes\u00eb mbi ngjarjen. Rama u shpreh se nuk ka asnj\u00eb [&hellip;]","og_url":"https:\/\/blogin.al\/?p=45254","og_site_name":"blogin.al","article_published_time":"2024-03-20T09:19:56+00:00","article_modified_time":"2024-03-20T09:19:59+00:00","og_image":[{"width":1080,"height":843,"url":"https:\/\/blogin.al\/wp-content\/uploads\/2024\/03\/image-111.png","type":"image\/png"}],"author":"Blogin al","twitter_card":"summary_large_image","twitter_misc":{"Written by":"Blogin al","Est. reading time":"2 minutes"},"schema":{"@context":"https:\/\/schema.org","@graph":[{"@type":"Article","@id":"https:\/\/blogin.al\/?p=45254#article","isPartOf":{"@id":"https:\/\/blogin.al\/?p=45254"},"author":{"name":"Blogin al","@id":"https:\/\/blogin.al\/#\/schema\/person\/abdd56bc912cd511db877b852b115399"},"headline":"Preku gazetaren pa miratimin e saj, Rama: S\u2019kam asnj\u00eb ndjes\u00eb","datePublished":"2024-03-20T09:19:56+00:00","dateModified":"2024-03-20T09:19:59+00:00","mainEntityOfPage":{"@id":"https:\/\/blogin.al\/?p=45254"},"wordCount":414,"commentCount":0,"publisher":{"@id":"https:\/\/blogin.al\/#organization"},"image":{"@id":"https:\/\/blogin.al\/?p=45254#primaryimage"},"thumbnailUrl":"https:\/\/blogin.al\/wp-content\/uploads\/2024\/03\/image-111.png","articleSection":["AKTUALITET","LAJMET E DITES"],"inLanguage":"en-US","potentialAction":[{"@type":"CommentAction","name":"Comment","target":["https:\/\/blogin.al\/?p=45254#respond"]}]},{"@type":"WebPage","@id":"https:\/\/blogin.al\/?p=45254","url":"https:\/\/blogin.al\/?p=45254","name":"Preku gazetaren pa miratimin e saj, Rama: S\u2019kam asnj\u00eb ndjes\u00eb - blogin.al","isPartOf":{"@id":"https:\/\/blogin.al\/#website"},"primaryImageOfPage":{"@id":"https:\/\/blogin.al\/?p=45254#primaryimage"},"image":{"@id":"https:\/\/blogin.al\/?p=45254#primaryimage"},"thumbnailUrl":"https:\/\/blogin.al\/wp-content\/uploads\/2024\/03\/image-111.png","datePublished":"2024-03-20T09:19:56+00:00","dateModified":"2024-03-20T09:19:59+00:00","breadcrumb":{"@id":"https:\/\/blogin.al\/?p=45254#breadcrumb"},"inLanguage":"en-US","potentialAction":[{"@type":"ReadAction","target":["https:\/\/blogin.al\/?p=45254"]}]},{"@type":"ImageObject","inLanguage":"en-US","@id":"https:\/\/blogin.al\/?p=45254#primaryimage","url":"https:\/\/blogin.al\/wp-content\/uploads\/2024\/03\/image-111.png","contentUrl":"https:\/\/blogin.al\/wp-content\/uploads\/2024\/03\/image-111.png","width":1080,"height":843},{"@type":"BreadcrumbList","@id":"https:\/\/blogin.al\/?p=45254#breadcrumb","itemListElement":[{"@type":"ListItem","position":1,"name":"Home","item":"https:\/\/blogin.al\/"},{"@type":"ListItem","position":2,"name":"Preku gazetaren pa miratimin e saj, Rama: S\u2019kam asnj\u00eb ndjes\u00eb"}]},{"@type":"WebSite","@id":"https:\/\/blogin.al\/#website","url":"https:\/\/blogin.al\/","name":"blogin.al","description":"","publisher":{"@id":"https:\/\/blogin.al\/#organization"},"potentialAction":[{"@type":"SearchAction","target":{"@type":"EntryPoint","urlTemplate":"https:\/\/blogin.al\/?s={search_term_string}"},"query-input":{"@type":"PropertyValueSpecification","valueRequired":true,"valueName":"search_term_string"}}],"inLanguage":"en-US"},{"@type":"Organization","@id":"https:\/\/blogin.al\/#organization","name":"BLOGIN.al","url":"https:\/\/blogin.al\/","logo":{"@type":"ImageObject","inLanguage":"en-US","@id":"https:\/\/blogin.al\/#\/schema\/logo\/image\/","url":"https:\/\/blogin.al\/wp-content\/uploads\/2022\/05\/Untitled-2-01-e1652084456514.png","contentUrl":"https:\/\/blogin.al\/wp-content\/uploads\/2022\/05\/Untitled-2-01-e1652084456514.png","width":3723,"height":1698,"caption":"BLOGIN.al"},"image":{"@id":"https:\/\/blogin.al\/#\/schema\/logo\/image\/"},"sameAs":["https:\/\/instagram.com\/blogin.al\/"]},{"@type":"Person","@id":"https:\/\/blogin.al\/#\/schema\/person\/abdd56bc912cd511db877b852b115399","name":"Blogin al","image":{"@type":"ImageObject","inLanguage":"en-US","@id":"https:\/\/secure.gravatar.com\/avatar\/60d5661aee6e835fb13dc75d2204cd0c1d61bef2efd137c0083e59ef831e235e?s=96&d=mm&r=g","url":"https:\/\/secure.gravatar.com\/avatar\/60d5661aee6e835fb13dc75d2204cd0c1d61bef2efd137c0083e59ef831e235e?s=96&d=mm&r=g","contentUrl":"https:\/\/secure.gravatar.com\/avatar\/60d5661aee6e835fb13dc75d2204cd0c1d61bef2efd137c0083e59ef831e235e?s=96&d=mm&r=g","caption":"Blogin al"},"sameAs":["https:\/\/blogin.al"],"url":"https:\/\/blogin.al\/?author=2"}]}},"_links":{"self":[{"href":"https:\/\/blogin.al\/index.php?rest_route=\/wp\/v2\/posts\/45254","targetHints":{"allow":["GET"]}}],"collection":[{"href":"https:\/\/blogin.al\/index.php?rest_route=\/wp\/v2\/posts"}],"about":[{"href":"https:\/\/blogin.al\/index.php?rest_route=\/wp\/v2\/types\/post"}],"author":[{"embeddable":true,"href":"https:\/\/blogin.al\/index.php?rest_route=\/wp\/v2\/users\/2"}],"replies":[{"embeddable":true,"href":"https:\/\/blogin.al\/index.php?rest_route=%2Fwp%2Fv2%2Fcomments&post=45254"}],"version-history":[{"count":1,"href":"https:\/\/blogin.al\/index.php?rest_route=\/wp\/v2\/posts\/45254\/revisions"}],"predecessor-version":[{"id":45256,"href":"https:\/\/blogin.al\/index.php?rest_route=\/wp\/v2\/posts\/45254\/revisions\/45256"}],"wp:featuredmedia":[{"embeddable":true,"href":"https:\/\/blogin.al\/index.php?rest_route=\/wp\/v2\/media\/45255"}],"wp:attachment":[{"href":"https:\/\/blogin.al\/index.php?rest_route=%2Fwp%2Fv2%2Fmedia&parent=45254"}],"wp:term":[{"taxonomy":"category","embeddable":true,"href":"https:\/\/blogin.al\/index.php?rest_route=%2Fwp%2Fv2%2Fcategories&post=45254"},{"taxonomy":"post_tag","embeddable":true,"href":"https:\/\/blogin.al\/index.php?rest_route=%2Fwp%2Fv2%2Ftags&post=45254"}],"curies":[{"name":"wp","href":"https:\/\/api.w.org\/{rel}","templated":true}]}}