{"id":51948,"date":"2024-10-19T09:54:52","date_gmt":"2024-10-19T09:54:52","guid":{"rendered":"https:\/\/blogin.al\/?p=51948"},"modified":"2024-10-19T09:54:55","modified_gmt":"2024-10-19T09:54:55","slug":"valeri-ben-deklaraten-e-forte-bled-mane-me-ka-derguar-foto-hot","status":"publish","type":"post","link":"https:\/\/blogin.al\/?p=51948","title":{"rendered":"Valeri b\u00ebn deklarat\u00ebn e fort\u00eb: Bled Mane m\u00eb ka d\u00ebrguar foto hot!"},"content":{"rendered":"\n<p>Valer Kolnikaj gjat\u00eb nj\u00eb interviste t\u00eb zhvilluar s\u00eb fundmi, ka rr\u00ebfyer publikisht nj\u00eb situat\u00eb t\u00eb papritur q\u00eb i ka ndodhur me gazetarin Bledi Mane.<\/p>\n\n\n\n<p>I pyetur n\u00eb nj\u00eb emision televiziv n\u00ebse i kan\u00eb k\u00ebrkuar numrin n\u00eb prapasken\u00eb meshkujt shqiptar\u00eb t\u00eb showbizit, Valeri p\u00ebrmendi situat\u00ebn me Manen.<\/p>\n\n\n\n<p>Sipas tij, Mane i ka d\u00ebrguar nj\u00eb foto \u2018hot\u2019 dhe priste q\u00eb Valeri t\u2019ia kthente.<\/p>\n\n\n\n<p>\u201c<em>T\u00eb them nj\u00eb, Bledi Mane. Ishim t\u00eb ftuar n\u00eb nj\u00eb emision dhe direkt sa dola po m\u00eb sulmonte duke m\u00eb orientuar drejt asaj gj\u00ebje.<\/em><\/p>\n\n\n\n<p>Ndoshta ngaq\u00eb un\u00eb mbaj dhe i shkoj gj\u00ebrave deri n\u00eb fund. Luaj pa komplekse. Sapo dol\u00ebm, vura re \u2018ej po kur do vish t\u00eb na takosh p\u00ebr k\u00ebto emisione\u2019. E m\u00eb d\u00ebrgoi nj\u00eb foto k\u00ebshtu.<\/p>\n\n\n\n<p>\u00cbsht\u00eb b\u00ebr\u00eb e mod\u00ebs m\u00eb d\u00ebrgo nj\u00eb foto hot. Un\u00eb I them q\u00eb t\u00eb gjitha fotot hot q\u00eb b\u00ebj i b\u00ebj q\u00eb ti shoh e gjith\u00eb Shqip\u00ebria.<\/p>\n\n\n\n<p><em>Ai m\u00eb d\u00ebrgoi nj\u00eb foto hot dhe priste q\u00eb t\u2019ia ktheja. Nga ai moment nuk jemi takuar m\u00eb\u201d,-<\/em>p\u00ebrfundoi Valeri.<\/p>\n","protected":false},"excerpt":{"rendered":"<p>Valer Kolnikaj gjat\u00eb nj\u00eb interviste t\u00eb zhvilluar s\u00eb fundmi, ka rr\u00ebfyer publikisht nj\u00eb situat\u00eb t\u00eb papritur q\u00eb i ka ndodhur me gazetarin Bledi Mane. I pyetur n\u00eb nj\u00eb emision televiziv n\u00ebse i kan\u00eb k\u00ebrkuar numrin n\u00eb prapasken\u00eb meshkujt shqiptar\u00eb t\u00eb showbizit, Valeri p\u00ebrmendi situat\u00ebn me Manen. Sipas tij, Mane i ka d\u00ebrguar nj\u00eb foto \u2018hot\u2019 [&hellip;]<\/p>\n","protected":false},"author":2,"featured_media":45649,"comment_status":"closed","ping_status":"closed","sticky":false,"template":"","format":"standard","meta":{"footnotes":""},"categories":[33],"tags":[],"class_list":{"0":"post-51948","1":"post","2":"type-post","3":"status-publish","4":"format-standard","5":"has-post-thumbnail","7":"category-showbiz"},"yoast_head":"<!-- This site is optimized with the Yoast SEO plugin v27.5 - https:\/\/yoast.com\/product\/yoast-seo-wordpress\/ -->\n<title>Valeri b\u00ebn deklarat\u00ebn e fort\u00eb: Bled Mane m\u00eb ka d\u00ebrguar foto hot! - blogin.al<\/title>\n<meta name=\"robots\" content=\"index, follow, max-snippet:-1, max-image-preview:large, max-video-preview:-1\" \/>\n<link rel=\"canonical\" href=\"https:\/\/blogin.al\/?p=51948\" \/>\n<meta property=\"og:locale\" content=\"en_US\" \/>\n<meta property=\"og:type\" content=\"article\" \/>\n<meta property=\"og:title\" content=\"Valeri b\u00ebn deklarat\u00ebn e fort\u00eb: Bled Mane m\u00eb ka d\u00ebrguar foto hot! - blogin.al\" \/>\n<meta property=\"og:description\" content=\"Valer Kolnikaj gjat\u00eb nj\u00eb interviste t\u00eb zhvilluar s\u00eb fundmi, ka rr\u00ebfyer publikisht nj\u00eb situat\u00eb t\u00eb papritur q\u00eb i ka ndodhur me gazetarin Bledi Mane. I pyetur n\u00eb nj\u00eb emision televiziv n\u00ebse i kan\u00eb k\u00ebrkuar numrin n\u00eb prapasken\u00eb meshkujt shqiptar\u00eb t\u00eb showbizit, Valeri p\u00ebrmendi situat\u00ebn me Manen. Sipas tij, Mane i ka d\u00ebrguar nj\u00eb foto \u2018hot\u2019 [&hellip;]\" \/>\n<meta property=\"og:url\" content=\"https:\/\/blogin.al\/?p=51948\" \/>\n<meta property=\"og:site_name\" content=\"blogin.al\" \/>\n<meta property=\"article:published_time\" content=\"2024-10-19T09:54:52+00:00\" \/>\n<meta property=\"article:modified_time\" content=\"2024-10-19T09:54:55+00:00\" \/>\n<meta property=\"og:image\" content=\"https:\/\/blogin.al\/wp-content\/uploads\/2024\/03\/image-154.png\" \/>\n\t<meta property=\"og:image:width\" content=\"640\" \/>\n\t<meta property=\"og:image:height\" content=\"344\" \/>\n\t<meta property=\"og:image:type\" content=\"image\/png\" \/>\n<meta name=\"author\" content=\"Blogin al\" \/>\n<meta name=\"twitter:card\" content=\"summary_large_image\" \/>\n<meta name=\"twitter:label1\" content=\"Written by\" \/>\n\t<meta name=\"twitter:data1\" content=\"Blogin al\" \/>\n\t<meta name=\"twitter:label2\" content=\"Est. reading time\" \/>\n\t<meta name=\"twitter:data2\" content=\"1 minute\" \/>\n<script type=\"application\/ld+json\" class=\"yoast-schema-graph\">{\"@context\":\"https:\\\/\\\/schema.org\",\"@graph\":[{\"@type\":\"Article\",\"@id\":\"https:\\\/\\\/blogin.al\\\/?p=51948#article\",\"isPartOf\":{\"@id\":\"https:\\\/\\\/blogin.al\\\/?p=51948\"},\"author\":{\"name\":\"Blogin al\",\"@id\":\"https:\\\/\\\/blogin.al\\\/#\\\/schema\\\/person\\\/abdd56bc912cd511db877b852b115399\"},\"headline\":\"Valeri b\u00ebn deklarat\u00ebn e fort\u00eb: Bled Mane m\u00eb ka d\u00ebrguar foto hot!\",\"datePublished\":\"2024-10-19T09:54:52+00:00\",\"dateModified\":\"2024-10-19T09:54:55+00:00\",\"mainEntityOfPage\":{\"@id\":\"https:\\\/\\\/blogin.al\\\/?p=51948\"},\"wordCount\":205,\"publisher\":{\"@id\":\"https:\\\/\\\/blogin.al\\\/#organization\"},\"image\":{\"@id\":\"https:\\\/\\\/blogin.al\\\/?p=51948#primaryimage\"},\"thumbnailUrl\":\"https:\\\/\\\/blogin.al\\\/wp-content\\\/uploads\\\/2024\\\/03\\\/image-154.png\",\"articleSection\":[\"SHOWBIZ\"],\"inLanguage\":\"en-US\"},{\"@type\":\"WebPage\",\"@id\":\"https:\\\/\\\/blogin.al\\\/?p=51948\",\"url\":\"https:\\\/\\\/blogin.al\\\/?p=51948\",\"name\":\"Valeri b\u00ebn deklarat\u00ebn e fort\u00eb: Bled Mane m\u00eb ka d\u00ebrguar foto hot! - blogin.al\",\"isPartOf\":{\"@id\":\"https:\\\/\\\/blogin.al\\\/#website\"},\"primaryImageOfPage\":{\"@id\":\"https:\\\/\\\/blogin.al\\\/?p=51948#primaryimage\"},\"image\":{\"@id\":\"https:\\\/\\\/blogin.al\\\/?p=51948#primaryimage\"},\"thumbnailUrl\":\"https:\\\/\\\/blogin.al\\\/wp-content\\\/uploads\\\/2024\\\/03\\\/image-154.png\",\"datePublished\":\"2024-10-19T09:54:52+00:00\",\"dateModified\":\"2024-10-19T09:54:55+00:00\",\"breadcrumb\":{\"@id\":\"https:\\\/\\\/blogin.al\\\/?p=51948#breadcrumb\"},\"inLanguage\":\"en-US\",\"potentialAction\":[{\"@type\":\"ReadAction\",\"target\":[\"https:\\\/\\\/blogin.al\\\/?p=51948\"]}]},{\"@type\":\"ImageObject\",\"inLanguage\":\"en-US\",\"@id\":\"https:\\\/\\\/blogin.al\\\/?p=51948#primaryimage\",\"url\":\"https:\\\/\\\/blogin.al\\\/wp-content\\\/uploads\\\/2024\\\/03\\\/image-154.png\",\"contentUrl\":\"https:\\\/\\\/blogin.al\\\/wp-content\\\/uploads\\\/2024\\\/03\\\/image-154.png\",\"width\":640,\"height\":344},{\"@type\":\"BreadcrumbList\",\"@id\":\"https:\\\/\\\/blogin.al\\\/?p=51948#breadcrumb\",\"itemListElement\":[{\"@type\":\"ListItem\",\"position\":1,\"name\":\"Home\",\"item\":\"https:\\\/\\\/blogin.al\\\/\"},{\"@type\":\"ListItem\",\"position\":2,\"name\":\"Valeri b\u00ebn deklarat\u00ebn e fort\u00eb: Bled Mane m\u00eb ka d\u00ebrguar foto hot!\"}]},{\"@type\":\"WebSite\",\"@id\":\"https:\\\/\\\/blogin.al\\\/#website\",\"url\":\"https:\\\/\\\/blogin.al\\\/\",\"name\":\"blogin.al\",\"description\":\"\",\"publisher\":{\"@id\":\"https:\\\/\\\/blogin.al\\\/#organization\"},\"potentialAction\":[{\"@type\":\"SearchAction\",\"target\":{\"@type\":\"EntryPoint\",\"urlTemplate\":\"https:\\\/\\\/blogin.al\\\/?s={search_term_string}\"},\"query-input\":{\"@type\":\"PropertyValueSpecification\",\"valueRequired\":true,\"valueName\":\"search_term_string\"}}],\"inLanguage\":\"en-US\"},{\"@type\":\"Organization\",\"@id\":\"https:\\\/\\\/blogin.al\\\/#organization\",\"name\":\"BLOGIN.al\",\"url\":\"https:\\\/\\\/blogin.al\\\/\",\"logo\":{\"@type\":\"ImageObject\",\"inLanguage\":\"en-US\",\"@id\":\"https:\\\/\\\/blogin.al\\\/#\\\/schema\\\/logo\\\/image\\\/\",\"url\":\"https:\\\/\\\/blogin.al\\\/wp-content\\\/uploads\\\/2022\\\/05\\\/Untitled-2-01-e1652084456514.png\",\"contentUrl\":\"https:\\\/\\\/blogin.al\\\/wp-content\\\/uploads\\\/2022\\\/05\\\/Untitled-2-01-e1652084456514.png\",\"width\":3723,\"height\":1698,\"caption\":\"BLOGIN.al\"},\"image\":{\"@id\":\"https:\\\/\\\/blogin.al\\\/#\\\/schema\\\/logo\\\/image\\\/\"},\"sameAs\":[\"https:\\\/\\\/instagram.com\\\/blogin.al\\\/\"]},{\"@type\":\"Person\",\"@id\":\"https:\\\/\\\/blogin.al\\\/#\\\/schema\\\/person\\\/abdd56bc912cd511db877b852b115399\",\"name\":\"Blogin al\",\"image\":{\"@type\":\"ImageObject\",\"inLanguage\":\"en-US\",\"@id\":\"https:\\\/\\\/secure.gravatar.com\\\/avatar\\\/60d5661aee6e835fb13dc75d2204cd0c1d61bef2efd137c0083e59ef831e235e?s=96&d=mm&r=g\",\"url\":\"https:\\\/\\\/secure.gravatar.com\\\/avatar\\\/60d5661aee6e835fb13dc75d2204cd0c1d61bef2efd137c0083e59ef831e235e?s=96&d=mm&r=g\",\"contentUrl\":\"https:\\\/\\\/secure.gravatar.com\\\/avatar\\\/60d5661aee6e835fb13dc75d2204cd0c1d61bef2efd137c0083e59ef831e235e?s=96&d=mm&r=g\",\"caption\":\"Blogin al\"},\"sameAs\":[\"https:\\\/\\\/blogin.al\"],\"url\":\"https:\\\/\\\/blogin.al\\\/?author=2\"}]}<\/script>\n<!-- \/ Yoast SEO plugin. -->","yoast_head_json":{"title":"Valeri b\u00ebn deklarat\u00ebn e fort\u00eb: Bled Mane m\u00eb ka d\u00ebrguar foto hot! - blogin.al","robots":{"index":"index","follow":"follow","max-snippet":"max-snippet:-1","max-image-preview":"max-image-preview:large","max-video-preview":"max-video-preview:-1"},"canonical":"https:\/\/blogin.al\/?p=51948","og_locale":"en_US","og_type":"article","og_title":"Valeri b\u00ebn deklarat\u00ebn e fort\u00eb: Bled Mane m\u00eb ka d\u00ebrguar foto hot! - blogin.al","og_description":"Valer Kolnikaj gjat\u00eb nj\u00eb interviste t\u00eb zhvilluar s\u00eb fundmi, ka rr\u00ebfyer publikisht nj\u00eb situat\u00eb t\u00eb papritur q\u00eb i ka ndodhur me gazetarin Bledi Mane. I pyetur n\u00eb nj\u00eb emision televiziv n\u00ebse i kan\u00eb k\u00ebrkuar numrin n\u00eb prapasken\u00eb meshkujt shqiptar\u00eb t\u00eb showbizit, Valeri p\u00ebrmendi situat\u00ebn me Manen. Sipas tij, Mane i ka d\u00ebrguar nj\u00eb foto \u2018hot\u2019 [&hellip;]","og_url":"https:\/\/blogin.al\/?p=51948","og_site_name":"blogin.al","article_published_time":"2024-10-19T09:54:52+00:00","article_modified_time":"2024-10-19T09:54:55+00:00","og_image":[{"width":640,"height":344,"url":"https:\/\/blogin.al\/wp-content\/uploads\/2024\/03\/image-154.png","type":"image\/png"}],"author":"Blogin al","twitter_card":"summary_large_image","twitter_misc":{"Written by":"Blogin al","Est. reading time":"1 minute"},"schema":{"@context":"https:\/\/schema.org","@graph":[{"@type":"Article","@id":"https:\/\/blogin.al\/?p=51948#article","isPartOf":{"@id":"https:\/\/blogin.al\/?p=51948"},"author":{"name":"Blogin al","@id":"https:\/\/blogin.al\/#\/schema\/person\/abdd56bc912cd511db877b852b115399"},"headline":"Valeri b\u00ebn deklarat\u00ebn e fort\u00eb: Bled Mane m\u00eb ka d\u00ebrguar foto hot!","datePublished":"2024-10-19T09:54:52+00:00","dateModified":"2024-10-19T09:54:55+00:00","mainEntityOfPage":{"@id":"https:\/\/blogin.al\/?p=51948"},"wordCount":205,"publisher":{"@id":"https:\/\/blogin.al\/#organization"},"image":{"@id":"https:\/\/blogin.al\/?p=51948#primaryimage"},"thumbnailUrl":"https:\/\/blogin.al\/wp-content\/uploads\/2024\/03\/image-154.png","articleSection":["SHOWBIZ"],"inLanguage":"en-US"},{"@type":"WebPage","@id":"https:\/\/blogin.al\/?p=51948","url":"https:\/\/blogin.al\/?p=51948","name":"Valeri b\u00ebn deklarat\u00ebn e fort\u00eb: Bled Mane m\u00eb ka d\u00ebrguar foto hot! - blogin.al","isPartOf":{"@id":"https:\/\/blogin.al\/#website"},"primaryImageOfPage":{"@id":"https:\/\/blogin.al\/?p=51948#primaryimage"},"image":{"@id":"https:\/\/blogin.al\/?p=51948#primaryimage"},"thumbnailUrl":"https:\/\/blogin.al\/wp-content\/uploads\/2024\/03\/image-154.png","datePublished":"2024-10-19T09:54:52+00:00","dateModified":"2024-10-19T09:54:55+00:00","breadcrumb":{"@id":"https:\/\/blogin.al\/?p=51948#breadcrumb"},"inLanguage":"en-US","potentialAction":[{"@type":"ReadAction","target":["https:\/\/blogin.al\/?p=51948"]}]},{"@type":"ImageObject","inLanguage":"en-US","@id":"https:\/\/blogin.al\/?p=51948#primaryimage","url":"https:\/\/blogin.al\/wp-content\/uploads\/2024\/03\/image-154.png","contentUrl":"https:\/\/blogin.al\/wp-content\/uploads\/2024\/03\/image-154.png","width":640,"height":344},{"@type":"BreadcrumbList","@id":"https:\/\/blogin.al\/?p=51948#breadcrumb","itemListElement":[{"@type":"ListItem","position":1,"name":"Home","item":"https:\/\/blogin.al\/"},{"@type":"ListItem","position":2,"name":"Valeri b\u00ebn deklarat\u00ebn e fort\u00eb: Bled Mane m\u00eb ka d\u00ebrguar foto hot!"}]},{"@type":"WebSite","@id":"https:\/\/blogin.al\/#website","url":"https:\/\/blogin.al\/","name":"blogin.al","description":"","publisher":{"@id":"https:\/\/blogin.al\/#organization"},"potentialAction":[{"@type":"SearchAction","target":{"@type":"EntryPoint","urlTemplate":"https:\/\/blogin.al\/?s={search_term_string}"},"query-input":{"@type":"PropertyValueSpecification","valueRequired":true,"valueName":"search_term_string"}}],"inLanguage":"en-US"},{"@type":"Organization","@id":"https:\/\/blogin.al\/#organization","name":"BLOGIN.al","url":"https:\/\/blogin.al\/","logo":{"@type":"ImageObject","inLanguage":"en-US","@id":"https:\/\/blogin.al\/#\/schema\/logo\/image\/","url":"https:\/\/blogin.al\/wp-content\/uploads\/2022\/05\/Untitled-2-01-e1652084456514.png","contentUrl":"https:\/\/blogin.al\/wp-content\/uploads\/2022\/05\/Untitled-2-01-e1652084456514.png","width":3723,"height":1698,"caption":"BLOGIN.al"},"image":{"@id":"https:\/\/blogin.al\/#\/schema\/logo\/image\/"},"sameAs":["https:\/\/instagram.com\/blogin.al\/"]},{"@type":"Person","@id":"https:\/\/blogin.al\/#\/schema\/person\/abdd56bc912cd511db877b852b115399","name":"Blogin al","image":{"@type":"ImageObject","inLanguage":"en-US","@id":"https:\/\/secure.gravatar.com\/avatar\/60d5661aee6e835fb13dc75d2204cd0c1d61bef2efd137c0083e59ef831e235e?s=96&d=mm&r=g","url":"https:\/\/secure.gravatar.com\/avatar\/60d5661aee6e835fb13dc75d2204cd0c1d61bef2efd137c0083e59ef831e235e?s=96&d=mm&r=g","contentUrl":"https:\/\/secure.gravatar.com\/avatar\/60d5661aee6e835fb13dc75d2204cd0c1d61bef2efd137c0083e59ef831e235e?s=96&d=mm&r=g","caption":"Blogin al"},"sameAs":["https:\/\/blogin.al"],"url":"https:\/\/blogin.al\/?author=2"}]}},"_links":{"self":[{"href":"https:\/\/blogin.al\/index.php?rest_route=\/wp\/v2\/posts\/51948","targetHints":{"allow":["GET"]}}],"collection":[{"href":"https:\/\/blogin.al\/index.php?rest_route=\/wp\/v2\/posts"}],"about":[{"href":"https:\/\/blogin.al\/index.php?rest_route=\/wp\/v2\/types\/post"}],"author":[{"embeddable":true,"href":"https:\/\/blogin.al\/index.php?rest_route=\/wp\/v2\/users\/2"}],"replies":[{"embeddable":true,"href":"https:\/\/blogin.al\/index.php?rest_route=%2Fwp%2Fv2%2Fcomments&post=51948"}],"version-history":[{"count":1,"href":"https:\/\/blogin.al\/index.php?rest_route=\/wp\/v2\/posts\/51948\/revisions"}],"predecessor-version":[{"id":51949,"href":"https:\/\/blogin.al\/index.php?rest_route=\/wp\/v2\/posts\/51948\/revisions\/51949"}],"wp:featuredmedia":[{"embeddable":true,"href":"https:\/\/blogin.al\/index.php?rest_route=\/wp\/v2\/media\/45649"}],"wp:attachment":[{"href":"https:\/\/blogin.al\/index.php?rest_route=%2Fwp%2Fv2%2Fmedia&parent=51948"}],"wp:term":[{"taxonomy":"category","embeddable":true,"href":"https:\/\/blogin.al\/index.php?rest_route=%2Fwp%2Fv2%2Fcategories&post=51948"},{"taxonomy":"post_tag","embeddable":true,"href":"https:\/\/blogin.al\/index.php?rest_route=%2Fwp%2Fv2%2Ftags&post=51948"}],"curies":[{"name":"wp","href":"https:\/\/api.w.org\/{rel}","templated":true}]}}