{"id":52032,"date":"2024-10-22T13:37:52","date_gmt":"2024-10-22T13:37:52","guid":{"rendered":"https:\/\/blogin.al\/?p=52032"},"modified":"2024-10-22T13:37:54","modified_gmt":"2024-10-22T13:37:54","slug":"frikesohem-cdo-dite-per-shendetin-tend-morena-taraku-dedikim-prekes-per-te-atin","status":"publish","type":"post","link":"https:\/\/blogin.al\/?p=52032","title":{"rendered":"\u201cFrik\u00ebsohem \u00e7do dit\u00eb p\u00ebr sh\u00ebndetin t\u00ebnd\u201d, Morena Taraku dedikim prek\u00ebs p\u00ebr t\u00eb atin"},"content":{"rendered":"\n<p>T\u00eb gjith\u00eb e dim\u00eb q\u00eb kur b\u00ebhet fjal\u00eb p\u00ebr familjen, fjal\u00ebt dhe dashuria dalin nga thell\u00ebsia e zemr\u00ebs. E nj\u00ebjta gj\u00eb ka ndodhur dhe me k\u00ebng\u00ebtaren Morena Taraku. Kjo e fundit ka b\u00ebr\u00eb nj\u00eb postim n\u00eb llogarin\u00eb personale t\u00eb Instagram-it, me nj\u00eb dedikim prek\u00ebs p\u00ebr t\u00eb atin e saj, me t\u00eb cilin \u00ebsht\u00eb tep\u00ebr e lidhur.<\/p>\n\n\n\n<p>Ajo i trembet humbjes s\u00eb pashmangshme t\u00eb t\u00eb atit nj\u00eb dit\u00eb dhe i k\u00ebrkon q\u00eb ai mos t\u00eb dor\u00ebzohet kurr\u00eb duke luftuar p\u00ebr veten.<\/p>\n\n\n\n<p><em>\u201cAh, sa mall kam p\u00ebr ty\u2026 Ah, sa m\u00eb l\u00ebndojn\u00eb vitet q\u00eb po ikin e ti s\u2019je si m\u00eb her\u00ebt e \u00e7do dit\u00eb e m\u00eb shum\u00eb frik\u00ebsohem p\u00ebr sh\u00ebndetin t\u00ebnd e dit\u00ebt e tua\u2026 T\u00eb kam n\u00eb zem\u00ebr me fjal\u00ebn baba sepse ti e simbolizon at\u00eb m\u00eb mir\u00eb se \u00e7dokush tjet\u00ebr. Nuk ka di\u00e7ka m\u00eb t\u00eb bukur se ti, nuk do ket\u00eb p\u00ebr mua di\u00e7ka m\u00eb t\u00eb bukur se ty dhe t\u00eb lutem asnj\u00ebher\u00eb mos u dor\u00ebzo sepse pa ty nuk jam nj\u00eb Moren\u00eb. Ti je gjith\u00e7ka. T\u00eb dua me krejt shpirtin tim q\u00eb vet\u00ebm ti e njeh.\u201d<\/em><\/p>\n\n\n\n<figure class=\"wp-block-image is-style-default\"><img decoding=\"async\" src=\"https:\/\/iconstyle.al\/wp-content\/uploads\/2024\/10\/900-0-1729594743xscreenshot-20-959-300x537.jpg\" alt=\"\" class=\"wp-image-679053\"\/><\/figure>\n","protected":false},"excerpt":{"rendered":"<p>T\u00eb gjith\u00eb e dim\u00eb q\u00eb kur b\u00ebhet fjal\u00eb p\u00ebr familjen, fjal\u00ebt dhe dashuria dalin nga thell\u00ebsia e zemr\u00ebs. E nj\u00ebjta gj\u00eb ka ndodhur dhe me k\u00ebng\u00ebtaren Morena Taraku. Kjo e fundit ka b\u00ebr\u00eb nj\u00eb postim n\u00eb llogarin\u00eb personale t\u00eb Instagram-it, me nj\u00eb dedikim prek\u00ebs p\u00ebr t\u00eb atin e saj, me t\u00eb cilin \u00ebsht\u00eb tep\u00ebr e [&hellip;]<\/p>\n","protected":false},"author":2,"featured_media":19174,"comment_status":"closed","ping_status":"closed","sticky":false,"template":"","format":"standard","meta":{"footnotes":""},"categories":[33],"tags":[],"class_list":{"0":"post-52032","1":"post","2":"type-post","3":"status-publish","4":"format-standard","5":"has-post-thumbnail","7":"category-showbiz"},"yoast_head":"<!-- This site is optimized with the Yoast SEO plugin v27.5 - https:\/\/yoast.com\/product\/yoast-seo-wordpress\/ -->\n<title>\u201cFrik\u00ebsohem \u00e7do dit\u00eb p\u00ebr sh\u00ebndetin t\u00ebnd\u201d, Morena Taraku dedikim prek\u00ebs p\u00ebr t\u00eb atin - blogin.al<\/title>\n<meta name=\"robots\" content=\"index, follow, max-snippet:-1, max-image-preview:large, max-video-preview:-1\" \/>\n<link rel=\"canonical\" href=\"https:\/\/blogin.al\/?p=52032\" \/>\n<meta property=\"og:locale\" content=\"en_US\" \/>\n<meta property=\"og:type\" content=\"article\" \/>\n<meta property=\"og:title\" content=\"\u201cFrik\u00ebsohem \u00e7do dit\u00eb p\u00ebr sh\u00ebndetin t\u00ebnd\u201d, Morena Taraku dedikim prek\u00ebs p\u00ebr t\u00eb atin - blogin.al\" \/>\n<meta property=\"og:description\" content=\"T\u00eb gjith\u00eb e dim\u00eb q\u00eb kur b\u00ebhet fjal\u00eb p\u00ebr familjen, fjal\u00ebt dhe dashuria dalin nga thell\u00ebsia e zemr\u00ebs. E nj\u00ebjta gj\u00eb ka ndodhur dhe me k\u00ebng\u00ebtaren Morena Taraku. Kjo e fundit ka b\u00ebr\u00eb nj\u00eb postim n\u00eb llogarin\u00eb personale t\u00eb Instagram-it, me nj\u00eb dedikim prek\u00ebs p\u00ebr t\u00eb atin e saj, me t\u00eb cilin \u00ebsht\u00eb tep\u00ebr e [&hellip;]\" \/>\n<meta property=\"og:url\" content=\"https:\/\/blogin.al\/?p=52032\" \/>\n<meta property=\"og:site_name\" content=\"blogin.al\" \/>\n<meta property=\"article:published_time\" content=\"2024-10-22T13:37:52+00:00\" \/>\n<meta property=\"article:modified_time\" content=\"2024-10-22T13:37:54+00:00\" \/>\n<meta property=\"og:image\" content=\"https:\/\/blogin.al\/wp-content\/uploads\/2022\/12\/20221201_165941.jpg\" \/>\n\t<meta property=\"og:image:width\" content=\"1276\" \/>\n\t<meta property=\"og:image:height\" content=\"1616\" \/>\n\t<meta property=\"og:image:type\" content=\"image\/jpeg\" \/>\n<meta name=\"author\" content=\"Blogin al\" \/>\n<meta name=\"twitter:card\" content=\"summary_large_image\" \/>\n<meta name=\"twitter:label1\" content=\"Written by\" \/>\n\t<meta name=\"twitter:data1\" content=\"Blogin al\" \/>\n\t<meta name=\"twitter:label2\" content=\"Est. reading time\" \/>\n\t<meta name=\"twitter:data2\" content=\"2 minutes\" \/>\n<script type=\"application\/ld+json\" class=\"yoast-schema-graph\">{\"@context\":\"https:\\\/\\\/schema.org\",\"@graph\":[{\"@type\":\"Article\",\"@id\":\"https:\\\/\\\/blogin.al\\\/?p=52032#article\",\"isPartOf\":{\"@id\":\"https:\\\/\\\/blogin.al\\\/?p=52032\"},\"author\":{\"name\":\"Blogin al\",\"@id\":\"https:\\\/\\\/blogin.al\\\/#\\\/schema\\\/person\\\/abdd56bc912cd511db877b852b115399\"},\"headline\":\"\u201cFrik\u00ebsohem \u00e7do dit\u00eb p\u00ebr sh\u00ebndetin t\u00ebnd\u201d, Morena Taraku dedikim prek\u00ebs p\u00ebr t\u00eb atin\",\"datePublished\":\"2024-10-22T13:37:52+00:00\",\"dateModified\":\"2024-10-22T13:37:54+00:00\",\"mainEntityOfPage\":{\"@id\":\"https:\\\/\\\/blogin.al\\\/?p=52032\"},\"wordCount\":231,\"publisher\":{\"@id\":\"https:\\\/\\\/blogin.al\\\/#organization\"},\"image\":{\"@id\":\"https:\\\/\\\/blogin.al\\\/?p=52032#primaryimage\"},\"thumbnailUrl\":\"https:\\\/\\\/blogin.al\\\/wp-content\\\/uploads\\\/2022\\\/12\\\/20221201_165941.jpg\",\"articleSection\":[\"SHOWBIZ\"],\"inLanguage\":\"en-US\"},{\"@type\":\"WebPage\",\"@id\":\"https:\\\/\\\/blogin.al\\\/?p=52032\",\"url\":\"https:\\\/\\\/blogin.al\\\/?p=52032\",\"name\":\"\u201cFrik\u00ebsohem \u00e7do dit\u00eb p\u00ebr sh\u00ebndetin t\u00ebnd\u201d, Morena Taraku dedikim prek\u00ebs p\u00ebr t\u00eb atin - blogin.al\",\"isPartOf\":{\"@id\":\"https:\\\/\\\/blogin.al\\\/#website\"},\"primaryImageOfPage\":{\"@id\":\"https:\\\/\\\/blogin.al\\\/?p=52032#primaryimage\"},\"image\":{\"@id\":\"https:\\\/\\\/blogin.al\\\/?p=52032#primaryimage\"},\"thumbnailUrl\":\"https:\\\/\\\/blogin.al\\\/wp-content\\\/uploads\\\/2022\\\/12\\\/20221201_165941.jpg\",\"datePublished\":\"2024-10-22T13:37:52+00:00\",\"dateModified\":\"2024-10-22T13:37:54+00:00\",\"breadcrumb\":{\"@id\":\"https:\\\/\\\/blogin.al\\\/?p=52032#breadcrumb\"},\"inLanguage\":\"en-US\",\"potentialAction\":[{\"@type\":\"ReadAction\",\"target\":[\"https:\\\/\\\/blogin.al\\\/?p=52032\"]}]},{\"@type\":\"ImageObject\",\"inLanguage\":\"en-US\",\"@id\":\"https:\\\/\\\/blogin.al\\\/?p=52032#primaryimage\",\"url\":\"https:\\\/\\\/blogin.al\\\/wp-content\\\/uploads\\\/2022\\\/12\\\/20221201_165941.jpg\",\"contentUrl\":\"https:\\\/\\\/blogin.al\\\/wp-content\\\/uploads\\\/2022\\\/12\\\/20221201_165941.jpg\",\"width\":1276,\"height\":1616},{\"@type\":\"BreadcrumbList\",\"@id\":\"https:\\\/\\\/blogin.al\\\/?p=52032#breadcrumb\",\"itemListElement\":[{\"@type\":\"ListItem\",\"position\":1,\"name\":\"Home\",\"item\":\"https:\\\/\\\/blogin.al\\\/\"},{\"@type\":\"ListItem\",\"position\":2,\"name\":\"\u201cFrik\u00ebsohem \u00e7do dit\u00eb p\u00ebr sh\u00ebndetin t\u00ebnd\u201d, Morena Taraku dedikim prek\u00ebs p\u00ebr t\u00eb atin\"}]},{\"@type\":\"WebSite\",\"@id\":\"https:\\\/\\\/blogin.al\\\/#website\",\"url\":\"https:\\\/\\\/blogin.al\\\/\",\"name\":\"blogin.al\",\"description\":\"\",\"publisher\":{\"@id\":\"https:\\\/\\\/blogin.al\\\/#organization\"},\"potentialAction\":[{\"@type\":\"SearchAction\",\"target\":{\"@type\":\"EntryPoint\",\"urlTemplate\":\"https:\\\/\\\/blogin.al\\\/?s={search_term_string}\"},\"query-input\":{\"@type\":\"PropertyValueSpecification\",\"valueRequired\":true,\"valueName\":\"search_term_string\"}}],\"inLanguage\":\"en-US\"},{\"@type\":\"Organization\",\"@id\":\"https:\\\/\\\/blogin.al\\\/#organization\",\"name\":\"BLOGIN.al\",\"url\":\"https:\\\/\\\/blogin.al\\\/\",\"logo\":{\"@type\":\"ImageObject\",\"inLanguage\":\"en-US\",\"@id\":\"https:\\\/\\\/blogin.al\\\/#\\\/schema\\\/logo\\\/image\\\/\",\"url\":\"https:\\\/\\\/blogin.al\\\/wp-content\\\/uploads\\\/2022\\\/05\\\/Untitled-2-01-e1652084456514.png\",\"contentUrl\":\"https:\\\/\\\/blogin.al\\\/wp-content\\\/uploads\\\/2022\\\/05\\\/Untitled-2-01-e1652084456514.png\",\"width\":3723,\"height\":1698,\"caption\":\"BLOGIN.al\"},\"image\":{\"@id\":\"https:\\\/\\\/blogin.al\\\/#\\\/schema\\\/logo\\\/image\\\/\"},\"sameAs\":[\"https:\\\/\\\/instagram.com\\\/blogin.al\\\/\"]},{\"@type\":\"Person\",\"@id\":\"https:\\\/\\\/blogin.al\\\/#\\\/schema\\\/person\\\/abdd56bc912cd511db877b852b115399\",\"name\":\"Blogin al\",\"image\":{\"@type\":\"ImageObject\",\"inLanguage\":\"en-US\",\"@id\":\"https:\\\/\\\/secure.gravatar.com\\\/avatar\\\/60d5661aee6e835fb13dc75d2204cd0c1d61bef2efd137c0083e59ef831e235e?s=96&d=mm&r=g\",\"url\":\"https:\\\/\\\/secure.gravatar.com\\\/avatar\\\/60d5661aee6e835fb13dc75d2204cd0c1d61bef2efd137c0083e59ef831e235e?s=96&d=mm&r=g\",\"contentUrl\":\"https:\\\/\\\/secure.gravatar.com\\\/avatar\\\/60d5661aee6e835fb13dc75d2204cd0c1d61bef2efd137c0083e59ef831e235e?s=96&d=mm&r=g\",\"caption\":\"Blogin al\"},\"sameAs\":[\"https:\\\/\\\/blogin.al\"],\"url\":\"https:\\\/\\\/blogin.al\\\/?author=2\"}]}<\/script>\n<!-- \/ Yoast SEO plugin. -->","yoast_head_json":{"title":"\u201cFrik\u00ebsohem \u00e7do dit\u00eb p\u00ebr sh\u00ebndetin t\u00ebnd\u201d, Morena Taraku dedikim prek\u00ebs p\u00ebr t\u00eb atin - blogin.al","robots":{"index":"index","follow":"follow","max-snippet":"max-snippet:-1","max-image-preview":"max-image-preview:large","max-video-preview":"max-video-preview:-1"},"canonical":"https:\/\/blogin.al\/?p=52032","og_locale":"en_US","og_type":"article","og_title":"\u201cFrik\u00ebsohem \u00e7do dit\u00eb p\u00ebr sh\u00ebndetin t\u00ebnd\u201d, Morena Taraku dedikim prek\u00ebs p\u00ebr t\u00eb atin - blogin.al","og_description":"T\u00eb gjith\u00eb e dim\u00eb q\u00eb kur b\u00ebhet fjal\u00eb p\u00ebr familjen, fjal\u00ebt dhe dashuria dalin nga thell\u00ebsia e zemr\u00ebs. E nj\u00ebjta gj\u00eb ka ndodhur dhe me k\u00ebng\u00ebtaren Morena Taraku. Kjo e fundit ka b\u00ebr\u00eb nj\u00eb postim n\u00eb llogarin\u00eb personale t\u00eb Instagram-it, me nj\u00eb dedikim prek\u00ebs p\u00ebr t\u00eb atin e saj, me t\u00eb cilin \u00ebsht\u00eb tep\u00ebr e [&hellip;]","og_url":"https:\/\/blogin.al\/?p=52032","og_site_name":"blogin.al","article_published_time":"2024-10-22T13:37:52+00:00","article_modified_time":"2024-10-22T13:37:54+00:00","og_image":[{"width":1276,"height":1616,"url":"https:\/\/blogin.al\/wp-content\/uploads\/2022\/12\/20221201_165941.jpg","type":"image\/jpeg"}],"author":"Blogin al","twitter_card":"summary_large_image","twitter_misc":{"Written by":"Blogin al","Est. reading time":"2 minutes"},"schema":{"@context":"https:\/\/schema.org","@graph":[{"@type":"Article","@id":"https:\/\/blogin.al\/?p=52032#article","isPartOf":{"@id":"https:\/\/blogin.al\/?p=52032"},"author":{"name":"Blogin al","@id":"https:\/\/blogin.al\/#\/schema\/person\/abdd56bc912cd511db877b852b115399"},"headline":"\u201cFrik\u00ebsohem \u00e7do dit\u00eb p\u00ebr sh\u00ebndetin t\u00ebnd\u201d, Morena Taraku dedikim prek\u00ebs p\u00ebr t\u00eb atin","datePublished":"2024-10-22T13:37:52+00:00","dateModified":"2024-10-22T13:37:54+00:00","mainEntityOfPage":{"@id":"https:\/\/blogin.al\/?p=52032"},"wordCount":231,"publisher":{"@id":"https:\/\/blogin.al\/#organization"},"image":{"@id":"https:\/\/blogin.al\/?p=52032#primaryimage"},"thumbnailUrl":"https:\/\/blogin.al\/wp-content\/uploads\/2022\/12\/20221201_165941.jpg","articleSection":["SHOWBIZ"],"inLanguage":"en-US"},{"@type":"WebPage","@id":"https:\/\/blogin.al\/?p=52032","url":"https:\/\/blogin.al\/?p=52032","name":"\u201cFrik\u00ebsohem \u00e7do dit\u00eb p\u00ebr sh\u00ebndetin t\u00ebnd\u201d, Morena Taraku dedikim prek\u00ebs p\u00ebr t\u00eb atin - blogin.al","isPartOf":{"@id":"https:\/\/blogin.al\/#website"},"primaryImageOfPage":{"@id":"https:\/\/blogin.al\/?p=52032#primaryimage"},"image":{"@id":"https:\/\/blogin.al\/?p=52032#primaryimage"},"thumbnailUrl":"https:\/\/blogin.al\/wp-content\/uploads\/2022\/12\/20221201_165941.jpg","datePublished":"2024-10-22T13:37:52+00:00","dateModified":"2024-10-22T13:37:54+00:00","breadcrumb":{"@id":"https:\/\/blogin.al\/?p=52032#breadcrumb"},"inLanguage":"en-US","potentialAction":[{"@type":"ReadAction","target":["https:\/\/blogin.al\/?p=52032"]}]},{"@type":"ImageObject","inLanguage":"en-US","@id":"https:\/\/blogin.al\/?p=52032#primaryimage","url":"https:\/\/blogin.al\/wp-content\/uploads\/2022\/12\/20221201_165941.jpg","contentUrl":"https:\/\/blogin.al\/wp-content\/uploads\/2022\/12\/20221201_165941.jpg","width":1276,"height":1616},{"@type":"BreadcrumbList","@id":"https:\/\/blogin.al\/?p=52032#breadcrumb","itemListElement":[{"@type":"ListItem","position":1,"name":"Home","item":"https:\/\/blogin.al\/"},{"@type":"ListItem","position":2,"name":"\u201cFrik\u00ebsohem \u00e7do dit\u00eb p\u00ebr sh\u00ebndetin t\u00ebnd\u201d, Morena Taraku dedikim prek\u00ebs p\u00ebr t\u00eb atin"}]},{"@type":"WebSite","@id":"https:\/\/blogin.al\/#website","url":"https:\/\/blogin.al\/","name":"blogin.al","description":"","publisher":{"@id":"https:\/\/blogin.al\/#organization"},"potentialAction":[{"@type":"SearchAction","target":{"@type":"EntryPoint","urlTemplate":"https:\/\/blogin.al\/?s={search_term_string}"},"query-input":{"@type":"PropertyValueSpecification","valueRequired":true,"valueName":"search_term_string"}}],"inLanguage":"en-US"},{"@type":"Organization","@id":"https:\/\/blogin.al\/#organization","name":"BLOGIN.al","url":"https:\/\/blogin.al\/","logo":{"@type":"ImageObject","inLanguage":"en-US","@id":"https:\/\/blogin.al\/#\/schema\/logo\/image\/","url":"https:\/\/blogin.al\/wp-content\/uploads\/2022\/05\/Untitled-2-01-e1652084456514.png","contentUrl":"https:\/\/blogin.al\/wp-content\/uploads\/2022\/05\/Untitled-2-01-e1652084456514.png","width":3723,"height":1698,"caption":"BLOGIN.al"},"image":{"@id":"https:\/\/blogin.al\/#\/schema\/logo\/image\/"},"sameAs":["https:\/\/instagram.com\/blogin.al\/"]},{"@type":"Person","@id":"https:\/\/blogin.al\/#\/schema\/person\/abdd56bc912cd511db877b852b115399","name":"Blogin al","image":{"@type":"ImageObject","inLanguage":"en-US","@id":"https:\/\/secure.gravatar.com\/avatar\/60d5661aee6e835fb13dc75d2204cd0c1d61bef2efd137c0083e59ef831e235e?s=96&d=mm&r=g","url":"https:\/\/secure.gravatar.com\/avatar\/60d5661aee6e835fb13dc75d2204cd0c1d61bef2efd137c0083e59ef831e235e?s=96&d=mm&r=g","contentUrl":"https:\/\/secure.gravatar.com\/avatar\/60d5661aee6e835fb13dc75d2204cd0c1d61bef2efd137c0083e59ef831e235e?s=96&d=mm&r=g","caption":"Blogin al"},"sameAs":["https:\/\/blogin.al"],"url":"https:\/\/blogin.al\/?author=2"}]}},"_links":{"self":[{"href":"https:\/\/blogin.al\/index.php?rest_route=\/wp\/v2\/posts\/52032","targetHints":{"allow":["GET"]}}],"collection":[{"href":"https:\/\/blogin.al\/index.php?rest_route=\/wp\/v2\/posts"}],"about":[{"href":"https:\/\/blogin.al\/index.php?rest_route=\/wp\/v2\/types\/post"}],"author":[{"embeddable":true,"href":"https:\/\/blogin.al\/index.php?rest_route=\/wp\/v2\/users\/2"}],"replies":[{"embeddable":true,"href":"https:\/\/blogin.al\/index.php?rest_route=%2Fwp%2Fv2%2Fcomments&post=52032"}],"version-history":[{"count":1,"href":"https:\/\/blogin.al\/index.php?rest_route=\/wp\/v2\/posts\/52032\/revisions"}],"predecessor-version":[{"id":52033,"href":"https:\/\/blogin.al\/index.php?rest_route=\/wp\/v2\/posts\/52032\/revisions\/52033"}],"wp:featuredmedia":[{"embeddable":true,"href":"https:\/\/blogin.al\/index.php?rest_route=\/wp\/v2\/media\/19174"}],"wp:attachment":[{"href":"https:\/\/blogin.al\/index.php?rest_route=%2Fwp%2Fv2%2Fmedia&parent=52032"}],"wp:term":[{"taxonomy":"category","embeddable":true,"href":"https:\/\/blogin.al\/index.php?rest_route=%2Fwp%2Fv2%2Fcategories&post=52032"},{"taxonomy":"post_tag","embeddable":true,"href":"https:\/\/blogin.al\/index.php?rest_route=%2Fwp%2Fv2%2Ftags&post=52032"}],"curies":[{"name":"wp","href":"https:\/\/api.w.org\/{rel}","templated":true}]}}