{"id":52276,"date":"2024-11-03T14:00:57","date_gmt":"2024-11-03T14:00:57","guid":{"rendered":"https:\/\/blogin.al\/?p=52276"},"modified":"2024-11-03T14:08:12","modified_gmt":"2024-11-03T14:08:12","slug":"cfare-raporti-ka-vajza-e-saj-me-meritonin-ilnisa-rrefen-planet-per-zgjerimin-e-familjes","status":"publish","type":"post","link":"https:\/\/blogin.al\/?p=52276","title":{"rendered":"\u00c7far\u00eb raporti ka vajza e saj me Meritonin? Ilnisa rr\u00ebfen planet p\u00ebr zgjerimin e familjes"},"content":{"rendered":"\n<p>Gazetarja e njohur, Ilnisa Agolli, ishte mbr\u00ebm\u00eb e ftuar n\u00eb emisionin \u201cGoca dhe Gra\u201d n\u00eb Top Channel, ku foli pak p\u00ebr jet\u00ebn e saj private.<\/p>\n\n\n\n<p>Ish-banorja e edicionit t\u00eb tret\u00eb t\u00eb \u201cBig Brother VIP\u201d hodhi posht\u00eb thashethemet se ajo dhe Meriton Mjekiqi jan\u00eb ndar\u00eb.<\/p>\n\n\n\n<p>Por jo vet\u00ebm kaq, pasi Ilnisa tregoi se \u00e7far\u00eb raporti ka vajza e saj me moderatorin e njohur. Sipas Agollit, e bija ka nj\u00eb vend ku zgjedh t\u00eb shkoj\u00eb vet\u00ebm me Meritonin.<\/p>\n\n\n\n<p>Nd\u00ebrsa e pyetur n\u00ebse kan\u00eb n\u00eb plane p\u00ebr t\u00eb zgjeruar familjen, Ilnisa u shpreh se p\u00ebr momentin jo, p\u00ebr shkak t\u00eb angazhimeve q\u00eb kan\u00eb t\u00eb dy.<\/p>\n\n\n\n<p><strong><em>Pjes\u00eb nga intervista:<\/em><\/strong><\/p>\n\n\n\n<p>Si e ke shkruar emrin e Meritonit n\u00eb telefon?<\/p>\n\n\n\n<p><strong>Jeta jem<\/strong><\/p>\n\n\n\n<p><em>Me zem\u00ebr t\u00eb kuqe mbrapa?<\/em><\/p>\n\n\n\n<p>T\u00eb bardh\u00eb<\/p>\n\n\n\n<p><em>Po vajza me Meritonin \u00e7far\u00eb marr\u00ebdh\u00ebnie ka?<\/em><\/p>\n\n\n\n<p><strong>Jan\u00eb shum\u00eb shok\u00eb<\/strong><\/p>\n\n\n\n<p><em>Ku zgjedh ajo q\u00eb t\u2019a shoq\u00ebroj\u00eb Meritoni dhe jo ti?<\/em><\/p>\n\n\n\n<p><strong>T\u00eb b\u00ebj publicitet n\u00ebse e them. Po ka nj\u00eb vend.<\/strong><\/p>\n\n\n\n<p><em>Keni plane p\u00ebr t\u00eb zgjeruar familjen?<\/em><\/p>\n\n\n\n<p><strong>P\u00ebr momentin jemi t\u00eb dy t\u00eb p\u00ebrkushtuar n\u00eb nism\u00ebn ton\u00eb t\u00eb re q\u00eb kemi marr\u00eb. Ai me nj\u00eb projektin q\u00eb do t\u2019a thot\u00eb vet\u00eb m\u00eb von\u00eb, dhe un\u00eb me timin. Ndoshta m\u00eb von\u00eb.<\/strong><\/p>\n","protected":false},"excerpt":{"rendered":"<p>Gazetarja e njohur, Ilnisa Agolli, ishte mbr\u00ebm\u00eb e ftuar n\u00eb emisionin \u201cGoca dhe Gra\u201d n\u00eb Top Channel, ku foli pak p\u00ebr jet\u00ebn e saj private. Ish-banorja e edicionit t\u00eb tret\u00eb t\u00eb \u201cBig Brother VIP\u201d hodhi posht\u00eb thashethemet se ajo dhe Meriton Mjekiqi jan\u00eb ndar\u00eb. Por jo vet\u00ebm kaq, pasi Ilnisa tregoi se \u00e7far\u00eb raporti ka [&hellip;]<\/p>\n","protected":false},"author":2,"featured_media":52281,"comment_status":"closed","ping_status":"closed","sticky":false,"template":"","format":"standard","meta":{"footnotes":""},"categories":[33],"tags":[],"class_list":{"0":"post-52276","1":"post","2":"type-post","3":"status-publish","4":"format-standard","5":"has-post-thumbnail","7":"category-showbiz"},"yoast_head":"<!-- This site is optimized with the Yoast SEO plugin v27.5 - https:\/\/yoast.com\/product\/yoast-seo-wordpress\/ -->\n<title>\u00c7far\u00eb raporti ka vajza e saj me Meritonin? Ilnisa rr\u00ebfen planet p\u00ebr zgjerimin e familjes - blogin.al<\/title>\n<meta name=\"robots\" content=\"index, follow, max-snippet:-1, max-image-preview:large, max-video-preview:-1\" \/>\n<link rel=\"canonical\" href=\"https:\/\/blogin.al\/?p=52276\" \/>\n<meta property=\"og:locale\" content=\"en_US\" \/>\n<meta property=\"og:type\" content=\"article\" \/>\n<meta property=\"og:title\" content=\"\u00c7far\u00eb raporti ka vajza e saj me Meritonin? Ilnisa rr\u00ebfen planet p\u00ebr zgjerimin e familjes - blogin.al\" \/>\n<meta property=\"og:description\" content=\"Gazetarja e njohur, Ilnisa Agolli, ishte mbr\u00ebm\u00eb e ftuar n\u00eb emisionin \u201cGoca dhe Gra\u201d n\u00eb Top Channel, ku foli pak p\u00ebr jet\u00ebn e saj private. Ish-banorja e edicionit t\u00eb tret\u00eb t\u00eb \u201cBig Brother VIP\u201d hodhi posht\u00eb thashethemet se ajo dhe Meriton Mjekiqi jan\u00eb ndar\u00eb. Por jo vet\u00ebm kaq, pasi Ilnisa tregoi se \u00e7far\u00eb raporti ka [&hellip;]\" \/>\n<meta property=\"og:url\" content=\"https:\/\/blogin.al\/?p=52276\" \/>\n<meta property=\"og:site_name\" content=\"blogin.al\" \/>\n<meta property=\"article:published_time\" content=\"2024-11-03T14:00:57+00:00\" \/>\n<meta property=\"article:modified_time\" content=\"2024-11-03T14:08:12+00:00\" \/>\n<meta property=\"og:image\" content=\"https:\/\/blogin.al\/wp-content\/uploads\/2024\/11\/images.jpeg\" \/>\n\t<meta property=\"og:image:width\" content=\"201\" \/>\n\t<meta property=\"og:image:height\" content=\"251\" \/>\n\t<meta property=\"og:image:type\" content=\"image\/jpeg\" \/>\n<meta name=\"author\" content=\"Blogin al\" \/>\n<meta name=\"twitter:card\" content=\"summary_large_image\" \/>\n<meta name=\"twitter:label1\" content=\"Written by\" \/>\n\t<meta name=\"twitter:data1\" content=\"Blogin al\" \/>\n\t<meta name=\"twitter:label2\" content=\"Est. reading time\" \/>\n\t<meta name=\"twitter:data2\" content=\"1 minute\" \/>\n<script type=\"application\/ld+json\" class=\"yoast-schema-graph\">{\"@context\":\"https:\\\/\\\/schema.org\",\"@graph\":[{\"@type\":\"Article\",\"@id\":\"https:\\\/\\\/blogin.al\\\/?p=52276#article\",\"isPartOf\":{\"@id\":\"https:\\\/\\\/blogin.al\\\/?p=52276\"},\"author\":{\"name\":\"Blogin al\",\"@id\":\"https:\\\/\\\/blogin.al\\\/#\\\/schema\\\/person\\\/abdd56bc912cd511db877b852b115399\"},\"headline\":\"\u00c7far\u00eb raporti ka vajza e saj me Meritonin? Ilnisa rr\u00ebfen planet p\u00ebr zgjerimin e familjes\",\"datePublished\":\"2024-11-03T14:00:57+00:00\",\"dateModified\":\"2024-11-03T14:08:12+00:00\",\"mainEntityOfPage\":{\"@id\":\"https:\\\/\\\/blogin.al\\\/?p=52276\"},\"wordCount\":231,\"publisher\":{\"@id\":\"https:\\\/\\\/blogin.al\\\/#organization\"},\"image\":{\"@id\":\"https:\\\/\\\/blogin.al\\\/?p=52276#primaryimage\"},\"thumbnailUrl\":\"https:\\\/\\\/blogin.al\\\/wp-content\\\/uploads\\\/2024\\\/11\\\/images.jpeg\",\"articleSection\":[\"SHOWBIZ\"],\"inLanguage\":\"en-US\"},{\"@type\":\"WebPage\",\"@id\":\"https:\\\/\\\/blogin.al\\\/?p=52276\",\"url\":\"https:\\\/\\\/blogin.al\\\/?p=52276\",\"name\":\"\u00c7far\u00eb raporti ka vajza e saj me Meritonin? Ilnisa rr\u00ebfen planet p\u00ebr zgjerimin e familjes - blogin.al\",\"isPartOf\":{\"@id\":\"https:\\\/\\\/blogin.al\\\/#website\"},\"primaryImageOfPage\":{\"@id\":\"https:\\\/\\\/blogin.al\\\/?p=52276#primaryimage\"},\"image\":{\"@id\":\"https:\\\/\\\/blogin.al\\\/?p=52276#primaryimage\"},\"thumbnailUrl\":\"https:\\\/\\\/blogin.al\\\/wp-content\\\/uploads\\\/2024\\\/11\\\/images.jpeg\",\"datePublished\":\"2024-11-03T14:00:57+00:00\",\"dateModified\":\"2024-11-03T14:08:12+00:00\",\"breadcrumb\":{\"@id\":\"https:\\\/\\\/blogin.al\\\/?p=52276#breadcrumb\"},\"inLanguage\":\"en-US\",\"potentialAction\":[{\"@type\":\"ReadAction\",\"target\":[\"https:\\\/\\\/blogin.al\\\/?p=52276\"]}]},{\"@type\":\"ImageObject\",\"inLanguage\":\"en-US\",\"@id\":\"https:\\\/\\\/blogin.al\\\/?p=52276#primaryimage\",\"url\":\"https:\\\/\\\/blogin.al\\\/wp-content\\\/uploads\\\/2024\\\/11\\\/images.jpeg\",\"contentUrl\":\"https:\\\/\\\/blogin.al\\\/wp-content\\\/uploads\\\/2024\\\/11\\\/images.jpeg\",\"width\":201,\"height\":251},{\"@type\":\"BreadcrumbList\",\"@id\":\"https:\\\/\\\/blogin.al\\\/?p=52276#breadcrumb\",\"itemListElement\":[{\"@type\":\"ListItem\",\"position\":1,\"name\":\"Home\",\"item\":\"https:\\\/\\\/blogin.al\\\/\"},{\"@type\":\"ListItem\",\"position\":2,\"name\":\"\u00c7far\u00eb raporti ka vajza e saj me Meritonin? Ilnisa rr\u00ebfen planet p\u00ebr zgjerimin e familjes\"}]},{\"@type\":\"WebSite\",\"@id\":\"https:\\\/\\\/blogin.al\\\/#website\",\"url\":\"https:\\\/\\\/blogin.al\\\/\",\"name\":\"blogin.al\",\"description\":\"\",\"publisher\":{\"@id\":\"https:\\\/\\\/blogin.al\\\/#organization\"},\"potentialAction\":[{\"@type\":\"SearchAction\",\"target\":{\"@type\":\"EntryPoint\",\"urlTemplate\":\"https:\\\/\\\/blogin.al\\\/?s={search_term_string}\"},\"query-input\":{\"@type\":\"PropertyValueSpecification\",\"valueRequired\":true,\"valueName\":\"search_term_string\"}}],\"inLanguage\":\"en-US\"},{\"@type\":\"Organization\",\"@id\":\"https:\\\/\\\/blogin.al\\\/#organization\",\"name\":\"BLOGIN.al\",\"url\":\"https:\\\/\\\/blogin.al\\\/\",\"logo\":{\"@type\":\"ImageObject\",\"inLanguage\":\"en-US\",\"@id\":\"https:\\\/\\\/blogin.al\\\/#\\\/schema\\\/logo\\\/image\\\/\",\"url\":\"https:\\\/\\\/blogin.al\\\/wp-content\\\/uploads\\\/2022\\\/05\\\/Untitled-2-01-e1652084456514.png\",\"contentUrl\":\"https:\\\/\\\/blogin.al\\\/wp-content\\\/uploads\\\/2022\\\/05\\\/Untitled-2-01-e1652084456514.png\",\"width\":3723,\"height\":1698,\"caption\":\"BLOGIN.al\"},\"image\":{\"@id\":\"https:\\\/\\\/blogin.al\\\/#\\\/schema\\\/logo\\\/image\\\/\"},\"sameAs\":[\"https:\\\/\\\/instagram.com\\\/blogin.al\\\/\"]},{\"@type\":\"Person\",\"@id\":\"https:\\\/\\\/blogin.al\\\/#\\\/schema\\\/person\\\/abdd56bc912cd511db877b852b115399\",\"name\":\"Blogin al\",\"image\":{\"@type\":\"ImageObject\",\"inLanguage\":\"en-US\",\"@id\":\"https:\\\/\\\/secure.gravatar.com\\\/avatar\\\/60d5661aee6e835fb13dc75d2204cd0c1d61bef2efd137c0083e59ef831e235e?s=96&d=mm&r=g\",\"url\":\"https:\\\/\\\/secure.gravatar.com\\\/avatar\\\/60d5661aee6e835fb13dc75d2204cd0c1d61bef2efd137c0083e59ef831e235e?s=96&d=mm&r=g\",\"contentUrl\":\"https:\\\/\\\/secure.gravatar.com\\\/avatar\\\/60d5661aee6e835fb13dc75d2204cd0c1d61bef2efd137c0083e59ef831e235e?s=96&d=mm&r=g\",\"caption\":\"Blogin al\"},\"sameAs\":[\"https:\\\/\\\/blogin.al\"],\"url\":\"https:\\\/\\\/blogin.al\\\/?author=2\"}]}<\/script>\n<!-- \/ Yoast SEO plugin. -->","yoast_head_json":{"title":"\u00c7far\u00eb raporti ka vajza e saj me Meritonin? Ilnisa rr\u00ebfen planet p\u00ebr zgjerimin e familjes - blogin.al","robots":{"index":"index","follow":"follow","max-snippet":"max-snippet:-1","max-image-preview":"max-image-preview:large","max-video-preview":"max-video-preview:-1"},"canonical":"https:\/\/blogin.al\/?p=52276","og_locale":"en_US","og_type":"article","og_title":"\u00c7far\u00eb raporti ka vajza e saj me Meritonin? Ilnisa rr\u00ebfen planet p\u00ebr zgjerimin e familjes - blogin.al","og_description":"Gazetarja e njohur, Ilnisa Agolli, ishte mbr\u00ebm\u00eb e ftuar n\u00eb emisionin \u201cGoca dhe Gra\u201d n\u00eb Top Channel, ku foli pak p\u00ebr jet\u00ebn e saj private. Ish-banorja e edicionit t\u00eb tret\u00eb t\u00eb \u201cBig Brother VIP\u201d hodhi posht\u00eb thashethemet se ajo dhe Meriton Mjekiqi jan\u00eb ndar\u00eb. Por jo vet\u00ebm kaq, pasi Ilnisa tregoi se \u00e7far\u00eb raporti ka [&hellip;]","og_url":"https:\/\/blogin.al\/?p=52276","og_site_name":"blogin.al","article_published_time":"2024-11-03T14:00:57+00:00","article_modified_time":"2024-11-03T14:08:12+00:00","og_image":[{"width":201,"height":251,"url":"https:\/\/blogin.al\/wp-content\/uploads\/2024\/11\/images.jpeg","type":"image\/jpeg"}],"author":"Blogin al","twitter_card":"summary_large_image","twitter_misc":{"Written by":"Blogin al","Est. reading time":"1 minute"},"schema":{"@context":"https:\/\/schema.org","@graph":[{"@type":"Article","@id":"https:\/\/blogin.al\/?p=52276#article","isPartOf":{"@id":"https:\/\/blogin.al\/?p=52276"},"author":{"name":"Blogin al","@id":"https:\/\/blogin.al\/#\/schema\/person\/abdd56bc912cd511db877b852b115399"},"headline":"\u00c7far\u00eb raporti ka vajza e saj me Meritonin? Ilnisa rr\u00ebfen planet p\u00ebr zgjerimin e familjes","datePublished":"2024-11-03T14:00:57+00:00","dateModified":"2024-11-03T14:08:12+00:00","mainEntityOfPage":{"@id":"https:\/\/blogin.al\/?p=52276"},"wordCount":231,"publisher":{"@id":"https:\/\/blogin.al\/#organization"},"image":{"@id":"https:\/\/blogin.al\/?p=52276#primaryimage"},"thumbnailUrl":"https:\/\/blogin.al\/wp-content\/uploads\/2024\/11\/images.jpeg","articleSection":["SHOWBIZ"],"inLanguage":"en-US"},{"@type":"WebPage","@id":"https:\/\/blogin.al\/?p=52276","url":"https:\/\/blogin.al\/?p=52276","name":"\u00c7far\u00eb raporti ka vajza e saj me Meritonin? Ilnisa rr\u00ebfen planet p\u00ebr zgjerimin e familjes - blogin.al","isPartOf":{"@id":"https:\/\/blogin.al\/#website"},"primaryImageOfPage":{"@id":"https:\/\/blogin.al\/?p=52276#primaryimage"},"image":{"@id":"https:\/\/blogin.al\/?p=52276#primaryimage"},"thumbnailUrl":"https:\/\/blogin.al\/wp-content\/uploads\/2024\/11\/images.jpeg","datePublished":"2024-11-03T14:00:57+00:00","dateModified":"2024-11-03T14:08:12+00:00","breadcrumb":{"@id":"https:\/\/blogin.al\/?p=52276#breadcrumb"},"inLanguage":"en-US","potentialAction":[{"@type":"ReadAction","target":["https:\/\/blogin.al\/?p=52276"]}]},{"@type":"ImageObject","inLanguage":"en-US","@id":"https:\/\/blogin.al\/?p=52276#primaryimage","url":"https:\/\/blogin.al\/wp-content\/uploads\/2024\/11\/images.jpeg","contentUrl":"https:\/\/blogin.al\/wp-content\/uploads\/2024\/11\/images.jpeg","width":201,"height":251},{"@type":"BreadcrumbList","@id":"https:\/\/blogin.al\/?p=52276#breadcrumb","itemListElement":[{"@type":"ListItem","position":1,"name":"Home","item":"https:\/\/blogin.al\/"},{"@type":"ListItem","position":2,"name":"\u00c7far\u00eb raporti ka vajza e saj me Meritonin? Ilnisa rr\u00ebfen planet p\u00ebr zgjerimin e familjes"}]},{"@type":"WebSite","@id":"https:\/\/blogin.al\/#website","url":"https:\/\/blogin.al\/","name":"blogin.al","description":"","publisher":{"@id":"https:\/\/blogin.al\/#organization"},"potentialAction":[{"@type":"SearchAction","target":{"@type":"EntryPoint","urlTemplate":"https:\/\/blogin.al\/?s={search_term_string}"},"query-input":{"@type":"PropertyValueSpecification","valueRequired":true,"valueName":"search_term_string"}}],"inLanguage":"en-US"},{"@type":"Organization","@id":"https:\/\/blogin.al\/#organization","name":"BLOGIN.al","url":"https:\/\/blogin.al\/","logo":{"@type":"ImageObject","inLanguage":"en-US","@id":"https:\/\/blogin.al\/#\/schema\/logo\/image\/","url":"https:\/\/blogin.al\/wp-content\/uploads\/2022\/05\/Untitled-2-01-e1652084456514.png","contentUrl":"https:\/\/blogin.al\/wp-content\/uploads\/2022\/05\/Untitled-2-01-e1652084456514.png","width":3723,"height":1698,"caption":"BLOGIN.al"},"image":{"@id":"https:\/\/blogin.al\/#\/schema\/logo\/image\/"},"sameAs":["https:\/\/instagram.com\/blogin.al\/"]},{"@type":"Person","@id":"https:\/\/blogin.al\/#\/schema\/person\/abdd56bc912cd511db877b852b115399","name":"Blogin al","image":{"@type":"ImageObject","inLanguage":"en-US","@id":"https:\/\/secure.gravatar.com\/avatar\/60d5661aee6e835fb13dc75d2204cd0c1d61bef2efd137c0083e59ef831e235e?s=96&d=mm&r=g","url":"https:\/\/secure.gravatar.com\/avatar\/60d5661aee6e835fb13dc75d2204cd0c1d61bef2efd137c0083e59ef831e235e?s=96&d=mm&r=g","contentUrl":"https:\/\/secure.gravatar.com\/avatar\/60d5661aee6e835fb13dc75d2204cd0c1d61bef2efd137c0083e59ef831e235e?s=96&d=mm&r=g","caption":"Blogin al"},"sameAs":["https:\/\/blogin.al"],"url":"https:\/\/blogin.al\/?author=2"}]}},"_links":{"self":[{"href":"https:\/\/blogin.al\/index.php?rest_route=\/wp\/v2\/posts\/52276","targetHints":{"allow":["GET"]}}],"collection":[{"href":"https:\/\/blogin.al\/index.php?rest_route=\/wp\/v2\/posts"}],"about":[{"href":"https:\/\/blogin.al\/index.php?rest_route=\/wp\/v2\/types\/post"}],"author":[{"embeddable":true,"href":"https:\/\/blogin.al\/index.php?rest_route=\/wp\/v2\/users\/2"}],"replies":[{"embeddable":true,"href":"https:\/\/blogin.al\/index.php?rest_route=%2Fwp%2Fv2%2Fcomments&post=52276"}],"version-history":[{"count":1,"href":"https:\/\/blogin.al\/index.php?rest_route=\/wp\/v2\/posts\/52276\/revisions"}],"predecessor-version":[{"id":52277,"href":"https:\/\/blogin.al\/index.php?rest_route=\/wp\/v2\/posts\/52276\/revisions\/52277"}],"wp:featuredmedia":[{"embeddable":true,"href":"https:\/\/blogin.al\/index.php?rest_route=\/wp\/v2\/media\/52281"}],"wp:attachment":[{"href":"https:\/\/blogin.al\/index.php?rest_route=%2Fwp%2Fv2%2Fmedia&parent=52276"}],"wp:term":[{"taxonomy":"category","embeddable":true,"href":"https:\/\/blogin.al\/index.php?rest_route=%2Fwp%2Fv2%2Fcategories&post=52276"},{"taxonomy":"post_tag","embeddable":true,"href":"https:\/\/blogin.al\/index.php?rest_route=%2Fwp%2Fv2%2Ftags&post=52276"}],"curies":[{"name":"wp","href":"https:\/\/api.w.org\/{rel}","templated":true}]}}