{"id":52329,"date":"2024-11-05T12:06:44","date_gmt":"2024-11-05T12:06:44","guid":{"rendered":"https:\/\/blogin.al\/u-rikthye-ne-krahet-e-saj-pas-shume-ndarjeve-stine-rrefen-dashurine-me-bashkeshorten\/"},"modified":"2024-11-05T14:20:02","modified_gmt":"2024-11-05T14:20:02","slug":"u-rikthye-ne-krahet-e-saj-pas-shume-ndarjeve-stine-rrefen-dashurine-me-bashkeshorten","status":"publish","type":"post","link":"https:\/\/blogin.al\/?p=52329","title":{"rendered":"U rikthye n\u00eb krah\u00ebt e saj pas shum\u00eb ndarjeve, Stine rr\u00ebfen historin e dashuris\u00eb me bashk\u00ebshorten"},"content":{"rendered":"\n<p>K\u00ebng\u00ebtari i njohur Stine ka folur p\u00ebr marr\u00ebdh\u00ebnien me bashk\u00ebshorten, Graciela, lidhje e cila \u00ebsht\u00eb shoq\u00ebruar me ulje dhe ngritje, ku \u00e7ifti jan\u00eb ndar\u00eb shpeshher\u00eb, por s\u00ebrish kan\u00eb gjetur rrug\u00ebn tek nj\u00ebri-tjetri.<\/p>\n\n\n\n<p>Teksa u pyet nga moderatorja se pse projekti i tiji fundit mban emrin \u201cE treta e v\u00ebrteta\u201d k\u00ebng\u00ebtari u shpreh se e ka finalizuar tashm\u00eb dashurin\u00eb e tij.<\/p>\n\n\n\n<p><em>\u201cE treta e v\u00ebrteta, \u00ebsht\u00eb ajo q\u00eb \u00ebsht\u00eb. Graciela \u00ebsht\u00eb e treta nga dashurit\u00eb e m\u00ebdha q\u00eb kam pasur\u201d<\/em>, tha Stine.<\/p>\n\n\n\n<p>Nd\u00ebr t\u00eb tjera Stine ka treguar nj\u00eb aksident t\u00eb b\u00ebr\u00eb disa koh\u00eb me Graciel\u00ebn.<\/p>\n\n\n\n<p>Ai \u00ebsht\u00eb shprehur se asaj kohe ishin shok\u00eb dhe nd\u00ebrkoh\u00eb Gracilea ishte duke e ndjekur me makin\u00eb fshehur. N\u00eb nj\u00eb moment teksa k\u00ebng\u00ebtari&nbsp;ka frenuar para nj\u00eb puset\u00eb ajo i ka r\u00ebn\u00eb nga mbrapa.<\/p>\n\n\n\n<p>\u201c<em>B\u00ebnte ndjekjet at\u00eb koh\u00eb si formula uno, m\u00eb del nj\u00eb puset para dhe frenoj un\u00eb vet\u00ebm kur m\u00eb bie nga mbrapa. Thash kush m\u00eb ra. Dal nga makina shih un\u00eb, Graciela. M\u00eb fal m\u00eb tha doja t\u00eb t\u00eb ndiqja jo t\u2019i bija makin\u00ebs,\u201d u shpreh ai.<\/em><\/p>\n","protected":false},"excerpt":{"rendered":"<p>K\u00ebng\u00ebtari i njohur Stine ka folur p\u00ebr marr\u00ebdh\u00ebnien me bashk\u00ebshorten, Graciela, lidhje e cila \u00ebsht\u00eb shoq\u00ebruar me ulje dhe ngritje, ku \u00e7ifti jan\u00eb ndar\u00eb shpeshher\u00eb, por s\u00ebrish kan\u00eb gjetur rrug\u00ebn tek nj\u00ebri-tjetri. Teksa u pyet nga moderatorja se pse projekti i tiji fundit mban emrin \u201cE treta e v\u00ebrteta\u201d k\u00ebng\u00ebtari u shpreh se e ka [&hellip;]<\/p>\n","protected":false},"author":2,"featured_media":52328,"comment_status":"open","ping_status":"open","sticky":false,"template":"","format":"standard","meta":{"footnotes":""},"categories":[33],"tags":[],"class_list":{"0":"post-52329","1":"post","2":"type-post","3":"status-publish","4":"format-standard","5":"has-post-thumbnail","7":"category-showbiz"},"yoast_head":"<!-- This site is optimized with the Yoast SEO plugin v27.5 - https:\/\/yoast.com\/product\/yoast-seo-wordpress\/ -->\n<title>U rikthye n\u00eb krah\u00ebt e saj pas shum\u00eb ndarjeve, Stine rr\u00ebfen historin e dashuris\u00eb me bashk\u00ebshorten - blogin.al<\/title>\n<meta name=\"robots\" content=\"index, follow, max-snippet:-1, max-image-preview:large, max-video-preview:-1\" \/>\n<link rel=\"canonical\" href=\"https:\/\/blogin.al\/?p=52329\" \/>\n<meta property=\"og:locale\" content=\"en_US\" \/>\n<meta property=\"og:type\" content=\"article\" \/>\n<meta property=\"og:title\" content=\"U rikthye n\u00eb krah\u00ebt e saj pas shum\u00eb ndarjeve, Stine rr\u00ebfen historin e dashuris\u00eb me bashk\u00ebshorten - blogin.al\" \/>\n<meta property=\"og:description\" content=\"K\u00ebng\u00ebtari i njohur Stine ka folur p\u00ebr marr\u00ebdh\u00ebnien me bashk\u00ebshorten, Graciela, lidhje e cila \u00ebsht\u00eb shoq\u00ebruar me ulje dhe ngritje, ku \u00e7ifti jan\u00eb ndar\u00eb shpeshher\u00eb, por s\u00ebrish kan\u00eb gjetur rrug\u00ebn tek nj\u00ebri-tjetri. Teksa u pyet nga moderatorja se pse projekti i tiji fundit mban emrin \u201cE treta e v\u00ebrteta\u201d k\u00ebng\u00ebtari u shpreh se e ka [&hellip;]\" \/>\n<meta property=\"og:url\" content=\"https:\/\/blogin.al\/?p=52329\" \/>\n<meta property=\"og:site_name\" content=\"blogin.al\" \/>\n<meta property=\"article:published_time\" content=\"2024-11-05T12:06:44+00:00\" \/>\n<meta property=\"article:modified_time\" content=\"2024-11-05T14:20:02+00:00\" \/>\n<meta property=\"og:image\" content=\"https:\/\/blogin.al\/wp-content\/uploads\/2024\/11\/stine-graciela.jpg\" \/>\n\t<meta property=\"og:image:width\" content=\"640\" \/>\n\t<meta property=\"og:image:height\" content=\"641\" \/>\n\t<meta property=\"og:image:type\" content=\"image\/jpeg\" \/>\n<meta name=\"author\" content=\"Blogin al\" \/>\n<meta name=\"twitter:card\" content=\"summary_large_image\" \/>\n<meta name=\"twitter:label1\" content=\"Written by\" \/>\n\t<meta name=\"twitter:data1\" content=\"Blogin al\" \/>\n\t<meta name=\"twitter:label2\" content=\"Est. reading time\" \/>\n\t<meta name=\"twitter:data2\" content=\"1 minute\" \/>\n<script type=\"application\/ld+json\" class=\"yoast-schema-graph\">{\"@context\":\"https:\\\/\\\/schema.org\",\"@graph\":[{\"@type\":\"Article\",\"@id\":\"https:\\\/\\\/blogin.al\\\/?p=52329#article\",\"isPartOf\":{\"@id\":\"https:\\\/\\\/blogin.al\\\/?p=52329\"},\"author\":{\"name\":\"Blogin al\",\"@id\":\"https:\\\/\\\/blogin.al\\\/#\\\/schema\\\/person\\\/abdd56bc912cd511db877b852b115399\"},\"headline\":\"U rikthye n\u00eb krah\u00ebt e saj pas shum\u00eb ndarjeve, Stine rr\u00ebfen historin e dashuris\u00eb me bashk\u00ebshorten\",\"datePublished\":\"2024-11-05T12:06:44+00:00\",\"dateModified\":\"2024-11-05T14:20:02+00:00\",\"mainEntityOfPage\":{\"@id\":\"https:\\\/\\\/blogin.al\\\/?p=52329\"},\"wordCount\":221,\"commentCount\":0,\"publisher\":{\"@id\":\"https:\\\/\\\/blogin.al\\\/#organization\"},\"image\":{\"@id\":\"https:\\\/\\\/blogin.al\\\/?p=52329#primaryimage\"},\"thumbnailUrl\":\"https:\\\/\\\/blogin.al\\\/wp-content\\\/uploads\\\/2024\\\/11\\\/stine-graciela.jpg\",\"articleSection\":[\"SHOWBIZ\"],\"inLanguage\":\"en-US\",\"potentialAction\":[{\"@type\":\"CommentAction\",\"name\":\"Comment\",\"target\":[\"https:\\\/\\\/blogin.al\\\/?p=52329#respond\"]}]},{\"@type\":\"WebPage\",\"@id\":\"https:\\\/\\\/blogin.al\\\/?p=52329\",\"url\":\"https:\\\/\\\/blogin.al\\\/?p=52329\",\"name\":\"U rikthye n\u00eb krah\u00ebt e saj pas shum\u00eb ndarjeve, Stine rr\u00ebfen historin e dashuris\u00eb me bashk\u00ebshorten - blogin.al\",\"isPartOf\":{\"@id\":\"https:\\\/\\\/blogin.al\\\/#website\"},\"primaryImageOfPage\":{\"@id\":\"https:\\\/\\\/blogin.al\\\/?p=52329#primaryimage\"},\"image\":{\"@id\":\"https:\\\/\\\/blogin.al\\\/?p=52329#primaryimage\"},\"thumbnailUrl\":\"https:\\\/\\\/blogin.al\\\/wp-content\\\/uploads\\\/2024\\\/11\\\/stine-graciela.jpg\",\"datePublished\":\"2024-11-05T12:06:44+00:00\",\"dateModified\":\"2024-11-05T14:20:02+00:00\",\"breadcrumb\":{\"@id\":\"https:\\\/\\\/blogin.al\\\/?p=52329#breadcrumb\"},\"inLanguage\":\"en-US\",\"potentialAction\":[{\"@type\":\"ReadAction\",\"target\":[\"https:\\\/\\\/blogin.al\\\/?p=52329\"]}]},{\"@type\":\"ImageObject\",\"inLanguage\":\"en-US\",\"@id\":\"https:\\\/\\\/blogin.al\\\/?p=52329#primaryimage\",\"url\":\"https:\\\/\\\/blogin.al\\\/wp-content\\\/uploads\\\/2024\\\/11\\\/stine-graciela.jpg\",\"contentUrl\":\"https:\\\/\\\/blogin.al\\\/wp-content\\\/uploads\\\/2024\\\/11\\\/stine-graciela.jpg\",\"width\":640,\"height\":641},{\"@type\":\"BreadcrumbList\",\"@id\":\"https:\\\/\\\/blogin.al\\\/?p=52329#breadcrumb\",\"itemListElement\":[{\"@type\":\"ListItem\",\"position\":1,\"name\":\"Home\",\"item\":\"https:\\\/\\\/blogin.al\\\/\"},{\"@type\":\"ListItem\",\"position\":2,\"name\":\"U rikthye n\u00eb krah\u00ebt e saj pas shum\u00eb ndarjeve, Stine rr\u00ebfen historin e dashuris\u00eb me bashk\u00ebshorten\"}]},{\"@type\":\"WebSite\",\"@id\":\"https:\\\/\\\/blogin.al\\\/#website\",\"url\":\"https:\\\/\\\/blogin.al\\\/\",\"name\":\"blogin.al\",\"description\":\"\",\"publisher\":{\"@id\":\"https:\\\/\\\/blogin.al\\\/#organization\"},\"potentialAction\":[{\"@type\":\"SearchAction\",\"target\":{\"@type\":\"EntryPoint\",\"urlTemplate\":\"https:\\\/\\\/blogin.al\\\/?s={search_term_string}\"},\"query-input\":{\"@type\":\"PropertyValueSpecification\",\"valueRequired\":true,\"valueName\":\"search_term_string\"}}],\"inLanguage\":\"en-US\"},{\"@type\":\"Organization\",\"@id\":\"https:\\\/\\\/blogin.al\\\/#organization\",\"name\":\"BLOGIN.al\",\"url\":\"https:\\\/\\\/blogin.al\\\/\",\"logo\":{\"@type\":\"ImageObject\",\"inLanguage\":\"en-US\",\"@id\":\"https:\\\/\\\/blogin.al\\\/#\\\/schema\\\/logo\\\/image\\\/\",\"url\":\"https:\\\/\\\/blogin.al\\\/wp-content\\\/uploads\\\/2022\\\/05\\\/Untitled-2-01-e1652084456514.png\",\"contentUrl\":\"https:\\\/\\\/blogin.al\\\/wp-content\\\/uploads\\\/2022\\\/05\\\/Untitled-2-01-e1652084456514.png\",\"width\":3723,\"height\":1698,\"caption\":\"BLOGIN.al\"},\"image\":{\"@id\":\"https:\\\/\\\/blogin.al\\\/#\\\/schema\\\/logo\\\/image\\\/\"},\"sameAs\":[\"https:\\\/\\\/instagram.com\\\/blogin.al\\\/\"]},{\"@type\":\"Person\",\"@id\":\"https:\\\/\\\/blogin.al\\\/#\\\/schema\\\/person\\\/abdd56bc912cd511db877b852b115399\",\"name\":\"Blogin al\",\"image\":{\"@type\":\"ImageObject\",\"inLanguage\":\"en-US\",\"@id\":\"https:\\\/\\\/secure.gravatar.com\\\/avatar\\\/60d5661aee6e835fb13dc75d2204cd0c1d61bef2efd137c0083e59ef831e235e?s=96&d=mm&r=g\",\"url\":\"https:\\\/\\\/secure.gravatar.com\\\/avatar\\\/60d5661aee6e835fb13dc75d2204cd0c1d61bef2efd137c0083e59ef831e235e?s=96&d=mm&r=g\",\"contentUrl\":\"https:\\\/\\\/secure.gravatar.com\\\/avatar\\\/60d5661aee6e835fb13dc75d2204cd0c1d61bef2efd137c0083e59ef831e235e?s=96&d=mm&r=g\",\"caption\":\"Blogin al\"},\"sameAs\":[\"https:\\\/\\\/blogin.al\"],\"url\":\"https:\\\/\\\/blogin.al\\\/?author=2\"}]}<\/script>\n<!-- \/ Yoast SEO plugin. -->","yoast_head_json":{"title":"U rikthye n\u00eb krah\u00ebt e saj pas shum\u00eb ndarjeve, Stine rr\u00ebfen historin e dashuris\u00eb me bashk\u00ebshorten - blogin.al","robots":{"index":"index","follow":"follow","max-snippet":"max-snippet:-1","max-image-preview":"max-image-preview:large","max-video-preview":"max-video-preview:-1"},"canonical":"https:\/\/blogin.al\/?p=52329","og_locale":"en_US","og_type":"article","og_title":"U rikthye n\u00eb krah\u00ebt e saj pas shum\u00eb ndarjeve, Stine rr\u00ebfen historin e dashuris\u00eb me bashk\u00ebshorten - blogin.al","og_description":"K\u00ebng\u00ebtari i njohur Stine ka folur p\u00ebr marr\u00ebdh\u00ebnien me bashk\u00ebshorten, Graciela, lidhje e cila \u00ebsht\u00eb shoq\u00ebruar me ulje dhe ngritje, ku \u00e7ifti jan\u00eb ndar\u00eb shpeshher\u00eb, por s\u00ebrish kan\u00eb gjetur rrug\u00ebn tek nj\u00ebri-tjetri. Teksa u pyet nga moderatorja se pse projekti i tiji fundit mban emrin \u201cE treta e v\u00ebrteta\u201d k\u00ebng\u00ebtari u shpreh se e ka [&hellip;]","og_url":"https:\/\/blogin.al\/?p=52329","og_site_name":"blogin.al","article_published_time":"2024-11-05T12:06:44+00:00","article_modified_time":"2024-11-05T14:20:02+00:00","og_image":[{"width":640,"height":641,"url":"https:\/\/blogin.al\/wp-content\/uploads\/2024\/11\/stine-graciela.jpg","type":"image\/jpeg"}],"author":"Blogin al","twitter_card":"summary_large_image","twitter_misc":{"Written by":"Blogin al","Est. reading time":"1 minute"},"schema":{"@context":"https:\/\/schema.org","@graph":[{"@type":"Article","@id":"https:\/\/blogin.al\/?p=52329#article","isPartOf":{"@id":"https:\/\/blogin.al\/?p=52329"},"author":{"name":"Blogin al","@id":"https:\/\/blogin.al\/#\/schema\/person\/abdd56bc912cd511db877b852b115399"},"headline":"U rikthye n\u00eb krah\u00ebt e saj pas shum\u00eb ndarjeve, Stine rr\u00ebfen historin e dashuris\u00eb me bashk\u00ebshorten","datePublished":"2024-11-05T12:06:44+00:00","dateModified":"2024-11-05T14:20:02+00:00","mainEntityOfPage":{"@id":"https:\/\/blogin.al\/?p=52329"},"wordCount":221,"commentCount":0,"publisher":{"@id":"https:\/\/blogin.al\/#organization"},"image":{"@id":"https:\/\/blogin.al\/?p=52329#primaryimage"},"thumbnailUrl":"https:\/\/blogin.al\/wp-content\/uploads\/2024\/11\/stine-graciela.jpg","articleSection":["SHOWBIZ"],"inLanguage":"en-US","potentialAction":[{"@type":"CommentAction","name":"Comment","target":["https:\/\/blogin.al\/?p=52329#respond"]}]},{"@type":"WebPage","@id":"https:\/\/blogin.al\/?p=52329","url":"https:\/\/blogin.al\/?p=52329","name":"U rikthye n\u00eb krah\u00ebt e saj pas shum\u00eb ndarjeve, Stine rr\u00ebfen historin e dashuris\u00eb me bashk\u00ebshorten - blogin.al","isPartOf":{"@id":"https:\/\/blogin.al\/#website"},"primaryImageOfPage":{"@id":"https:\/\/blogin.al\/?p=52329#primaryimage"},"image":{"@id":"https:\/\/blogin.al\/?p=52329#primaryimage"},"thumbnailUrl":"https:\/\/blogin.al\/wp-content\/uploads\/2024\/11\/stine-graciela.jpg","datePublished":"2024-11-05T12:06:44+00:00","dateModified":"2024-11-05T14:20:02+00:00","breadcrumb":{"@id":"https:\/\/blogin.al\/?p=52329#breadcrumb"},"inLanguage":"en-US","potentialAction":[{"@type":"ReadAction","target":["https:\/\/blogin.al\/?p=52329"]}]},{"@type":"ImageObject","inLanguage":"en-US","@id":"https:\/\/blogin.al\/?p=52329#primaryimage","url":"https:\/\/blogin.al\/wp-content\/uploads\/2024\/11\/stine-graciela.jpg","contentUrl":"https:\/\/blogin.al\/wp-content\/uploads\/2024\/11\/stine-graciela.jpg","width":640,"height":641},{"@type":"BreadcrumbList","@id":"https:\/\/blogin.al\/?p=52329#breadcrumb","itemListElement":[{"@type":"ListItem","position":1,"name":"Home","item":"https:\/\/blogin.al\/"},{"@type":"ListItem","position":2,"name":"U rikthye n\u00eb krah\u00ebt e saj pas shum\u00eb ndarjeve, Stine rr\u00ebfen historin e dashuris\u00eb me bashk\u00ebshorten"}]},{"@type":"WebSite","@id":"https:\/\/blogin.al\/#website","url":"https:\/\/blogin.al\/","name":"blogin.al","description":"","publisher":{"@id":"https:\/\/blogin.al\/#organization"},"potentialAction":[{"@type":"SearchAction","target":{"@type":"EntryPoint","urlTemplate":"https:\/\/blogin.al\/?s={search_term_string}"},"query-input":{"@type":"PropertyValueSpecification","valueRequired":true,"valueName":"search_term_string"}}],"inLanguage":"en-US"},{"@type":"Organization","@id":"https:\/\/blogin.al\/#organization","name":"BLOGIN.al","url":"https:\/\/blogin.al\/","logo":{"@type":"ImageObject","inLanguage":"en-US","@id":"https:\/\/blogin.al\/#\/schema\/logo\/image\/","url":"https:\/\/blogin.al\/wp-content\/uploads\/2022\/05\/Untitled-2-01-e1652084456514.png","contentUrl":"https:\/\/blogin.al\/wp-content\/uploads\/2022\/05\/Untitled-2-01-e1652084456514.png","width":3723,"height":1698,"caption":"BLOGIN.al"},"image":{"@id":"https:\/\/blogin.al\/#\/schema\/logo\/image\/"},"sameAs":["https:\/\/instagram.com\/blogin.al\/"]},{"@type":"Person","@id":"https:\/\/blogin.al\/#\/schema\/person\/abdd56bc912cd511db877b852b115399","name":"Blogin al","image":{"@type":"ImageObject","inLanguage":"en-US","@id":"https:\/\/secure.gravatar.com\/avatar\/60d5661aee6e835fb13dc75d2204cd0c1d61bef2efd137c0083e59ef831e235e?s=96&d=mm&r=g","url":"https:\/\/secure.gravatar.com\/avatar\/60d5661aee6e835fb13dc75d2204cd0c1d61bef2efd137c0083e59ef831e235e?s=96&d=mm&r=g","contentUrl":"https:\/\/secure.gravatar.com\/avatar\/60d5661aee6e835fb13dc75d2204cd0c1d61bef2efd137c0083e59ef831e235e?s=96&d=mm&r=g","caption":"Blogin al"},"sameAs":["https:\/\/blogin.al"],"url":"https:\/\/blogin.al\/?author=2"}]}},"_links":{"self":[{"href":"https:\/\/blogin.al\/index.php?rest_route=\/wp\/v2\/posts\/52329","targetHints":{"allow":["GET"]}}],"collection":[{"href":"https:\/\/blogin.al\/index.php?rest_route=\/wp\/v2\/posts"}],"about":[{"href":"https:\/\/blogin.al\/index.php?rest_route=\/wp\/v2\/types\/post"}],"author":[{"embeddable":true,"href":"https:\/\/blogin.al\/index.php?rest_route=\/wp\/v2\/users\/2"}],"replies":[{"embeddable":true,"href":"https:\/\/blogin.al\/index.php?rest_route=%2Fwp%2Fv2%2Fcomments&post=52329"}],"version-history":[{"count":1,"href":"https:\/\/blogin.al\/index.php?rest_route=\/wp\/v2\/posts\/52329\/revisions"}],"predecessor-version":[{"id":52341,"href":"https:\/\/blogin.al\/index.php?rest_route=\/wp\/v2\/posts\/52329\/revisions\/52341"}],"wp:featuredmedia":[{"embeddable":true,"href":"https:\/\/blogin.al\/index.php?rest_route=\/wp\/v2\/media\/52328"}],"wp:attachment":[{"href":"https:\/\/blogin.al\/index.php?rest_route=%2Fwp%2Fv2%2Fmedia&parent=52329"}],"wp:term":[{"taxonomy":"category","embeddable":true,"href":"https:\/\/blogin.al\/index.php?rest_route=%2Fwp%2Fv2%2Fcategories&post=52329"},{"taxonomy":"post_tag","embeddable":true,"href":"https:\/\/blogin.al\/index.php?rest_route=%2Fwp%2Fv2%2Ftags&post=52329"}],"curies":[{"name":"wp","href":"https:\/\/api.w.org\/{rel}","templated":true}]}}