{"id":52377,"date":"2024-11-08T10:03:49","date_gmt":"2024-11-08T10:03:49","guid":{"rendered":"https:\/\/blogin.al\/histori-te-ngjashme-eneda-flet-per-njohjen-me-gentin-zbulon-takimin-e-pare\/"},"modified":"2024-11-08T10:03:49","modified_gmt":"2024-11-08T10:03:49","slug":"histori-te-ngjashme-eneda-flet-per-njohjen-me-gentin-zbulon-takimin-e-pare","status":"publish","type":"post","link":"https:\/\/blogin.al\/?p=52377","title":{"rendered":"\u2018Histori t\u00eb ngjashme\u201d\/ Eneda flet p\u00ebr njohjen me Gentin, zbulon takimin e par\u00eb"},"content":{"rendered":"\n<p>K\u00ebng\u00ebtarja Eneda Tarifa ka folur mbi marr\u00ebdh\u00ebnien e saj me partnerin, Gent Laskun. Teksa ishte e ftuar nj\u00eb dit\u00eb m\u00eb par\u00eb n\u00eb emisionin \u201cRudina\u201d, ajo ka zbuluar se Genti, \u00ebsht\u00eb ai q\u00eb ka shkruar tekstin e k\u00ebng\u00ebs pjes\u00ebmarr\u00ebse t\u00eb Ened\u00ebs n\u00eb \u201cK\u00ebnga Magjike\u201d q\u00eb titullohet \u201cM\u00eb fort\u201d.<\/p>\n\n\n\n<p>K\u00ebng\u00ebtarja u pyet mbi raportin e tyre dhe u shpreh se t\u00eb dy kan\u00eb pika t\u00eb ngjashme n\u00eb historit\u00eb e tyre respektive.<\/p>\n\n\n\n<blockquote class=\"wp-block-quote is-layout-flow wp-block-quote-is-layout-flow\">\n<p><em>\u201cKemi pak a shum\u00eb histori t\u00eb ngjashme n\u00eb disa pika t\u00eb historis\u00eb son\u00eb kronologjike q\u00eb i kemi t\u00eb p\u00ebrbashk\u00ebta, i kemi shum\u00eb t\u00eb ngjashme. Njeriu sado q\u00eb t\u00eb duket i lumtur, i g\u00ebzuar dhe i arrir\u00eb n\u00eb jet\u00eb, patjet\u00ebr ka kaluar n\u00ebp\u00ebrmjet v\u00ebshtir\u00ebsive t\u00eb veta n\u00eb k\u00ebt\u00eb kuptim dhe n\u00eb k\u00ebt\u00eb sens\u2026 t\u00eb gjith\u00eb ne\u201d<\/em><\/p>\n<\/blockquote>\n\n\n\n<p>Eneda ndau edhe historin\u00eb e njohjes s\u00eb tyre. Pa zbuluar shum\u00eb sepse \u00e7ifti paska n\u00eb plan edhe nj\u00eb projekt t\u00eb p\u00ebrbashk\u00ebt p\u00ebr t\u00eb cilin po ruajn\u00eb surpriza, por disa gj\u00ebra nuk hezitoi t\u2019i ndante. Gjith\u00e7ka nisi me nj\u00eb takim t\u00eb rast\u00ebsish\u00ebm.<\/p>\n\n\n\n<p><strong>Biseda n\u00eb studio:<\/strong><\/p>\n\n\n\n<p>Eneda Tarifa: Nuk do t\u00eb them shum\u00eb sepse kam menduar ta ruaj p\u00ebr nj\u00eb moment tjet\u00ebr\u2026<\/p>\n\n\n\n<p>Rudina Magjistari: Aq sa do ti.<\/p>\n\n\n\n<p>Eneda Tarifa: Se nuk \u00ebsht\u00eb vet\u00ebm Rudina q\u00eb me th\u00ebn\u00eb t\u00eb drejt\u00ebn e dua shum\u00eb dhe kam ardhur me shum\u00eb dashuri, por kemi nj\u00eb projekt tonin q\u00eb dua q\u00eb disa gj\u00ebra t\u2019i ruaj p\u00ebr atje.<\/p>\n\n\n\n<p>Rudina Magjistari: Shum\u00eb e kuptueshme.<\/p>\n\n\n\n<p>Eneda Tarifa: Jemi njohur diku q\u00eb ishim vet\u00ebm ne t\u00eb dy dhe s\u2019kishte asnjeri tjet\u00ebr. Dikush iu drejtua tjetrit\u2026<\/p>\n\n\n\n<p>Rudina Magjistari: Ku ishit, n\u00eb nj\u00eb fest\u00eb?<\/p>\n\n\n\n<p>Eneda Tarifa: Jo, n\u00eb nj\u00eb vend t\u00eb mbyllur.<\/p>\n\n\n\n<p>Rudina Magjistari: Ashensor?<\/p>\n\n\n\n<p>Eneda Tarifa: Jo. (qesh). Okej, ishim n\u00eb klabin e nj\u00eb shoku ton\u00eb t\u00eb p\u00ebrbashk\u00ebt.<\/p>\n\n\n\n<p>Rudina Magjistari: S\u2019kishte njer\u00ebz t\u00eb tjer\u00eb?<\/p>\n\n\n\n<p>Eneda Tarifa: Jo, ishte paradite nuk ishte nat\u00eb q\u00eb le t\u00eb themi q\u00eb njeriu e liron pak veten, k\u00ebshtu q\u00eb ishte tep\u00ebr koshient \u00e7do proces i njohjes.<\/p>\n\n\n\n<p>Rudina Magjistari: Kishit filluar t\u2019i flisnit nj\u00ebri-tjetrit, u prezantuat gradualisht\u2026<\/p>\n\n\n\n<p>Eneda Tarifa: Dhe kaq pastaj, mbaron muhabeti.<\/p>\n","protected":false},"excerpt":{"rendered":"<p>K\u00ebng\u00ebtarja Eneda Tarifa ka folur mbi marr\u00ebdh\u00ebnien e saj me partnerin, Gent Laskun. Teksa ishte e ftuar nj\u00eb dit\u00eb m\u00eb par\u00eb n\u00eb emisionin \u201cRudina\u201d, ajo ka zbuluar se Genti, \u00ebsht\u00eb ai q\u00eb ka shkruar tekstin e k\u00ebng\u00ebs pjes\u00ebmarr\u00ebse t\u00eb Ened\u00ebs n\u00eb \u201cK\u00ebnga Magjike\u201d q\u00eb titullohet \u201cM\u00eb fort\u201d. K\u00ebng\u00ebtarja u pyet mbi raportin e tyre dhe [&hellip;]<\/p>\n","protected":false},"author":2,"featured_media":52376,"comment_status":"open","ping_status":"open","sticky":false,"template":"","format":"standard","meta":{"footnotes":""},"categories":[33],"tags":[],"class_list":{"0":"post-52377","1":"post","2":"type-post","3":"status-publish","4":"format-standard","5":"has-post-thumbnail","7":"category-showbiz"},"yoast_head":"<!-- This site is optimized with the Yoast SEO plugin v27.5 - https:\/\/yoast.com\/product\/yoast-seo-wordpress\/ -->\n<title>\u2018Histori t\u00eb ngjashme\u201d\/ Eneda flet p\u00ebr njohjen me Gentin, zbulon takimin e par\u00eb - blogin.al<\/title>\n<meta name=\"robots\" content=\"index, follow, max-snippet:-1, max-image-preview:large, max-video-preview:-1\" \/>\n<link rel=\"canonical\" href=\"https:\/\/blogin.al\/?p=52377\" \/>\n<meta property=\"og:locale\" content=\"en_US\" \/>\n<meta property=\"og:type\" content=\"article\" \/>\n<meta property=\"og:title\" content=\"\u2018Histori t\u00eb ngjashme\u201d\/ Eneda flet p\u00ebr njohjen me Gentin, zbulon takimin e par\u00eb - blogin.al\" \/>\n<meta property=\"og:description\" content=\"K\u00ebng\u00ebtarja Eneda Tarifa ka folur mbi marr\u00ebdh\u00ebnien e saj me partnerin, Gent Laskun. Teksa ishte e ftuar nj\u00eb dit\u00eb m\u00eb par\u00eb n\u00eb emisionin \u201cRudina\u201d, ajo ka zbuluar se Genti, \u00ebsht\u00eb ai q\u00eb ka shkruar tekstin e k\u00ebng\u00ebs pjes\u00ebmarr\u00ebse t\u00eb Ened\u00ebs n\u00eb \u201cK\u00ebnga Magjike\u201d q\u00eb titullohet \u201cM\u00eb fort\u201d. K\u00ebng\u00ebtarja u pyet mbi raportin e tyre dhe [&hellip;]\" \/>\n<meta property=\"og:url\" content=\"https:\/\/blogin.al\/?p=52377\" \/>\n<meta property=\"og:site_name\" content=\"blogin.al\" \/>\n<meta property=\"article:published_time\" content=\"2024-11-08T10:03:49+00:00\" \/>\n<meta property=\"og:image\" content=\"https:\/\/blogin.al\/wp-content\/uploads\/2024\/11\/900-0-1719650028xgent-lasku-eneda-tarifapng-912.png\" \/>\n\t<meta property=\"og:image:width\" content=\"900\" \/>\n\t<meta property=\"og:image:height\" content=\"631\" \/>\n\t<meta property=\"og:image:type\" content=\"image\/png\" \/>\n<meta name=\"author\" content=\"Blogin al\" \/>\n<meta name=\"twitter:card\" content=\"summary_large_image\" \/>\n<meta name=\"twitter:label1\" content=\"Written by\" \/>\n\t<meta name=\"twitter:data1\" content=\"Blogin al\" \/>\n\t<meta name=\"twitter:label2\" content=\"Est. reading time\" \/>\n\t<meta name=\"twitter:data2\" content=\"2 minutes\" \/>\n<script type=\"application\/ld+json\" class=\"yoast-schema-graph\">{\"@context\":\"https:\\\/\\\/schema.org\",\"@graph\":[{\"@type\":\"Article\",\"@id\":\"https:\\\/\\\/blogin.al\\\/?p=52377#article\",\"isPartOf\":{\"@id\":\"https:\\\/\\\/blogin.al\\\/?p=52377\"},\"author\":{\"name\":\"Blogin al\",\"@id\":\"https:\\\/\\\/blogin.al\\\/#\\\/schema\\\/person\\\/abdd56bc912cd511db877b852b115399\"},\"headline\":\"\u2018Histori t\u00eb ngjashme\u201d\\\/ Eneda flet p\u00ebr njohjen me Gentin, zbulon takimin e par\u00eb\",\"datePublished\":\"2024-11-08T10:03:49+00:00\",\"mainEntityOfPage\":{\"@id\":\"https:\\\/\\\/blogin.al\\\/?p=52377\"},\"wordCount\":394,\"commentCount\":0,\"publisher\":{\"@id\":\"https:\\\/\\\/blogin.al\\\/#organization\"},\"image\":{\"@id\":\"https:\\\/\\\/blogin.al\\\/?p=52377#primaryimage\"},\"thumbnailUrl\":\"https:\\\/\\\/blogin.al\\\/wp-content\\\/uploads\\\/2024\\\/11\\\/900-0-1719650028xgent-lasku-eneda-tarifapng-912.png\",\"articleSection\":[\"SHOWBIZ\"],\"inLanguage\":\"en-US\",\"potentialAction\":[{\"@type\":\"CommentAction\",\"name\":\"Comment\",\"target\":[\"https:\\\/\\\/blogin.al\\\/?p=52377#respond\"]}]},{\"@type\":\"WebPage\",\"@id\":\"https:\\\/\\\/blogin.al\\\/?p=52377\",\"url\":\"https:\\\/\\\/blogin.al\\\/?p=52377\",\"name\":\"\u2018Histori t\u00eb ngjashme\u201d\\\/ Eneda flet p\u00ebr njohjen me Gentin, zbulon takimin e par\u00eb - blogin.al\",\"isPartOf\":{\"@id\":\"https:\\\/\\\/blogin.al\\\/#website\"},\"primaryImageOfPage\":{\"@id\":\"https:\\\/\\\/blogin.al\\\/?p=52377#primaryimage\"},\"image\":{\"@id\":\"https:\\\/\\\/blogin.al\\\/?p=52377#primaryimage\"},\"thumbnailUrl\":\"https:\\\/\\\/blogin.al\\\/wp-content\\\/uploads\\\/2024\\\/11\\\/900-0-1719650028xgent-lasku-eneda-tarifapng-912.png\",\"datePublished\":\"2024-11-08T10:03:49+00:00\",\"breadcrumb\":{\"@id\":\"https:\\\/\\\/blogin.al\\\/?p=52377#breadcrumb\"},\"inLanguage\":\"en-US\",\"potentialAction\":[{\"@type\":\"ReadAction\",\"target\":[\"https:\\\/\\\/blogin.al\\\/?p=52377\"]}]},{\"@type\":\"ImageObject\",\"inLanguage\":\"en-US\",\"@id\":\"https:\\\/\\\/blogin.al\\\/?p=52377#primaryimage\",\"url\":\"https:\\\/\\\/blogin.al\\\/wp-content\\\/uploads\\\/2024\\\/11\\\/900-0-1719650028xgent-lasku-eneda-tarifapng-912.png\",\"contentUrl\":\"https:\\\/\\\/blogin.al\\\/wp-content\\\/uploads\\\/2024\\\/11\\\/900-0-1719650028xgent-lasku-eneda-tarifapng-912.png\",\"width\":900,\"height\":631},{\"@type\":\"BreadcrumbList\",\"@id\":\"https:\\\/\\\/blogin.al\\\/?p=52377#breadcrumb\",\"itemListElement\":[{\"@type\":\"ListItem\",\"position\":1,\"name\":\"Home\",\"item\":\"https:\\\/\\\/blogin.al\\\/\"},{\"@type\":\"ListItem\",\"position\":2,\"name\":\"\u2018Histori t\u00eb ngjashme\u201d\\\/ Eneda flet p\u00ebr njohjen me Gentin, zbulon takimin e par\u00eb\"}]},{\"@type\":\"WebSite\",\"@id\":\"https:\\\/\\\/blogin.al\\\/#website\",\"url\":\"https:\\\/\\\/blogin.al\\\/\",\"name\":\"blogin.al\",\"description\":\"\",\"publisher\":{\"@id\":\"https:\\\/\\\/blogin.al\\\/#organization\"},\"potentialAction\":[{\"@type\":\"SearchAction\",\"target\":{\"@type\":\"EntryPoint\",\"urlTemplate\":\"https:\\\/\\\/blogin.al\\\/?s={search_term_string}\"},\"query-input\":{\"@type\":\"PropertyValueSpecification\",\"valueRequired\":true,\"valueName\":\"search_term_string\"}}],\"inLanguage\":\"en-US\"},{\"@type\":\"Organization\",\"@id\":\"https:\\\/\\\/blogin.al\\\/#organization\",\"name\":\"BLOGIN.al\",\"url\":\"https:\\\/\\\/blogin.al\\\/\",\"logo\":{\"@type\":\"ImageObject\",\"inLanguage\":\"en-US\",\"@id\":\"https:\\\/\\\/blogin.al\\\/#\\\/schema\\\/logo\\\/image\\\/\",\"url\":\"https:\\\/\\\/blogin.al\\\/wp-content\\\/uploads\\\/2022\\\/05\\\/Untitled-2-01-e1652084456514.png\",\"contentUrl\":\"https:\\\/\\\/blogin.al\\\/wp-content\\\/uploads\\\/2022\\\/05\\\/Untitled-2-01-e1652084456514.png\",\"width\":3723,\"height\":1698,\"caption\":\"BLOGIN.al\"},\"image\":{\"@id\":\"https:\\\/\\\/blogin.al\\\/#\\\/schema\\\/logo\\\/image\\\/\"},\"sameAs\":[\"https:\\\/\\\/instagram.com\\\/blogin.al\\\/\"]},{\"@type\":\"Person\",\"@id\":\"https:\\\/\\\/blogin.al\\\/#\\\/schema\\\/person\\\/abdd56bc912cd511db877b852b115399\",\"name\":\"Blogin al\",\"image\":{\"@type\":\"ImageObject\",\"inLanguage\":\"en-US\",\"@id\":\"https:\\\/\\\/secure.gravatar.com\\\/avatar\\\/60d5661aee6e835fb13dc75d2204cd0c1d61bef2efd137c0083e59ef831e235e?s=96&d=mm&r=g\",\"url\":\"https:\\\/\\\/secure.gravatar.com\\\/avatar\\\/60d5661aee6e835fb13dc75d2204cd0c1d61bef2efd137c0083e59ef831e235e?s=96&d=mm&r=g\",\"contentUrl\":\"https:\\\/\\\/secure.gravatar.com\\\/avatar\\\/60d5661aee6e835fb13dc75d2204cd0c1d61bef2efd137c0083e59ef831e235e?s=96&d=mm&r=g\",\"caption\":\"Blogin al\"},\"sameAs\":[\"https:\\\/\\\/blogin.al\"],\"url\":\"https:\\\/\\\/blogin.al\\\/?author=2\"}]}<\/script>\n<!-- \/ Yoast SEO plugin. -->","yoast_head_json":{"title":"\u2018Histori t\u00eb ngjashme\u201d\/ Eneda flet p\u00ebr njohjen me Gentin, zbulon takimin e par\u00eb - blogin.al","robots":{"index":"index","follow":"follow","max-snippet":"max-snippet:-1","max-image-preview":"max-image-preview:large","max-video-preview":"max-video-preview:-1"},"canonical":"https:\/\/blogin.al\/?p=52377","og_locale":"en_US","og_type":"article","og_title":"\u2018Histori t\u00eb ngjashme\u201d\/ Eneda flet p\u00ebr njohjen me Gentin, zbulon takimin e par\u00eb - blogin.al","og_description":"K\u00ebng\u00ebtarja Eneda Tarifa ka folur mbi marr\u00ebdh\u00ebnien e saj me partnerin, Gent Laskun. Teksa ishte e ftuar nj\u00eb dit\u00eb m\u00eb par\u00eb n\u00eb emisionin \u201cRudina\u201d, ajo ka zbuluar se Genti, \u00ebsht\u00eb ai q\u00eb ka shkruar tekstin e k\u00ebng\u00ebs pjes\u00ebmarr\u00ebse t\u00eb Ened\u00ebs n\u00eb \u201cK\u00ebnga Magjike\u201d q\u00eb titullohet \u201cM\u00eb fort\u201d. K\u00ebng\u00ebtarja u pyet mbi raportin e tyre dhe [&hellip;]","og_url":"https:\/\/blogin.al\/?p=52377","og_site_name":"blogin.al","article_published_time":"2024-11-08T10:03:49+00:00","og_image":[{"width":900,"height":631,"url":"https:\/\/blogin.al\/wp-content\/uploads\/2024\/11\/900-0-1719650028xgent-lasku-eneda-tarifapng-912.png","type":"image\/png"}],"author":"Blogin al","twitter_card":"summary_large_image","twitter_misc":{"Written by":"Blogin al","Est. reading time":"2 minutes"},"schema":{"@context":"https:\/\/schema.org","@graph":[{"@type":"Article","@id":"https:\/\/blogin.al\/?p=52377#article","isPartOf":{"@id":"https:\/\/blogin.al\/?p=52377"},"author":{"name":"Blogin al","@id":"https:\/\/blogin.al\/#\/schema\/person\/abdd56bc912cd511db877b852b115399"},"headline":"\u2018Histori t\u00eb ngjashme\u201d\/ Eneda flet p\u00ebr njohjen me Gentin, zbulon takimin e par\u00eb","datePublished":"2024-11-08T10:03:49+00:00","mainEntityOfPage":{"@id":"https:\/\/blogin.al\/?p=52377"},"wordCount":394,"commentCount":0,"publisher":{"@id":"https:\/\/blogin.al\/#organization"},"image":{"@id":"https:\/\/blogin.al\/?p=52377#primaryimage"},"thumbnailUrl":"https:\/\/blogin.al\/wp-content\/uploads\/2024\/11\/900-0-1719650028xgent-lasku-eneda-tarifapng-912.png","articleSection":["SHOWBIZ"],"inLanguage":"en-US","potentialAction":[{"@type":"CommentAction","name":"Comment","target":["https:\/\/blogin.al\/?p=52377#respond"]}]},{"@type":"WebPage","@id":"https:\/\/blogin.al\/?p=52377","url":"https:\/\/blogin.al\/?p=52377","name":"\u2018Histori t\u00eb ngjashme\u201d\/ Eneda flet p\u00ebr njohjen me Gentin, zbulon takimin e par\u00eb - blogin.al","isPartOf":{"@id":"https:\/\/blogin.al\/#website"},"primaryImageOfPage":{"@id":"https:\/\/blogin.al\/?p=52377#primaryimage"},"image":{"@id":"https:\/\/blogin.al\/?p=52377#primaryimage"},"thumbnailUrl":"https:\/\/blogin.al\/wp-content\/uploads\/2024\/11\/900-0-1719650028xgent-lasku-eneda-tarifapng-912.png","datePublished":"2024-11-08T10:03:49+00:00","breadcrumb":{"@id":"https:\/\/blogin.al\/?p=52377#breadcrumb"},"inLanguage":"en-US","potentialAction":[{"@type":"ReadAction","target":["https:\/\/blogin.al\/?p=52377"]}]},{"@type":"ImageObject","inLanguage":"en-US","@id":"https:\/\/blogin.al\/?p=52377#primaryimage","url":"https:\/\/blogin.al\/wp-content\/uploads\/2024\/11\/900-0-1719650028xgent-lasku-eneda-tarifapng-912.png","contentUrl":"https:\/\/blogin.al\/wp-content\/uploads\/2024\/11\/900-0-1719650028xgent-lasku-eneda-tarifapng-912.png","width":900,"height":631},{"@type":"BreadcrumbList","@id":"https:\/\/blogin.al\/?p=52377#breadcrumb","itemListElement":[{"@type":"ListItem","position":1,"name":"Home","item":"https:\/\/blogin.al\/"},{"@type":"ListItem","position":2,"name":"\u2018Histori t\u00eb ngjashme\u201d\/ Eneda flet p\u00ebr njohjen me Gentin, zbulon takimin e par\u00eb"}]},{"@type":"WebSite","@id":"https:\/\/blogin.al\/#website","url":"https:\/\/blogin.al\/","name":"blogin.al","description":"","publisher":{"@id":"https:\/\/blogin.al\/#organization"},"potentialAction":[{"@type":"SearchAction","target":{"@type":"EntryPoint","urlTemplate":"https:\/\/blogin.al\/?s={search_term_string}"},"query-input":{"@type":"PropertyValueSpecification","valueRequired":true,"valueName":"search_term_string"}}],"inLanguage":"en-US"},{"@type":"Organization","@id":"https:\/\/blogin.al\/#organization","name":"BLOGIN.al","url":"https:\/\/blogin.al\/","logo":{"@type":"ImageObject","inLanguage":"en-US","@id":"https:\/\/blogin.al\/#\/schema\/logo\/image\/","url":"https:\/\/blogin.al\/wp-content\/uploads\/2022\/05\/Untitled-2-01-e1652084456514.png","contentUrl":"https:\/\/blogin.al\/wp-content\/uploads\/2022\/05\/Untitled-2-01-e1652084456514.png","width":3723,"height":1698,"caption":"BLOGIN.al"},"image":{"@id":"https:\/\/blogin.al\/#\/schema\/logo\/image\/"},"sameAs":["https:\/\/instagram.com\/blogin.al\/"]},{"@type":"Person","@id":"https:\/\/blogin.al\/#\/schema\/person\/abdd56bc912cd511db877b852b115399","name":"Blogin al","image":{"@type":"ImageObject","inLanguage":"en-US","@id":"https:\/\/secure.gravatar.com\/avatar\/60d5661aee6e835fb13dc75d2204cd0c1d61bef2efd137c0083e59ef831e235e?s=96&d=mm&r=g","url":"https:\/\/secure.gravatar.com\/avatar\/60d5661aee6e835fb13dc75d2204cd0c1d61bef2efd137c0083e59ef831e235e?s=96&d=mm&r=g","contentUrl":"https:\/\/secure.gravatar.com\/avatar\/60d5661aee6e835fb13dc75d2204cd0c1d61bef2efd137c0083e59ef831e235e?s=96&d=mm&r=g","caption":"Blogin al"},"sameAs":["https:\/\/blogin.al"],"url":"https:\/\/blogin.al\/?author=2"}]}},"_links":{"self":[{"href":"https:\/\/blogin.al\/index.php?rest_route=\/wp\/v2\/posts\/52377","targetHints":{"allow":["GET"]}}],"collection":[{"href":"https:\/\/blogin.al\/index.php?rest_route=\/wp\/v2\/posts"}],"about":[{"href":"https:\/\/blogin.al\/index.php?rest_route=\/wp\/v2\/types\/post"}],"author":[{"embeddable":true,"href":"https:\/\/blogin.al\/index.php?rest_route=\/wp\/v2\/users\/2"}],"replies":[{"embeddable":true,"href":"https:\/\/blogin.al\/index.php?rest_route=%2Fwp%2Fv2%2Fcomments&post=52377"}],"version-history":[{"count":0,"href":"https:\/\/blogin.al\/index.php?rest_route=\/wp\/v2\/posts\/52377\/revisions"}],"wp:featuredmedia":[{"embeddable":true,"href":"https:\/\/blogin.al\/index.php?rest_route=\/wp\/v2\/media\/52376"}],"wp:attachment":[{"href":"https:\/\/blogin.al\/index.php?rest_route=%2Fwp%2Fv2%2Fmedia&parent=52377"}],"wp:term":[{"taxonomy":"category","embeddable":true,"href":"https:\/\/blogin.al\/index.php?rest_route=%2Fwp%2Fv2%2Fcategories&post=52377"},{"taxonomy":"post_tag","embeddable":true,"href":"https:\/\/blogin.al\/index.php?rest_route=%2Fwp%2Fv2%2Ftags&post=52377"}],"curies":[{"name":"wp","href":"https:\/\/api.w.org\/{rel}","templated":true}]}}