{"id":52414,"date":"2024-11-10T06:15:51","date_gmt":"2024-11-10T06:15:51","guid":{"rendered":"https:\/\/blogin.al\/kam-heshtur-per-hir-te-femijeve-xhensila-thyen-heshtjen-pas-ndarjes-me-bes-kallakun\/"},"modified":"2024-11-10T06:15:51","modified_gmt":"2024-11-10T06:15:51","slug":"kam-heshtur-per-hir-te-femijeve-xhensila-thyen-heshtjen-pas-ndarjes-me-bes-kallakun","status":"publish","type":"post","link":"https:\/\/blogin.al\/?p=52414","title":{"rendered":"\u201cKam heshtur p\u00ebr hir t\u00eb f\u00ebmij\u00ebve\u201d, Xhensila thyen heshtjen pas ndarjes me Bes Kallakun"},"content":{"rendered":"\n<p>Pas nj\u00eb periudhe t\u00eb v\u00ebshtir\u00eb dhe pas ndarjes nga Bes Kallaku, k\u00ebng\u00ebtarja Xhensila Myrtezaj ka ndar\u00eb sot k\u00ebng\u00ebn e saj t\u00eb re \u201cThuaju\u201d, e cila vjen si nj\u00eb rr\u00ebfim i sinqert\u00eb p\u00ebr sfidat dhe sakrificat q\u00eb shum\u00eb gra p\u00ebrjetojn\u00eb n\u00eb heshtje.<\/p>\n\n\n\n<p>N\u00eb videomesazhin e saj emocional t\u00eb postuar n\u00eb rrjetet sociale, Xhensila flet p\u00ebr dhimbjen dhe fuqin\u00eb e nj\u00eb gruaje q\u00eb ka duruar padrejt\u00ebsi p\u00ebr hir t\u00eb f\u00ebmij\u00ebve dhe p\u00ebr t\u00eb ruajtur balancat. Ajo pranon se \u00e7do dit\u00eb p\u00ebrballet me kritika, por edhe me mb\u00ebshtetje t\u00eb madhe nga ndjek\u00ebsit e saj.<\/p>\n\n\n\n<p>\u201cKy album \u00ebsht\u00eb p\u00ebr t\u00eb gjitha grat\u00eb, vajza, mbi t\u00eb gjitha n\u00ebnat, t\u00eb cilat p\u00ebr hir t\u00eb f\u00ebmij\u00ebve kan\u00eb duruar, kan\u00eb sakrifikuar, kan\u00eb mohuar veten, kan\u00eb qeshur nd\u00ebrkoh\u00eb q\u00eb brenda shpirti ka qar\u00eb. P\u00ebr hir t\u00eb f\u00ebmij\u00ebve kan\u00eb heshtu p\u00ebr t\u00eb mos e th\u00ebn\u00eb t\u00eb v\u00ebrtet\u00ebn e tyre kurr\u00eb\u201d, shprehet Xhensila.<\/p>\n","protected":false},"excerpt":{"rendered":"<p>Pas nj\u00eb periudhe t\u00eb v\u00ebshtir\u00eb dhe pas ndarjes nga Bes Kallaku, k\u00ebng\u00ebtarja Xhensila Myrtezaj ka ndar\u00eb sot k\u00ebng\u00ebn e saj t\u00eb re \u201cThuaju\u201d, e cila vjen si nj\u00eb rr\u00ebfim i sinqert\u00eb p\u00ebr sfidat dhe sakrificat q\u00eb shum\u00eb gra p\u00ebrjetojn\u00eb n\u00eb heshtje. N\u00eb videomesazhin e saj emocional t\u00eb postuar n\u00eb rrjetet sociale, Xhensila flet p\u00ebr dhimbjen [&hellip;]<\/p>\n","protected":false},"author":2,"featured_media":52413,"comment_status":"open","ping_status":"open","sticky":false,"template":"","format":"standard","meta":{"footnotes":""},"categories":[33],"tags":[],"class_list":{"0":"post-52414","1":"post","2":"type-post","3":"status-publish","4":"format-standard","5":"has-post-thumbnail","7":"category-showbiz"},"yoast_head":"<!-- This site is optimized with the Yoast SEO plugin v27.5 - https:\/\/yoast.com\/product\/yoast-seo-wordpress\/ -->\n<title>\u201cKam heshtur p\u00ebr hir t\u00eb f\u00ebmij\u00ebve\u201d, Xhensila thyen heshtjen pas ndarjes me Bes Kallakun - blogin.al<\/title>\n<meta name=\"robots\" content=\"index, follow, max-snippet:-1, max-image-preview:large, max-video-preview:-1\" \/>\n<link rel=\"canonical\" href=\"https:\/\/blogin.al\/?p=52414\" \/>\n<meta property=\"og:locale\" content=\"en_US\" \/>\n<meta property=\"og:type\" content=\"article\" \/>\n<meta property=\"og:title\" content=\"\u201cKam heshtur p\u00ebr hir t\u00eb f\u00ebmij\u00ebve\u201d, Xhensila thyen heshtjen pas ndarjes me Bes Kallakun - blogin.al\" \/>\n<meta property=\"og:description\" content=\"Pas nj\u00eb periudhe t\u00eb v\u00ebshtir\u00eb dhe pas ndarjes nga Bes Kallaku, k\u00ebng\u00ebtarja Xhensila Myrtezaj ka ndar\u00eb sot k\u00ebng\u00ebn e saj t\u00eb re \u201cThuaju\u201d, e cila vjen si nj\u00eb rr\u00ebfim i sinqert\u00eb p\u00ebr sfidat dhe sakrificat q\u00eb shum\u00eb gra p\u00ebrjetojn\u00eb n\u00eb heshtje. N\u00eb videomesazhin e saj emocional t\u00eb postuar n\u00eb rrjetet sociale, Xhensila flet p\u00ebr dhimbjen [&hellip;]\" \/>\n<meta property=\"og:url\" content=\"https:\/\/blogin.al\/?p=52414\" \/>\n<meta property=\"og:site_name\" content=\"blogin.al\" \/>\n<meta property=\"article:published_time\" content=\"2024-11-10T06:15:51+00:00\" \/>\n<meta property=\"og:image\" content=\"https:\/\/blogin.al\/wp-content\/uploads\/2024\/11\/640-0-collage-2022-12-23t171638733-1671812201.jpg\" \/>\n\t<meta property=\"og:image:width\" content=\"640\" \/>\n\t<meta property=\"og:image:height\" content=\"373\" \/>\n\t<meta property=\"og:image:type\" content=\"image\/jpeg\" \/>\n<meta name=\"author\" content=\"Blogin al\" \/>\n<meta name=\"twitter:card\" content=\"summary_large_image\" \/>\n<meta name=\"twitter:label1\" content=\"Written by\" \/>\n\t<meta name=\"twitter:data1\" content=\"Blogin al\" \/>\n\t<meta name=\"twitter:label2\" content=\"Est. reading time\" \/>\n\t<meta name=\"twitter:data2\" content=\"1 minute\" \/>\n<script type=\"application\/ld+json\" class=\"yoast-schema-graph\">{\"@context\":\"https:\\\/\\\/schema.org\",\"@graph\":[{\"@type\":\"Article\",\"@id\":\"https:\\\/\\\/blogin.al\\\/?p=52414#article\",\"isPartOf\":{\"@id\":\"https:\\\/\\\/blogin.al\\\/?p=52414\"},\"author\":{\"name\":\"Blogin al\",\"@id\":\"https:\\\/\\\/blogin.al\\\/#\\\/schema\\\/person\\\/abdd56bc912cd511db877b852b115399\"},\"headline\":\"\u201cKam heshtur p\u00ebr hir t\u00eb f\u00ebmij\u00ebve\u201d, Xhensila thyen heshtjen pas ndarjes me Bes Kallakun\",\"datePublished\":\"2024-11-10T06:15:51+00:00\",\"mainEntityOfPage\":{\"@id\":\"https:\\\/\\\/blogin.al\\\/?p=52414\"},\"wordCount\":189,\"commentCount\":0,\"publisher\":{\"@id\":\"https:\\\/\\\/blogin.al\\\/#organization\"},\"image\":{\"@id\":\"https:\\\/\\\/blogin.al\\\/?p=52414#primaryimage\"},\"thumbnailUrl\":\"https:\\\/\\\/blogin.al\\\/wp-content\\\/uploads\\\/2024\\\/11\\\/640-0-collage-2022-12-23t171638733-1671812201.jpg\",\"articleSection\":[\"SHOWBIZ\"],\"inLanguage\":\"en-US\",\"potentialAction\":[{\"@type\":\"CommentAction\",\"name\":\"Comment\",\"target\":[\"https:\\\/\\\/blogin.al\\\/?p=52414#respond\"]}]},{\"@type\":\"WebPage\",\"@id\":\"https:\\\/\\\/blogin.al\\\/?p=52414\",\"url\":\"https:\\\/\\\/blogin.al\\\/?p=52414\",\"name\":\"\u201cKam heshtur p\u00ebr hir t\u00eb f\u00ebmij\u00ebve\u201d, Xhensila thyen heshtjen pas ndarjes me Bes Kallakun - blogin.al\",\"isPartOf\":{\"@id\":\"https:\\\/\\\/blogin.al\\\/#website\"},\"primaryImageOfPage\":{\"@id\":\"https:\\\/\\\/blogin.al\\\/?p=52414#primaryimage\"},\"image\":{\"@id\":\"https:\\\/\\\/blogin.al\\\/?p=52414#primaryimage\"},\"thumbnailUrl\":\"https:\\\/\\\/blogin.al\\\/wp-content\\\/uploads\\\/2024\\\/11\\\/640-0-collage-2022-12-23t171638733-1671812201.jpg\",\"datePublished\":\"2024-11-10T06:15:51+00:00\",\"breadcrumb\":{\"@id\":\"https:\\\/\\\/blogin.al\\\/?p=52414#breadcrumb\"},\"inLanguage\":\"en-US\",\"potentialAction\":[{\"@type\":\"ReadAction\",\"target\":[\"https:\\\/\\\/blogin.al\\\/?p=52414\"]}]},{\"@type\":\"ImageObject\",\"inLanguage\":\"en-US\",\"@id\":\"https:\\\/\\\/blogin.al\\\/?p=52414#primaryimage\",\"url\":\"https:\\\/\\\/blogin.al\\\/wp-content\\\/uploads\\\/2024\\\/11\\\/640-0-collage-2022-12-23t171638733-1671812201.jpg\",\"contentUrl\":\"https:\\\/\\\/blogin.al\\\/wp-content\\\/uploads\\\/2024\\\/11\\\/640-0-collage-2022-12-23t171638733-1671812201.jpg\",\"width\":640,\"height\":373},{\"@type\":\"BreadcrumbList\",\"@id\":\"https:\\\/\\\/blogin.al\\\/?p=52414#breadcrumb\",\"itemListElement\":[{\"@type\":\"ListItem\",\"position\":1,\"name\":\"Home\",\"item\":\"https:\\\/\\\/blogin.al\\\/\"},{\"@type\":\"ListItem\",\"position\":2,\"name\":\"\u201cKam heshtur p\u00ebr hir t\u00eb f\u00ebmij\u00ebve\u201d, Xhensila thyen heshtjen pas ndarjes me Bes Kallakun\"}]},{\"@type\":\"WebSite\",\"@id\":\"https:\\\/\\\/blogin.al\\\/#website\",\"url\":\"https:\\\/\\\/blogin.al\\\/\",\"name\":\"blogin.al\",\"description\":\"\",\"publisher\":{\"@id\":\"https:\\\/\\\/blogin.al\\\/#organization\"},\"potentialAction\":[{\"@type\":\"SearchAction\",\"target\":{\"@type\":\"EntryPoint\",\"urlTemplate\":\"https:\\\/\\\/blogin.al\\\/?s={search_term_string}\"},\"query-input\":{\"@type\":\"PropertyValueSpecification\",\"valueRequired\":true,\"valueName\":\"search_term_string\"}}],\"inLanguage\":\"en-US\"},{\"@type\":\"Organization\",\"@id\":\"https:\\\/\\\/blogin.al\\\/#organization\",\"name\":\"BLOGIN.al\",\"url\":\"https:\\\/\\\/blogin.al\\\/\",\"logo\":{\"@type\":\"ImageObject\",\"inLanguage\":\"en-US\",\"@id\":\"https:\\\/\\\/blogin.al\\\/#\\\/schema\\\/logo\\\/image\\\/\",\"url\":\"https:\\\/\\\/blogin.al\\\/wp-content\\\/uploads\\\/2022\\\/05\\\/Untitled-2-01-e1652084456514.png\",\"contentUrl\":\"https:\\\/\\\/blogin.al\\\/wp-content\\\/uploads\\\/2022\\\/05\\\/Untitled-2-01-e1652084456514.png\",\"width\":3723,\"height\":1698,\"caption\":\"BLOGIN.al\"},\"image\":{\"@id\":\"https:\\\/\\\/blogin.al\\\/#\\\/schema\\\/logo\\\/image\\\/\"},\"sameAs\":[\"https:\\\/\\\/instagram.com\\\/blogin.al\\\/\"]},{\"@type\":\"Person\",\"@id\":\"https:\\\/\\\/blogin.al\\\/#\\\/schema\\\/person\\\/abdd56bc912cd511db877b852b115399\",\"name\":\"Blogin al\",\"image\":{\"@type\":\"ImageObject\",\"inLanguage\":\"en-US\",\"@id\":\"https:\\\/\\\/secure.gravatar.com\\\/avatar\\\/60d5661aee6e835fb13dc75d2204cd0c1d61bef2efd137c0083e59ef831e235e?s=96&d=mm&r=g\",\"url\":\"https:\\\/\\\/secure.gravatar.com\\\/avatar\\\/60d5661aee6e835fb13dc75d2204cd0c1d61bef2efd137c0083e59ef831e235e?s=96&d=mm&r=g\",\"contentUrl\":\"https:\\\/\\\/secure.gravatar.com\\\/avatar\\\/60d5661aee6e835fb13dc75d2204cd0c1d61bef2efd137c0083e59ef831e235e?s=96&d=mm&r=g\",\"caption\":\"Blogin al\"},\"sameAs\":[\"https:\\\/\\\/blogin.al\"],\"url\":\"https:\\\/\\\/blogin.al\\\/?author=2\"}]}<\/script>\n<!-- \/ Yoast SEO plugin. -->","yoast_head_json":{"title":"\u201cKam heshtur p\u00ebr hir t\u00eb f\u00ebmij\u00ebve\u201d, Xhensila thyen heshtjen pas ndarjes me Bes Kallakun - blogin.al","robots":{"index":"index","follow":"follow","max-snippet":"max-snippet:-1","max-image-preview":"max-image-preview:large","max-video-preview":"max-video-preview:-1"},"canonical":"https:\/\/blogin.al\/?p=52414","og_locale":"en_US","og_type":"article","og_title":"\u201cKam heshtur p\u00ebr hir t\u00eb f\u00ebmij\u00ebve\u201d, Xhensila thyen heshtjen pas ndarjes me Bes Kallakun - blogin.al","og_description":"Pas nj\u00eb periudhe t\u00eb v\u00ebshtir\u00eb dhe pas ndarjes nga Bes Kallaku, k\u00ebng\u00ebtarja Xhensila Myrtezaj ka ndar\u00eb sot k\u00ebng\u00ebn e saj t\u00eb re \u201cThuaju\u201d, e cila vjen si nj\u00eb rr\u00ebfim i sinqert\u00eb p\u00ebr sfidat dhe sakrificat q\u00eb shum\u00eb gra p\u00ebrjetojn\u00eb n\u00eb heshtje. N\u00eb videomesazhin e saj emocional t\u00eb postuar n\u00eb rrjetet sociale, Xhensila flet p\u00ebr dhimbjen [&hellip;]","og_url":"https:\/\/blogin.al\/?p=52414","og_site_name":"blogin.al","article_published_time":"2024-11-10T06:15:51+00:00","og_image":[{"width":640,"height":373,"url":"https:\/\/blogin.al\/wp-content\/uploads\/2024\/11\/640-0-collage-2022-12-23t171638733-1671812201.jpg","type":"image\/jpeg"}],"author":"Blogin al","twitter_card":"summary_large_image","twitter_misc":{"Written by":"Blogin al","Est. reading time":"1 minute"},"schema":{"@context":"https:\/\/schema.org","@graph":[{"@type":"Article","@id":"https:\/\/blogin.al\/?p=52414#article","isPartOf":{"@id":"https:\/\/blogin.al\/?p=52414"},"author":{"name":"Blogin al","@id":"https:\/\/blogin.al\/#\/schema\/person\/abdd56bc912cd511db877b852b115399"},"headline":"\u201cKam heshtur p\u00ebr hir t\u00eb f\u00ebmij\u00ebve\u201d, Xhensila thyen heshtjen pas ndarjes me Bes Kallakun","datePublished":"2024-11-10T06:15:51+00:00","mainEntityOfPage":{"@id":"https:\/\/blogin.al\/?p=52414"},"wordCount":189,"commentCount":0,"publisher":{"@id":"https:\/\/blogin.al\/#organization"},"image":{"@id":"https:\/\/blogin.al\/?p=52414#primaryimage"},"thumbnailUrl":"https:\/\/blogin.al\/wp-content\/uploads\/2024\/11\/640-0-collage-2022-12-23t171638733-1671812201.jpg","articleSection":["SHOWBIZ"],"inLanguage":"en-US","potentialAction":[{"@type":"CommentAction","name":"Comment","target":["https:\/\/blogin.al\/?p=52414#respond"]}]},{"@type":"WebPage","@id":"https:\/\/blogin.al\/?p=52414","url":"https:\/\/blogin.al\/?p=52414","name":"\u201cKam heshtur p\u00ebr hir t\u00eb f\u00ebmij\u00ebve\u201d, Xhensila thyen heshtjen pas ndarjes me Bes Kallakun - blogin.al","isPartOf":{"@id":"https:\/\/blogin.al\/#website"},"primaryImageOfPage":{"@id":"https:\/\/blogin.al\/?p=52414#primaryimage"},"image":{"@id":"https:\/\/blogin.al\/?p=52414#primaryimage"},"thumbnailUrl":"https:\/\/blogin.al\/wp-content\/uploads\/2024\/11\/640-0-collage-2022-12-23t171638733-1671812201.jpg","datePublished":"2024-11-10T06:15:51+00:00","breadcrumb":{"@id":"https:\/\/blogin.al\/?p=52414#breadcrumb"},"inLanguage":"en-US","potentialAction":[{"@type":"ReadAction","target":["https:\/\/blogin.al\/?p=52414"]}]},{"@type":"ImageObject","inLanguage":"en-US","@id":"https:\/\/blogin.al\/?p=52414#primaryimage","url":"https:\/\/blogin.al\/wp-content\/uploads\/2024\/11\/640-0-collage-2022-12-23t171638733-1671812201.jpg","contentUrl":"https:\/\/blogin.al\/wp-content\/uploads\/2024\/11\/640-0-collage-2022-12-23t171638733-1671812201.jpg","width":640,"height":373},{"@type":"BreadcrumbList","@id":"https:\/\/blogin.al\/?p=52414#breadcrumb","itemListElement":[{"@type":"ListItem","position":1,"name":"Home","item":"https:\/\/blogin.al\/"},{"@type":"ListItem","position":2,"name":"\u201cKam heshtur p\u00ebr hir t\u00eb f\u00ebmij\u00ebve\u201d, Xhensila thyen heshtjen pas ndarjes me Bes Kallakun"}]},{"@type":"WebSite","@id":"https:\/\/blogin.al\/#website","url":"https:\/\/blogin.al\/","name":"blogin.al","description":"","publisher":{"@id":"https:\/\/blogin.al\/#organization"},"potentialAction":[{"@type":"SearchAction","target":{"@type":"EntryPoint","urlTemplate":"https:\/\/blogin.al\/?s={search_term_string}"},"query-input":{"@type":"PropertyValueSpecification","valueRequired":true,"valueName":"search_term_string"}}],"inLanguage":"en-US"},{"@type":"Organization","@id":"https:\/\/blogin.al\/#organization","name":"BLOGIN.al","url":"https:\/\/blogin.al\/","logo":{"@type":"ImageObject","inLanguage":"en-US","@id":"https:\/\/blogin.al\/#\/schema\/logo\/image\/","url":"https:\/\/blogin.al\/wp-content\/uploads\/2022\/05\/Untitled-2-01-e1652084456514.png","contentUrl":"https:\/\/blogin.al\/wp-content\/uploads\/2022\/05\/Untitled-2-01-e1652084456514.png","width":3723,"height":1698,"caption":"BLOGIN.al"},"image":{"@id":"https:\/\/blogin.al\/#\/schema\/logo\/image\/"},"sameAs":["https:\/\/instagram.com\/blogin.al\/"]},{"@type":"Person","@id":"https:\/\/blogin.al\/#\/schema\/person\/abdd56bc912cd511db877b852b115399","name":"Blogin al","image":{"@type":"ImageObject","inLanguage":"en-US","@id":"https:\/\/secure.gravatar.com\/avatar\/60d5661aee6e835fb13dc75d2204cd0c1d61bef2efd137c0083e59ef831e235e?s=96&d=mm&r=g","url":"https:\/\/secure.gravatar.com\/avatar\/60d5661aee6e835fb13dc75d2204cd0c1d61bef2efd137c0083e59ef831e235e?s=96&d=mm&r=g","contentUrl":"https:\/\/secure.gravatar.com\/avatar\/60d5661aee6e835fb13dc75d2204cd0c1d61bef2efd137c0083e59ef831e235e?s=96&d=mm&r=g","caption":"Blogin al"},"sameAs":["https:\/\/blogin.al"],"url":"https:\/\/blogin.al\/?author=2"}]}},"_links":{"self":[{"href":"https:\/\/blogin.al\/index.php?rest_route=\/wp\/v2\/posts\/52414","targetHints":{"allow":["GET"]}}],"collection":[{"href":"https:\/\/blogin.al\/index.php?rest_route=\/wp\/v2\/posts"}],"about":[{"href":"https:\/\/blogin.al\/index.php?rest_route=\/wp\/v2\/types\/post"}],"author":[{"embeddable":true,"href":"https:\/\/blogin.al\/index.php?rest_route=\/wp\/v2\/users\/2"}],"replies":[{"embeddable":true,"href":"https:\/\/blogin.al\/index.php?rest_route=%2Fwp%2Fv2%2Fcomments&post=52414"}],"version-history":[{"count":0,"href":"https:\/\/blogin.al\/index.php?rest_route=\/wp\/v2\/posts\/52414\/revisions"}],"wp:featuredmedia":[{"embeddable":true,"href":"https:\/\/blogin.al\/index.php?rest_route=\/wp\/v2\/media\/52413"}],"wp:attachment":[{"href":"https:\/\/blogin.al\/index.php?rest_route=%2Fwp%2Fv2%2Fmedia&parent=52414"}],"wp:term":[{"taxonomy":"category","embeddable":true,"href":"https:\/\/blogin.al\/index.php?rest_route=%2Fwp%2Fv2%2Fcategories&post=52414"},{"taxonomy":"post_tag","embeddable":true,"href":"https:\/\/blogin.al\/index.php?rest_route=%2Fwp%2Fv2%2Ftags&post=52414"}],"curies":[{"name":"wp","href":"https:\/\/api.w.org\/{rel}","templated":true}]}}