{"id":52458,"date":"2024-11-11T13:42:58","date_gmt":"2024-11-11T13:42:58","guid":{"rendered":"https:\/\/blogin.al\/?p=52458"},"modified":"2024-11-11T13:43:01","modified_gmt":"2024-11-11T13:43:01","slug":"cfare-u-vendos-per-femijet-merr-fund-perfundimisht-martesa-e-chiara-ferragni-dhe-fedez","status":"publish","type":"post","link":"https:\/\/blogin.al\/?p=52458","title":{"rendered":"\u00c7far\u00eb u vendos p\u00ebr f\u00ebmij\u00ebt? Merr fund p\u00ebrfundimisht martesa e Chiara Ferragni dhe Fedez"},"content":{"rendered":"\n<p>Martesa e \u00e7iftit t\u00eb famsh\u00ebm, Chiara Ferragni dhe Fedez, duket se ka marr\u00eb fund pas gjasht\u00eb vitesh dhe dy f\u00ebmij\u00ebve, Leone dhe Vittoria.<\/p>\n\n\n\n<p>Sip\u00ebrmarr\u00ebsja dixhitale dhe reperi jan\u00eb gati t\u00eb n\u00ebnshkruajn\u00eb nj\u00eb marr\u00ebveshje ndarjeje dhe divorci, duke i dh\u00ebn\u00eb k\u00ebshtu fund nj\u00eb lidhjeje q\u00eb kishte b\u00ebr\u00eb miliona fansa t\u00eb \u00ebnd\u00ebrrojn\u00eb.<\/p>\n\n\n\n<p>N\u00eb muajt e fundit, fansat e Ferragni-t jan\u00eb p\u00ebrballur me tensione publike, me sharje n\u00eb mediat sociale, disting muzikor dhe thashetheme p\u00ebr pabesi t\u00eb supozuara, duke nxitur mjaft polemika dhe q\u00eb kan\u00eb vazhduar p\u00ebr jav\u00eb t\u00eb t\u00ebra.<\/p>\n\n\n\n<p>Sipas thashethemeve t\u00eb fundit p\u00ebr ish-\u00e7iftin, t\u00eb dy kan\u00eb arritur k\u00ebshtu nj\u00eb marr\u00ebveshje konsensuale ndarjeje.<\/p>\n\n\n\n<p>Sipas tyre, Chiara Ferragni ka vendosur t\u00eb merrej t\u00ebr\u00ebsisht me mir\u00ebmbajtjen e f\u00ebmij\u00ebve t\u00eb saj, Leone dhe Vittoria, duke refuzuar \u00e7do kontribut financiar nga ish-bashk\u00ebshorti.<\/p>\n\n\n\n<p>Fedez, nga ana e tij, do t\u00eb kishte pranuar t\u00eb mbulonte shpenzimet e shkoll\u00ebs, sh\u00ebndetit dhe sportit t\u00eb f\u00ebmij\u00ebve.<\/p>\n\n\n\n<p>Avokat\u00ebt p\u00ebrkat\u00ebs (Pompilia Rossi, Alessandro Simeone dhe Andrea Pietrolucci p\u00ebr Fedez, dhe Daniela Missaglia p\u00ebr Chiara Ferragni) kan\u00eb njoftuar se, pas negociatave t\u00eb gjata, \u00e7ifti ka n\u00ebnshkruar marr\u00ebveshjen e ndarjes dhe divorcit t\u00eb nj\u00ebkohsh\u00ebm, e cila do t\u00eb depozitohet s\u00eb shpejti n\u00eb Gjykat\u00ebn e Milanos.<\/p>\n\n\n\n<p>M\u00eb pas gjyqtar\u00ebt do t\u00eb vendosin p\u00ebr divorcin p\u00ebrfundimtar brenda gjasht\u00eb muajve, duke mbyllur k\u00ebshtu kapitullin e nj\u00eb prej \u00e7ifteve m\u00eb t\u00eb dashur dhe m\u00eb t\u00eb diskutuar t\u00eb viteve t\u00eb fundit.<\/p>\n\n\n\n<p>N\u00eb sh\u00ebnimin e l\u00ebshuar nga avokat\u00ebt shkruhej:\u00a0<strong>\u201cLeone dhe Vittoria do t\u00eb q\u00ebndrojn\u00eb me mamin dhe babin p\u00ebr af\u00ebrsisht t\u00eb nj\u00ebjtat periudha, gjat\u00eb t\u00eb cilave secili prind do t\u00eb kujdeset p\u00ebr mir\u00ebmbajtjen e tyre\u201d. <\/strong><\/p>\n\n\n\n<p>Si reperi ashtu edhe influencerja duket se synojn\u00eb ta menaxhojn\u00eb p\u00ebrfundimin e martes\u00ebs s\u00eb tyre n\u00eb m\u00ebnyr\u00eb paq\u00ebsore, duke shmangur betejat e zgjatura ligjore.<\/p>\n","protected":false},"excerpt":{"rendered":"<p>Martesa e \u00e7iftit t\u00eb famsh\u00ebm, Chiara Ferragni dhe Fedez, duket se ka marr\u00eb fund pas gjasht\u00eb vitesh dhe dy f\u00ebmij\u00ebve, Leone dhe Vittoria. Sip\u00ebrmarr\u00ebsja dixhitale dhe reperi jan\u00eb gati t\u00eb n\u00ebnshkruajn\u00eb nj\u00eb marr\u00ebveshje ndarjeje dhe divorci, duke i dh\u00ebn\u00eb k\u00ebshtu fund nj\u00eb lidhjeje q\u00eb kishte b\u00ebr\u00eb miliona fansa t\u00eb \u00ebnd\u00ebrrojn\u00eb. N\u00eb muajt e fundit, fansat [&hellip;]<\/p>\n","protected":false},"author":2,"featured_media":37936,"comment_status":"closed","ping_status":"closed","sticky":false,"template":"","format":"standard","meta":{"footnotes":""},"categories":[33],"tags":[],"class_list":{"0":"post-52458","1":"post","2":"type-post","3":"status-publish","4":"format-standard","5":"has-post-thumbnail","7":"category-showbiz"},"yoast_head":"<!-- This site is optimized with the Yoast SEO plugin v27.5 - https:\/\/yoast.com\/product\/yoast-seo-wordpress\/ -->\n<title>\u00c7far\u00eb u vendos p\u00ebr f\u00ebmij\u00ebt? Merr fund p\u00ebrfundimisht martesa e Chiara Ferragni dhe Fedez - blogin.al<\/title>\n<meta name=\"robots\" content=\"index, follow, max-snippet:-1, max-image-preview:large, max-video-preview:-1\" \/>\n<link rel=\"canonical\" href=\"https:\/\/blogin.al\/?p=52458\" \/>\n<meta property=\"og:locale\" content=\"en_US\" \/>\n<meta property=\"og:type\" content=\"article\" \/>\n<meta property=\"og:title\" content=\"\u00c7far\u00eb u vendos p\u00ebr f\u00ebmij\u00ebt? Merr fund p\u00ebrfundimisht martesa e Chiara Ferragni dhe Fedez - blogin.al\" \/>\n<meta property=\"og:description\" content=\"Martesa e \u00e7iftit t\u00eb famsh\u00ebm, Chiara Ferragni dhe Fedez, duket se ka marr\u00eb fund pas gjasht\u00eb vitesh dhe dy f\u00ebmij\u00ebve, Leone dhe Vittoria. Sip\u00ebrmarr\u00ebsja dixhitale dhe reperi jan\u00eb gati t\u00eb n\u00ebnshkruajn\u00eb nj\u00eb marr\u00ebveshje ndarjeje dhe divorci, duke i dh\u00ebn\u00eb k\u00ebshtu fund nj\u00eb lidhjeje q\u00eb kishte b\u00ebr\u00eb miliona fansa t\u00eb \u00ebnd\u00ebrrojn\u00eb. N\u00eb muajt e fundit, fansat [&hellip;]\" \/>\n<meta property=\"og:url\" content=\"https:\/\/blogin.al\/?p=52458\" \/>\n<meta property=\"og:site_name\" content=\"blogin.al\" \/>\n<meta property=\"article:published_time\" content=\"2024-11-11T13:42:58+00:00\" \/>\n<meta property=\"article:modified_time\" content=\"2024-11-11T13:43:01+00:00\" \/>\n<meta property=\"og:image\" content=\"https:\/\/blogin.al\/wp-content\/uploads\/2023\/09\/chiara-ferragni-fedez-sologossip-12-6-22-2.jpg\" \/>\n\t<meta property=\"og:image:width\" content=\"1280\" \/>\n\t<meta property=\"og:image:height\" content=\"720\" \/>\n\t<meta property=\"og:image:type\" content=\"image\/jpeg\" \/>\n<meta name=\"author\" content=\"Blogin al\" \/>\n<meta name=\"twitter:card\" content=\"summary_large_image\" \/>\n<meta name=\"twitter:label1\" content=\"Written by\" \/>\n\t<meta name=\"twitter:data1\" content=\"Blogin al\" \/>\n\t<meta name=\"twitter:label2\" content=\"Est. reading time\" \/>\n\t<meta name=\"twitter:data2\" content=\"2 minutes\" \/>\n<script type=\"application\/ld+json\" class=\"yoast-schema-graph\">{\"@context\":\"https:\\\/\\\/schema.org\",\"@graph\":[{\"@type\":\"Article\",\"@id\":\"https:\\\/\\\/blogin.al\\\/?p=52458#article\",\"isPartOf\":{\"@id\":\"https:\\\/\\\/blogin.al\\\/?p=52458\"},\"author\":{\"name\":\"Blogin al\",\"@id\":\"https:\\\/\\\/blogin.al\\\/#\\\/schema\\\/person\\\/abdd56bc912cd511db877b852b115399\"},\"headline\":\"\u00c7far\u00eb u vendos p\u00ebr f\u00ebmij\u00ebt? Merr fund p\u00ebrfundimisht martesa e Chiara Ferragni dhe Fedez\",\"datePublished\":\"2024-11-11T13:42:58+00:00\",\"dateModified\":\"2024-11-11T13:43:01+00:00\",\"mainEntityOfPage\":{\"@id\":\"https:\\\/\\\/blogin.al\\\/?p=52458\"},\"wordCount\":354,\"publisher\":{\"@id\":\"https:\\\/\\\/blogin.al\\\/#organization\"},\"image\":{\"@id\":\"https:\\\/\\\/blogin.al\\\/?p=52458#primaryimage\"},\"thumbnailUrl\":\"https:\\\/\\\/blogin.al\\\/wp-content\\\/uploads\\\/2023\\\/09\\\/chiara-ferragni-fedez-sologossip-12-6-22-2.jpg\",\"articleSection\":[\"SHOWBIZ\"],\"inLanguage\":\"en-US\"},{\"@type\":\"WebPage\",\"@id\":\"https:\\\/\\\/blogin.al\\\/?p=52458\",\"url\":\"https:\\\/\\\/blogin.al\\\/?p=52458\",\"name\":\"\u00c7far\u00eb u vendos p\u00ebr f\u00ebmij\u00ebt? Merr fund p\u00ebrfundimisht martesa e Chiara Ferragni dhe Fedez - blogin.al\",\"isPartOf\":{\"@id\":\"https:\\\/\\\/blogin.al\\\/#website\"},\"primaryImageOfPage\":{\"@id\":\"https:\\\/\\\/blogin.al\\\/?p=52458#primaryimage\"},\"image\":{\"@id\":\"https:\\\/\\\/blogin.al\\\/?p=52458#primaryimage\"},\"thumbnailUrl\":\"https:\\\/\\\/blogin.al\\\/wp-content\\\/uploads\\\/2023\\\/09\\\/chiara-ferragni-fedez-sologossip-12-6-22-2.jpg\",\"datePublished\":\"2024-11-11T13:42:58+00:00\",\"dateModified\":\"2024-11-11T13:43:01+00:00\",\"breadcrumb\":{\"@id\":\"https:\\\/\\\/blogin.al\\\/?p=52458#breadcrumb\"},\"inLanguage\":\"en-US\",\"potentialAction\":[{\"@type\":\"ReadAction\",\"target\":[\"https:\\\/\\\/blogin.al\\\/?p=52458\"]}]},{\"@type\":\"ImageObject\",\"inLanguage\":\"en-US\",\"@id\":\"https:\\\/\\\/blogin.al\\\/?p=52458#primaryimage\",\"url\":\"https:\\\/\\\/blogin.al\\\/wp-content\\\/uploads\\\/2023\\\/09\\\/chiara-ferragni-fedez-sologossip-12-6-22-2.jpg\",\"contentUrl\":\"https:\\\/\\\/blogin.al\\\/wp-content\\\/uploads\\\/2023\\\/09\\\/chiara-ferragni-fedez-sologossip-12-6-22-2.jpg\",\"width\":1280,\"height\":720},{\"@type\":\"BreadcrumbList\",\"@id\":\"https:\\\/\\\/blogin.al\\\/?p=52458#breadcrumb\",\"itemListElement\":[{\"@type\":\"ListItem\",\"position\":1,\"name\":\"Home\",\"item\":\"https:\\\/\\\/blogin.al\\\/\"},{\"@type\":\"ListItem\",\"position\":2,\"name\":\"\u00c7far\u00eb u vendos p\u00ebr f\u00ebmij\u00ebt? Merr fund p\u00ebrfundimisht martesa e Chiara Ferragni dhe Fedez\"}]},{\"@type\":\"WebSite\",\"@id\":\"https:\\\/\\\/blogin.al\\\/#website\",\"url\":\"https:\\\/\\\/blogin.al\\\/\",\"name\":\"blogin.al\",\"description\":\"\",\"publisher\":{\"@id\":\"https:\\\/\\\/blogin.al\\\/#organization\"},\"potentialAction\":[{\"@type\":\"SearchAction\",\"target\":{\"@type\":\"EntryPoint\",\"urlTemplate\":\"https:\\\/\\\/blogin.al\\\/?s={search_term_string}\"},\"query-input\":{\"@type\":\"PropertyValueSpecification\",\"valueRequired\":true,\"valueName\":\"search_term_string\"}}],\"inLanguage\":\"en-US\"},{\"@type\":\"Organization\",\"@id\":\"https:\\\/\\\/blogin.al\\\/#organization\",\"name\":\"BLOGIN.al\",\"url\":\"https:\\\/\\\/blogin.al\\\/\",\"logo\":{\"@type\":\"ImageObject\",\"inLanguage\":\"en-US\",\"@id\":\"https:\\\/\\\/blogin.al\\\/#\\\/schema\\\/logo\\\/image\\\/\",\"url\":\"https:\\\/\\\/blogin.al\\\/wp-content\\\/uploads\\\/2022\\\/05\\\/Untitled-2-01-e1652084456514.png\",\"contentUrl\":\"https:\\\/\\\/blogin.al\\\/wp-content\\\/uploads\\\/2022\\\/05\\\/Untitled-2-01-e1652084456514.png\",\"width\":3723,\"height\":1698,\"caption\":\"BLOGIN.al\"},\"image\":{\"@id\":\"https:\\\/\\\/blogin.al\\\/#\\\/schema\\\/logo\\\/image\\\/\"},\"sameAs\":[\"https:\\\/\\\/instagram.com\\\/blogin.al\\\/\"]},{\"@type\":\"Person\",\"@id\":\"https:\\\/\\\/blogin.al\\\/#\\\/schema\\\/person\\\/abdd56bc912cd511db877b852b115399\",\"name\":\"Blogin al\",\"image\":{\"@type\":\"ImageObject\",\"inLanguage\":\"en-US\",\"@id\":\"https:\\\/\\\/secure.gravatar.com\\\/avatar\\\/60d5661aee6e835fb13dc75d2204cd0c1d61bef2efd137c0083e59ef831e235e?s=96&d=mm&r=g\",\"url\":\"https:\\\/\\\/secure.gravatar.com\\\/avatar\\\/60d5661aee6e835fb13dc75d2204cd0c1d61bef2efd137c0083e59ef831e235e?s=96&d=mm&r=g\",\"contentUrl\":\"https:\\\/\\\/secure.gravatar.com\\\/avatar\\\/60d5661aee6e835fb13dc75d2204cd0c1d61bef2efd137c0083e59ef831e235e?s=96&d=mm&r=g\",\"caption\":\"Blogin al\"},\"sameAs\":[\"https:\\\/\\\/blogin.al\"],\"url\":\"https:\\\/\\\/blogin.al\\\/?author=2\"}]}<\/script>\n<!-- \/ Yoast SEO plugin. -->","yoast_head_json":{"title":"\u00c7far\u00eb u vendos p\u00ebr f\u00ebmij\u00ebt? Merr fund p\u00ebrfundimisht martesa e Chiara Ferragni dhe Fedez - blogin.al","robots":{"index":"index","follow":"follow","max-snippet":"max-snippet:-1","max-image-preview":"max-image-preview:large","max-video-preview":"max-video-preview:-1"},"canonical":"https:\/\/blogin.al\/?p=52458","og_locale":"en_US","og_type":"article","og_title":"\u00c7far\u00eb u vendos p\u00ebr f\u00ebmij\u00ebt? Merr fund p\u00ebrfundimisht martesa e Chiara Ferragni dhe Fedez - blogin.al","og_description":"Martesa e \u00e7iftit t\u00eb famsh\u00ebm, Chiara Ferragni dhe Fedez, duket se ka marr\u00eb fund pas gjasht\u00eb vitesh dhe dy f\u00ebmij\u00ebve, Leone dhe Vittoria. Sip\u00ebrmarr\u00ebsja dixhitale dhe reperi jan\u00eb gati t\u00eb n\u00ebnshkruajn\u00eb nj\u00eb marr\u00ebveshje ndarjeje dhe divorci, duke i dh\u00ebn\u00eb k\u00ebshtu fund nj\u00eb lidhjeje q\u00eb kishte b\u00ebr\u00eb miliona fansa t\u00eb \u00ebnd\u00ebrrojn\u00eb. N\u00eb muajt e fundit, fansat [&hellip;]","og_url":"https:\/\/blogin.al\/?p=52458","og_site_name":"blogin.al","article_published_time":"2024-11-11T13:42:58+00:00","article_modified_time":"2024-11-11T13:43:01+00:00","og_image":[{"width":1280,"height":720,"url":"https:\/\/blogin.al\/wp-content\/uploads\/2023\/09\/chiara-ferragni-fedez-sologossip-12-6-22-2.jpg","type":"image\/jpeg"}],"author":"Blogin al","twitter_card":"summary_large_image","twitter_misc":{"Written by":"Blogin al","Est. reading time":"2 minutes"},"schema":{"@context":"https:\/\/schema.org","@graph":[{"@type":"Article","@id":"https:\/\/blogin.al\/?p=52458#article","isPartOf":{"@id":"https:\/\/blogin.al\/?p=52458"},"author":{"name":"Blogin al","@id":"https:\/\/blogin.al\/#\/schema\/person\/abdd56bc912cd511db877b852b115399"},"headline":"\u00c7far\u00eb u vendos p\u00ebr f\u00ebmij\u00ebt? Merr fund p\u00ebrfundimisht martesa e Chiara Ferragni dhe Fedez","datePublished":"2024-11-11T13:42:58+00:00","dateModified":"2024-11-11T13:43:01+00:00","mainEntityOfPage":{"@id":"https:\/\/blogin.al\/?p=52458"},"wordCount":354,"publisher":{"@id":"https:\/\/blogin.al\/#organization"},"image":{"@id":"https:\/\/blogin.al\/?p=52458#primaryimage"},"thumbnailUrl":"https:\/\/blogin.al\/wp-content\/uploads\/2023\/09\/chiara-ferragni-fedez-sologossip-12-6-22-2.jpg","articleSection":["SHOWBIZ"],"inLanguage":"en-US"},{"@type":"WebPage","@id":"https:\/\/blogin.al\/?p=52458","url":"https:\/\/blogin.al\/?p=52458","name":"\u00c7far\u00eb u vendos p\u00ebr f\u00ebmij\u00ebt? Merr fund p\u00ebrfundimisht martesa e Chiara Ferragni dhe Fedez - blogin.al","isPartOf":{"@id":"https:\/\/blogin.al\/#website"},"primaryImageOfPage":{"@id":"https:\/\/blogin.al\/?p=52458#primaryimage"},"image":{"@id":"https:\/\/blogin.al\/?p=52458#primaryimage"},"thumbnailUrl":"https:\/\/blogin.al\/wp-content\/uploads\/2023\/09\/chiara-ferragni-fedez-sologossip-12-6-22-2.jpg","datePublished":"2024-11-11T13:42:58+00:00","dateModified":"2024-11-11T13:43:01+00:00","breadcrumb":{"@id":"https:\/\/blogin.al\/?p=52458#breadcrumb"},"inLanguage":"en-US","potentialAction":[{"@type":"ReadAction","target":["https:\/\/blogin.al\/?p=52458"]}]},{"@type":"ImageObject","inLanguage":"en-US","@id":"https:\/\/blogin.al\/?p=52458#primaryimage","url":"https:\/\/blogin.al\/wp-content\/uploads\/2023\/09\/chiara-ferragni-fedez-sologossip-12-6-22-2.jpg","contentUrl":"https:\/\/blogin.al\/wp-content\/uploads\/2023\/09\/chiara-ferragni-fedez-sologossip-12-6-22-2.jpg","width":1280,"height":720},{"@type":"BreadcrumbList","@id":"https:\/\/blogin.al\/?p=52458#breadcrumb","itemListElement":[{"@type":"ListItem","position":1,"name":"Home","item":"https:\/\/blogin.al\/"},{"@type":"ListItem","position":2,"name":"\u00c7far\u00eb u vendos p\u00ebr f\u00ebmij\u00ebt? Merr fund p\u00ebrfundimisht martesa e Chiara Ferragni dhe Fedez"}]},{"@type":"WebSite","@id":"https:\/\/blogin.al\/#website","url":"https:\/\/blogin.al\/","name":"blogin.al","description":"","publisher":{"@id":"https:\/\/blogin.al\/#organization"},"potentialAction":[{"@type":"SearchAction","target":{"@type":"EntryPoint","urlTemplate":"https:\/\/blogin.al\/?s={search_term_string}"},"query-input":{"@type":"PropertyValueSpecification","valueRequired":true,"valueName":"search_term_string"}}],"inLanguage":"en-US"},{"@type":"Organization","@id":"https:\/\/blogin.al\/#organization","name":"BLOGIN.al","url":"https:\/\/blogin.al\/","logo":{"@type":"ImageObject","inLanguage":"en-US","@id":"https:\/\/blogin.al\/#\/schema\/logo\/image\/","url":"https:\/\/blogin.al\/wp-content\/uploads\/2022\/05\/Untitled-2-01-e1652084456514.png","contentUrl":"https:\/\/blogin.al\/wp-content\/uploads\/2022\/05\/Untitled-2-01-e1652084456514.png","width":3723,"height":1698,"caption":"BLOGIN.al"},"image":{"@id":"https:\/\/blogin.al\/#\/schema\/logo\/image\/"},"sameAs":["https:\/\/instagram.com\/blogin.al\/"]},{"@type":"Person","@id":"https:\/\/blogin.al\/#\/schema\/person\/abdd56bc912cd511db877b852b115399","name":"Blogin al","image":{"@type":"ImageObject","inLanguage":"en-US","@id":"https:\/\/secure.gravatar.com\/avatar\/60d5661aee6e835fb13dc75d2204cd0c1d61bef2efd137c0083e59ef831e235e?s=96&d=mm&r=g","url":"https:\/\/secure.gravatar.com\/avatar\/60d5661aee6e835fb13dc75d2204cd0c1d61bef2efd137c0083e59ef831e235e?s=96&d=mm&r=g","contentUrl":"https:\/\/secure.gravatar.com\/avatar\/60d5661aee6e835fb13dc75d2204cd0c1d61bef2efd137c0083e59ef831e235e?s=96&d=mm&r=g","caption":"Blogin al"},"sameAs":["https:\/\/blogin.al"],"url":"https:\/\/blogin.al\/?author=2"}]}},"_links":{"self":[{"href":"https:\/\/blogin.al\/index.php?rest_route=\/wp\/v2\/posts\/52458","targetHints":{"allow":["GET"]}}],"collection":[{"href":"https:\/\/blogin.al\/index.php?rest_route=\/wp\/v2\/posts"}],"about":[{"href":"https:\/\/blogin.al\/index.php?rest_route=\/wp\/v2\/types\/post"}],"author":[{"embeddable":true,"href":"https:\/\/blogin.al\/index.php?rest_route=\/wp\/v2\/users\/2"}],"replies":[{"embeddable":true,"href":"https:\/\/blogin.al\/index.php?rest_route=%2Fwp%2Fv2%2Fcomments&post=52458"}],"version-history":[{"count":1,"href":"https:\/\/blogin.al\/index.php?rest_route=\/wp\/v2\/posts\/52458\/revisions"}],"predecessor-version":[{"id":52459,"href":"https:\/\/blogin.al\/index.php?rest_route=\/wp\/v2\/posts\/52458\/revisions\/52459"}],"wp:featuredmedia":[{"embeddable":true,"href":"https:\/\/blogin.al\/index.php?rest_route=\/wp\/v2\/media\/37936"}],"wp:attachment":[{"href":"https:\/\/blogin.al\/index.php?rest_route=%2Fwp%2Fv2%2Fmedia&parent=52458"}],"wp:term":[{"taxonomy":"category","embeddable":true,"href":"https:\/\/blogin.al\/index.php?rest_route=%2Fwp%2Fv2%2Fcategories&post=52458"},{"taxonomy":"post_tag","embeddable":true,"href":"https:\/\/blogin.al\/index.php?rest_route=%2Fwp%2Fv2%2Ftags&post=52458"}],"curies":[{"name":"wp","href":"https:\/\/api.w.org\/{rel}","templated":true}]}}