{"id":52534,"date":"2024-11-13T13:13:48","date_gmt":"2024-11-13T13:13:48","guid":{"rendered":"https:\/\/blogin.al\/?p=52534"},"modified":"2024-11-13T13:41:14","modified_gmt":"2024-11-13T13:41:14","slug":"deklarata-e-saj-solli-reagime-te-shumta-einxhel-nuk-jam-kunder-karrieres-se-vajzave","status":"publish","type":"post","link":"https:\/\/blogin.al\/?p=52534","title":{"rendered":"Deklarata e saj solli reagime t\u00eb shumta, Einxhel: Nuk jam kund\u00ebr karrier\u00ebs s\u00eb vajzave"},"content":{"rendered":"\n<p>Einxhel Shkira ka sqaruar deklarat\u00ebn e saj pak dit\u00eb m\u00eb par\u00eb n\u00eb \u201cGoca dhe gra\u201d lidhur me vajzat q\u00eb shtyjn\u00eb mosh\u00ebn e m\u00ebm\u00ebsis\u00eb.<\/p>\n\n\n\n<p>Ajo u shpreh n\u00eb \u201cWake up\u201d se ka qen\u00eb gjithmon\u00eb pro krijimit t\u00eb nj\u00eb familje, por jo kund\u00ebr karrier\u00ebs!<\/p>\n\n\n\n<p>\u201cNuk e kam pasur fjal\u00ebn p\u00ebr ata q\u00eb nuk duan, nuk kan\u00eb partner, apo kan\u00eb probleme sh\u00ebndet\u00ebsore. Un\u00eb gjithmon\u00eb kam qen\u00eb pro krijimit t\u00eb familjes. N\u00ebse do ishte paralel me karrier\u00ebn, do ishte perfekte\u201d, tha Einxhel Shkira.<\/p>\n","protected":false},"excerpt":{"rendered":"<p>Einxhel Shkira ka sqaruar deklarat\u00ebn e saj pak dit\u00eb m\u00eb par\u00eb n\u00eb \u201cGoca dhe gra\u201d lidhur me vajzat q\u00eb shtyjn\u00eb mosh\u00ebn e m\u00ebm\u00ebsis\u00eb. Ajo u shpreh n\u00eb \u201cWake up\u201d se ka qen\u00eb gjithmon\u00eb pro krijimit t\u00eb nj\u00eb familje, por jo kund\u00ebr karrier\u00ebs! \u201cNuk e kam pasur fjal\u00ebn p\u00ebr ata q\u00eb nuk duan, nuk kan\u00eb partner, [&hellip;]<\/p>\n","protected":false},"author":2,"featured_media":52539,"comment_status":"closed","ping_status":"closed","sticky":false,"template":"","format":"standard","meta":{"footnotes":""},"categories":[33],"tags":[],"class_list":{"0":"post-52534","1":"post","2":"type-post","3":"status-publish","4":"format-standard","5":"has-post-thumbnail","7":"category-showbiz"},"yoast_head":"<!-- This site is optimized with the Yoast SEO plugin v27.5 - https:\/\/yoast.com\/product\/yoast-seo-wordpress\/ -->\n<title>Deklarata e saj solli reagime t\u00eb shumta, Einxhel: Nuk jam kund\u00ebr karrier\u00ebs s\u00eb vajzave - blogin.al<\/title>\n<meta name=\"robots\" content=\"index, follow, max-snippet:-1, max-image-preview:large, max-video-preview:-1\" \/>\n<link rel=\"canonical\" href=\"https:\/\/blogin.al\/?p=52534\" \/>\n<meta property=\"og:locale\" content=\"en_US\" \/>\n<meta property=\"og:type\" content=\"article\" \/>\n<meta property=\"og:title\" content=\"Deklarata e saj solli reagime t\u00eb shumta, Einxhel: Nuk jam kund\u00ebr karrier\u00ebs s\u00eb vajzave - blogin.al\" \/>\n<meta property=\"og:description\" content=\"Einxhel Shkira ka sqaruar deklarat\u00ebn e saj pak dit\u00eb m\u00eb par\u00eb n\u00eb \u201cGoca dhe gra\u201d lidhur me vajzat q\u00eb shtyjn\u00eb mosh\u00ebn e m\u00ebm\u00ebsis\u00eb. Ajo u shpreh n\u00eb \u201cWake up\u201d se ka qen\u00eb gjithmon\u00eb pro krijimit t\u00eb nj\u00eb familje, por jo kund\u00ebr karrier\u00ebs! \u201cNuk e kam pasur fjal\u00ebn p\u00ebr ata q\u00eb nuk duan, nuk kan\u00eb partner, [&hellip;]\" \/>\n<meta property=\"og:url\" content=\"https:\/\/blogin.al\/?p=52534\" \/>\n<meta property=\"og:site_name\" content=\"blogin.al\" \/>\n<meta property=\"article:published_time\" content=\"2024-11-13T13:13:48+00:00\" \/>\n<meta property=\"article:modified_time\" content=\"2024-11-13T13:41:14+00:00\" \/>\n<meta property=\"og:image\" content=\"https:\/\/blogin.al\/wp-content\/uploads\/2024\/11\/20241105_104425-1.jpg\" \/>\n\t<meta property=\"og:image:width\" content=\"1440\" \/>\n\t<meta property=\"og:image:height\" content=\"1475\" \/>\n\t<meta property=\"og:image:type\" content=\"image\/jpeg\" \/>\n<meta name=\"author\" content=\"Blogin al\" \/>\n<meta name=\"twitter:card\" content=\"summary_large_image\" \/>\n<meta name=\"twitter:label1\" content=\"Written by\" \/>\n\t<meta name=\"twitter:data1\" content=\"Blogin al\" \/>\n\t<meta name=\"twitter:label2\" content=\"Est. reading time\" \/>\n\t<meta name=\"twitter:data2\" content=\"1 minute\" \/>\n<script type=\"application\/ld+json\" class=\"yoast-schema-graph\">{\"@context\":\"https:\\\/\\\/schema.org\",\"@graph\":[{\"@type\":\"Article\",\"@id\":\"https:\\\/\\\/blogin.al\\\/?p=52534#article\",\"isPartOf\":{\"@id\":\"https:\\\/\\\/blogin.al\\\/?p=52534\"},\"author\":{\"name\":\"Blogin al\",\"@id\":\"https:\\\/\\\/blogin.al\\\/#\\\/schema\\\/person\\\/abdd56bc912cd511db877b852b115399\"},\"headline\":\"Deklarata e saj solli reagime t\u00eb shumta, Einxhel: Nuk jam kund\u00ebr karrier\u00ebs s\u00eb vajzave\",\"datePublished\":\"2024-11-13T13:13:48+00:00\",\"dateModified\":\"2024-11-13T13:41:14+00:00\",\"mainEntityOfPage\":{\"@id\":\"https:\\\/\\\/blogin.al\\\/?p=52534\"},\"wordCount\":107,\"publisher\":{\"@id\":\"https:\\\/\\\/blogin.al\\\/#organization\"},\"image\":{\"@id\":\"https:\\\/\\\/blogin.al\\\/?p=52534#primaryimage\"},\"thumbnailUrl\":\"https:\\\/\\\/blogin.al\\\/wp-content\\\/uploads\\\/2024\\\/11\\\/20241105_104425-1.jpg\",\"articleSection\":[\"SHOWBIZ\"],\"inLanguage\":\"en-US\"},{\"@type\":\"WebPage\",\"@id\":\"https:\\\/\\\/blogin.al\\\/?p=52534\",\"url\":\"https:\\\/\\\/blogin.al\\\/?p=52534\",\"name\":\"Deklarata e saj solli reagime t\u00eb shumta, Einxhel: Nuk jam kund\u00ebr karrier\u00ebs s\u00eb vajzave - blogin.al\",\"isPartOf\":{\"@id\":\"https:\\\/\\\/blogin.al\\\/#website\"},\"primaryImageOfPage\":{\"@id\":\"https:\\\/\\\/blogin.al\\\/?p=52534#primaryimage\"},\"image\":{\"@id\":\"https:\\\/\\\/blogin.al\\\/?p=52534#primaryimage\"},\"thumbnailUrl\":\"https:\\\/\\\/blogin.al\\\/wp-content\\\/uploads\\\/2024\\\/11\\\/20241105_104425-1.jpg\",\"datePublished\":\"2024-11-13T13:13:48+00:00\",\"dateModified\":\"2024-11-13T13:41:14+00:00\",\"breadcrumb\":{\"@id\":\"https:\\\/\\\/blogin.al\\\/?p=52534#breadcrumb\"},\"inLanguage\":\"en-US\",\"potentialAction\":[{\"@type\":\"ReadAction\",\"target\":[\"https:\\\/\\\/blogin.al\\\/?p=52534\"]}]},{\"@type\":\"ImageObject\",\"inLanguage\":\"en-US\",\"@id\":\"https:\\\/\\\/blogin.al\\\/?p=52534#primaryimage\",\"url\":\"https:\\\/\\\/blogin.al\\\/wp-content\\\/uploads\\\/2024\\\/11\\\/20241105_104425-1.jpg\",\"contentUrl\":\"https:\\\/\\\/blogin.al\\\/wp-content\\\/uploads\\\/2024\\\/11\\\/20241105_104425-1.jpg\",\"width\":1440,\"height\":1475},{\"@type\":\"BreadcrumbList\",\"@id\":\"https:\\\/\\\/blogin.al\\\/?p=52534#breadcrumb\",\"itemListElement\":[{\"@type\":\"ListItem\",\"position\":1,\"name\":\"Home\",\"item\":\"https:\\\/\\\/blogin.al\\\/\"},{\"@type\":\"ListItem\",\"position\":2,\"name\":\"Deklarata e saj solli reagime t\u00eb shumta, Einxhel: Nuk jam kund\u00ebr karrier\u00ebs s\u00eb vajzave\"}]},{\"@type\":\"WebSite\",\"@id\":\"https:\\\/\\\/blogin.al\\\/#website\",\"url\":\"https:\\\/\\\/blogin.al\\\/\",\"name\":\"blogin.al\",\"description\":\"\",\"publisher\":{\"@id\":\"https:\\\/\\\/blogin.al\\\/#organization\"},\"potentialAction\":[{\"@type\":\"SearchAction\",\"target\":{\"@type\":\"EntryPoint\",\"urlTemplate\":\"https:\\\/\\\/blogin.al\\\/?s={search_term_string}\"},\"query-input\":{\"@type\":\"PropertyValueSpecification\",\"valueRequired\":true,\"valueName\":\"search_term_string\"}}],\"inLanguage\":\"en-US\"},{\"@type\":\"Organization\",\"@id\":\"https:\\\/\\\/blogin.al\\\/#organization\",\"name\":\"BLOGIN.al\",\"url\":\"https:\\\/\\\/blogin.al\\\/\",\"logo\":{\"@type\":\"ImageObject\",\"inLanguage\":\"en-US\",\"@id\":\"https:\\\/\\\/blogin.al\\\/#\\\/schema\\\/logo\\\/image\\\/\",\"url\":\"https:\\\/\\\/blogin.al\\\/wp-content\\\/uploads\\\/2022\\\/05\\\/Untitled-2-01-e1652084456514.png\",\"contentUrl\":\"https:\\\/\\\/blogin.al\\\/wp-content\\\/uploads\\\/2022\\\/05\\\/Untitled-2-01-e1652084456514.png\",\"width\":3723,\"height\":1698,\"caption\":\"BLOGIN.al\"},\"image\":{\"@id\":\"https:\\\/\\\/blogin.al\\\/#\\\/schema\\\/logo\\\/image\\\/\"},\"sameAs\":[\"https:\\\/\\\/instagram.com\\\/blogin.al\\\/\"]},{\"@type\":\"Person\",\"@id\":\"https:\\\/\\\/blogin.al\\\/#\\\/schema\\\/person\\\/abdd56bc912cd511db877b852b115399\",\"name\":\"Blogin al\",\"image\":{\"@type\":\"ImageObject\",\"inLanguage\":\"en-US\",\"@id\":\"https:\\\/\\\/secure.gravatar.com\\\/avatar\\\/60d5661aee6e835fb13dc75d2204cd0c1d61bef2efd137c0083e59ef831e235e?s=96&d=mm&r=g\",\"url\":\"https:\\\/\\\/secure.gravatar.com\\\/avatar\\\/60d5661aee6e835fb13dc75d2204cd0c1d61bef2efd137c0083e59ef831e235e?s=96&d=mm&r=g\",\"contentUrl\":\"https:\\\/\\\/secure.gravatar.com\\\/avatar\\\/60d5661aee6e835fb13dc75d2204cd0c1d61bef2efd137c0083e59ef831e235e?s=96&d=mm&r=g\",\"caption\":\"Blogin al\"},\"sameAs\":[\"https:\\\/\\\/blogin.al\"],\"url\":\"https:\\\/\\\/blogin.al\\\/?author=2\"}]}<\/script>\n<!-- \/ Yoast SEO plugin. -->","yoast_head_json":{"title":"Deklarata e saj solli reagime t\u00eb shumta, Einxhel: Nuk jam kund\u00ebr karrier\u00ebs s\u00eb vajzave - blogin.al","robots":{"index":"index","follow":"follow","max-snippet":"max-snippet:-1","max-image-preview":"max-image-preview:large","max-video-preview":"max-video-preview:-1"},"canonical":"https:\/\/blogin.al\/?p=52534","og_locale":"en_US","og_type":"article","og_title":"Deklarata e saj solli reagime t\u00eb shumta, Einxhel: Nuk jam kund\u00ebr karrier\u00ebs s\u00eb vajzave - blogin.al","og_description":"Einxhel Shkira ka sqaruar deklarat\u00ebn e saj pak dit\u00eb m\u00eb par\u00eb n\u00eb \u201cGoca dhe gra\u201d lidhur me vajzat q\u00eb shtyjn\u00eb mosh\u00ebn e m\u00ebm\u00ebsis\u00eb. Ajo u shpreh n\u00eb \u201cWake up\u201d se ka qen\u00eb gjithmon\u00eb pro krijimit t\u00eb nj\u00eb familje, por jo kund\u00ebr karrier\u00ebs! \u201cNuk e kam pasur fjal\u00ebn p\u00ebr ata q\u00eb nuk duan, nuk kan\u00eb partner, [&hellip;]","og_url":"https:\/\/blogin.al\/?p=52534","og_site_name":"blogin.al","article_published_time":"2024-11-13T13:13:48+00:00","article_modified_time":"2024-11-13T13:41:14+00:00","og_image":[{"width":1440,"height":1475,"url":"https:\/\/blogin.al\/wp-content\/uploads\/2024\/11\/20241105_104425-1.jpg","type":"image\/jpeg"}],"author":"Blogin al","twitter_card":"summary_large_image","twitter_misc":{"Written by":"Blogin al","Est. reading time":"1 minute"},"schema":{"@context":"https:\/\/schema.org","@graph":[{"@type":"Article","@id":"https:\/\/blogin.al\/?p=52534#article","isPartOf":{"@id":"https:\/\/blogin.al\/?p=52534"},"author":{"name":"Blogin al","@id":"https:\/\/blogin.al\/#\/schema\/person\/abdd56bc912cd511db877b852b115399"},"headline":"Deklarata e saj solli reagime t\u00eb shumta, Einxhel: Nuk jam kund\u00ebr karrier\u00ebs s\u00eb vajzave","datePublished":"2024-11-13T13:13:48+00:00","dateModified":"2024-11-13T13:41:14+00:00","mainEntityOfPage":{"@id":"https:\/\/blogin.al\/?p=52534"},"wordCount":107,"publisher":{"@id":"https:\/\/blogin.al\/#organization"},"image":{"@id":"https:\/\/blogin.al\/?p=52534#primaryimage"},"thumbnailUrl":"https:\/\/blogin.al\/wp-content\/uploads\/2024\/11\/20241105_104425-1.jpg","articleSection":["SHOWBIZ"],"inLanguage":"en-US"},{"@type":"WebPage","@id":"https:\/\/blogin.al\/?p=52534","url":"https:\/\/blogin.al\/?p=52534","name":"Deklarata e saj solli reagime t\u00eb shumta, Einxhel: Nuk jam kund\u00ebr karrier\u00ebs s\u00eb vajzave - blogin.al","isPartOf":{"@id":"https:\/\/blogin.al\/#website"},"primaryImageOfPage":{"@id":"https:\/\/blogin.al\/?p=52534#primaryimage"},"image":{"@id":"https:\/\/blogin.al\/?p=52534#primaryimage"},"thumbnailUrl":"https:\/\/blogin.al\/wp-content\/uploads\/2024\/11\/20241105_104425-1.jpg","datePublished":"2024-11-13T13:13:48+00:00","dateModified":"2024-11-13T13:41:14+00:00","breadcrumb":{"@id":"https:\/\/blogin.al\/?p=52534#breadcrumb"},"inLanguage":"en-US","potentialAction":[{"@type":"ReadAction","target":["https:\/\/blogin.al\/?p=52534"]}]},{"@type":"ImageObject","inLanguage":"en-US","@id":"https:\/\/blogin.al\/?p=52534#primaryimage","url":"https:\/\/blogin.al\/wp-content\/uploads\/2024\/11\/20241105_104425-1.jpg","contentUrl":"https:\/\/blogin.al\/wp-content\/uploads\/2024\/11\/20241105_104425-1.jpg","width":1440,"height":1475},{"@type":"BreadcrumbList","@id":"https:\/\/blogin.al\/?p=52534#breadcrumb","itemListElement":[{"@type":"ListItem","position":1,"name":"Home","item":"https:\/\/blogin.al\/"},{"@type":"ListItem","position":2,"name":"Deklarata e saj solli reagime t\u00eb shumta, Einxhel: Nuk jam kund\u00ebr karrier\u00ebs s\u00eb vajzave"}]},{"@type":"WebSite","@id":"https:\/\/blogin.al\/#website","url":"https:\/\/blogin.al\/","name":"blogin.al","description":"","publisher":{"@id":"https:\/\/blogin.al\/#organization"},"potentialAction":[{"@type":"SearchAction","target":{"@type":"EntryPoint","urlTemplate":"https:\/\/blogin.al\/?s={search_term_string}"},"query-input":{"@type":"PropertyValueSpecification","valueRequired":true,"valueName":"search_term_string"}}],"inLanguage":"en-US"},{"@type":"Organization","@id":"https:\/\/blogin.al\/#organization","name":"BLOGIN.al","url":"https:\/\/blogin.al\/","logo":{"@type":"ImageObject","inLanguage":"en-US","@id":"https:\/\/blogin.al\/#\/schema\/logo\/image\/","url":"https:\/\/blogin.al\/wp-content\/uploads\/2022\/05\/Untitled-2-01-e1652084456514.png","contentUrl":"https:\/\/blogin.al\/wp-content\/uploads\/2022\/05\/Untitled-2-01-e1652084456514.png","width":3723,"height":1698,"caption":"BLOGIN.al"},"image":{"@id":"https:\/\/blogin.al\/#\/schema\/logo\/image\/"},"sameAs":["https:\/\/instagram.com\/blogin.al\/"]},{"@type":"Person","@id":"https:\/\/blogin.al\/#\/schema\/person\/abdd56bc912cd511db877b852b115399","name":"Blogin al","image":{"@type":"ImageObject","inLanguage":"en-US","@id":"https:\/\/secure.gravatar.com\/avatar\/60d5661aee6e835fb13dc75d2204cd0c1d61bef2efd137c0083e59ef831e235e?s=96&d=mm&r=g","url":"https:\/\/secure.gravatar.com\/avatar\/60d5661aee6e835fb13dc75d2204cd0c1d61bef2efd137c0083e59ef831e235e?s=96&d=mm&r=g","contentUrl":"https:\/\/secure.gravatar.com\/avatar\/60d5661aee6e835fb13dc75d2204cd0c1d61bef2efd137c0083e59ef831e235e?s=96&d=mm&r=g","caption":"Blogin al"},"sameAs":["https:\/\/blogin.al"],"url":"https:\/\/blogin.al\/?author=2"}]}},"_links":{"self":[{"href":"https:\/\/blogin.al\/index.php?rest_route=\/wp\/v2\/posts\/52534","targetHints":{"allow":["GET"]}}],"collection":[{"href":"https:\/\/blogin.al\/index.php?rest_route=\/wp\/v2\/posts"}],"about":[{"href":"https:\/\/blogin.al\/index.php?rest_route=\/wp\/v2\/types\/post"}],"author":[{"embeddable":true,"href":"https:\/\/blogin.al\/index.php?rest_route=\/wp\/v2\/users\/2"}],"replies":[{"embeddable":true,"href":"https:\/\/blogin.al\/index.php?rest_route=%2Fwp%2Fv2%2Fcomments&post=52534"}],"version-history":[{"count":1,"href":"https:\/\/blogin.al\/index.php?rest_route=\/wp\/v2\/posts\/52534\/revisions"}],"predecessor-version":[{"id":52535,"href":"https:\/\/blogin.al\/index.php?rest_route=\/wp\/v2\/posts\/52534\/revisions\/52535"}],"wp:featuredmedia":[{"embeddable":true,"href":"https:\/\/blogin.al\/index.php?rest_route=\/wp\/v2\/media\/52539"}],"wp:attachment":[{"href":"https:\/\/blogin.al\/index.php?rest_route=%2Fwp%2Fv2%2Fmedia&parent=52534"}],"wp:term":[{"taxonomy":"category","embeddable":true,"href":"https:\/\/blogin.al\/index.php?rest_route=%2Fwp%2Fv2%2Fcategories&post=52534"},{"taxonomy":"post_tag","embeddable":true,"href":"https:\/\/blogin.al\/index.php?rest_route=%2Fwp%2Fv2%2Ftags&post=52534"}],"curies":[{"name":"wp","href":"https:\/\/api.w.org\/{rel}","templated":true}]}}