{"id":52552,"date":"2024-11-13T14:26:49","date_gmt":"2024-11-13T14:26:49","guid":{"rendered":"https:\/\/blogin.al\/?p=52552"},"modified":"2024-11-13T20:20:06","modified_gmt":"2024-11-13T20:20:06","slug":"mirembrema-yje-detaje-nga-emisioni-i-ri-i-arbana-osmanit-ja-kur-do-te-filloj","status":"publish","type":"post","link":"https:\/\/blogin.al\/?p=52552","title":{"rendered":"\u201cMir\u00ebmbr\u00ebma yje\u201d\/ Detaje nga emisioni i ri i Arbana Osmanit, ja kur do t\u00eb filloj"},"content":{"rendered":"\n<p>M\u00eb n\u00eb fund Arbana Osmani rikthehet me nj\u00eb emision t\u00eb ri q\u00eb do t\u00eb transmetohet ekskluzivisht n\u00eb kanalin e saj n\u00eb YouTube. Emisioni, i titulluar \u201cMir\u00ebmbr\u00ebma yje\u201d, do t\u00eb shfaq\u00eb intervista dhe momente t\u00eb ve\u00e7anta me disa nga emrat m\u00eb t\u00eb njohur t\u00eb artit dhe ekranit shqiptar. Ishte vet\u00eb Arbana ajo q\u00eb njoftoi se premiera e episodit t\u00eb par\u00eb do t\u00eb jet\u00eb k\u00ebt\u00eb t\u00eb enjte n\u00eb or\u00ebn 20:00, duke surprizuar ndjek\u00ebsit e saj, t\u00eb cil\u00ebt prisnin nj\u00eb nisje m\u00eb t\u00eb vonshme.<\/p>\n\n\n\n<p>Por cil\u00ebt do t\u00eb jen\u00eb t\u00eb ftuarit special\u00eb t\u00eb k\u00ebtij sezoni? N\u00eb videon promo t\u00eb publikuar, shfaqen disa nga figurat m\u00eb t\u00eb dashura p\u00ebr publikun, si Olta Gixhari, Arian \u00c7ani, Xhensila Myrtezaj, Alketa Vejsiu, Ledri Vula, Alban Sk\u00ebnderaj, Ylli Limani, Eno Popi, Xhemi Shehu, Ermal Mamaqi, Adriana Matoshi, Fadil Berisha, Emina Cunmulaj dhe t\u00eb tjer\u00eb. Fansat e Arban\u00ebs jan\u00eb entuziast\u00eb p\u00ebr k\u00ebt\u00eb rikthim dhe presin me padurim premier\u00ebn e \u201cMir\u00ebmbr\u00ebma yje\u201d.<\/p>\n","protected":false},"excerpt":{"rendered":"<p>M\u00eb n\u00eb fund Arbana Osmani rikthehet me nj\u00eb emision t\u00eb ri q\u00eb do t\u00eb transmetohet ekskluzivisht n\u00eb kanalin e saj n\u00eb YouTube. Emisioni, i titulluar \u201cMir\u00ebmbr\u00ebma yje\u201d, do t\u00eb shfaq\u00eb intervista dhe momente t\u00eb ve\u00e7anta me disa nga emrat m\u00eb t\u00eb njohur t\u00eb artit dhe ekranit shqiptar. Ishte vet\u00eb Arbana ajo q\u00eb njoftoi se premiera [&hellip;]<\/p>\n","protected":false},"author":2,"featured_media":52558,"comment_status":"closed","ping_status":"closed","sticky":false,"template":"","format":"standard","meta":{"footnotes":""},"categories":[33],"tags":[],"class_list":{"0":"post-52552","1":"post","2":"type-post","3":"status-publish","4":"format-standard","5":"has-post-thumbnail","7":"category-showbiz"},"yoast_head":"<!-- This site is optimized with the Yoast SEO plugin v27.5 - https:\/\/yoast.com\/product\/yoast-seo-wordpress\/ -->\n<title>\u201cMir\u00ebmbr\u00ebma yje\u201d\/ Detaje nga emisioni i ri i Arbana Osmanit, ja kur do t\u00eb filloj - blogin.al<\/title>\n<meta name=\"robots\" content=\"index, follow, max-snippet:-1, max-image-preview:large, max-video-preview:-1\" \/>\n<link rel=\"canonical\" href=\"https:\/\/blogin.al\/?p=52552\" \/>\n<meta property=\"og:locale\" content=\"en_US\" \/>\n<meta property=\"og:type\" content=\"article\" \/>\n<meta property=\"og:title\" content=\"\u201cMir\u00ebmbr\u00ebma yje\u201d\/ Detaje nga emisioni i ri i Arbana Osmanit, ja kur do t\u00eb filloj - blogin.al\" \/>\n<meta property=\"og:description\" content=\"M\u00eb n\u00eb fund Arbana Osmani rikthehet me nj\u00eb emision t\u00eb ri q\u00eb do t\u00eb transmetohet ekskluzivisht n\u00eb kanalin e saj n\u00eb YouTube. Emisioni, i titulluar \u201cMir\u00ebmbr\u00ebma yje\u201d, do t\u00eb shfaq\u00eb intervista dhe momente t\u00eb ve\u00e7anta me disa nga emrat m\u00eb t\u00eb njohur t\u00eb artit dhe ekranit shqiptar. Ishte vet\u00eb Arbana ajo q\u00eb njoftoi se premiera [&hellip;]\" \/>\n<meta property=\"og:url\" content=\"https:\/\/blogin.al\/?p=52552\" \/>\n<meta property=\"og:site_name\" content=\"blogin.al\" \/>\n<meta property=\"article:published_time\" content=\"2024-11-13T14:26:49+00:00\" \/>\n<meta property=\"article:modified_time\" content=\"2024-11-13T20:20:06+00:00\" \/>\n<meta property=\"og:image\" content=\"https:\/\/blogin.al\/wp-content\/uploads\/2024\/11\/arbana-osmani1.jpg\" \/>\n\t<meta property=\"og:image:width\" content=\"889\" \/>\n\t<meta property=\"og:image:height\" content=\"884\" \/>\n\t<meta property=\"og:image:type\" content=\"image\/jpeg\" \/>\n<meta name=\"author\" content=\"Blogin al\" \/>\n<meta name=\"twitter:card\" content=\"summary_large_image\" \/>\n<meta name=\"twitter:label1\" content=\"Written by\" \/>\n\t<meta name=\"twitter:data1\" content=\"Blogin al\" \/>\n\t<meta name=\"twitter:label2\" content=\"Est. reading time\" \/>\n\t<meta name=\"twitter:data2\" content=\"1 minute\" \/>\n<script type=\"application\/ld+json\" class=\"yoast-schema-graph\">{\"@context\":\"https:\\\/\\\/schema.org\",\"@graph\":[{\"@type\":\"Article\",\"@id\":\"https:\\\/\\\/blogin.al\\\/?p=52552#article\",\"isPartOf\":{\"@id\":\"https:\\\/\\\/blogin.al\\\/?p=52552\"},\"author\":{\"name\":\"Blogin al\",\"@id\":\"https:\\\/\\\/blogin.al\\\/#\\\/schema\\\/person\\\/abdd56bc912cd511db877b852b115399\"},\"headline\":\"\u201cMir\u00ebmbr\u00ebma yje\u201d\\\/ Detaje nga emisioni i ri i Arbana Osmanit, ja kur do t\u00eb filloj\",\"datePublished\":\"2024-11-13T14:26:49+00:00\",\"dateModified\":\"2024-11-13T20:20:06+00:00\",\"mainEntityOfPage\":{\"@id\":\"https:\\\/\\\/blogin.al\\\/?p=52552\"},\"wordCount\":185,\"publisher\":{\"@id\":\"https:\\\/\\\/blogin.al\\\/#organization\"},\"image\":{\"@id\":\"https:\\\/\\\/blogin.al\\\/?p=52552#primaryimage\"},\"thumbnailUrl\":\"https:\\\/\\\/blogin.al\\\/wp-content\\\/uploads\\\/2024\\\/11\\\/arbana-osmani1.jpg\",\"articleSection\":[\"SHOWBIZ\"],\"inLanguage\":\"en-US\"},{\"@type\":\"WebPage\",\"@id\":\"https:\\\/\\\/blogin.al\\\/?p=52552\",\"url\":\"https:\\\/\\\/blogin.al\\\/?p=52552\",\"name\":\"\u201cMir\u00ebmbr\u00ebma yje\u201d\\\/ Detaje nga emisioni i ri i Arbana Osmanit, ja kur do t\u00eb filloj - blogin.al\",\"isPartOf\":{\"@id\":\"https:\\\/\\\/blogin.al\\\/#website\"},\"primaryImageOfPage\":{\"@id\":\"https:\\\/\\\/blogin.al\\\/?p=52552#primaryimage\"},\"image\":{\"@id\":\"https:\\\/\\\/blogin.al\\\/?p=52552#primaryimage\"},\"thumbnailUrl\":\"https:\\\/\\\/blogin.al\\\/wp-content\\\/uploads\\\/2024\\\/11\\\/arbana-osmani1.jpg\",\"datePublished\":\"2024-11-13T14:26:49+00:00\",\"dateModified\":\"2024-11-13T20:20:06+00:00\",\"breadcrumb\":{\"@id\":\"https:\\\/\\\/blogin.al\\\/?p=52552#breadcrumb\"},\"inLanguage\":\"en-US\",\"potentialAction\":[{\"@type\":\"ReadAction\",\"target\":[\"https:\\\/\\\/blogin.al\\\/?p=52552\"]}]},{\"@type\":\"ImageObject\",\"inLanguage\":\"en-US\",\"@id\":\"https:\\\/\\\/blogin.al\\\/?p=52552#primaryimage\",\"url\":\"https:\\\/\\\/blogin.al\\\/wp-content\\\/uploads\\\/2024\\\/11\\\/arbana-osmani1.jpg\",\"contentUrl\":\"https:\\\/\\\/blogin.al\\\/wp-content\\\/uploads\\\/2024\\\/11\\\/arbana-osmani1.jpg\",\"width\":889,\"height\":884},{\"@type\":\"BreadcrumbList\",\"@id\":\"https:\\\/\\\/blogin.al\\\/?p=52552#breadcrumb\",\"itemListElement\":[{\"@type\":\"ListItem\",\"position\":1,\"name\":\"Home\",\"item\":\"https:\\\/\\\/blogin.al\\\/\"},{\"@type\":\"ListItem\",\"position\":2,\"name\":\"\u201cMir\u00ebmbr\u00ebma yje\u201d\\\/ Detaje nga emisioni i ri i Arbana Osmanit, ja kur do t\u00eb filloj\"}]},{\"@type\":\"WebSite\",\"@id\":\"https:\\\/\\\/blogin.al\\\/#website\",\"url\":\"https:\\\/\\\/blogin.al\\\/\",\"name\":\"blogin.al\",\"description\":\"\",\"publisher\":{\"@id\":\"https:\\\/\\\/blogin.al\\\/#organization\"},\"potentialAction\":[{\"@type\":\"SearchAction\",\"target\":{\"@type\":\"EntryPoint\",\"urlTemplate\":\"https:\\\/\\\/blogin.al\\\/?s={search_term_string}\"},\"query-input\":{\"@type\":\"PropertyValueSpecification\",\"valueRequired\":true,\"valueName\":\"search_term_string\"}}],\"inLanguage\":\"en-US\"},{\"@type\":\"Organization\",\"@id\":\"https:\\\/\\\/blogin.al\\\/#organization\",\"name\":\"BLOGIN.al\",\"url\":\"https:\\\/\\\/blogin.al\\\/\",\"logo\":{\"@type\":\"ImageObject\",\"inLanguage\":\"en-US\",\"@id\":\"https:\\\/\\\/blogin.al\\\/#\\\/schema\\\/logo\\\/image\\\/\",\"url\":\"https:\\\/\\\/blogin.al\\\/wp-content\\\/uploads\\\/2022\\\/05\\\/Untitled-2-01-e1652084456514.png\",\"contentUrl\":\"https:\\\/\\\/blogin.al\\\/wp-content\\\/uploads\\\/2022\\\/05\\\/Untitled-2-01-e1652084456514.png\",\"width\":3723,\"height\":1698,\"caption\":\"BLOGIN.al\"},\"image\":{\"@id\":\"https:\\\/\\\/blogin.al\\\/#\\\/schema\\\/logo\\\/image\\\/\"},\"sameAs\":[\"https:\\\/\\\/instagram.com\\\/blogin.al\\\/\"]},{\"@type\":\"Person\",\"@id\":\"https:\\\/\\\/blogin.al\\\/#\\\/schema\\\/person\\\/abdd56bc912cd511db877b852b115399\",\"name\":\"Blogin al\",\"image\":{\"@type\":\"ImageObject\",\"inLanguage\":\"en-US\",\"@id\":\"https:\\\/\\\/secure.gravatar.com\\\/avatar\\\/60d5661aee6e835fb13dc75d2204cd0c1d61bef2efd137c0083e59ef831e235e?s=96&d=mm&r=g\",\"url\":\"https:\\\/\\\/secure.gravatar.com\\\/avatar\\\/60d5661aee6e835fb13dc75d2204cd0c1d61bef2efd137c0083e59ef831e235e?s=96&d=mm&r=g\",\"contentUrl\":\"https:\\\/\\\/secure.gravatar.com\\\/avatar\\\/60d5661aee6e835fb13dc75d2204cd0c1d61bef2efd137c0083e59ef831e235e?s=96&d=mm&r=g\",\"caption\":\"Blogin al\"},\"sameAs\":[\"https:\\\/\\\/blogin.al\"],\"url\":\"https:\\\/\\\/blogin.al\\\/?author=2\"}]}<\/script>\n<!-- \/ Yoast SEO plugin. -->","yoast_head_json":{"title":"\u201cMir\u00ebmbr\u00ebma yje\u201d\/ Detaje nga emisioni i ri i Arbana Osmanit, ja kur do t\u00eb filloj - blogin.al","robots":{"index":"index","follow":"follow","max-snippet":"max-snippet:-1","max-image-preview":"max-image-preview:large","max-video-preview":"max-video-preview:-1"},"canonical":"https:\/\/blogin.al\/?p=52552","og_locale":"en_US","og_type":"article","og_title":"\u201cMir\u00ebmbr\u00ebma yje\u201d\/ Detaje nga emisioni i ri i Arbana Osmanit, ja kur do t\u00eb filloj - blogin.al","og_description":"M\u00eb n\u00eb fund Arbana Osmani rikthehet me nj\u00eb emision t\u00eb ri q\u00eb do t\u00eb transmetohet ekskluzivisht n\u00eb kanalin e saj n\u00eb YouTube. Emisioni, i titulluar \u201cMir\u00ebmbr\u00ebma yje\u201d, do t\u00eb shfaq\u00eb intervista dhe momente t\u00eb ve\u00e7anta me disa nga emrat m\u00eb t\u00eb njohur t\u00eb artit dhe ekranit shqiptar. Ishte vet\u00eb Arbana ajo q\u00eb njoftoi se premiera [&hellip;]","og_url":"https:\/\/blogin.al\/?p=52552","og_site_name":"blogin.al","article_published_time":"2024-11-13T14:26:49+00:00","article_modified_time":"2024-11-13T20:20:06+00:00","og_image":[{"width":889,"height":884,"url":"https:\/\/blogin.al\/wp-content\/uploads\/2024\/11\/arbana-osmani1.jpg","type":"image\/jpeg"}],"author":"Blogin al","twitter_card":"summary_large_image","twitter_misc":{"Written by":"Blogin al","Est. reading time":"1 minute"},"schema":{"@context":"https:\/\/schema.org","@graph":[{"@type":"Article","@id":"https:\/\/blogin.al\/?p=52552#article","isPartOf":{"@id":"https:\/\/blogin.al\/?p=52552"},"author":{"name":"Blogin al","@id":"https:\/\/blogin.al\/#\/schema\/person\/abdd56bc912cd511db877b852b115399"},"headline":"\u201cMir\u00ebmbr\u00ebma yje\u201d\/ Detaje nga emisioni i ri i Arbana Osmanit, ja kur do t\u00eb filloj","datePublished":"2024-11-13T14:26:49+00:00","dateModified":"2024-11-13T20:20:06+00:00","mainEntityOfPage":{"@id":"https:\/\/blogin.al\/?p=52552"},"wordCount":185,"publisher":{"@id":"https:\/\/blogin.al\/#organization"},"image":{"@id":"https:\/\/blogin.al\/?p=52552#primaryimage"},"thumbnailUrl":"https:\/\/blogin.al\/wp-content\/uploads\/2024\/11\/arbana-osmani1.jpg","articleSection":["SHOWBIZ"],"inLanguage":"en-US"},{"@type":"WebPage","@id":"https:\/\/blogin.al\/?p=52552","url":"https:\/\/blogin.al\/?p=52552","name":"\u201cMir\u00ebmbr\u00ebma yje\u201d\/ Detaje nga emisioni i ri i Arbana Osmanit, ja kur do t\u00eb filloj - blogin.al","isPartOf":{"@id":"https:\/\/blogin.al\/#website"},"primaryImageOfPage":{"@id":"https:\/\/blogin.al\/?p=52552#primaryimage"},"image":{"@id":"https:\/\/blogin.al\/?p=52552#primaryimage"},"thumbnailUrl":"https:\/\/blogin.al\/wp-content\/uploads\/2024\/11\/arbana-osmani1.jpg","datePublished":"2024-11-13T14:26:49+00:00","dateModified":"2024-11-13T20:20:06+00:00","breadcrumb":{"@id":"https:\/\/blogin.al\/?p=52552#breadcrumb"},"inLanguage":"en-US","potentialAction":[{"@type":"ReadAction","target":["https:\/\/blogin.al\/?p=52552"]}]},{"@type":"ImageObject","inLanguage":"en-US","@id":"https:\/\/blogin.al\/?p=52552#primaryimage","url":"https:\/\/blogin.al\/wp-content\/uploads\/2024\/11\/arbana-osmani1.jpg","contentUrl":"https:\/\/blogin.al\/wp-content\/uploads\/2024\/11\/arbana-osmani1.jpg","width":889,"height":884},{"@type":"BreadcrumbList","@id":"https:\/\/blogin.al\/?p=52552#breadcrumb","itemListElement":[{"@type":"ListItem","position":1,"name":"Home","item":"https:\/\/blogin.al\/"},{"@type":"ListItem","position":2,"name":"\u201cMir\u00ebmbr\u00ebma yje\u201d\/ Detaje nga emisioni i ri i Arbana Osmanit, ja kur do t\u00eb filloj"}]},{"@type":"WebSite","@id":"https:\/\/blogin.al\/#website","url":"https:\/\/blogin.al\/","name":"blogin.al","description":"","publisher":{"@id":"https:\/\/blogin.al\/#organization"},"potentialAction":[{"@type":"SearchAction","target":{"@type":"EntryPoint","urlTemplate":"https:\/\/blogin.al\/?s={search_term_string}"},"query-input":{"@type":"PropertyValueSpecification","valueRequired":true,"valueName":"search_term_string"}}],"inLanguage":"en-US"},{"@type":"Organization","@id":"https:\/\/blogin.al\/#organization","name":"BLOGIN.al","url":"https:\/\/blogin.al\/","logo":{"@type":"ImageObject","inLanguage":"en-US","@id":"https:\/\/blogin.al\/#\/schema\/logo\/image\/","url":"https:\/\/blogin.al\/wp-content\/uploads\/2022\/05\/Untitled-2-01-e1652084456514.png","contentUrl":"https:\/\/blogin.al\/wp-content\/uploads\/2022\/05\/Untitled-2-01-e1652084456514.png","width":3723,"height":1698,"caption":"BLOGIN.al"},"image":{"@id":"https:\/\/blogin.al\/#\/schema\/logo\/image\/"},"sameAs":["https:\/\/instagram.com\/blogin.al\/"]},{"@type":"Person","@id":"https:\/\/blogin.al\/#\/schema\/person\/abdd56bc912cd511db877b852b115399","name":"Blogin al","image":{"@type":"ImageObject","inLanguage":"en-US","@id":"https:\/\/secure.gravatar.com\/avatar\/60d5661aee6e835fb13dc75d2204cd0c1d61bef2efd137c0083e59ef831e235e?s=96&d=mm&r=g","url":"https:\/\/secure.gravatar.com\/avatar\/60d5661aee6e835fb13dc75d2204cd0c1d61bef2efd137c0083e59ef831e235e?s=96&d=mm&r=g","contentUrl":"https:\/\/secure.gravatar.com\/avatar\/60d5661aee6e835fb13dc75d2204cd0c1d61bef2efd137c0083e59ef831e235e?s=96&d=mm&r=g","caption":"Blogin al"},"sameAs":["https:\/\/blogin.al"],"url":"https:\/\/blogin.al\/?author=2"}]}},"_links":{"self":[{"href":"https:\/\/blogin.al\/index.php?rest_route=\/wp\/v2\/posts\/52552","targetHints":{"allow":["GET"]}}],"collection":[{"href":"https:\/\/blogin.al\/index.php?rest_route=\/wp\/v2\/posts"}],"about":[{"href":"https:\/\/blogin.al\/index.php?rest_route=\/wp\/v2\/types\/post"}],"author":[{"embeddable":true,"href":"https:\/\/blogin.al\/index.php?rest_route=\/wp\/v2\/users\/2"}],"replies":[{"embeddable":true,"href":"https:\/\/blogin.al\/index.php?rest_route=%2Fwp%2Fv2%2Fcomments&post=52552"}],"version-history":[{"count":2,"href":"https:\/\/blogin.al\/index.php?rest_route=\/wp\/v2\/posts\/52552\/revisions"}],"predecessor-version":[{"id":52559,"href":"https:\/\/blogin.al\/index.php?rest_route=\/wp\/v2\/posts\/52552\/revisions\/52559"}],"wp:featuredmedia":[{"embeddable":true,"href":"https:\/\/blogin.al\/index.php?rest_route=\/wp\/v2\/media\/52558"}],"wp:attachment":[{"href":"https:\/\/blogin.al\/index.php?rest_route=%2Fwp%2Fv2%2Fmedia&parent=52552"}],"wp:term":[{"taxonomy":"category","embeddable":true,"href":"https:\/\/blogin.al\/index.php?rest_route=%2Fwp%2Fv2%2Fcategories&post=52552"},{"taxonomy":"post_tag","embeddable":true,"href":"https:\/\/blogin.al\/index.php?rest_route=%2Fwp%2Fv2%2Ftags&post=52552"}],"curies":[{"name":"wp","href":"https:\/\/api.w.org\/{rel}","templated":true}]}}