{"id":52584,"date":"2024-11-14T11:59:14","date_gmt":"2024-11-14T11:59:14","guid":{"rendered":"https:\/\/blogin.al\/?p=52584"},"modified":"2024-11-14T16:27:35","modified_gmt":"2024-11-14T16:27:35","slug":"arrestimi-ne-sy-te-femijes-rrefimi-i-elsa-liles-perfundova-ne-nje-dhome-izolimi-nuk-i-uroj-askujt","status":"publish","type":"post","link":"https:\/\/blogin.al\/?p=52584","title":{"rendered":"\u201cArrestimi n\u00eb sy t\u00eb f\u00ebmij\u00ebs\u201d, rr\u00ebfimi i Elsa Lil\u00ebs: P\u00ebrfundova n\u00eb nj\u00eb dhom\u00eb izolimi, nuk i uroj askujt\u2026"},"content":{"rendered":"\n<p>K\u00ebng\u00ebtarja Elsa Lila, e ftuar sot n\u00eb \u201cFtes\u00eb n\u00eb 5\u201d rr\u00ebfeu detaje nga libri i saj i par\u00eb, \u201cMir\u00eb se erdhe n\u00eb Rebibbia\u201d, nj\u00eb autobiografi p\u00ebr arrestimin dhe burgosjen e saj n\u00eb mars t\u00eb vitit 2022.<\/p>\n\n\n\n<p>Artistja zbuloi se autobiografia \u00ebsht\u00eb e shkruar n\u00eb vet\u00eb t\u00eb par\u00eb dhe n\u00eb koh\u00ebn e tashme, p\u00ebr ta l\u00ebn\u00eb lexuesin t\u00eb p\u00ebrfshihet n\u00eb p\u00ebrjetimin e saj.<\/p>\n\n\n\n<p><em>\u201cK\u00ebt\u00eb lib\u00ebr e kam shkruar q\u00eb n\u00eb burg n\u00eb kok\u00ebn time. E kam p\u00ebrjetuar at\u00eb eksperienc\u00eb n\u00eb prespektiv\u00ebn e nj\u00eb libri t\u00eb ardhsh\u00ebm. Teknika q\u00eb un\u00eb kam zgjedhur p\u00ebr ta rr\u00ebfyer k\u00ebt\u00eb gj\u00ebm\u00eb, k\u00ebt\u00eb b\u00ebm\u00eb, k\u00ebt\u00eb aventur\u00eb \u00ebsht\u00eb veta e par\u00eb dhe koha e tashme. Por jo n\u00eb form\u00eb ditari, e kam shkruar me iden\u00eb q\u00eb ju s\u00eb bashku me mua ta p\u00ebrjetoni tani, n\u00eb k\u00ebt\u00eb moment, sikur ka ndodhur tani ngjarja. Dhe \u00e7do aksion p\u00ebrjetohet s\u00eb bashku me mua, edhe n\u00ebp\u00ebrmjet tingujve\u201d.<\/em><\/p>\n\n\n\n<p>Momentin m\u00eb traumatik, Elsa Lila cil\u00ebson arrestimin n\u00eb sy t\u00eb vajz\u00ebs, nd\u00ebrsa p\u00ebr burgosjen, thot\u00eb se \u201cnuk ishte dhom\u00eb paraburgimi, por izolimi\u201d.<\/p>\n\n\n\n<p><em>\u201cP\u00ebrfundova n\u00eb nj\u00eb dhom\u00eb izolimi, jo paraburgimi. Kur nisa t\u00eb shkruaja p\u00ebr ato dy or\u00eb t\u00eb prezenc\u00ebs s\u00eb policis\u00eb n\u00eb sht\u00ebpin\u00eb time, kaq shokuese ishte sa sa m\u00eb shum\u00eb g\u00ebrmoja n\u00eb kujtimet e mia t\u00eb atij m\u00ebngjesi her\u00ebt, aq m\u00eb shum\u00eb faqet shtoheshin. Ai prologu i arrestimit zgjat rreth 20 faqe. Ka qen\u00eb m\u00eb i fort\u00eb momenti i arrestimit se sa p\u00ebrjetimi m\u00eb pas. Un\u00eb nuk them para burgosjes dhe pas burgosjes, p\u00ebrmend fjal\u00ebn arrestim. Jeta m\u00eb arrestohet n\u00eb at\u00eb moment. Nuk ia uroj askujt, sidomos atyre q\u00eb jan\u00eb pafaj dhe kan\u00eb p\u00ebrfunduar n\u00eb \u2018aventura\u2019 si kjo imja\u201d.<\/em><\/p>\n","protected":false},"excerpt":{"rendered":"<p>K\u00ebng\u00ebtarja Elsa Lila, e ftuar sot n\u00eb \u201cFtes\u00eb n\u00eb 5\u201d rr\u00ebfeu detaje nga libri i saj i par\u00eb, \u201cMir\u00eb se erdhe n\u00eb Rebibbia\u201d, nj\u00eb autobiografi p\u00ebr arrestimin dhe burgosjen e saj n\u00eb mars t\u00eb vitit 2022. Artistja zbuloi se autobiografia \u00ebsht\u00eb e shkruar n\u00eb vet\u00eb t\u00eb par\u00eb dhe n\u00eb koh\u00ebn e tashme, p\u00ebr ta l\u00ebn\u00eb [&hellip;]<\/p>\n","protected":false},"author":2,"featured_media":52603,"comment_status":"closed","ping_status":"closed","sticky":false,"template":"","format":"standard","meta":{"footnotes":""},"categories":[33],"tags":[],"class_list":{"0":"post-52584","1":"post","2":"type-post","3":"status-publish","4":"format-standard","5":"has-post-thumbnail","7":"category-showbiz"},"yoast_head":"<!-- This site is optimized with the Yoast SEO plugin v27.5 - https:\/\/yoast.com\/product\/yoast-seo-wordpress\/ -->\n<title>\u201cArrestimi n\u00eb sy t\u00eb f\u00ebmij\u00ebs\u201d, rr\u00ebfimi i Elsa Lil\u00ebs: P\u00ebrfundova n\u00eb nj\u00eb dhom\u00eb izolimi, nuk i uroj askujt\u2026 - blogin.al<\/title>\n<meta name=\"robots\" content=\"index, follow, max-snippet:-1, max-image-preview:large, max-video-preview:-1\" \/>\n<link rel=\"canonical\" href=\"https:\/\/blogin.al\/?p=52584\" \/>\n<meta property=\"og:locale\" content=\"en_US\" \/>\n<meta property=\"og:type\" content=\"article\" \/>\n<meta property=\"og:title\" content=\"\u201cArrestimi n\u00eb sy t\u00eb f\u00ebmij\u00ebs\u201d, rr\u00ebfimi i Elsa Lil\u00ebs: P\u00ebrfundova n\u00eb nj\u00eb dhom\u00eb izolimi, nuk i uroj askujt\u2026 - blogin.al\" \/>\n<meta property=\"og:description\" content=\"K\u00ebng\u00ebtarja Elsa Lila, e ftuar sot n\u00eb \u201cFtes\u00eb n\u00eb 5\u201d rr\u00ebfeu detaje nga libri i saj i par\u00eb, \u201cMir\u00eb se erdhe n\u00eb Rebibbia\u201d, nj\u00eb autobiografi p\u00ebr arrestimin dhe burgosjen e saj n\u00eb mars t\u00eb vitit 2022. Artistja zbuloi se autobiografia \u00ebsht\u00eb e shkruar n\u00eb vet\u00eb t\u00eb par\u00eb dhe n\u00eb koh\u00ebn e tashme, p\u00ebr ta l\u00ebn\u00eb [&hellip;]\" \/>\n<meta property=\"og:url\" content=\"https:\/\/blogin.al\/?p=52584\" \/>\n<meta property=\"og:site_name\" content=\"blogin.al\" \/>\n<meta property=\"article:published_time\" content=\"2024-11-14T11:59:14+00:00\" \/>\n<meta property=\"article:modified_time\" content=\"2024-11-14T16:27:35+00:00\" \/>\n<meta property=\"og:image\" content=\"https:\/\/blogin.al\/wp-content\/uploads\/2024\/11\/images28529-1.jpeg\" \/>\n\t<meta property=\"og:image:width\" content=\"300\" \/>\n\t<meta property=\"og:image:height\" content=\"168\" \/>\n\t<meta property=\"og:image:type\" content=\"image\/jpeg\" \/>\n<meta name=\"author\" content=\"Blogin al\" \/>\n<meta name=\"twitter:card\" content=\"summary_large_image\" \/>\n<meta name=\"twitter:label1\" content=\"Written by\" \/>\n\t<meta name=\"twitter:data1\" content=\"Blogin al\" \/>\n\t<meta name=\"twitter:label2\" content=\"Est. reading time\" \/>\n\t<meta name=\"twitter:data2\" content=\"2 minutes\" \/>\n<script type=\"application\/ld+json\" class=\"yoast-schema-graph\">{\"@context\":\"https:\\\/\\\/schema.org\",\"@graph\":[{\"@type\":\"Article\",\"@id\":\"https:\\\/\\\/blogin.al\\\/?p=52584#article\",\"isPartOf\":{\"@id\":\"https:\\\/\\\/blogin.al\\\/?p=52584\"},\"author\":{\"name\":\"Blogin al\",\"@id\":\"https:\\\/\\\/blogin.al\\\/#\\\/schema\\\/person\\\/abdd56bc912cd511db877b852b115399\"},\"headline\":\"\u201cArrestimi n\u00eb sy t\u00eb f\u00ebmij\u00ebs\u201d, rr\u00ebfimi i Elsa Lil\u00ebs: P\u00ebrfundova n\u00eb nj\u00eb dhom\u00eb izolimi, nuk i uroj askujt\u2026\",\"datePublished\":\"2024-11-14T11:59:14+00:00\",\"dateModified\":\"2024-11-14T16:27:35+00:00\",\"mainEntityOfPage\":{\"@id\":\"https:\\\/\\\/blogin.al\\\/?p=52584\"},\"wordCount\":327,\"publisher\":{\"@id\":\"https:\\\/\\\/blogin.al\\\/#organization\"},\"image\":{\"@id\":\"https:\\\/\\\/blogin.al\\\/?p=52584#primaryimage\"},\"thumbnailUrl\":\"https:\\\/\\\/blogin.al\\\/wp-content\\\/uploads\\\/2024\\\/11\\\/images28529-1.jpeg\",\"articleSection\":[\"SHOWBIZ\"],\"inLanguage\":\"en-US\"},{\"@type\":\"WebPage\",\"@id\":\"https:\\\/\\\/blogin.al\\\/?p=52584\",\"url\":\"https:\\\/\\\/blogin.al\\\/?p=52584\",\"name\":\"\u201cArrestimi n\u00eb sy t\u00eb f\u00ebmij\u00ebs\u201d, rr\u00ebfimi i Elsa Lil\u00ebs: P\u00ebrfundova n\u00eb nj\u00eb dhom\u00eb izolimi, nuk i uroj askujt\u2026 - blogin.al\",\"isPartOf\":{\"@id\":\"https:\\\/\\\/blogin.al\\\/#website\"},\"primaryImageOfPage\":{\"@id\":\"https:\\\/\\\/blogin.al\\\/?p=52584#primaryimage\"},\"image\":{\"@id\":\"https:\\\/\\\/blogin.al\\\/?p=52584#primaryimage\"},\"thumbnailUrl\":\"https:\\\/\\\/blogin.al\\\/wp-content\\\/uploads\\\/2024\\\/11\\\/images28529-1.jpeg\",\"datePublished\":\"2024-11-14T11:59:14+00:00\",\"dateModified\":\"2024-11-14T16:27:35+00:00\",\"breadcrumb\":{\"@id\":\"https:\\\/\\\/blogin.al\\\/?p=52584#breadcrumb\"},\"inLanguage\":\"en-US\",\"potentialAction\":[{\"@type\":\"ReadAction\",\"target\":[\"https:\\\/\\\/blogin.al\\\/?p=52584\"]}]},{\"@type\":\"ImageObject\",\"inLanguage\":\"en-US\",\"@id\":\"https:\\\/\\\/blogin.al\\\/?p=52584#primaryimage\",\"url\":\"https:\\\/\\\/blogin.al\\\/wp-content\\\/uploads\\\/2024\\\/11\\\/images28529-1.jpeg\",\"contentUrl\":\"https:\\\/\\\/blogin.al\\\/wp-content\\\/uploads\\\/2024\\\/11\\\/images28529-1.jpeg\",\"width\":300,\"height\":168},{\"@type\":\"BreadcrumbList\",\"@id\":\"https:\\\/\\\/blogin.al\\\/?p=52584#breadcrumb\",\"itemListElement\":[{\"@type\":\"ListItem\",\"position\":1,\"name\":\"Home\",\"item\":\"https:\\\/\\\/blogin.al\\\/\"},{\"@type\":\"ListItem\",\"position\":2,\"name\":\"\u201cArrestimi n\u00eb sy t\u00eb f\u00ebmij\u00ebs\u201d, rr\u00ebfimi i Elsa Lil\u00ebs: P\u00ebrfundova n\u00eb nj\u00eb dhom\u00eb izolimi, nuk i uroj askujt\u2026\"}]},{\"@type\":\"WebSite\",\"@id\":\"https:\\\/\\\/blogin.al\\\/#website\",\"url\":\"https:\\\/\\\/blogin.al\\\/\",\"name\":\"blogin.al\",\"description\":\"\",\"publisher\":{\"@id\":\"https:\\\/\\\/blogin.al\\\/#organization\"},\"potentialAction\":[{\"@type\":\"SearchAction\",\"target\":{\"@type\":\"EntryPoint\",\"urlTemplate\":\"https:\\\/\\\/blogin.al\\\/?s={search_term_string}\"},\"query-input\":{\"@type\":\"PropertyValueSpecification\",\"valueRequired\":true,\"valueName\":\"search_term_string\"}}],\"inLanguage\":\"en-US\"},{\"@type\":\"Organization\",\"@id\":\"https:\\\/\\\/blogin.al\\\/#organization\",\"name\":\"BLOGIN.al\",\"url\":\"https:\\\/\\\/blogin.al\\\/\",\"logo\":{\"@type\":\"ImageObject\",\"inLanguage\":\"en-US\",\"@id\":\"https:\\\/\\\/blogin.al\\\/#\\\/schema\\\/logo\\\/image\\\/\",\"url\":\"https:\\\/\\\/blogin.al\\\/wp-content\\\/uploads\\\/2022\\\/05\\\/Untitled-2-01-e1652084456514.png\",\"contentUrl\":\"https:\\\/\\\/blogin.al\\\/wp-content\\\/uploads\\\/2022\\\/05\\\/Untitled-2-01-e1652084456514.png\",\"width\":3723,\"height\":1698,\"caption\":\"BLOGIN.al\"},\"image\":{\"@id\":\"https:\\\/\\\/blogin.al\\\/#\\\/schema\\\/logo\\\/image\\\/\"},\"sameAs\":[\"https:\\\/\\\/instagram.com\\\/blogin.al\\\/\"]},{\"@type\":\"Person\",\"@id\":\"https:\\\/\\\/blogin.al\\\/#\\\/schema\\\/person\\\/abdd56bc912cd511db877b852b115399\",\"name\":\"Blogin al\",\"image\":{\"@type\":\"ImageObject\",\"inLanguage\":\"en-US\",\"@id\":\"https:\\\/\\\/secure.gravatar.com\\\/avatar\\\/60d5661aee6e835fb13dc75d2204cd0c1d61bef2efd137c0083e59ef831e235e?s=96&d=mm&r=g\",\"url\":\"https:\\\/\\\/secure.gravatar.com\\\/avatar\\\/60d5661aee6e835fb13dc75d2204cd0c1d61bef2efd137c0083e59ef831e235e?s=96&d=mm&r=g\",\"contentUrl\":\"https:\\\/\\\/secure.gravatar.com\\\/avatar\\\/60d5661aee6e835fb13dc75d2204cd0c1d61bef2efd137c0083e59ef831e235e?s=96&d=mm&r=g\",\"caption\":\"Blogin al\"},\"sameAs\":[\"https:\\\/\\\/blogin.al\"],\"url\":\"https:\\\/\\\/blogin.al\\\/?author=2\"}]}<\/script>\n<!-- \/ Yoast SEO plugin. -->","yoast_head_json":{"title":"\u201cArrestimi n\u00eb sy t\u00eb f\u00ebmij\u00ebs\u201d, rr\u00ebfimi i Elsa Lil\u00ebs: P\u00ebrfundova n\u00eb nj\u00eb dhom\u00eb izolimi, nuk i uroj askujt\u2026 - blogin.al","robots":{"index":"index","follow":"follow","max-snippet":"max-snippet:-1","max-image-preview":"max-image-preview:large","max-video-preview":"max-video-preview:-1"},"canonical":"https:\/\/blogin.al\/?p=52584","og_locale":"en_US","og_type":"article","og_title":"\u201cArrestimi n\u00eb sy t\u00eb f\u00ebmij\u00ebs\u201d, rr\u00ebfimi i Elsa Lil\u00ebs: P\u00ebrfundova n\u00eb nj\u00eb dhom\u00eb izolimi, nuk i uroj askujt\u2026 - blogin.al","og_description":"K\u00ebng\u00ebtarja Elsa Lila, e ftuar sot n\u00eb \u201cFtes\u00eb n\u00eb 5\u201d rr\u00ebfeu detaje nga libri i saj i par\u00eb, \u201cMir\u00eb se erdhe n\u00eb Rebibbia\u201d, nj\u00eb autobiografi p\u00ebr arrestimin dhe burgosjen e saj n\u00eb mars t\u00eb vitit 2022. Artistja zbuloi se autobiografia \u00ebsht\u00eb e shkruar n\u00eb vet\u00eb t\u00eb par\u00eb dhe n\u00eb koh\u00ebn e tashme, p\u00ebr ta l\u00ebn\u00eb [&hellip;]","og_url":"https:\/\/blogin.al\/?p=52584","og_site_name":"blogin.al","article_published_time":"2024-11-14T11:59:14+00:00","article_modified_time":"2024-11-14T16:27:35+00:00","og_image":[{"width":300,"height":168,"url":"https:\/\/blogin.al\/wp-content\/uploads\/2024\/11\/images28529-1.jpeg","type":"image\/jpeg"}],"author":"Blogin al","twitter_card":"summary_large_image","twitter_misc":{"Written by":"Blogin al","Est. reading time":"2 minutes"},"schema":{"@context":"https:\/\/schema.org","@graph":[{"@type":"Article","@id":"https:\/\/blogin.al\/?p=52584#article","isPartOf":{"@id":"https:\/\/blogin.al\/?p=52584"},"author":{"name":"Blogin al","@id":"https:\/\/blogin.al\/#\/schema\/person\/abdd56bc912cd511db877b852b115399"},"headline":"\u201cArrestimi n\u00eb sy t\u00eb f\u00ebmij\u00ebs\u201d, rr\u00ebfimi i Elsa Lil\u00ebs: P\u00ebrfundova n\u00eb nj\u00eb dhom\u00eb izolimi, nuk i uroj askujt\u2026","datePublished":"2024-11-14T11:59:14+00:00","dateModified":"2024-11-14T16:27:35+00:00","mainEntityOfPage":{"@id":"https:\/\/blogin.al\/?p=52584"},"wordCount":327,"publisher":{"@id":"https:\/\/blogin.al\/#organization"},"image":{"@id":"https:\/\/blogin.al\/?p=52584#primaryimage"},"thumbnailUrl":"https:\/\/blogin.al\/wp-content\/uploads\/2024\/11\/images28529-1.jpeg","articleSection":["SHOWBIZ"],"inLanguage":"en-US"},{"@type":"WebPage","@id":"https:\/\/blogin.al\/?p=52584","url":"https:\/\/blogin.al\/?p=52584","name":"\u201cArrestimi n\u00eb sy t\u00eb f\u00ebmij\u00ebs\u201d, rr\u00ebfimi i Elsa Lil\u00ebs: P\u00ebrfundova n\u00eb nj\u00eb dhom\u00eb izolimi, nuk i uroj askujt\u2026 - blogin.al","isPartOf":{"@id":"https:\/\/blogin.al\/#website"},"primaryImageOfPage":{"@id":"https:\/\/blogin.al\/?p=52584#primaryimage"},"image":{"@id":"https:\/\/blogin.al\/?p=52584#primaryimage"},"thumbnailUrl":"https:\/\/blogin.al\/wp-content\/uploads\/2024\/11\/images28529-1.jpeg","datePublished":"2024-11-14T11:59:14+00:00","dateModified":"2024-11-14T16:27:35+00:00","breadcrumb":{"@id":"https:\/\/blogin.al\/?p=52584#breadcrumb"},"inLanguage":"en-US","potentialAction":[{"@type":"ReadAction","target":["https:\/\/blogin.al\/?p=52584"]}]},{"@type":"ImageObject","inLanguage":"en-US","@id":"https:\/\/blogin.al\/?p=52584#primaryimage","url":"https:\/\/blogin.al\/wp-content\/uploads\/2024\/11\/images28529-1.jpeg","contentUrl":"https:\/\/blogin.al\/wp-content\/uploads\/2024\/11\/images28529-1.jpeg","width":300,"height":168},{"@type":"BreadcrumbList","@id":"https:\/\/blogin.al\/?p=52584#breadcrumb","itemListElement":[{"@type":"ListItem","position":1,"name":"Home","item":"https:\/\/blogin.al\/"},{"@type":"ListItem","position":2,"name":"\u201cArrestimi n\u00eb sy t\u00eb f\u00ebmij\u00ebs\u201d, rr\u00ebfimi i Elsa Lil\u00ebs: P\u00ebrfundova n\u00eb nj\u00eb dhom\u00eb izolimi, nuk i uroj askujt\u2026"}]},{"@type":"WebSite","@id":"https:\/\/blogin.al\/#website","url":"https:\/\/blogin.al\/","name":"blogin.al","description":"","publisher":{"@id":"https:\/\/blogin.al\/#organization"},"potentialAction":[{"@type":"SearchAction","target":{"@type":"EntryPoint","urlTemplate":"https:\/\/blogin.al\/?s={search_term_string}"},"query-input":{"@type":"PropertyValueSpecification","valueRequired":true,"valueName":"search_term_string"}}],"inLanguage":"en-US"},{"@type":"Organization","@id":"https:\/\/blogin.al\/#organization","name":"BLOGIN.al","url":"https:\/\/blogin.al\/","logo":{"@type":"ImageObject","inLanguage":"en-US","@id":"https:\/\/blogin.al\/#\/schema\/logo\/image\/","url":"https:\/\/blogin.al\/wp-content\/uploads\/2022\/05\/Untitled-2-01-e1652084456514.png","contentUrl":"https:\/\/blogin.al\/wp-content\/uploads\/2022\/05\/Untitled-2-01-e1652084456514.png","width":3723,"height":1698,"caption":"BLOGIN.al"},"image":{"@id":"https:\/\/blogin.al\/#\/schema\/logo\/image\/"},"sameAs":["https:\/\/instagram.com\/blogin.al\/"]},{"@type":"Person","@id":"https:\/\/blogin.al\/#\/schema\/person\/abdd56bc912cd511db877b852b115399","name":"Blogin al","image":{"@type":"ImageObject","inLanguage":"en-US","@id":"https:\/\/secure.gravatar.com\/avatar\/60d5661aee6e835fb13dc75d2204cd0c1d61bef2efd137c0083e59ef831e235e?s=96&d=mm&r=g","url":"https:\/\/secure.gravatar.com\/avatar\/60d5661aee6e835fb13dc75d2204cd0c1d61bef2efd137c0083e59ef831e235e?s=96&d=mm&r=g","contentUrl":"https:\/\/secure.gravatar.com\/avatar\/60d5661aee6e835fb13dc75d2204cd0c1d61bef2efd137c0083e59ef831e235e?s=96&d=mm&r=g","caption":"Blogin al"},"sameAs":["https:\/\/blogin.al"],"url":"https:\/\/blogin.al\/?author=2"}]}},"_links":{"self":[{"href":"https:\/\/blogin.al\/index.php?rest_route=\/wp\/v2\/posts\/52584","targetHints":{"allow":["GET"]}}],"collection":[{"href":"https:\/\/blogin.al\/index.php?rest_route=\/wp\/v2\/posts"}],"about":[{"href":"https:\/\/blogin.al\/index.php?rest_route=\/wp\/v2\/types\/post"}],"author":[{"embeddable":true,"href":"https:\/\/blogin.al\/index.php?rest_route=\/wp\/v2\/users\/2"}],"replies":[{"embeddable":true,"href":"https:\/\/blogin.al\/index.php?rest_route=%2Fwp%2Fv2%2Fcomments&post=52584"}],"version-history":[{"count":1,"href":"https:\/\/blogin.al\/index.php?rest_route=\/wp\/v2\/posts\/52584\/revisions"}],"predecessor-version":[{"id":52585,"href":"https:\/\/blogin.al\/index.php?rest_route=\/wp\/v2\/posts\/52584\/revisions\/52585"}],"wp:featuredmedia":[{"embeddable":true,"href":"https:\/\/blogin.al\/index.php?rest_route=\/wp\/v2\/media\/52603"}],"wp:attachment":[{"href":"https:\/\/blogin.al\/index.php?rest_route=%2Fwp%2Fv2%2Fmedia&parent=52584"}],"wp:term":[{"taxonomy":"category","embeddable":true,"href":"https:\/\/blogin.al\/index.php?rest_route=%2Fwp%2Fv2%2Fcategories&post=52584"},{"taxonomy":"post_tag","embeddable":true,"href":"https:\/\/blogin.al\/index.php?rest_route=%2Fwp%2Fv2%2Ftags&post=52584"}],"curies":[{"name":"wp","href":"https:\/\/api.w.org\/{rel}","templated":true}]}}