{"id":52588,"date":"2024-11-14T13:19:55","date_gmt":"2024-11-14T13:19:55","guid":{"rendered":"https:\/\/blogin.al\/?p=52588"},"modified":"2024-11-14T16:27:22","modified_gmt":"2024-11-14T16:27:22","slug":"te-zene-me-pergatitjet-per-dasmen-selena-gomez-dhe-benny-blanco-drejt-altarit","status":"publish","type":"post","link":"https:\/\/blogin.al\/?p=52588","title":{"rendered":"\u201cT\u00eb z\u00ebn\u00eb m\u00eb p\u00ebrgatitjet p\u00ebr dasm\u00ebn\u201d- Selena Gomez dhe Benny Blanco drejt altarit?"},"content":{"rendered":"\n<p>K\u00ebng\u00ebtarja Selena Gomez, duket se s\u00eb shpejti do t\u00eb kuror\u00ebzoj\u00eb dashurin\u00eb e saj me Benny Blancon n\u00eb nj\u00eb ceremoni martesore.<\/p>\n\n\n\n<p>Dyshja u p\u00ebrfol\u00eb p\u00ebr j\u00eb fejes\u00eb k\u00ebt\u00eb ver\u00eb pasi Selena n\u00eb nj\u00eb Story t\u00eb saj fshehu dor\u00ebn e majt\u00eb me nj\u00eb emoji zemere e cila u duk tendencioze.<\/p>\n\n\n\n<p>Mir\u00ebpo thuhet se ajo dhe i dashuri i saj do t\u2019i kryejn\u00eb betimet s\u00eb shpejti edhe pse asgj\u00eb nuk \u00ebsht\u00eb ber\u00eb publike dhe nuk \u00ebsht\u00eb konfirmua nga vet\u00eb ata deri m\u00eb tani.<\/p>\n\n\n\n<figure class=\"wp-block-image is-style-default\"><img decoding=\"async\" src=\"https:\/\/www.panorama.com.al\/panoramaplus\/wp-content\/uploads\/2024\/11\/451381572_800763295554463_1471270306272996996_n.jpg\" alt=\"\" class=\"wp-image-298452\"\/><\/figure>\n\n\n\n<p>Nj\u00eb burim ka th\u00ebn\u00eb p\u00ebr Life &amp; Style se Gomez dhe Blanco kan\u00eb qen\u00eb jasht\u00ebzakonisht t\u00eb z\u00ebn\u00eb duke planifikuar dasm\u00ebn e tyre.<\/p>\n\n\n\n<p><em>\u201cSelena ka nj\u00eb vizion t\u00eb qart\u00eb t\u00eb asaj q\u00eb d\u00ebshiron\u201d,<\/em>&nbsp;-tha burimi, duke shtuar:<em>&nbsp;\u201cNj\u00eb ceremoni n\u00eb natyr\u00eb, dy fustane dhe tavolina me ushqime t\u00eb mahnitshme\u201d.<\/em><\/p>\n\n\n\n<p>Ushqimi thuhet se \u00ebsht\u00eb elementi m\u00eb i r\u00ebnd\u00ebsish\u00ebm i dasm\u00ebs p\u00ebr \u00e7iftin. Ata t\u00eb dy kan\u00eb miq q\u00eb jan\u00eb kuzhinier\u00eb t\u00eb talentuar, duke p\u00ebrfshir\u00eb Matty Matheson t\u00eb The Bear.<\/p>\n\n\n\n<p>Lojt\u00ebs Videosh<\/p>\n\n\n\n<p><video width=\"637\" height=\"796\" preload=\"metadata\" src=\"https:\/\/www.panorama.com.al\/panoramaplus\/wp-content\/uploads\/2024\/11\/AQPioNFrZydjtSZptrdFzKkvOD72T14aCqCvywHc-O_dfLZKXqwe5uGlqMhNeGHWq2hgzgLdAPax56gMwuG0OmyF.mp4?_=1\"><\/video><\/p>\n\n\n\n<p><em>\u201cGj\u00ebja e fundit q\u00eb Benny dhe Selena duan \u00ebsht\u00eb q\u00eb t\u00eb ftuarit e tyre t\u00eb largohen t\u00eb uritur\u201d,<\/em>&nbsp;ka theksuar burimi.<\/p>\n\n\n\n<p>Muzika \u00ebsht\u00eb gjithashtu nj\u00eb element i r\u00ebnd\u00ebsish\u00ebm. Blanco, nj\u00eb producent muzikor, ka punuar me disa nga emrat m\u00eb t\u00eb m\u00ebdhenj t\u00eb muzik\u00ebs, duke p\u00ebrfshir\u00eb Ed Sheeran dhe Rihanna-n. Zgjedhjet muzikore do t\u00eb jen\u00eb t\u00eb nivelit t\u00eb lart\u00eb.<\/p>\n\n\n\n<p><em>\u201cSelena do t\u00eb donte nj\u00eb arom\u00eb t\u00eb ve\u00e7ant\u00eb edhe p\u00ebr dit\u00ebn e madhe,\u201d<\/em>&nbsp;vazhdon burimi.&nbsp;<em>\u201cNj\u00eb parfum q\u00eb sp\u00ebrkatet mbi gjith\u00e7ka dhe q\u00eb njer\u00ebzit mund ta marrin n\u00eb sht\u00ebpi!\u201d<\/em><\/p>\n","protected":false},"excerpt":{"rendered":"<p>K\u00ebng\u00ebtarja Selena Gomez, duket se s\u00eb shpejti do t\u00eb kuror\u00ebzoj\u00eb dashurin\u00eb e saj me Benny Blancon n\u00eb nj\u00eb ceremoni martesore. Dyshja u p\u00ebrfol\u00eb p\u00ebr j\u00eb fejes\u00eb k\u00ebt\u00eb ver\u00eb pasi Selena n\u00eb nj\u00eb Story t\u00eb saj fshehu dor\u00ebn e majt\u00eb me nj\u00eb emoji zemere e cila u duk tendencioze. Mir\u00ebpo thuhet se ajo dhe i dashuri [&hellip;]<\/p>\n","protected":false},"author":2,"featured_media":52602,"comment_status":"closed","ping_status":"closed","sticky":false,"template":"","format":"standard","meta":{"footnotes":""},"categories":[33],"tags":[],"class_list":{"0":"post-52588","1":"post","2":"type-post","3":"status-publish","4":"format-standard","5":"has-post-thumbnail","7":"category-showbiz"},"yoast_head":"<!-- This site is optimized with the Yoast SEO plugin v27.5 - https:\/\/yoast.com\/product\/yoast-seo-wordpress\/ -->\n<title>\u201cT\u00eb z\u00ebn\u00eb m\u00eb p\u00ebrgatitjet p\u00ebr dasm\u00ebn\u201d- Selena Gomez dhe Benny Blanco drejt altarit? - blogin.al<\/title>\n<meta name=\"robots\" content=\"index, follow, max-snippet:-1, max-image-preview:large, max-video-preview:-1\" \/>\n<link rel=\"canonical\" href=\"https:\/\/blogin.al\/?p=52588\" \/>\n<meta property=\"og:locale\" content=\"en_US\" \/>\n<meta property=\"og:type\" content=\"article\" \/>\n<meta property=\"og:title\" content=\"\u201cT\u00eb z\u00ebn\u00eb m\u00eb p\u00ebrgatitjet p\u00ebr dasm\u00ebn\u201d- Selena Gomez dhe Benny Blanco drejt altarit? - blogin.al\" \/>\n<meta property=\"og:description\" content=\"K\u00ebng\u00ebtarja Selena Gomez, duket se s\u00eb shpejti do t\u00eb kuror\u00ebzoj\u00eb dashurin\u00eb e saj me Benny Blancon n\u00eb nj\u00eb ceremoni martesore. Dyshja u p\u00ebrfol\u00eb p\u00ebr j\u00eb fejes\u00eb k\u00ebt\u00eb ver\u00eb pasi Selena n\u00eb nj\u00eb Story t\u00eb saj fshehu dor\u00ebn e majt\u00eb me nj\u00eb emoji zemere e cila u duk tendencioze. Mir\u00ebpo thuhet se ajo dhe i dashuri [&hellip;]\" \/>\n<meta property=\"og:url\" content=\"https:\/\/blogin.al\/?p=52588\" \/>\n<meta property=\"og:site_name\" content=\"blogin.al\" \/>\n<meta property=\"article:published_time\" content=\"2024-11-14T13:19:55+00:00\" \/>\n<meta property=\"article:modified_time\" content=\"2024-11-14T16:27:22+00:00\" \/>\n<meta property=\"og:image\" content=\"https:\/\/blogin.al\/wp-content\/uploads\/2024\/11\/573692_4939768_updates-1.jpg\" \/>\n\t<meta property=\"og:image:width\" content=\"700\" \/>\n\t<meta property=\"og:image:height\" content=\"400\" \/>\n\t<meta property=\"og:image:type\" content=\"image\/jpeg\" \/>\n<meta name=\"author\" content=\"Blogin al\" \/>\n<meta name=\"twitter:card\" content=\"summary_large_image\" \/>\n<meta name=\"twitter:label1\" content=\"Written by\" \/>\n\t<meta name=\"twitter:data1\" content=\"Blogin al\" \/>\n\t<meta name=\"twitter:label2\" content=\"Est. reading time\" \/>\n\t<meta name=\"twitter:data2\" content=\"2 minutes\" \/>\n<script type=\"application\/ld+json\" class=\"yoast-schema-graph\">{\"@context\":\"https:\\\/\\\/schema.org\",\"@graph\":[{\"@type\":\"Article\",\"@id\":\"https:\\\/\\\/blogin.al\\\/?p=52588#article\",\"isPartOf\":{\"@id\":\"https:\\\/\\\/blogin.al\\\/?p=52588\"},\"author\":{\"name\":\"Blogin al\",\"@id\":\"https:\\\/\\\/blogin.al\\\/#\\\/schema\\\/person\\\/abdd56bc912cd511db877b852b115399\"},\"headline\":\"\u201cT\u00eb z\u00ebn\u00eb m\u00eb p\u00ebrgatitjet p\u00ebr dasm\u00ebn\u201d- Selena Gomez dhe Benny Blanco drejt altarit?\",\"datePublished\":\"2024-11-14T13:19:55+00:00\",\"dateModified\":\"2024-11-14T16:27:22+00:00\",\"mainEntityOfPage\":{\"@id\":\"https:\\\/\\\/blogin.al\\\/?p=52588\"},\"wordCount\":305,\"publisher\":{\"@id\":\"https:\\\/\\\/blogin.al\\\/#organization\"},\"image\":{\"@id\":\"https:\\\/\\\/blogin.al\\\/?p=52588#primaryimage\"},\"thumbnailUrl\":\"https:\\\/\\\/blogin.al\\\/wp-content\\\/uploads\\\/2024\\\/11\\\/573692_4939768_updates-1.jpg\",\"articleSection\":[\"SHOWBIZ\"],\"inLanguage\":\"en-US\"},{\"@type\":\"WebPage\",\"@id\":\"https:\\\/\\\/blogin.al\\\/?p=52588\",\"url\":\"https:\\\/\\\/blogin.al\\\/?p=52588\",\"name\":\"\u201cT\u00eb z\u00ebn\u00eb m\u00eb p\u00ebrgatitjet p\u00ebr dasm\u00ebn\u201d- Selena Gomez dhe Benny Blanco drejt altarit? - blogin.al\",\"isPartOf\":{\"@id\":\"https:\\\/\\\/blogin.al\\\/#website\"},\"primaryImageOfPage\":{\"@id\":\"https:\\\/\\\/blogin.al\\\/?p=52588#primaryimage\"},\"image\":{\"@id\":\"https:\\\/\\\/blogin.al\\\/?p=52588#primaryimage\"},\"thumbnailUrl\":\"https:\\\/\\\/blogin.al\\\/wp-content\\\/uploads\\\/2024\\\/11\\\/573692_4939768_updates-1.jpg\",\"datePublished\":\"2024-11-14T13:19:55+00:00\",\"dateModified\":\"2024-11-14T16:27:22+00:00\",\"breadcrumb\":{\"@id\":\"https:\\\/\\\/blogin.al\\\/?p=52588#breadcrumb\"},\"inLanguage\":\"en-US\",\"potentialAction\":[{\"@type\":\"ReadAction\",\"target\":[\"https:\\\/\\\/blogin.al\\\/?p=52588\"]}]},{\"@type\":\"ImageObject\",\"inLanguage\":\"en-US\",\"@id\":\"https:\\\/\\\/blogin.al\\\/?p=52588#primaryimage\",\"url\":\"https:\\\/\\\/blogin.al\\\/wp-content\\\/uploads\\\/2024\\\/11\\\/573692_4939768_updates-1.jpg\",\"contentUrl\":\"https:\\\/\\\/blogin.al\\\/wp-content\\\/uploads\\\/2024\\\/11\\\/573692_4939768_updates-1.jpg\",\"width\":700,\"height\":400},{\"@type\":\"BreadcrumbList\",\"@id\":\"https:\\\/\\\/blogin.al\\\/?p=52588#breadcrumb\",\"itemListElement\":[{\"@type\":\"ListItem\",\"position\":1,\"name\":\"Home\",\"item\":\"https:\\\/\\\/blogin.al\\\/\"},{\"@type\":\"ListItem\",\"position\":2,\"name\":\"\u201cT\u00eb z\u00ebn\u00eb m\u00eb p\u00ebrgatitjet p\u00ebr dasm\u00ebn\u201d- Selena Gomez dhe Benny Blanco drejt altarit?\"}]},{\"@type\":\"WebSite\",\"@id\":\"https:\\\/\\\/blogin.al\\\/#website\",\"url\":\"https:\\\/\\\/blogin.al\\\/\",\"name\":\"blogin.al\",\"description\":\"\",\"publisher\":{\"@id\":\"https:\\\/\\\/blogin.al\\\/#organization\"},\"potentialAction\":[{\"@type\":\"SearchAction\",\"target\":{\"@type\":\"EntryPoint\",\"urlTemplate\":\"https:\\\/\\\/blogin.al\\\/?s={search_term_string}\"},\"query-input\":{\"@type\":\"PropertyValueSpecification\",\"valueRequired\":true,\"valueName\":\"search_term_string\"}}],\"inLanguage\":\"en-US\"},{\"@type\":\"Organization\",\"@id\":\"https:\\\/\\\/blogin.al\\\/#organization\",\"name\":\"BLOGIN.al\",\"url\":\"https:\\\/\\\/blogin.al\\\/\",\"logo\":{\"@type\":\"ImageObject\",\"inLanguage\":\"en-US\",\"@id\":\"https:\\\/\\\/blogin.al\\\/#\\\/schema\\\/logo\\\/image\\\/\",\"url\":\"https:\\\/\\\/blogin.al\\\/wp-content\\\/uploads\\\/2022\\\/05\\\/Untitled-2-01-e1652084456514.png\",\"contentUrl\":\"https:\\\/\\\/blogin.al\\\/wp-content\\\/uploads\\\/2022\\\/05\\\/Untitled-2-01-e1652084456514.png\",\"width\":3723,\"height\":1698,\"caption\":\"BLOGIN.al\"},\"image\":{\"@id\":\"https:\\\/\\\/blogin.al\\\/#\\\/schema\\\/logo\\\/image\\\/\"},\"sameAs\":[\"https:\\\/\\\/instagram.com\\\/blogin.al\\\/\"]},{\"@type\":\"Person\",\"@id\":\"https:\\\/\\\/blogin.al\\\/#\\\/schema\\\/person\\\/abdd56bc912cd511db877b852b115399\",\"name\":\"Blogin al\",\"image\":{\"@type\":\"ImageObject\",\"inLanguage\":\"en-US\",\"@id\":\"https:\\\/\\\/secure.gravatar.com\\\/avatar\\\/60d5661aee6e835fb13dc75d2204cd0c1d61bef2efd137c0083e59ef831e235e?s=96&d=mm&r=g\",\"url\":\"https:\\\/\\\/secure.gravatar.com\\\/avatar\\\/60d5661aee6e835fb13dc75d2204cd0c1d61bef2efd137c0083e59ef831e235e?s=96&d=mm&r=g\",\"contentUrl\":\"https:\\\/\\\/secure.gravatar.com\\\/avatar\\\/60d5661aee6e835fb13dc75d2204cd0c1d61bef2efd137c0083e59ef831e235e?s=96&d=mm&r=g\",\"caption\":\"Blogin al\"},\"sameAs\":[\"https:\\\/\\\/blogin.al\"],\"url\":\"https:\\\/\\\/blogin.al\\\/?author=2\"}]}<\/script>\n<!-- \/ Yoast SEO plugin. -->","yoast_head_json":{"title":"\u201cT\u00eb z\u00ebn\u00eb m\u00eb p\u00ebrgatitjet p\u00ebr dasm\u00ebn\u201d- Selena Gomez dhe Benny Blanco drejt altarit? - blogin.al","robots":{"index":"index","follow":"follow","max-snippet":"max-snippet:-1","max-image-preview":"max-image-preview:large","max-video-preview":"max-video-preview:-1"},"canonical":"https:\/\/blogin.al\/?p=52588","og_locale":"en_US","og_type":"article","og_title":"\u201cT\u00eb z\u00ebn\u00eb m\u00eb p\u00ebrgatitjet p\u00ebr dasm\u00ebn\u201d- Selena Gomez dhe Benny Blanco drejt altarit? - blogin.al","og_description":"K\u00ebng\u00ebtarja Selena Gomez, duket se s\u00eb shpejti do t\u00eb kuror\u00ebzoj\u00eb dashurin\u00eb e saj me Benny Blancon n\u00eb nj\u00eb ceremoni martesore. Dyshja u p\u00ebrfol\u00eb p\u00ebr j\u00eb fejes\u00eb k\u00ebt\u00eb ver\u00eb pasi Selena n\u00eb nj\u00eb Story t\u00eb saj fshehu dor\u00ebn e majt\u00eb me nj\u00eb emoji zemere e cila u duk tendencioze. Mir\u00ebpo thuhet se ajo dhe i dashuri [&hellip;]","og_url":"https:\/\/blogin.al\/?p=52588","og_site_name":"blogin.al","article_published_time":"2024-11-14T13:19:55+00:00","article_modified_time":"2024-11-14T16:27:22+00:00","og_image":[{"width":700,"height":400,"url":"https:\/\/blogin.al\/wp-content\/uploads\/2024\/11\/573692_4939768_updates-1.jpg","type":"image\/jpeg"}],"author":"Blogin al","twitter_card":"summary_large_image","twitter_misc":{"Written by":"Blogin al","Est. reading time":"2 minutes"},"schema":{"@context":"https:\/\/schema.org","@graph":[{"@type":"Article","@id":"https:\/\/blogin.al\/?p=52588#article","isPartOf":{"@id":"https:\/\/blogin.al\/?p=52588"},"author":{"name":"Blogin al","@id":"https:\/\/blogin.al\/#\/schema\/person\/abdd56bc912cd511db877b852b115399"},"headline":"\u201cT\u00eb z\u00ebn\u00eb m\u00eb p\u00ebrgatitjet p\u00ebr dasm\u00ebn\u201d- Selena Gomez dhe Benny Blanco drejt altarit?","datePublished":"2024-11-14T13:19:55+00:00","dateModified":"2024-11-14T16:27:22+00:00","mainEntityOfPage":{"@id":"https:\/\/blogin.al\/?p=52588"},"wordCount":305,"publisher":{"@id":"https:\/\/blogin.al\/#organization"},"image":{"@id":"https:\/\/blogin.al\/?p=52588#primaryimage"},"thumbnailUrl":"https:\/\/blogin.al\/wp-content\/uploads\/2024\/11\/573692_4939768_updates-1.jpg","articleSection":["SHOWBIZ"],"inLanguage":"en-US"},{"@type":"WebPage","@id":"https:\/\/blogin.al\/?p=52588","url":"https:\/\/blogin.al\/?p=52588","name":"\u201cT\u00eb z\u00ebn\u00eb m\u00eb p\u00ebrgatitjet p\u00ebr dasm\u00ebn\u201d- Selena Gomez dhe Benny Blanco drejt altarit? - blogin.al","isPartOf":{"@id":"https:\/\/blogin.al\/#website"},"primaryImageOfPage":{"@id":"https:\/\/blogin.al\/?p=52588#primaryimage"},"image":{"@id":"https:\/\/blogin.al\/?p=52588#primaryimage"},"thumbnailUrl":"https:\/\/blogin.al\/wp-content\/uploads\/2024\/11\/573692_4939768_updates-1.jpg","datePublished":"2024-11-14T13:19:55+00:00","dateModified":"2024-11-14T16:27:22+00:00","breadcrumb":{"@id":"https:\/\/blogin.al\/?p=52588#breadcrumb"},"inLanguage":"en-US","potentialAction":[{"@type":"ReadAction","target":["https:\/\/blogin.al\/?p=52588"]}]},{"@type":"ImageObject","inLanguage":"en-US","@id":"https:\/\/blogin.al\/?p=52588#primaryimage","url":"https:\/\/blogin.al\/wp-content\/uploads\/2024\/11\/573692_4939768_updates-1.jpg","contentUrl":"https:\/\/blogin.al\/wp-content\/uploads\/2024\/11\/573692_4939768_updates-1.jpg","width":700,"height":400},{"@type":"BreadcrumbList","@id":"https:\/\/blogin.al\/?p=52588#breadcrumb","itemListElement":[{"@type":"ListItem","position":1,"name":"Home","item":"https:\/\/blogin.al\/"},{"@type":"ListItem","position":2,"name":"\u201cT\u00eb z\u00ebn\u00eb m\u00eb p\u00ebrgatitjet p\u00ebr dasm\u00ebn\u201d- Selena Gomez dhe Benny Blanco drejt altarit?"}]},{"@type":"WebSite","@id":"https:\/\/blogin.al\/#website","url":"https:\/\/blogin.al\/","name":"blogin.al","description":"","publisher":{"@id":"https:\/\/blogin.al\/#organization"},"potentialAction":[{"@type":"SearchAction","target":{"@type":"EntryPoint","urlTemplate":"https:\/\/blogin.al\/?s={search_term_string}"},"query-input":{"@type":"PropertyValueSpecification","valueRequired":true,"valueName":"search_term_string"}}],"inLanguage":"en-US"},{"@type":"Organization","@id":"https:\/\/blogin.al\/#organization","name":"BLOGIN.al","url":"https:\/\/blogin.al\/","logo":{"@type":"ImageObject","inLanguage":"en-US","@id":"https:\/\/blogin.al\/#\/schema\/logo\/image\/","url":"https:\/\/blogin.al\/wp-content\/uploads\/2022\/05\/Untitled-2-01-e1652084456514.png","contentUrl":"https:\/\/blogin.al\/wp-content\/uploads\/2022\/05\/Untitled-2-01-e1652084456514.png","width":3723,"height":1698,"caption":"BLOGIN.al"},"image":{"@id":"https:\/\/blogin.al\/#\/schema\/logo\/image\/"},"sameAs":["https:\/\/instagram.com\/blogin.al\/"]},{"@type":"Person","@id":"https:\/\/blogin.al\/#\/schema\/person\/abdd56bc912cd511db877b852b115399","name":"Blogin al","image":{"@type":"ImageObject","inLanguage":"en-US","@id":"https:\/\/secure.gravatar.com\/avatar\/60d5661aee6e835fb13dc75d2204cd0c1d61bef2efd137c0083e59ef831e235e?s=96&d=mm&r=g","url":"https:\/\/secure.gravatar.com\/avatar\/60d5661aee6e835fb13dc75d2204cd0c1d61bef2efd137c0083e59ef831e235e?s=96&d=mm&r=g","contentUrl":"https:\/\/secure.gravatar.com\/avatar\/60d5661aee6e835fb13dc75d2204cd0c1d61bef2efd137c0083e59ef831e235e?s=96&d=mm&r=g","caption":"Blogin al"},"sameAs":["https:\/\/blogin.al"],"url":"https:\/\/blogin.al\/?author=2"}]}},"_links":{"self":[{"href":"https:\/\/blogin.al\/index.php?rest_route=\/wp\/v2\/posts\/52588","targetHints":{"allow":["GET"]}}],"collection":[{"href":"https:\/\/blogin.al\/index.php?rest_route=\/wp\/v2\/posts"}],"about":[{"href":"https:\/\/blogin.al\/index.php?rest_route=\/wp\/v2\/types\/post"}],"author":[{"embeddable":true,"href":"https:\/\/blogin.al\/index.php?rest_route=\/wp\/v2\/users\/2"}],"replies":[{"embeddable":true,"href":"https:\/\/blogin.al\/index.php?rest_route=%2Fwp%2Fv2%2Fcomments&post=52588"}],"version-history":[{"count":1,"href":"https:\/\/blogin.al\/index.php?rest_route=\/wp\/v2\/posts\/52588\/revisions"}],"predecessor-version":[{"id":52589,"href":"https:\/\/blogin.al\/index.php?rest_route=\/wp\/v2\/posts\/52588\/revisions\/52589"}],"wp:featuredmedia":[{"embeddable":true,"href":"https:\/\/blogin.al\/index.php?rest_route=\/wp\/v2\/media\/52602"}],"wp:attachment":[{"href":"https:\/\/blogin.al\/index.php?rest_route=%2Fwp%2Fv2%2Fmedia&parent=52588"}],"wp:term":[{"taxonomy":"category","embeddable":true,"href":"https:\/\/blogin.al\/index.php?rest_route=%2Fwp%2Fv2%2Fcategories&post=52588"},{"taxonomy":"post_tag","embeddable":true,"href":"https:\/\/blogin.al\/index.php?rest_route=%2Fwp%2Fv2%2Ftags&post=52588"}],"curies":[{"name":"wp","href":"https:\/\/api.w.org\/{rel}","templated":true}]}}