{"id":52663,"date":"2024-11-17T10:32:38","date_gmt":"2024-11-17T10:32:38","guid":{"rendered":"https:\/\/blogin.al\/?p=52663"},"modified":"2024-11-17T10:47:50","modified_gmt":"2024-11-17T10:47:50","slug":"arta-nitaj-behet-nene-sjell-ne-jete-femijen-e-saj-te-pare","status":"publish","type":"post","link":"https:\/\/blogin.al\/?p=52663","title":{"rendered":"Arta Nitaj b\u00ebhet n\u00ebn\u00eb, sjell n\u00eb jet\u00eb f\u00ebmij\u00ebn e saj t\u00eb par\u00eb!"},"content":{"rendered":"\n<p>Modelja Arta Nitaj ka p\u00ebrjetuar nj\u00eb moment t\u00eb ve\u00e7ant\u00eb n\u00eb jet\u00ebn e saj personale, duke u b\u00ebr\u00eb n\u00ebn\u00eb p\u00ebr her\u00eb t\u00eb par\u00eb. Burime nga Prive kan\u00eb konfirmuar se Arta ka sjell\u00eb n\u00eb jet\u00eb nj\u00eb djal\u00eb rreth dy muaj m\u00eb par\u00eb.<\/p>\n\n\n\n<p>Arta, e cila m\u00eb par\u00eb ishte nj\u00eb nga fytyrat m\u00eb aktive n\u00eb rrjetet sociale, ka zgjedhur t\u00eb q\u00ebndroj\u00eb larg syrit t\u00eb publikut q\u00eb prej momentit kur m\u00ebsoi se do t\u00eb b\u00ebhej n\u00ebn\u00eb. Kjo distanc\u00eb nga mediat sociale duket se ka qen\u00eb nj\u00eb vendim i q\u00ebllimsh\u00ebm p\u00ebr t\u00eb ruajtur privat\u00ebsin\u00eb dhe p\u00ebr t\u00eb shijuar periudh\u00ebn e shtatz\u00ebnis\u00eb larg v\u00ebmendjes publike.<\/p>\n\n\n\n<p>Lajmi p\u00ebr ardhjen n\u00eb jet\u00eb t\u00eb djalit t\u00eb saj ka ngjallur interes t\u00eb madh n\u00eb publik, duke pasur parasysh se Arta ishte shum\u00eb e ndjekur n\u00eb rrjetet sociale.<\/p>\n","protected":false},"excerpt":{"rendered":"<p>Modelja Arta Nitaj ka p\u00ebrjetuar nj\u00eb moment t\u00eb ve\u00e7ant\u00eb n\u00eb jet\u00ebn e saj personale, duke u b\u00ebr\u00eb n\u00ebn\u00eb p\u00ebr her\u00eb t\u00eb par\u00eb. Burime nga Prive kan\u00eb konfirmuar se Arta ka sjell\u00eb n\u00eb jet\u00eb nj\u00eb djal\u00eb rreth dy muaj m\u00eb par\u00eb. Arta, e cila m\u00eb par\u00eb ishte nj\u00eb nga fytyrat m\u00eb aktive n\u00eb rrjetet sociale, ka [&hellip;]<\/p>\n","protected":false},"author":2,"featured_media":52667,"comment_status":"closed","ping_status":"closed","sticky":false,"template":"","format":"standard","meta":{"footnotes":""},"categories":[33],"tags":[],"class_list":{"0":"post-52663","1":"post","2":"type-post","3":"status-publish","4":"format-standard","5":"has-post-thumbnail","7":"category-showbiz"},"yoast_head":"<!-- This site is optimized with the Yoast SEO plugin v27.5 - https:\/\/yoast.com\/product\/yoast-seo-wordpress\/ -->\n<title>Arta Nitaj b\u00ebhet n\u00ebn\u00eb, sjell n\u00eb jet\u00eb f\u00ebmij\u00ebn e saj t\u00eb par\u00eb! - blogin.al<\/title>\n<meta name=\"robots\" content=\"index, follow, max-snippet:-1, max-image-preview:large, max-video-preview:-1\" \/>\n<link rel=\"canonical\" href=\"https:\/\/blogin.al\/?p=52663\" \/>\n<meta property=\"og:locale\" content=\"en_US\" \/>\n<meta property=\"og:type\" content=\"article\" \/>\n<meta property=\"og:title\" content=\"Arta Nitaj b\u00ebhet n\u00ebn\u00eb, sjell n\u00eb jet\u00eb f\u00ebmij\u00ebn e saj t\u00eb par\u00eb! - blogin.al\" \/>\n<meta property=\"og:description\" content=\"Modelja Arta Nitaj ka p\u00ebrjetuar nj\u00eb moment t\u00eb ve\u00e7ant\u00eb n\u00eb jet\u00ebn e saj personale, duke u b\u00ebr\u00eb n\u00ebn\u00eb p\u00ebr her\u00eb t\u00eb par\u00eb. Burime nga Prive kan\u00eb konfirmuar se Arta ka sjell\u00eb n\u00eb jet\u00eb nj\u00eb djal\u00eb rreth dy muaj m\u00eb par\u00eb. Arta, e cila m\u00eb par\u00eb ishte nj\u00eb nga fytyrat m\u00eb aktive n\u00eb rrjetet sociale, ka [&hellip;]\" \/>\n<meta property=\"og:url\" content=\"https:\/\/blogin.al\/?p=52663\" \/>\n<meta property=\"og:site_name\" content=\"blogin.al\" \/>\n<meta property=\"article:published_time\" content=\"2024-11-17T10:32:38+00:00\" \/>\n<meta property=\"article:modified_time\" content=\"2024-11-17T10:47:50+00:00\" \/>\n<meta property=\"og:image\" content=\"https:\/\/blogin.al\/wp-content\/uploads\/2024\/11\/Arta-Nitaj-shfaqet-joshese-ne-pozat-e-fundit-Insajderi.org_.jpg\" \/>\n\t<meta property=\"og:image:width\" content=\"914\" \/>\n\t<meta property=\"og:image:height\" content=\"609\" \/>\n\t<meta property=\"og:image:type\" content=\"image\/jpeg\" \/>\n<meta name=\"author\" content=\"Blogin al\" \/>\n<meta name=\"twitter:card\" content=\"summary_large_image\" \/>\n<meta name=\"twitter:label1\" content=\"Written by\" \/>\n\t<meta name=\"twitter:data1\" content=\"Blogin al\" \/>\n\t<meta name=\"twitter:label2\" content=\"Est. reading time\" \/>\n\t<meta name=\"twitter:data2\" content=\"1 minute\" \/>\n<script type=\"application\/ld+json\" class=\"yoast-schema-graph\">{\"@context\":\"https:\\\/\\\/schema.org\",\"@graph\":[{\"@type\":\"Article\",\"@id\":\"https:\\\/\\\/blogin.al\\\/?p=52663#article\",\"isPartOf\":{\"@id\":\"https:\\\/\\\/blogin.al\\\/?p=52663\"},\"author\":{\"name\":\"Blogin al\",\"@id\":\"https:\\\/\\\/blogin.al\\\/#\\\/schema\\\/person\\\/abdd56bc912cd511db877b852b115399\"},\"headline\":\"Arta Nitaj b\u00ebhet n\u00ebn\u00eb, sjell n\u00eb jet\u00eb f\u00ebmij\u00ebn e saj t\u00eb par\u00eb!\",\"datePublished\":\"2024-11-17T10:32:38+00:00\",\"dateModified\":\"2024-11-17T10:47:50+00:00\",\"mainEntityOfPage\":{\"@id\":\"https:\\\/\\\/blogin.al\\\/?p=52663\"},\"wordCount\":162,\"publisher\":{\"@id\":\"https:\\\/\\\/blogin.al\\\/#organization\"},\"image\":{\"@id\":\"https:\\\/\\\/blogin.al\\\/?p=52663#primaryimage\"},\"thumbnailUrl\":\"https:\\\/\\\/blogin.al\\\/wp-content\\\/uploads\\\/2024\\\/11\\\/Arta-Nitaj-shfaqet-joshese-ne-pozat-e-fundit-Insajderi.org_.jpg\",\"articleSection\":[\"SHOWBIZ\"],\"inLanguage\":\"en-US\"},{\"@type\":\"WebPage\",\"@id\":\"https:\\\/\\\/blogin.al\\\/?p=52663\",\"url\":\"https:\\\/\\\/blogin.al\\\/?p=52663\",\"name\":\"Arta Nitaj b\u00ebhet n\u00ebn\u00eb, sjell n\u00eb jet\u00eb f\u00ebmij\u00ebn e saj t\u00eb par\u00eb! - blogin.al\",\"isPartOf\":{\"@id\":\"https:\\\/\\\/blogin.al\\\/#website\"},\"primaryImageOfPage\":{\"@id\":\"https:\\\/\\\/blogin.al\\\/?p=52663#primaryimage\"},\"image\":{\"@id\":\"https:\\\/\\\/blogin.al\\\/?p=52663#primaryimage\"},\"thumbnailUrl\":\"https:\\\/\\\/blogin.al\\\/wp-content\\\/uploads\\\/2024\\\/11\\\/Arta-Nitaj-shfaqet-joshese-ne-pozat-e-fundit-Insajderi.org_.jpg\",\"datePublished\":\"2024-11-17T10:32:38+00:00\",\"dateModified\":\"2024-11-17T10:47:50+00:00\",\"breadcrumb\":{\"@id\":\"https:\\\/\\\/blogin.al\\\/?p=52663#breadcrumb\"},\"inLanguage\":\"en-US\",\"potentialAction\":[{\"@type\":\"ReadAction\",\"target\":[\"https:\\\/\\\/blogin.al\\\/?p=52663\"]}]},{\"@type\":\"ImageObject\",\"inLanguage\":\"en-US\",\"@id\":\"https:\\\/\\\/blogin.al\\\/?p=52663#primaryimage\",\"url\":\"https:\\\/\\\/blogin.al\\\/wp-content\\\/uploads\\\/2024\\\/11\\\/Arta-Nitaj-shfaqet-joshese-ne-pozat-e-fundit-Insajderi.org_.jpg\",\"contentUrl\":\"https:\\\/\\\/blogin.al\\\/wp-content\\\/uploads\\\/2024\\\/11\\\/Arta-Nitaj-shfaqet-joshese-ne-pozat-e-fundit-Insajderi.org_.jpg\",\"width\":914,\"height\":609},{\"@type\":\"BreadcrumbList\",\"@id\":\"https:\\\/\\\/blogin.al\\\/?p=52663#breadcrumb\",\"itemListElement\":[{\"@type\":\"ListItem\",\"position\":1,\"name\":\"Home\",\"item\":\"https:\\\/\\\/blogin.al\\\/\"},{\"@type\":\"ListItem\",\"position\":2,\"name\":\"Arta Nitaj b\u00ebhet n\u00ebn\u00eb, sjell n\u00eb jet\u00eb f\u00ebmij\u00ebn e saj t\u00eb par\u00eb!\"}]},{\"@type\":\"WebSite\",\"@id\":\"https:\\\/\\\/blogin.al\\\/#website\",\"url\":\"https:\\\/\\\/blogin.al\\\/\",\"name\":\"blogin.al\",\"description\":\"\",\"publisher\":{\"@id\":\"https:\\\/\\\/blogin.al\\\/#organization\"},\"potentialAction\":[{\"@type\":\"SearchAction\",\"target\":{\"@type\":\"EntryPoint\",\"urlTemplate\":\"https:\\\/\\\/blogin.al\\\/?s={search_term_string}\"},\"query-input\":{\"@type\":\"PropertyValueSpecification\",\"valueRequired\":true,\"valueName\":\"search_term_string\"}}],\"inLanguage\":\"en-US\"},{\"@type\":\"Organization\",\"@id\":\"https:\\\/\\\/blogin.al\\\/#organization\",\"name\":\"BLOGIN.al\",\"url\":\"https:\\\/\\\/blogin.al\\\/\",\"logo\":{\"@type\":\"ImageObject\",\"inLanguage\":\"en-US\",\"@id\":\"https:\\\/\\\/blogin.al\\\/#\\\/schema\\\/logo\\\/image\\\/\",\"url\":\"https:\\\/\\\/blogin.al\\\/wp-content\\\/uploads\\\/2022\\\/05\\\/Untitled-2-01-e1652084456514.png\",\"contentUrl\":\"https:\\\/\\\/blogin.al\\\/wp-content\\\/uploads\\\/2022\\\/05\\\/Untitled-2-01-e1652084456514.png\",\"width\":3723,\"height\":1698,\"caption\":\"BLOGIN.al\"},\"image\":{\"@id\":\"https:\\\/\\\/blogin.al\\\/#\\\/schema\\\/logo\\\/image\\\/\"},\"sameAs\":[\"https:\\\/\\\/instagram.com\\\/blogin.al\\\/\"]},{\"@type\":\"Person\",\"@id\":\"https:\\\/\\\/blogin.al\\\/#\\\/schema\\\/person\\\/abdd56bc912cd511db877b852b115399\",\"name\":\"Blogin al\",\"image\":{\"@type\":\"ImageObject\",\"inLanguage\":\"en-US\",\"@id\":\"https:\\\/\\\/secure.gravatar.com\\\/avatar\\\/60d5661aee6e835fb13dc75d2204cd0c1d61bef2efd137c0083e59ef831e235e?s=96&d=mm&r=g\",\"url\":\"https:\\\/\\\/secure.gravatar.com\\\/avatar\\\/60d5661aee6e835fb13dc75d2204cd0c1d61bef2efd137c0083e59ef831e235e?s=96&d=mm&r=g\",\"contentUrl\":\"https:\\\/\\\/secure.gravatar.com\\\/avatar\\\/60d5661aee6e835fb13dc75d2204cd0c1d61bef2efd137c0083e59ef831e235e?s=96&d=mm&r=g\",\"caption\":\"Blogin al\"},\"sameAs\":[\"https:\\\/\\\/blogin.al\"],\"url\":\"https:\\\/\\\/blogin.al\\\/?author=2\"}]}<\/script>\n<!-- \/ Yoast SEO plugin. -->","yoast_head_json":{"title":"Arta Nitaj b\u00ebhet n\u00ebn\u00eb, sjell n\u00eb jet\u00eb f\u00ebmij\u00ebn e saj t\u00eb par\u00eb! - blogin.al","robots":{"index":"index","follow":"follow","max-snippet":"max-snippet:-1","max-image-preview":"max-image-preview:large","max-video-preview":"max-video-preview:-1"},"canonical":"https:\/\/blogin.al\/?p=52663","og_locale":"en_US","og_type":"article","og_title":"Arta Nitaj b\u00ebhet n\u00ebn\u00eb, sjell n\u00eb jet\u00eb f\u00ebmij\u00ebn e saj t\u00eb par\u00eb! - blogin.al","og_description":"Modelja Arta Nitaj ka p\u00ebrjetuar nj\u00eb moment t\u00eb ve\u00e7ant\u00eb n\u00eb jet\u00ebn e saj personale, duke u b\u00ebr\u00eb n\u00ebn\u00eb p\u00ebr her\u00eb t\u00eb par\u00eb. Burime nga Prive kan\u00eb konfirmuar se Arta ka sjell\u00eb n\u00eb jet\u00eb nj\u00eb djal\u00eb rreth dy muaj m\u00eb par\u00eb. Arta, e cila m\u00eb par\u00eb ishte nj\u00eb nga fytyrat m\u00eb aktive n\u00eb rrjetet sociale, ka [&hellip;]","og_url":"https:\/\/blogin.al\/?p=52663","og_site_name":"blogin.al","article_published_time":"2024-11-17T10:32:38+00:00","article_modified_time":"2024-11-17T10:47:50+00:00","og_image":[{"width":914,"height":609,"url":"https:\/\/blogin.al\/wp-content\/uploads\/2024\/11\/Arta-Nitaj-shfaqet-joshese-ne-pozat-e-fundit-Insajderi.org_.jpg","type":"image\/jpeg"}],"author":"Blogin al","twitter_card":"summary_large_image","twitter_misc":{"Written by":"Blogin al","Est. reading time":"1 minute"},"schema":{"@context":"https:\/\/schema.org","@graph":[{"@type":"Article","@id":"https:\/\/blogin.al\/?p=52663#article","isPartOf":{"@id":"https:\/\/blogin.al\/?p=52663"},"author":{"name":"Blogin al","@id":"https:\/\/blogin.al\/#\/schema\/person\/abdd56bc912cd511db877b852b115399"},"headline":"Arta Nitaj b\u00ebhet n\u00ebn\u00eb, sjell n\u00eb jet\u00eb f\u00ebmij\u00ebn e saj t\u00eb par\u00eb!","datePublished":"2024-11-17T10:32:38+00:00","dateModified":"2024-11-17T10:47:50+00:00","mainEntityOfPage":{"@id":"https:\/\/blogin.al\/?p=52663"},"wordCount":162,"publisher":{"@id":"https:\/\/blogin.al\/#organization"},"image":{"@id":"https:\/\/blogin.al\/?p=52663#primaryimage"},"thumbnailUrl":"https:\/\/blogin.al\/wp-content\/uploads\/2024\/11\/Arta-Nitaj-shfaqet-joshese-ne-pozat-e-fundit-Insajderi.org_.jpg","articleSection":["SHOWBIZ"],"inLanguage":"en-US"},{"@type":"WebPage","@id":"https:\/\/blogin.al\/?p=52663","url":"https:\/\/blogin.al\/?p=52663","name":"Arta Nitaj b\u00ebhet n\u00ebn\u00eb, sjell n\u00eb jet\u00eb f\u00ebmij\u00ebn e saj t\u00eb par\u00eb! - blogin.al","isPartOf":{"@id":"https:\/\/blogin.al\/#website"},"primaryImageOfPage":{"@id":"https:\/\/blogin.al\/?p=52663#primaryimage"},"image":{"@id":"https:\/\/blogin.al\/?p=52663#primaryimage"},"thumbnailUrl":"https:\/\/blogin.al\/wp-content\/uploads\/2024\/11\/Arta-Nitaj-shfaqet-joshese-ne-pozat-e-fundit-Insajderi.org_.jpg","datePublished":"2024-11-17T10:32:38+00:00","dateModified":"2024-11-17T10:47:50+00:00","breadcrumb":{"@id":"https:\/\/blogin.al\/?p=52663#breadcrumb"},"inLanguage":"en-US","potentialAction":[{"@type":"ReadAction","target":["https:\/\/blogin.al\/?p=52663"]}]},{"@type":"ImageObject","inLanguage":"en-US","@id":"https:\/\/blogin.al\/?p=52663#primaryimage","url":"https:\/\/blogin.al\/wp-content\/uploads\/2024\/11\/Arta-Nitaj-shfaqet-joshese-ne-pozat-e-fundit-Insajderi.org_.jpg","contentUrl":"https:\/\/blogin.al\/wp-content\/uploads\/2024\/11\/Arta-Nitaj-shfaqet-joshese-ne-pozat-e-fundit-Insajderi.org_.jpg","width":914,"height":609},{"@type":"BreadcrumbList","@id":"https:\/\/blogin.al\/?p=52663#breadcrumb","itemListElement":[{"@type":"ListItem","position":1,"name":"Home","item":"https:\/\/blogin.al\/"},{"@type":"ListItem","position":2,"name":"Arta Nitaj b\u00ebhet n\u00ebn\u00eb, sjell n\u00eb jet\u00eb f\u00ebmij\u00ebn e saj t\u00eb par\u00eb!"}]},{"@type":"WebSite","@id":"https:\/\/blogin.al\/#website","url":"https:\/\/blogin.al\/","name":"blogin.al","description":"","publisher":{"@id":"https:\/\/blogin.al\/#organization"},"potentialAction":[{"@type":"SearchAction","target":{"@type":"EntryPoint","urlTemplate":"https:\/\/blogin.al\/?s={search_term_string}"},"query-input":{"@type":"PropertyValueSpecification","valueRequired":true,"valueName":"search_term_string"}}],"inLanguage":"en-US"},{"@type":"Organization","@id":"https:\/\/blogin.al\/#organization","name":"BLOGIN.al","url":"https:\/\/blogin.al\/","logo":{"@type":"ImageObject","inLanguage":"en-US","@id":"https:\/\/blogin.al\/#\/schema\/logo\/image\/","url":"https:\/\/blogin.al\/wp-content\/uploads\/2022\/05\/Untitled-2-01-e1652084456514.png","contentUrl":"https:\/\/blogin.al\/wp-content\/uploads\/2022\/05\/Untitled-2-01-e1652084456514.png","width":3723,"height":1698,"caption":"BLOGIN.al"},"image":{"@id":"https:\/\/blogin.al\/#\/schema\/logo\/image\/"},"sameAs":["https:\/\/instagram.com\/blogin.al\/"]},{"@type":"Person","@id":"https:\/\/blogin.al\/#\/schema\/person\/abdd56bc912cd511db877b852b115399","name":"Blogin al","image":{"@type":"ImageObject","inLanguage":"en-US","@id":"https:\/\/secure.gravatar.com\/avatar\/60d5661aee6e835fb13dc75d2204cd0c1d61bef2efd137c0083e59ef831e235e?s=96&d=mm&r=g","url":"https:\/\/secure.gravatar.com\/avatar\/60d5661aee6e835fb13dc75d2204cd0c1d61bef2efd137c0083e59ef831e235e?s=96&d=mm&r=g","contentUrl":"https:\/\/secure.gravatar.com\/avatar\/60d5661aee6e835fb13dc75d2204cd0c1d61bef2efd137c0083e59ef831e235e?s=96&d=mm&r=g","caption":"Blogin al"},"sameAs":["https:\/\/blogin.al"],"url":"https:\/\/blogin.al\/?author=2"}]}},"_links":{"self":[{"href":"https:\/\/blogin.al\/index.php?rest_route=\/wp\/v2\/posts\/52663","targetHints":{"allow":["GET"]}}],"collection":[{"href":"https:\/\/blogin.al\/index.php?rest_route=\/wp\/v2\/posts"}],"about":[{"href":"https:\/\/blogin.al\/index.php?rest_route=\/wp\/v2\/types\/post"}],"author":[{"embeddable":true,"href":"https:\/\/blogin.al\/index.php?rest_route=\/wp\/v2\/users\/2"}],"replies":[{"embeddable":true,"href":"https:\/\/blogin.al\/index.php?rest_route=%2Fwp%2Fv2%2Fcomments&post=52663"}],"version-history":[{"count":1,"href":"https:\/\/blogin.al\/index.php?rest_route=\/wp\/v2\/posts\/52663\/revisions"}],"predecessor-version":[{"id":52664,"href":"https:\/\/blogin.al\/index.php?rest_route=\/wp\/v2\/posts\/52663\/revisions\/52664"}],"wp:featuredmedia":[{"embeddable":true,"href":"https:\/\/blogin.al\/index.php?rest_route=\/wp\/v2\/media\/52667"}],"wp:attachment":[{"href":"https:\/\/blogin.al\/index.php?rest_route=%2Fwp%2Fv2%2Fmedia&parent=52663"}],"wp:term":[{"taxonomy":"category","embeddable":true,"href":"https:\/\/blogin.al\/index.php?rest_route=%2Fwp%2Fv2%2Fcategories&post=52663"},{"taxonomy":"post_tag","embeddable":true,"href":"https:\/\/blogin.al\/index.php?rest_route=%2Fwp%2Fv2%2Ftags&post=52663"}],"curies":[{"name":"wp","href":"https:\/\/api.w.org\/{rel}","templated":true}]}}