{"id":52676,"date":"2024-11-17T14:30:12","date_gmt":"2024-11-17T14:30:12","guid":{"rendered":"https:\/\/blogin.al\/?p=52676"},"modified":"2024-11-17T14:39:42","modified_gmt":"2024-11-17T14:39:42","slug":"cameron-diaz-i-rikthehet-aktrimit-pas-nje-pauze-11-vjecare","status":"publish","type":"post","link":"https:\/\/blogin.al\/?p=52676","title":{"rendered":"Cameron Diaz i rikthehet aktrimit pas nj\u00eb pauze 11-vje\u00e7are"},"content":{"rendered":"\n<p>Cameron Diaz i rikthehet aktrimit pas nj\u00eb mungese 11-vje\u00e7are, duke paralajm\u00ebruar pjes\u00ebmarrjen e saj n\u00eb nj\u00eb produksion t\u00eb ri filmik. Ky lajm ka emocionuar fansat e saj, t\u00eb cil\u00ebt e kan\u00eb pritur me padurim rikthimin e saj n\u00eb ekranin e madh.<\/p>\n\n\n\n<p>Diaz, e cila u b\u00eb e famshme p\u00ebr rolin e saj n\u00eb filmin The Mask (1994) dhe fitoi njohje t\u00eb m\u00ebtejshme me filmat Charlie\u2019s Angels dhe Shrek, kishte njoftuar n\u00eb vitin 2014 se do t\u00eb t\u00ebrhiqej nga aktrimi p\u00ebr t\u2019u fokusuar n\u00eb aktivitete t\u00eb tjera personale dhe profesionale. Gjat\u00eb k\u00ebsaj kohe, Diaz investoi n\u00eb sip\u00ebrmarrje dhe shkrim, duke krijuar gjithashtu kompanin\u00eb e saj t\u00eb ver\u00ebs, Avaline, e cila u b\u00eb shum\u00eb e suksesshme.<\/p>\n\n\n\n<p>Rikthimi i saj n\u00eb kinema vjen me filmin Back in Action, nj\u00eb komedi e re q\u00eb do t\u00eb jet\u00eb e disponueshme n\u00eb platform\u00ebn Netflix. Filmi, i cili pritet t\u00eb dal\u00eb n\u00eb vitin 2024, do ta sjell\u00eb at\u00eb s\u00eb bashku me aktorin Jamie Foxx, me t\u00eb cilin m\u00eb par\u00eb ka punuar s\u00ebrish n\u00eb filmin Annie (2014).<\/p>\n\n\n\n<figure class=\"wp-block-image size-large\"><img fetchpriority=\"high\" decoding=\"async\" width=\"992\" height=\"992\" src=\"https:\/\/blogin.al\/wp-content\/uploads\/2024\/11\/cameron-diaz-jamie-foxx-1-ht-bb-240516_1715869940783_hpmain_1x18573630543250956821.jpg\" alt=\"\" class=\"wp-image-52680\" srcset=\"https:\/\/blogin.al\/wp-content\/uploads\/2024\/11\/cameron-diaz-jamie-foxx-1-ht-bb-240516_1715869940783_hpmain_1x18573630543250956821.jpg 992w, https:\/\/blogin.al\/wp-content\/uploads\/2024\/11\/cameron-diaz-jamie-foxx-1-ht-bb-240516_1715869940783_hpmain_1x18573630543250956821-300x300.jpg 300w, https:\/\/blogin.al\/wp-content\/uploads\/2024\/11\/cameron-diaz-jamie-foxx-1-ht-bb-240516_1715869940783_hpmain_1x18573630543250956821-150x150.jpg 150w, https:\/\/blogin.al\/wp-content\/uploads\/2024\/11\/cameron-diaz-jamie-foxx-1-ht-bb-240516_1715869940783_hpmain_1x18573630543250956821-768x768.jpg 768w, https:\/\/blogin.al\/wp-content\/uploads\/2024\/11\/cameron-diaz-jamie-foxx-1-ht-bb-240516_1715869940783_hpmain_1x18573630543250956821-696x696.jpg 696w\" sizes=\"(max-width: 992px) 100vw, 992px\" \/><\/figure>\n","protected":false},"excerpt":{"rendered":"<p>Cameron Diaz i rikthehet aktrimit pas nj\u00eb mungese 11-vje\u00e7are, duke paralajm\u00ebruar pjes\u00ebmarrjen e saj n\u00eb nj\u00eb produksion t\u00eb ri filmik. Ky lajm ka emocionuar fansat e saj, t\u00eb cil\u00ebt e kan\u00eb pritur me padurim rikthimin e saj n\u00eb ekranin e madh. Diaz, e cila u b\u00eb e famshme p\u00ebr rolin e saj n\u00eb filmin The [&hellip;]<\/p>\n","protected":false},"author":2,"featured_media":52681,"comment_status":"closed","ping_status":"closed","sticky":false,"template":"","format":"standard","meta":{"footnotes":""},"categories":[33],"tags":[],"class_list":{"0":"post-52676","1":"post","2":"type-post","3":"status-publish","4":"format-standard","5":"has-post-thumbnail","7":"category-showbiz"},"yoast_head":"<!-- This site is optimized with the Yoast SEO plugin v27.5 - https:\/\/yoast.com\/product\/yoast-seo-wordpress\/ -->\n<title>Cameron Diaz i rikthehet aktrimit pas nj\u00eb pauze 11-vje\u00e7are - blogin.al<\/title>\n<meta name=\"robots\" content=\"index, follow, max-snippet:-1, max-image-preview:large, max-video-preview:-1\" \/>\n<link rel=\"canonical\" href=\"https:\/\/blogin.al\/?p=52676\" \/>\n<meta property=\"og:locale\" content=\"en_US\" \/>\n<meta property=\"og:type\" content=\"article\" \/>\n<meta property=\"og:title\" content=\"Cameron Diaz i rikthehet aktrimit pas nj\u00eb pauze 11-vje\u00e7are - blogin.al\" \/>\n<meta property=\"og:description\" content=\"Cameron Diaz i rikthehet aktrimit pas nj\u00eb mungese 11-vje\u00e7are, duke paralajm\u00ebruar pjes\u00ebmarrjen e saj n\u00eb nj\u00eb produksion t\u00eb ri filmik. Ky lajm ka emocionuar fansat e saj, t\u00eb cil\u00ebt e kan\u00eb pritur me padurim rikthimin e saj n\u00eb ekranin e madh. Diaz, e cila u b\u00eb e famshme p\u00ebr rolin e saj n\u00eb filmin The [&hellip;]\" \/>\n<meta property=\"og:url\" content=\"https:\/\/blogin.al\/?p=52676\" \/>\n<meta property=\"og:site_name\" content=\"blogin.al\" \/>\n<meta property=\"article:published_time\" content=\"2024-11-17T14:30:12+00:00\" \/>\n<meta property=\"article:modified_time\" content=\"2024-11-17T14:39:42+00:00\" \/>\n<meta property=\"og:image\" content=\"https:\/\/blogin.al\/wp-content\/uploads\/2024\/11\/gettyimages-454535112-1654092413.jpg\" \/>\n\t<meta property=\"og:image:width\" content=\"640\" \/>\n\t<meta property=\"og:image:height\" content=\"637\" \/>\n\t<meta property=\"og:image:type\" content=\"image\/jpeg\" \/>\n<meta name=\"author\" content=\"Blogin al\" \/>\n<meta name=\"twitter:card\" content=\"summary_large_image\" \/>\n<meta name=\"twitter:label1\" content=\"Written by\" \/>\n\t<meta name=\"twitter:data1\" content=\"Blogin al\" \/>\n\t<meta name=\"twitter:label2\" content=\"Est. reading time\" \/>\n\t<meta name=\"twitter:data2\" content=\"1 minute\" \/>\n<script type=\"application\/ld+json\" class=\"yoast-schema-graph\">{\"@context\":\"https:\\\/\\\/schema.org\",\"@graph\":[{\"@type\":\"Article\",\"@id\":\"https:\\\/\\\/blogin.al\\\/?p=52676#article\",\"isPartOf\":{\"@id\":\"https:\\\/\\\/blogin.al\\\/?p=52676\"},\"author\":{\"name\":\"Blogin al\",\"@id\":\"https:\\\/\\\/blogin.al\\\/#\\\/schema\\\/person\\\/abdd56bc912cd511db877b852b115399\"},\"headline\":\"Cameron Diaz i rikthehet aktrimit pas nj\u00eb pauze 11-vje\u00e7are\",\"datePublished\":\"2024-11-17T14:30:12+00:00\",\"dateModified\":\"2024-11-17T14:39:42+00:00\",\"mainEntityOfPage\":{\"@id\":\"https:\\\/\\\/blogin.al\\\/?p=52676\"},\"wordCount\":190,\"publisher\":{\"@id\":\"https:\\\/\\\/blogin.al\\\/#organization\"},\"image\":{\"@id\":\"https:\\\/\\\/blogin.al\\\/?p=52676#primaryimage\"},\"thumbnailUrl\":\"https:\\\/\\\/blogin.al\\\/wp-content\\\/uploads\\\/2024\\\/11\\\/gettyimages-454535112-1654092413.jpg\",\"articleSection\":[\"SHOWBIZ\"],\"inLanguage\":\"en-US\"},{\"@type\":\"WebPage\",\"@id\":\"https:\\\/\\\/blogin.al\\\/?p=52676\",\"url\":\"https:\\\/\\\/blogin.al\\\/?p=52676\",\"name\":\"Cameron Diaz i rikthehet aktrimit pas nj\u00eb pauze 11-vje\u00e7are - blogin.al\",\"isPartOf\":{\"@id\":\"https:\\\/\\\/blogin.al\\\/#website\"},\"primaryImageOfPage\":{\"@id\":\"https:\\\/\\\/blogin.al\\\/?p=52676#primaryimage\"},\"image\":{\"@id\":\"https:\\\/\\\/blogin.al\\\/?p=52676#primaryimage\"},\"thumbnailUrl\":\"https:\\\/\\\/blogin.al\\\/wp-content\\\/uploads\\\/2024\\\/11\\\/gettyimages-454535112-1654092413.jpg\",\"datePublished\":\"2024-11-17T14:30:12+00:00\",\"dateModified\":\"2024-11-17T14:39:42+00:00\",\"breadcrumb\":{\"@id\":\"https:\\\/\\\/blogin.al\\\/?p=52676#breadcrumb\"},\"inLanguage\":\"en-US\",\"potentialAction\":[{\"@type\":\"ReadAction\",\"target\":[\"https:\\\/\\\/blogin.al\\\/?p=52676\"]}]},{\"@type\":\"ImageObject\",\"inLanguage\":\"en-US\",\"@id\":\"https:\\\/\\\/blogin.al\\\/?p=52676#primaryimage\",\"url\":\"https:\\\/\\\/blogin.al\\\/wp-content\\\/uploads\\\/2024\\\/11\\\/gettyimages-454535112-1654092413.jpg\",\"contentUrl\":\"https:\\\/\\\/blogin.al\\\/wp-content\\\/uploads\\\/2024\\\/11\\\/gettyimages-454535112-1654092413.jpg\",\"width\":640,\"height\":637},{\"@type\":\"BreadcrumbList\",\"@id\":\"https:\\\/\\\/blogin.al\\\/?p=52676#breadcrumb\",\"itemListElement\":[{\"@type\":\"ListItem\",\"position\":1,\"name\":\"Home\",\"item\":\"https:\\\/\\\/blogin.al\\\/\"},{\"@type\":\"ListItem\",\"position\":2,\"name\":\"Cameron Diaz i rikthehet aktrimit pas nj\u00eb pauze 11-vje\u00e7are\"}]},{\"@type\":\"WebSite\",\"@id\":\"https:\\\/\\\/blogin.al\\\/#website\",\"url\":\"https:\\\/\\\/blogin.al\\\/\",\"name\":\"blogin.al\",\"description\":\"\",\"publisher\":{\"@id\":\"https:\\\/\\\/blogin.al\\\/#organization\"},\"potentialAction\":[{\"@type\":\"SearchAction\",\"target\":{\"@type\":\"EntryPoint\",\"urlTemplate\":\"https:\\\/\\\/blogin.al\\\/?s={search_term_string}\"},\"query-input\":{\"@type\":\"PropertyValueSpecification\",\"valueRequired\":true,\"valueName\":\"search_term_string\"}}],\"inLanguage\":\"en-US\"},{\"@type\":\"Organization\",\"@id\":\"https:\\\/\\\/blogin.al\\\/#organization\",\"name\":\"BLOGIN.al\",\"url\":\"https:\\\/\\\/blogin.al\\\/\",\"logo\":{\"@type\":\"ImageObject\",\"inLanguage\":\"en-US\",\"@id\":\"https:\\\/\\\/blogin.al\\\/#\\\/schema\\\/logo\\\/image\\\/\",\"url\":\"https:\\\/\\\/blogin.al\\\/wp-content\\\/uploads\\\/2022\\\/05\\\/Untitled-2-01-e1652084456514.png\",\"contentUrl\":\"https:\\\/\\\/blogin.al\\\/wp-content\\\/uploads\\\/2022\\\/05\\\/Untitled-2-01-e1652084456514.png\",\"width\":3723,\"height\":1698,\"caption\":\"BLOGIN.al\"},\"image\":{\"@id\":\"https:\\\/\\\/blogin.al\\\/#\\\/schema\\\/logo\\\/image\\\/\"},\"sameAs\":[\"https:\\\/\\\/instagram.com\\\/blogin.al\\\/\"]},{\"@type\":\"Person\",\"@id\":\"https:\\\/\\\/blogin.al\\\/#\\\/schema\\\/person\\\/abdd56bc912cd511db877b852b115399\",\"name\":\"Blogin al\",\"image\":{\"@type\":\"ImageObject\",\"inLanguage\":\"en-US\",\"@id\":\"https:\\\/\\\/secure.gravatar.com\\\/avatar\\\/60d5661aee6e835fb13dc75d2204cd0c1d61bef2efd137c0083e59ef831e235e?s=96&d=mm&r=g\",\"url\":\"https:\\\/\\\/secure.gravatar.com\\\/avatar\\\/60d5661aee6e835fb13dc75d2204cd0c1d61bef2efd137c0083e59ef831e235e?s=96&d=mm&r=g\",\"contentUrl\":\"https:\\\/\\\/secure.gravatar.com\\\/avatar\\\/60d5661aee6e835fb13dc75d2204cd0c1d61bef2efd137c0083e59ef831e235e?s=96&d=mm&r=g\",\"caption\":\"Blogin al\"},\"sameAs\":[\"https:\\\/\\\/blogin.al\"],\"url\":\"https:\\\/\\\/blogin.al\\\/?author=2\"}]}<\/script>\n<!-- \/ Yoast SEO plugin. -->","yoast_head_json":{"title":"Cameron Diaz i rikthehet aktrimit pas nj\u00eb pauze 11-vje\u00e7are - blogin.al","robots":{"index":"index","follow":"follow","max-snippet":"max-snippet:-1","max-image-preview":"max-image-preview:large","max-video-preview":"max-video-preview:-1"},"canonical":"https:\/\/blogin.al\/?p=52676","og_locale":"en_US","og_type":"article","og_title":"Cameron Diaz i rikthehet aktrimit pas nj\u00eb pauze 11-vje\u00e7are - blogin.al","og_description":"Cameron Diaz i rikthehet aktrimit pas nj\u00eb mungese 11-vje\u00e7are, duke paralajm\u00ebruar pjes\u00ebmarrjen e saj n\u00eb nj\u00eb produksion t\u00eb ri filmik. Ky lajm ka emocionuar fansat e saj, t\u00eb cil\u00ebt e kan\u00eb pritur me padurim rikthimin e saj n\u00eb ekranin e madh. Diaz, e cila u b\u00eb e famshme p\u00ebr rolin e saj n\u00eb filmin The [&hellip;]","og_url":"https:\/\/blogin.al\/?p=52676","og_site_name":"blogin.al","article_published_time":"2024-11-17T14:30:12+00:00","article_modified_time":"2024-11-17T14:39:42+00:00","og_image":[{"width":640,"height":637,"url":"https:\/\/blogin.al\/wp-content\/uploads\/2024\/11\/gettyimages-454535112-1654092413.jpg","type":"image\/jpeg"}],"author":"Blogin al","twitter_card":"summary_large_image","twitter_misc":{"Written by":"Blogin al","Est. reading time":"1 minute"},"schema":{"@context":"https:\/\/schema.org","@graph":[{"@type":"Article","@id":"https:\/\/blogin.al\/?p=52676#article","isPartOf":{"@id":"https:\/\/blogin.al\/?p=52676"},"author":{"name":"Blogin al","@id":"https:\/\/blogin.al\/#\/schema\/person\/abdd56bc912cd511db877b852b115399"},"headline":"Cameron Diaz i rikthehet aktrimit pas nj\u00eb pauze 11-vje\u00e7are","datePublished":"2024-11-17T14:30:12+00:00","dateModified":"2024-11-17T14:39:42+00:00","mainEntityOfPage":{"@id":"https:\/\/blogin.al\/?p=52676"},"wordCount":190,"publisher":{"@id":"https:\/\/blogin.al\/#organization"},"image":{"@id":"https:\/\/blogin.al\/?p=52676#primaryimage"},"thumbnailUrl":"https:\/\/blogin.al\/wp-content\/uploads\/2024\/11\/gettyimages-454535112-1654092413.jpg","articleSection":["SHOWBIZ"],"inLanguage":"en-US"},{"@type":"WebPage","@id":"https:\/\/blogin.al\/?p=52676","url":"https:\/\/blogin.al\/?p=52676","name":"Cameron Diaz i rikthehet aktrimit pas nj\u00eb pauze 11-vje\u00e7are - blogin.al","isPartOf":{"@id":"https:\/\/blogin.al\/#website"},"primaryImageOfPage":{"@id":"https:\/\/blogin.al\/?p=52676#primaryimage"},"image":{"@id":"https:\/\/blogin.al\/?p=52676#primaryimage"},"thumbnailUrl":"https:\/\/blogin.al\/wp-content\/uploads\/2024\/11\/gettyimages-454535112-1654092413.jpg","datePublished":"2024-11-17T14:30:12+00:00","dateModified":"2024-11-17T14:39:42+00:00","breadcrumb":{"@id":"https:\/\/blogin.al\/?p=52676#breadcrumb"},"inLanguage":"en-US","potentialAction":[{"@type":"ReadAction","target":["https:\/\/blogin.al\/?p=52676"]}]},{"@type":"ImageObject","inLanguage":"en-US","@id":"https:\/\/blogin.al\/?p=52676#primaryimage","url":"https:\/\/blogin.al\/wp-content\/uploads\/2024\/11\/gettyimages-454535112-1654092413.jpg","contentUrl":"https:\/\/blogin.al\/wp-content\/uploads\/2024\/11\/gettyimages-454535112-1654092413.jpg","width":640,"height":637},{"@type":"BreadcrumbList","@id":"https:\/\/blogin.al\/?p=52676#breadcrumb","itemListElement":[{"@type":"ListItem","position":1,"name":"Home","item":"https:\/\/blogin.al\/"},{"@type":"ListItem","position":2,"name":"Cameron Diaz i rikthehet aktrimit pas nj\u00eb pauze 11-vje\u00e7are"}]},{"@type":"WebSite","@id":"https:\/\/blogin.al\/#website","url":"https:\/\/blogin.al\/","name":"blogin.al","description":"","publisher":{"@id":"https:\/\/blogin.al\/#organization"},"potentialAction":[{"@type":"SearchAction","target":{"@type":"EntryPoint","urlTemplate":"https:\/\/blogin.al\/?s={search_term_string}"},"query-input":{"@type":"PropertyValueSpecification","valueRequired":true,"valueName":"search_term_string"}}],"inLanguage":"en-US"},{"@type":"Organization","@id":"https:\/\/blogin.al\/#organization","name":"BLOGIN.al","url":"https:\/\/blogin.al\/","logo":{"@type":"ImageObject","inLanguage":"en-US","@id":"https:\/\/blogin.al\/#\/schema\/logo\/image\/","url":"https:\/\/blogin.al\/wp-content\/uploads\/2022\/05\/Untitled-2-01-e1652084456514.png","contentUrl":"https:\/\/blogin.al\/wp-content\/uploads\/2022\/05\/Untitled-2-01-e1652084456514.png","width":3723,"height":1698,"caption":"BLOGIN.al"},"image":{"@id":"https:\/\/blogin.al\/#\/schema\/logo\/image\/"},"sameAs":["https:\/\/instagram.com\/blogin.al\/"]},{"@type":"Person","@id":"https:\/\/blogin.al\/#\/schema\/person\/abdd56bc912cd511db877b852b115399","name":"Blogin al","image":{"@type":"ImageObject","inLanguage":"en-US","@id":"https:\/\/secure.gravatar.com\/avatar\/60d5661aee6e835fb13dc75d2204cd0c1d61bef2efd137c0083e59ef831e235e?s=96&d=mm&r=g","url":"https:\/\/secure.gravatar.com\/avatar\/60d5661aee6e835fb13dc75d2204cd0c1d61bef2efd137c0083e59ef831e235e?s=96&d=mm&r=g","contentUrl":"https:\/\/secure.gravatar.com\/avatar\/60d5661aee6e835fb13dc75d2204cd0c1d61bef2efd137c0083e59ef831e235e?s=96&d=mm&r=g","caption":"Blogin al"},"sameAs":["https:\/\/blogin.al"],"url":"https:\/\/blogin.al\/?author=2"}]}},"_links":{"self":[{"href":"https:\/\/blogin.al\/index.php?rest_route=\/wp\/v2\/posts\/52676","targetHints":{"allow":["GET"]}}],"collection":[{"href":"https:\/\/blogin.al\/index.php?rest_route=\/wp\/v2\/posts"}],"about":[{"href":"https:\/\/blogin.al\/index.php?rest_route=\/wp\/v2\/types\/post"}],"author":[{"embeddable":true,"href":"https:\/\/blogin.al\/index.php?rest_route=\/wp\/v2\/users\/2"}],"replies":[{"embeddable":true,"href":"https:\/\/blogin.al\/index.php?rest_route=%2Fwp%2Fv2%2Fcomments&post=52676"}],"version-history":[{"count":2,"href":"https:\/\/blogin.al\/index.php?rest_route=\/wp\/v2\/posts\/52676\/revisions"}],"predecessor-version":[{"id":52682,"href":"https:\/\/blogin.al\/index.php?rest_route=\/wp\/v2\/posts\/52676\/revisions\/52682"}],"wp:featuredmedia":[{"embeddable":true,"href":"https:\/\/blogin.al\/index.php?rest_route=\/wp\/v2\/media\/52681"}],"wp:attachment":[{"href":"https:\/\/blogin.al\/index.php?rest_route=%2Fwp%2Fv2%2Fmedia&parent=52676"}],"wp:term":[{"taxonomy":"category","embeddable":true,"href":"https:\/\/blogin.al\/index.php?rest_route=%2Fwp%2Fv2%2Fcategories&post=52676"},{"taxonomy":"post_tag","embeddable":true,"href":"https:\/\/blogin.al\/index.php?rest_route=%2Fwp%2Fv2%2Ftags&post=52676"}],"curies":[{"name":"wp","href":"https:\/\/api.w.org\/{rel}","templated":true}]}}