{"id":52688,"date":"2024-11-18T09:41:55","date_gmt":"2024-11-18T09:41:55","guid":{"rendered":"https:\/\/blogin.al\/?p=52688"},"modified":"2024-11-18T10:00:26","modified_gmt":"2024-11-18T10:00:26","slug":"jonida-vokshi-mes-lotesh-rrefen-humbjen-e-te-atit-dhe-betejen-e-tij-me-semundjen-kur-ra-ne-koma-ende-na-mbante-mend","status":"publish","type":"post","link":"https:\/\/blogin.al\/?p=52688","title":{"rendered":"Jonida Vokshi mes lot\u00ebsh rr\u00ebfen humbjen e t\u00eb atit dhe betej\u00ebn e tij me s\u00ebmundjen: Kur ra n\u00eb koma ende na mbante mend"},"content":{"rendered":"\n<p>Moderatorja dhe aktorja Jonida Vokshi ka rr\u00ebfyer betej\u00ebn e babait t\u00eb saj, i cili u nda nga jeta pak jav\u00eb m\u00eb par\u00eb pas 1 muaji n\u00eb koma, me s\u00ebmundjen e demenc\u00ebs.<\/p>\n\n\n\n<p>Ajo tregoi se i ati filloi problemet e para me kujtes\u00ebn rreth 3 vite m\u00eb par\u00eb, kur filloi t\u00eb harronte se ku vendoste objektet dhe t\u00eb p\u00ebrs\u00ebriste histori, por shtoi se ia vendos\u00ebn fajin mosh\u00ebs.<\/p>\n\n\n\n<p>Por, aktorja shtoi se \u201cfatkeq\u00ebsia ishte se nuk ishte vet\u00ebm nj\u00eb harres\u00eb momentale, por ishin fazat e para t\u00eb demenc\u00ebs.\u201d<\/p>\n\n\n\n<p><em>\u201cP\u00ebr ne ishte nj\u00eb 5-vje\u00e7ar i v\u00ebshtir\u00eb, i q\u00ebndruam af\u00ebr aq sa dinim sepse ishim t\u00eb pap\u00ebrgatitur. Ishte e v\u00ebshtir\u00eb, pavar\u00ebsisht se jemi munduar t\u00eb jet\u00eb prioritet p\u00ebr ne, jeta nuk ishte e thjesht me t\u00eb\u201d,<\/em>&nbsp;u shpreh Jonida Vokshi.<\/p>\n\n\n<div class=\"wp-block-image is-style-default\">\n<figure class=\"aligncenter\"><img decoding=\"async\" src=\"https:\/\/www.panorama.com.al\/wp-content\/uploads\/2024\/11\/jonida-vokshi-1.jpg\" alt=\"jonida vokshi (1)\" class=\"wp-image-1483280\"\/><\/figure>\n<\/div>\n\n\n<p>Moderatorja rr\u00ebfeu se kur i ati ra n\u00eb koma, ende mbante mend familjar\u00ebt dhe p\u00ebr k\u00ebt\u00eb u shpreh se i&nbsp;\u00ebsht\u00eb falenderuese Zotit, por theksoi se&nbsp;<em>\u201cnuk e kam pranuar vdekjen tek babai im, e di q\u00eb \u00ebsht\u00eb diku. Lus q\u00eb ta ndjej prezenc\u00ebn e tij n\u00ebp\u00ebrmjet gj\u00ebrave t\u00eb vogla q\u00eb m\u00eb ndodhin gjat\u00eb dit\u00ebs dhe kjo po m\u00eb ndodh\u201d.<\/em><\/p>\n\n\n<div class=\"wp-block-image is-style-default\">\n<figure class=\"aligncenter\"><img decoding=\"async\" src=\"https:\/\/www.panorama.com.al\/wp-content\/uploads\/2024\/11\/jonida-vokshi1.jpg\" alt=\"jonida vokshi1\" class=\"wp-image-1483282\"\/><\/figure>\n<\/div>\n\n\n<p><strong>Jonida Vokshi:&nbsp;<\/strong>Babi prej 4 apo 5 vitesh filloi t\u00eb kishte problemet e para me harres\u00ebn, gj\u00eb q\u00eb ndodh q\u00eb ti ia vendos fajin mosh\u00ebs. Justifikonim me faktin se \u201cJemi ne t\u00eb rinj dhe po harrojm\u00eb\u201d. Fillesat ishin t\u00eb lehta, harrim i objekteve, historia t\u00eb p\u00ebrs\u00ebritura m\u00eb shum\u00eb se nj\u00ebher\u00eb.<\/p>\n\n\n\n<p>Por, fatkeq\u00ebsia ishte se nuk ishte vet\u00ebm nj\u00eb harres\u00eb momentale, por ishin fazat e para t\u00eb demenc\u00ebs. Kushdo q\u00eb e ka provuar tek njer\u00ebzit e tyre m\u00eb t\u00eb af\u00ebrt, besoj p\u00ebr mua \u00ebsht\u00eb s\u00ebmundja m\u00eb e r\u00ebnd\u00eb dhe e v\u00ebshtir\u00eb p\u00ebr t\u2019u p\u00ebrballuar. \u00cbsht\u00eb ajo s\u00ebmundje q\u00eb t\u00eb merr jet\u00ebn, i af\u00ebrmi yt fillon dhe transformohet para syve t\u00eb tu. P\u00ebr ne ishte nj\u00eb 5-vje\u00e7ar i v\u00ebshtir\u00eb, i q\u00ebndruam af\u00ebr aq sa dinim sepse ishim t\u00eb pap\u00ebrgatitur. Ishte e v\u00ebshtir\u00eb, pavar\u00ebsisht se jemi munduar t\u00eb jet\u00eb prioritet p\u00ebr ne, jeta nuk ishte e thjesht me t\u00eb.<\/p>\n\n\n\n<p>Edhe pse s\u00ebmundja sa vinte e avancohej, kurr\u00eb nuk iu shua dashuria, t\u00eb dh\u00ebnit dashuri kundrejt nesh, mamit, meje, Besnikut dhe f\u00ebmij\u00ebve. Kjo m\u00eb mbush me kujtime t\u00eb bukura, shoh videot dhe f\u00ebmij\u00ebt e mi aq sa mundet jan\u00eb rritur me gjyshin.<\/p>\n\n\n\n<p>Dhe ajo \u00e7ka ngre kok\u00ebn lart dhe i them faleminderit Zotit, \u00ebsht\u00eb se un\u00eb e humba at\u00eb n\u00eb nj\u00eb moment kur ai ende na mbante mend dhe kam ende imazhet e tij q\u00eb m\u00eb falte dashuri, se m\u00eb ka pasur pik\u00ebn e dob\u00ebt. Deri dit\u00ebn e fundit q\u00eb humbi koshenic\u00ebn dhe ra n\u00eb koma, pasi 1 muaj ka q\u00ebndruar n\u00eb koma derisa i pushoi zemra. Derisa ndodhi kjo i thoshte infermiereve q\u00eb un\u00eb isha shpirti i tij. Ky \u00ebsht\u00eb imazhi i fundit i babit dhe nuk dua t\u00eb kem tjet\u00ebr. Ka l\u00ebn\u00eb nj\u00eb boshll\u00ebk, kam pasur momente t\u00eb v\u00ebshtir\u00eb, q\u00eb nuk doja t\u00eb b\u00ebja asgj\u00eb, por t\u00eb rrija me veten time dhe kujtimet me babain. Por ai nuk do ta donte k\u00ebt\u00eb, sepse s\u2019do m\u00eb b\u00ebnte mir\u00eb as mua dhe as f\u00ebmij\u00ebve q\u00eb t\u00eb shohin n\u00ebn\u00ebn e tyre n\u00eb at\u00eb gjendje. Ai m\u00eb thoshte gjithmon\u00eb q\u00eb duhet t\u00eb isha e fort\u00eb. Dhe e mora situat\u00ebn e dor\u00eb dhe mundohem q\u00eb edhe dhimbjen, e forc\u00ebn p\u00ebr t\u00eb ecur p\u00ebrpara, ta ndaj me njer\u00ebzit sepse e di q\u00eb dik\u00eb do e ndihmoj\u00eb.<\/p>\n\n\n\n<p>Do t\u00eb jetoj me k\u00ebt\u00eb boshll\u00ebk dhe dua t\u00eb jetoj. Ne nuk e dim\u00eb \u00e7far\u00eb \u00ebsht\u00eb vdekja, thjesht e humbim dik\u00eb. Por, koncepti i vdekjes \u00ebsht\u00eb nj\u00eb koncept q\u00eb gjithsecili i jep konotacionin q\u00eb d\u00ebshiron. Nuk ke pse ta pranosh vdekjen, nuk e kam pranuar vdekjen tek babai im, e di q\u00eb \u00ebsht\u00eb diku. Lus q\u00eb ta ndjej prezenc\u00ebn e tij n\u00ebp\u00ebrmjet gj\u00ebrave t\u00eb vogla q\u00eb m\u00eb ndodhin gjat\u00eb dit\u00ebs dhe kjo po m\u00eb ndodh. Tek njer\u00ebzit e af\u00ebr s\u2019kemi pse ta pranojm\u00eb vdekjen.<\/p>\n","protected":false},"excerpt":{"rendered":"<p>Moderatorja dhe aktorja Jonida Vokshi ka rr\u00ebfyer betej\u00ebn e babait t\u00eb saj, i cili u nda nga jeta pak jav\u00eb m\u00eb par\u00eb pas 1 muaji n\u00eb koma, me s\u00ebmundjen e demenc\u00ebs. Ajo tregoi se i ati filloi problemet e para me kujtes\u00ebn rreth 3 vite m\u00eb par\u00eb, kur filloi t\u00eb harronte se ku vendoste objektet [&hellip;]<\/p>\n","protected":false},"author":2,"featured_media":52694,"comment_status":"closed","ping_status":"closed","sticky":false,"template":"","format":"standard","meta":{"footnotes":""},"categories":[33],"tags":[],"class_list":{"0":"post-52688","1":"post","2":"type-post","3":"status-publish","4":"format-standard","5":"has-post-thumbnail","7":"category-showbiz"},"yoast_head":"<!-- This site is optimized with the Yoast SEO plugin v27.5 - https:\/\/yoast.com\/product\/yoast-seo-wordpress\/ -->\n<title>Jonida Vokshi mes lot\u00ebsh rr\u00ebfen humbjen e t\u00eb atit dhe betej\u00ebn e tij me s\u00ebmundjen: Kur ra n\u00eb koma ende na mbante mend - blogin.al<\/title>\n<meta name=\"robots\" content=\"index, follow, max-snippet:-1, max-image-preview:large, max-video-preview:-1\" \/>\n<link rel=\"canonical\" href=\"https:\/\/blogin.al\/?p=52688\" \/>\n<meta property=\"og:locale\" content=\"en_US\" \/>\n<meta property=\"og:type\" content=\"article\" \/>\n<meta property=\"og:title\" content=\"Jonida Vokshi mes lot\u00ebsh rr\u00ebfen humbjen e t\u00eb atit dhe betej\u00ebn e tij me s\u00ebmundjen: Kur ra n\u00eb koma ende na mbante mend - blogin.al\" \/>\n<meta property=\"og:description\" content=\"Moderatorja dhe aktorja Jonida Vokshi ka rr\u00ebfyer betej\u00ebn e babait t\u00eb saj, i cili u nda nga jeta pak jav\u00eb m\u00eb par\u00eb pas 1 muaji n\u00eb koma, me s\u00ebmundjen e demenc\u00ebs. Ajo tregoi se i ati filloi problemet e para me kujtes\u00ebn rreth 3 vite m\u00eb par\u00eb, kur filloi t\u00eb harronte se ku vendoste objektet [&hellip;]\" \/>\n<meta property=\"og:url\" content=\"https:\/\/blogin.al\/?p=52688\" \/>\n<meta property=\"og:site_name\" content=\"blogin.al\" \/>\n<meta property=\"article:published_time\" content=\"2024-11-18T09:41:55+00:00\" \/>\n<meta property=\"article:modified_time\" content=\"2024-11-18T10:00:26+00:00\" \/>\n<meta property=\"og:image\" content=\"https:\/\/blogin.al\/wp-content\/uploads\/2024\/11\/900-0-1728052099xjonida-vokshi-618-1.jpg\" \/>\n\t<meta property=\"og:image:width\" content=\"900\" \/>\n\t<meta property=\"og:image:height\" content=\"709\" \/>\n\t<meta property=\"og:image:type\" content=\"image\/jpeg\" \/>\n<meta name=\"author\" content=\"Blogin al\" \/>\n<meta name=\"twitter:card\" content=\"summary_large_image\" \/>\n<meta name=\"twitter:label1\" content=\"Written by\" \/>\n\t<meta name=\"twitter:data1\" content=\"Blogin al\" \/>\n\t<meta name=\"twitter:label2\" content=\"Est. reading time\" \/>\n\t<meta name=\"twitter:data2\" content=\"4 minutes\" \/>\n<script type=\"application\/ld+json\" class=\"yoast-schema-graph\">{\"@context\":\"https:\\\/\\\/schema.org\",\"@graph\":[{\"@type\":\"Article\",\"@id\":\"https:\\\/\\\/blogin.al\\\/?p=52688#article\",\"isPartOf\":{\"@id\":\"https:\\\/\\\/blogin.al\\\/?p=52688\"},\"author\":{\"name\":\"Blogin al\",\"@id\":\"https:\\\/\\\/blogin.al\\\/#\\\/schema\\\/person\\\/abdd56bc912cd511db877b852b115399\"},\"headline\":\"Jonida Vokshi mes lot\u00ebsh rr\u00ebfen humbjen e t\u00eb atit dhe betej\u00ebn e tij me s\u00ebmundjen: Kur ra n\u00eb koma ende na mbante mend\",\"datePublished\":\"2024-11-18T09:41:55+00:00\",\"dateModified\":\"2024-11-18T10:00:26+00:00\",\"mainEntityOfPage\":{\"@id\":\"https:\\\/\\\/blogin.al\\\/?p=52688\"},\"wordCount\":763,\"publisher\":{\"@id\":\"https:\\\/\\\/blogin.al\\\/#organization\"},\"image\":{\"@id\":\"https:\\\/\\\/blogin.al\\\/?p=52688#primaryimage\"},\"thumbnailUrl\":\"https:\\\/\\\/blogin.al\\\/wp-content\\\/uploads\\\/2024\\\/11\\\/900-0-1728052099xjonida-vokshi-618-1.jpg\",\"articleSection\":[\"SHOWBIZ\"],\"inLanguage\":\"en-US\"},{\"@type\":\"WebPage\",\"@id\":\"https:\\\/\\\/blogin.al\\\/?p=52688\",\"url\":\"https:\\\/\\\/blogin.al\\\/?p=52688\",\"name\":\"Jonida Vokshi mes lot\u00ebsh rr\u00ebfen humbjen e t\u00eb atit dhe betej\u00ebn e tij me s\u00ebmundjen: Kur ra n\u00eb koma ende na mbante mend - blogin.al\",\"isPartOf\":{\"@id\":\"https:\\\/\\\/blogin.al\\\/#website\"},\"primaryImageOfPage\":{\"@id\":\"https:\\\/\\\/blogin.al\\\/?p=52688#primaryimage\"},\"image\":{\"@id\":\"https:\\\/\\\/blogin.al\\\/?p=52688#primaryimage\"},\"thumbnailUrl\":\"https:\\\/\\\/blogin.al\\\/wp-content\\\/uploads\\\/2024\\\/11\\\/900-0-1728052099xjonida-vokshi-618-1.jpg\",\"datePublished\":\"2024-11-18T09:41:55+00:00\",\"dateModified\":\"2024-11-18T10:00:26+00:00\",\"breadcrumb\":{\"@id\":\"https:\\\/\\\/blogin.al\\\/?p=52688#breadcrumb\"},\"inLanguage\":\"en-US\",\"potentialAction\":[{\"@type\":\"ReadAction\",\"target\":[\"https:\\\/\\\/blogin.al\\\/?p=52688\"]}]},{\"@type\":\"ImageObject\",\"inLanguage\":\"en-US\",\"@id\":\"https:\\\/\\\/blogin.al\\\/?p=52688#primaryimage\",\"url\":\"https:\\\/\\\/blogin.al\\\/wp-content\\\/uploads\\\/2024\\\/11\\\/900-0-1728052099xjonida-vokshi-618-1.jpg\",\"contentUrl\":\"https:\\\/\\\/blogin.al\\\/wp-content\\\/uploads\\\/2024\\\/11\\\/900-0-1728052099xjonida-vokshi-618-1.jpg\",\"width\":900,\"height\":709},{\"@type\":\"BreadcrumbList\",\"@id\":\"https:\\\/\\\/blogin.al\\\/?p=52688#breadcrumb\",\"itemListElement\":[{\"@type\":\"ListItem\",\"position\":1,\"name\":\"Home\",\"item\":\"https:\\\/\\\/blogin.al\\\/\"},{\"@type\":\"ListItem\",\"position\":2,\"name\":\"Jonida Vokshi mes lot\u00ebsh rr\u00ebfen humbjen e t\u00eb atit dhe betej\u00ebn e tij me s\u00ebmundjen: Kur ra n\u00eb koma ende na mbante mend\"}]},{\"@type\":\"WebSite\",\"@id\":\"https:\\\/\\\/blogin.al\\\/#website\",\"url\":\"https:\\\/\\\/blogin.al\\\/\",\"name\":\"blogin.al\",\"description\":\"\",\"publisher\":{\"@id\":\"https:\\\/\\\/blogin.al\\\/#organization\"},\"potentialAction\":[{\"@type\":\"SearchAction\",\"target\":{\"@type\":\"EntryPoint\",\"urlTemplate\":\"https:\\\/\\\/blogin.al\\\/?s={search_term_string}\"},\"query-input\":{\"@type\":\"PropertyValueSpecification\",\"valueRequired\":true,\"valueName\":\"search_term_string\"}}],\"inLanguage\":\"en-US\"},{\"@type\":\"Organization\",\"@id\":\"https:\\\/\\\/blogin.al\\\/#organization\",\"name\":\"BLOGIN.al\",\"url\":\"https:\\\/\\\/blogin.al\\\/\",\"logo\":{\"@type\":\"ImageObject\",\"inLanguage\":\"en-US\",\"@id\":\"https:\\\/\\\/blogin.al\\\/#\\\/schema\\\/logo\\\/image\\\/\",\"url\":\"https:\\\/\\\/blogin.al\\\/wp-content\\\/uploads\\\/2022\\\/05\\\/Untitled-2-01-e1652084456514.png\",\"contentUrl\":\"https:\\\/\\\/blogin.al\\\/wp-content\\\/uploads\\\/2022\\\/05\\\/Untitled-2-01-e1652084456514.png\",\"width\":3723,\"height\":1698,\"caption\":\"BLOGIN.al\"},\"image\":{\"@id\":\"https:\\\/\\\/blogin.al\\\/#\\\/schema\\\/logo\\\/image\\\/\"},\"sameAs\":[\"https:\\\/\\\/instagram.com\\\/blogin.al\\\/\"]},{\"@type\":\"Person\",\"@id\":\"https:\\\/\\\/blogin.al\\\/#\\\/schema\\\/person\\\/abdd56bc912cd511db877b852b115399\",\"name\":\"Blogin al\",\"image\":{\"@type\":\"ImageObject\",\"inLanguage\":\"en-US\",\"@id\":\"https:\\\/\\\/secure.gravatar.com\\\/avatar\\\/60d5661aee6e835fb13dc75d2204cd0c1d61bef2efd137c0083e59ef831e235e?s=96&d=mm&r=g\",\"url\":\"https:\\\/\\\/secure.gravatar.com\\\/avatar\\\/60d5661aee6e835fb13dc75d2204cd0c1d61bef2efd137c0083e59ef831e235e?s=96&d=mm&r=g\",\"contentUrl\":\"https:\\\/\\\/secure.gravatar.com\\\/avatar\\\/60d5661aee6e835fb13dc75d2204cd0c1d61bef2efd137c0083e59ef831e235e?s=96&d=mm&r=g\",\"caption\":\"Blogin al\"},\"sameAs\":[\"https:\\\/\\\/blogin.al\"],\"url\":\"https:\\\/\\\/blogin.al\\\/?author=2\"}]}<\/script>\n<!-- \/ Yoast SEO plugin. -->","yoast_head_json":{"title":"Jonida Vokshi mes lot\u00ebsh rr\u00ebfen humbjen e t\u00eb atit dhe betej\u00ebn e tij me s\u00ebmundjen: Kur ra n\u00eb koma ende na mbante mend - blogin.al","robots":{"index":"index","follow":"follow","max-snippet":"max-snippet:-1","max-image-preview":"max-image-preview:large","max-video-preview":"max-video-preview:-1"},"canonical":"https:\/\/blogin.al\/?p=52688","og_locale":"en_US","og_type":"article","og_title":"Jonida Vokshi mes lot\u00ebsh rr\u00ebfen humbjen e t\u00eb atit dhe betej\u00ebn e tij me s\u00ebmundjen: Kur ra n\u00eb koma ende na mbante mend - blogin.al","og_description":"Moderatorja dhe aktorja Jonida Vokshi ka rr\u00ebfyer betej\u00ebn e babait t\u00eb saj, i cili u nda nga jeta pak jav\u00eb m\u00eb par\u00eb pas 1 muaji n\u00eb koma, me s\u00ebmundjen e demenc\u00ebs. Ajo tregoi se i ati filloi problemet e para me kujtes\u00ebn rreth 3 vite m\u00eb par\u00eb, kur filloi t\u00eb harronte se ku vendoste objektet [&hellip;]","og_url":"https:\/\/blogin.al\/?p=52688","og_site_name":"blogin.al","article_published_time":"2024-11-18T09:41:55+00:00","article_modified_time":"2024-11-18T10:00:26+00:00","og_image":[{"width":900,"height":709,"url":"https:\/\/blogin.al\/wp-content\/uploads\/2024\/11\/900-0-1728052099xjonida-vokshi-618-1.jpg","type":"image\/jpeg"}],"author":"Blogin al","twitter_card":"summary_large_image","twitter_misc":{"Written by":"Blogin al","Est. reading time":"4 minutes"},"schema":{"@context":"https:\/\/schema.org","@graph":[{"@type":"Article","@id":"https:\/\/blogin.al\/?p=52688#article","isPartOf":{"@id":"https:\/\/blogin.al\/?p=52688"},"author":{"name":"Blogin al","@id":"https:\/\/blogin.al\/#\/schema\/person\/abdd56bc912cd511db877b852b115399"},"headline":"Jonida Vokshi mes lot\u00ebsh rr\u00ebfen humbjen e t\u00eb atit dhe betej\u00ebn e tij me s\u00ebmundjen: Kur ra n\u00eb koma ende na mbante mend","datePublished":"2024-11-18T09:41:55+00:00","dateModified":"2024-11-18T10:00:26+00:00","mainEntityOfPage":{"@id":"https:\/\/blogin.al\/?p=52688"},"wordCount":763,"publisher":{"@id":"https:\/\/blogin.al\/#organization"},"image":{"@id":"https:\/\/blogin.al\/?p=52688#primaryimage"},"thumbnailUrl":"https:\/\/blogin.al\/wp-content\/uploads\/2024\/11\/900-0-1728052099xjonida-vokshi-618-1.jpg","articleSection":["SHOWBIZ"],"inLanguage":"en-US"},{"@type":"WebPage","@id":"https:\/\/blogin.al\/?p=52688","url":"https:\/\/blogin.al\/?p=52688","name":"Jonida Vokshi mes lot\u00ebsh rr\u00ebfen humbjen e t\u00eb atit dhe betej\u00ebn e tij me s\u00ebmundjen: Kur ra n\u00eb koma ende na mbante mend - blogin.al","isPartOf":{"@id":"https:\/\/blogin.al\/#website"},"primaryImageOfPage":{"@id":"https:\/\/blogin.al\/?p=52688#primaryimage"},"image":{"@id":"https:\/\/blogin.al\/?p=52688#primaryimage"},"thumbnailUrl":"https:\/\/blogin.al\/wp-content\/uploads\/2024\/11\/900-0-1728052099xjonida-vokshi-618-1.jpg","datePublished":"2024-11-18T09:41:55+00:00","dateModified":"2024-11-18T10:00:26+00:00","breadcrumb":{"@id":"https:\/\/blogin.al\/?p=52688#breadcrumb"},"inLanguage":"en-US","potentialAction":[{"@type":"ReadAction","target":["https:\/\/blogin.al\/?p=52688"]}]},{"@type":"ImageObject","inLanguage":"en-US","@id":"https:\/\/blogin.al\/?p=52688#primaryimage","url":"https:\/\/blogin.al\/wp-content\/uploads\/2024\/11\/900-0-1728052099xjonida-vokshi-618-1.jpg","contentUrl":"https:\/\/blogin.al\/wp-content\/uploads\/2024\/11\/900-0-1728052099xjonida-vokshi-618-1.jpg","width":900,"height":709},{"@type":"BreadcrumbList","@id":"https:\/\/blogin.al\/?p=52688#breadcrumb","itemListElement":[{"@type":"ListItem","position":1,"name":"Home","item":"https:\/\/blogin.al\/"},{"@type":"ListItem","position":2,"name":"Jonida Vokshi mes lot\u00ebsh rr\u00ebfen humbjen e t\u00eb atit dhe betej\u00ebn e tij me s\u00ebmundjen: Kur ra n\u00eb koma ende na mbante mend"}]},{"@type":"WebSite","@id":"https:\/\/blogin.al\/#website","url":"https:\/\/blogin.al\/","name":"blogin.al","description":"","publisher":{"@id":"https:\/\/blogin.al\/#organization"},"potentialAction":[{"@type":"SearchAction","target":{"@type":"EntryPoint","urlTemplate":"https:\/\/blogin.al\/?s={search_term_string}"},"query-input":{"@type":"PropertyValueSpecification","valueRequired":true,"valueName":"search_term_string"}}],"inLanguage":"en-US"},{"@type":"Organization","@id":"https:\/\/blogin.al\/#organization","name":"BLOGIN.al","url":"https:\/\/blogin.al\/","logo":{"@type":"ImageObject","inLanguage":"en-US","@id":"https:\/\/blogin.al\/#\/schema\/logo\/image\/","url":"https:\/\/blogin.al\/wp-content\/uploads\/2022\/05\/Untitled-2-01-e1652084456514.png","contentUrl":"https:\/\/blogin.al\/wp-content\/uploads\/2022\/05\/Untitled-2-01-e1652084456514.png","width":3723,"height":1698,"caption":"BLOGIN.al"},"image":{"@id":"https:\/\/blogin.al\/#\/schema\/logo\/image\/"},"sameAs":["https:\/\/instagram.com\/blogin.al\/"]},{"@type":"Person","@id":"https:\/\/blogin.al\/#\/schema\/person\/abdd56bc912cd511db877b852b115399","name":"Blogin al","image":{"@type":"ImageObject","inLanguage":"en-US","@id":"https:\/\/secure.gravatar.com\/avatar\/60d5661aee6e835fb13dc75d2204cd0c1d61bef2efd137c0083e59ef831e235e?s=96&d=mm&r=g","url":"https:\/\/secure.gravatar.com\/avatar\/60d5661aee6e835fb13dc75d2204cd0c1d61bef2efd137c0083e59ef831e235e?s=96&d=mm&r=g","contentUrl":"https:\/\/secure.gravatar.com\/avatar\/60d5661aee6e835fb13dc75d2204cd0c1d61bef2efd137c0083e59ef831e235e?s=96&d=mm&r=g","caption":"Blogin al"},"sameAs":["https:\/\/blogin.al"],"url":"https:\/\/blogin.al\/?author=2"}]}},"_links":{"self":[{"href":"https:\/\/blogin.al\/index.php?rest_route=\/wp\/v2\/posts\/52688","targetHints":{"allow":["GET"]}}],"collection":[{"href":"https:\/\/blogin.al\/index.php?rest_route=\/wp\/v2\/posts"}],"about":[{"href":"https:\/\/blogin.al\/index.php?rest_route=\/wp\/v2\/types\/post"}],"author":[{"embeddable":true,"href":"https:\/\/blogin.al\/index.php?rest_route=\/wp\/v2\/users\/2"}],"replies":[{"embeddable":true,"href":"https:\/\/blogin.al\/index.php?rest_route=%2Fwp%2Fv2%2Fcomments&post=52688"}],"version-history":[{"count":1,"href":"https:\/\/blogin.al\/index.php?rest_route=\/wp\/v2\/posts\/52688\/revisions"}],"predecessor-version":[{"id":52689,"href":"https:\/\/blogin.al\/index.php?rest_route=\/wp\/v2\/posts\/52688\/revisions\/52689"}],"wp:featuredmedia":[{"embeddable":true,"href":"https:\/\/blogin.al\/index.php?rest_route=\/wp\/v2\/media\/52694"}],"wp:attachment":[{"href":"https:\/\/blogin.al\/index.php?rest_route=%2Fwp%2Fv2%2Fmedia&parent=52688"}],"wp:term":[{"taxonomy":"category","embeddable":true,"href":"https:\/\/blogin.al\/index.php?rest_route=%2Fwp%2Fv2%2Fcategories&post=52688"},{"taxonomy":"post_tag","embeddable":true,"href":"https:\/\/blogin.al\/index.php?rest_route=%2Fwp%2Fv2%2Ftags&post=52688"}],"curies":[{"name":"wp","href":"https:\/\/api.w.org\/{rel}","templated":true}]}}