{"id":52706,"date":"2024-11-18T13:22:26","date_gmt":"2024-11-18T13:22:26","guid":{"rendered":"https:\/\/blogin.al\/?p=52706"},"modified":"2024-11-18T14:14:27","modified_gmt":"2024-11-18T14:14:27","slug":"humbja-e-dy-prinderve-emocionon-rozana-radi-boshllek-qe-askush-smund-ta-plotesoje","status":"publish","type":"post","link":"https:\/\/blogin.al\/?p=52706","title":{"rendered":"Humbja e dy prind\u00ebrve, emocionon Rozana Radi: Boshll\u00ebk q\u00eb askush s\u2019mund ta plot\u00ebsoj\u00eb"},"content":{"rendered":"\n<p>Artistja e njohur Rozana Radi ka folur p\u00ebr her\u00eb t\u00eb par\u00eb p\u00ebr dhimbjen e thell\u00eb q\u00eb i ka l\u00ebn\u00eb humbja e prind\u00ebrve t\u00eb saj, t\u00eb cil\u00ebt jan\u00eb ndar\u00eb nga jeta prej koh\u00ebsh. Teksa ishte e ftuar n\u00eb emisionin \u201c2984\u201d t\u00eb Albano Bogdos n\u00eb Vizion Plus, Rozana u shpreh se ajo vazhdon t\u00eb p\u00ebrballoj\u00eb k\u00ebt\u00eb humbje t\u00eb madhe, q\u00eb \u00ebsht\u00eb nj\u00eb boshll\u00ebk q\u00eb askush nuk mund ta mbush\u00eb.<\/p>\n\n\n\n<blockquote class=\"wp-block-quote is-layout-flow wp-block-quote-is-layout-flow\">\n<p><em>\u201cSa her\u00eb flas p\u00ebr ta, kam nj\u00eb bllokim, m\u00eb merret goja. Nuk \u00ebsht\u00eb se nuk dua t\u00eb flas p\u00ebr ta, sepse n\u00ebse do kisha mund\u00ebsi, mund t\u00eb flisja p\u00ebr or\u00eb t\u00eb t\u00ebra p\u00ebr babin, p\u00ebr mamin, p\u00ebr Frankon dhe p\u00ebr miqt\u00eb q\u00eb kam humbur. Por faleminderit Zotit, q\u00eb i kam pasur sa kam pasur, dhe m\u2019i la aq sa m\u2019i la. Mund t\u00eb m\u2019i kishte marr\u00eb m\u00eb her\u00eb<\/em>t\u201d<\/p>\n<\/blockquote>\n\n\n\n<p>Ajo shprehu mir\u00ebnjohjen p\u00ebr kujtimet q\u00eb ka me ta dhe tha se \u00ebsht\u00eb e lumtur q\u00eb ka mund\u00ebsin\u00eb t\u00eb mbaj\u00eb gjall\u00eb ato momente t\u00eb dashura.<\/p>\n\n\n\n<blockquote class=\"wp-block-quote is-layout-flow wp-block-quote-is-layout-flow\">\n<p><strong><em>\u201cShpresoj t\u00eb jem ajo q\u00eb ata kan\u00eb dashur t\u00eb jem. Nuk kam mund\u00ebsi t\u00eb b\u00ebhem 100% ajo q\u00eb ata do, por mendoj se mund t\u00eb jem 60% e asaj q\u00eb ata k\u00ebrkuan. Gabime kam b\u00ebr\u00eb, patjet\u00ebr, por kjo \u00ebsht\u00eb nj\u00eb udh\u00eb q\u00eb po e ec me gjith\u00e7ka q\u00eb kam m\u00ebsuar prej tyre\u201d<\/em><\/strong><\/p>\n<\/blockquote>\n\n\n\n<p>Ajo theksoi se i mungon shum\u00eb mendimi i prind\u00ebrve, ve\u00e7an\u00ebrisht ai i babait, t\u00eb cilin e pyet shpesh n\u00eb mendje, duke menduar:<\/p>\n\n\n\n<figure class=\"wp-block-image is-style-default\"><img decoding=\"async\" src=\"https:\/\/ads.adsense.al\/www\/delivery\/lg.php?bannerid=0&amp;campaignid=0&amp;zoneid=11&amp;loc=https%3A%2F%2Ficonstyle.al%2Fhumbja-e-dy-prinderve-emocionon-rozana-radi-boshllek-qe-askush-smund-ta-plotesoje%2F&amp;referer=https%3A%2F%2Ficonstyle.al%2F&amp;cb=111dd7fe86\" alt=\"\"\/><\/figure>\n\n\n\n<blockquote class=\"wp-block-quote is-layout-flow wp-block-quote-is-layout-flow\">\n<p><em>\u201cSi do t\u00eb kishte menduar babi p\u00ebr k\u00ebt\u00eb gj\u00eb q\u00eb po b\u00ebj tani?\u201d<\/em><\/p>\n<\/blockquote>\n\n\n\n<p>Rozana e pranon se ndoshta i ati i saj, do ta kishte par\u00eb situat\u00ebn ndryshe n\u00eb vitin 2024, krahasuar me koh\u00ebn kur ajo ishte 22 vje\u00e7 dhe ai nuk ishte m\u00eb pran\u00eb.<\/p>\n","protected":false},"excerpt":{"rendered":"<p>Artistja e njohur Rozana Radi ka folur p\u00ebr her\u00eb t\u00eb par\u00eb p\u00ebr dhimbjen e thell\u00eb q\u00eb i ka l\u00ebn\u00eb humbja e prind\u00ebrve t\u00eb saj, t\u00eb cil\u00ebt jan\u00eb ndar\u00eb nga jeta prej koh\u00ebsh. Teksa ishte e ftuar n\u00eb emisionin \u201c2984\u201d t\u00eb Albano Bogdos n\u00eb Vizion Plus, Rozana u shpreh se ajo vazhdon t\u00eb p\u00ebrballoj\u00eb k\u00ebt\u00eb humbje [&hellip;]<\/p>\n","protected":false},"author":2,"featured_media":52712,"comment_status":"closed","ping_status":"closed","sticky":false,"template":"","format":"standard","meta":{"footnotes":""},"categories":[33],"tags":[],"class_list":{"0":"post-52706","1":"post","2":"type-post","3":"status-publish","4":"format-standard","5":"has-post-thumbnail","7":"category-showbiz"},"yoast_head":"<!-- This site is optimized with the Yoast SEO plugin v27.5 - https:\/\/yoast.com\/product\/yoast-seo-wordpress\/ -->\n<title>Humbja e dy prind\u00ebrve, emocionon Rozana Radi: Boshll\u00ebk q\u00eb askush s\u2019mund ta plot\u00ebsoj\u00eb - blogin.al<\/title>\n<meta name=\"robots\" content=\"index, follow, max-snippet:-1, max-image-preview:large, max-video-preview:-1\" \/>\n<link rel=\"canonical\" href=\"https:\/\/blogin.al\/?p=52706\" \/>\n<meta property=\"og:locale\" content=\"en_US\" \/>\n<meta property=\"og:type\" content=\"article\" \/>\n<meta property=\"og:title\" content=\"Humbja e dy prind\u00ebrve, emocionon Rozana Radi: Boshll\u00ebk q\u00eb askush s\u2019mund ta plot\u00ebsoj\u00eb - blogin.al\" \/>\n<meta property=\"og:description\" content=\"Artistja e njohur Rozana Radi ka folur p\u00ebr her\u00eb t\u00eb par\u00eb p\u00ebr dhimbjen e thell\u00eb q\u00eb i ka l\u00ebn\u00eb humbja e prind\u00ebrve t\u00eb saj, t\u00eb cil\u00ebt jan\u00eb ndar\u00eb nga jeta prej koh\u00ebsh. Teksa ishte e ftuar n\u00eb emisionin \u201c2984\u201d t\u00eb Albano Bogdos n\u00eb Vizion Plus, Rozana u shpreh se ajo vazhdon t\u00eb p\u00ebrballoj\u00eb k\u00ebt\u00eb humbje [&hellip;]\" \/>\n<meta property=\"og:url\" content=\"https:\/\/blogin.al\/?p=52706\" \/>\n<meta property=\"og:site_name\" content=\"blogin.al\" \/>\n<meta property=\"article:published_time\" content=\"2024-11-18T13:22:26+00:00\" \/>\n<meta property=\"article:modified_time\" content=\"2024-11-18T14:14:27+00:00\" \/>\n<meta property=\"og:image\" content=\"https:\/\/blogin.al\/wp-content\/uploads\/2024\/11\/IMG_0979.jpeg\" \/>\n\t<meta property=\"og:image:width\" content=\"1282\" \/>\n\t<meta property=\"og:image:height\" content=\"1178\" \/>\n\t<meta property=\"og:image:type\" content=\"image\/jpeg\" \/>\n<meta name=\"author\" content=\"Blogin al\" \/>\n<meta name=\"twitter:card\" content=\"summary_large_image\" \/>\n<meta name=\"twitter:label1\" content=\"Written by\" \/>\n\t<meta name=\"twitter:data1\" content=\"Blogin al\" \/>\n\t<meta name=\"twitter:label2\" content=\"Est. reading time\" \/>\n\t<meta name=\"twitter:data2\" content=\"1 minute\" \/>\n<script type=\"application\/ld+json\" class=\"yoast-schema-graph\">{\"@context\":\"https:\\\/\\\/schema.org\",\"@graph\":[{\"@type\":\"Article\",\"@id\":\"https:\\\/\\\/blogin.al\\\/?p=52706#article\",\"isPartOf\":{\"@id\":\"https:\\\/\\\/blogin.al\\\/?p=52706\"},\"author\":{\"name\":\"Blogin al\",\"@id\":\"https:\\\/\\\/blogin.al\\\/#\\\/schema\\\/person\\\/abdd56bc912cd511db877b852b115399\"},\"headline\":\"Humbja e dy prind\u00ebrve, emocionon Rozana Radi: Boshll\u00ebk q\u00eb askush s\u2019mund ta plot\u00ebsoj\u00eb\",\"datePublished\":\"2024-11-18T13:22:26+00:00\",\"dateModified\":\"2024-11-18T14:14:27+00:00\",\"mainEntityOfPage\":{\"@id\":\"https:\\\/\\\/blogin.al\\\/?p=52706\"},\"wordCount\":332,\"publisher\":{\"@id\":\"https:\\\/\\\/blogin.al\\\/#organization\"},\"image\":{\"@id\":\"https:\\\/\\\/blogin.al\\\/?p=52706#primaryimage\"},\"thumbnailUrl\":\"https:\\\/\\\/blogin.al\\\/wp-content\\\/uploads\\\/2024\\\/11\\\/IMG_0979.jpeg\",\"articleSection\":[\"SHOWBIZ\"],\"inLanguage\":\"en-US\"},{\"@type\":\"WebPage\",\"@id\":\"https:\\\/\\\/blogin.al\\\/?p=52706\",\"url\":\"https:\\\/\\\/blogin.al\\\/?p=52706\",\"name\":\"Humbja e dy prind\u00ebrve, emocionon Rozana Radi: Boshll\u00ebk q\u00eb askush s\u2019mund ta plot\u00ebsoj\u00eb - blogin.al\",\"isPartOf\":{\"@id\":\"https:\\\/\\\/blogin.al\\\/#website\"},\"primaryImageOfPage\":{\"@id\":\"https:\\\/\\\/blogin.al\\\/?p=52706#primaryimage\"},\"image\":{\"@id\":\"https:\\\/\\\/blogin.al\\\/?p=52706#primaryimage\"},\"thumbnailUrl\":\"https:\\\/\\\/blogin.al\\\/wp-content\\\/uploads\\\/2024\\\/11\\\/IMG_0979.jpeg\",\"datePublished\":\"2024-11-18T13:22:26+00:00\",\"dateModified\":\"2024-11-18T14:14:27+00:00\",\"breadcrumb\":{\"@id\":\"https:\\\/\\\/blogin.al\\\/?p=52706#breadcrumb\"},\"inLanguage\":\"en-US\",\"potentialAction\":[{\"@type\":\"ReadAction\",\"target\":[\"https:\\\/\\\/blogin.al\\\/?p=52706\"]}]},{\"@type\":\"ImageObject\",\"inLanguage\":\"en-US\",\"@id\":\"https:\\\/\\\/blogin.al\\\/?p=52706#primaryimage\",\"url\":\"https:\\\/\\\/blogin.al\\\/wp-content\\\/uploads\\\/2024\\\/11\\\/IMG_0979.jpeg\",\"contentUrl\":\"https:\\\/\\\/blogin.al\\\/wp-content\\\/uploads\\\/2024\\\/11\\\/IMG_0979.jpeg\",\"width\":1282,\"height\":1178},{\"@type\":\"BreadcrumbList\",\"@id\":\"https:\\\/\\\/blogin.al\\\/?p=52706#breadcrumb\",\"itemListElement\":[{\"@type\":\"ListItem\",\"position\":1,\"name\":\"Home\",\"item\":\"https:\\\/\\\/blogin.al\\\/\"},{\"@type\":\"ListItem\",\"position\":2,\"name\":\"Humbja e dy prind\u00ebrve, emocionon Rozana Radi: Boshll\u00ebk q\u00eb askush s\u2019mund ta plot\u00ebsoj\u00eb\"}]},{\"@type\":\"WebSite\",\"@id\":\"https:\\\/\\\/blogin.al\\\/#website\",\"url\":\"https:\\\/\\\/blogin.al\\\/\",\"name\":\"blogin.al\",\"description\":\"\",\"publisher\":{\"@id\":\"https:\\\/\\\/blogin.al\\\/#organization\"},\"potentialAction\":[{\"@type\":\"SearchAction\",\"target\":{\"@type\":\"EntryPoint\",\"urlTemplate\":\"https:\\\/\\\/blogin.al\\\/?s={search_term_string}\"},\"query-input\":{\"@type\":\"PropertyValueSpecification\",\"valueRequired\":true,\"valueName\":\"search_term_string\"}}],\"inLanguage\":\"en-US\"},{\"@type\":\"Organization\",\"@id\":\"https:\\\/\\\/blogin.al\\\/#organization\",\"name\":\"BLOGIN.al\",\"url\":\"https:\\\/\\\/blogin.al\\\/\",\"logo\":{\"@type\":\"ImageObject\",\"inLanguage\":\"en-US\",\"@id\":\"https:\\\/\\\/blogin.al\\\/#\\\/schema\\\/logo\\\/image\\\/\",\"url\":\"https:\\\/\\\/blogin.al\\\/wp-content\\\/uploads\\\/2022\\\/05\\\/Untitled-2-01-e1652084456514.png\",\"contentUrl\":\"https:\\\/\\\/blogin.al\\\/wp-content\\\/uploads\\\/2022\\\/05\\\/Untitled-2-01-e1652084456514.png\",\"width\":3723,\"height\":1698,\"caption\":\"BLOGIN.al\"},\"image\":{\"@id\":\"https:\\\/\\\/blogin.al\\\/#\\\/schema\\\/logo\\\/image\\\/\"},\"sameAs\":[\"https:\\\/\\\/instagram.com\\\/blogin.al\\\/\"]},{\"@type\":\"Person\",\"@id\":\"https:\\\/\\\/blogin.al\\\/#\\\/schema\\\/person\\\/abdd56bc912cd511db877b852b115399\",\"name\":\"Blogin al\",\"image\":{\"@type\":\"ImageObject\",\"inLanguage\":\"en-US\",\"@id\":\"https:\\\/\\\/secure.gravatar.com\\\/avatar\\\/60d5661aee6e835fb13dc75d2204cd0c1d61bef2efd137c0083e59ef831e235e?s=96&d=mm&r=g\",\"url\":\"https:\\\/\\\/secure.gravatar.com\\\/avatar\\\/60d5661aee6e835fb13dc75d2204cd0c1d61bef2efd137c0083e59ef831e235e?s=96&d=mm&r=g\",\"contentUrl\":\"https:\\\/\\\/secure.gravatar.com\\\/avatar\\\/60d5661aee6e835fb13dc75d2204cd0c1d61bef2efd137c0083e59ef831e235e?s=96&d=mm&r=g\",\"caption\":\"Blogin al\"},\"sameAs\":[\"https:\\\/\\\/blogin.al\"],\"url\":\"https:\\\/\\\/blogin.al\\\/?author=2\"}]}<\/script>\n<!-- \/ Yoast SEO plugin. -->","yoast_head_json":{"title":"Humbja e dy prind\u00ebrve, emocionon Rozana Radi: Boshll\u00ebk q\u00eb askush s\u2019mund ta plot\u00ebsoj\u00eb - blogin.al","robots":{"index":"index","follow":"follow","max-snippet":"max-snippet:-1","max-image-preview":"max-image-preview:large","max-video-preview":"max-video-preview:-1"},"canonical":"https:\/\/blogin.al\/?p=52706","og_locale":"en_US","og_type":"article","og_title":"Humbja e dy prind\u00ebrve, emocionon Rozana Radi: Boshll\u00ebk q\u00eb askush s\u2019mund ta plot\u00ebsoj\u00eb - blogin.al","og_description":"Artistja e njohur Rozana Radi ka folur p\u00ebr her\u00eb t\u00eb par\u00eb p\u00ebr dhimbjen e thell\u00eb q\u00eb i ka l\u00ebn\u00eb humbja e prind\u00ebrve t\u00eb saj, t\u00eb cil\u00ebt jan\u00eb ndar\u00eb nga jeta prej koh\u00ebsh. Teksa ishte e ftuar n\u00eb emisionin \u201c2984\u201d t\u00eb Albano Bogdos n\u00eb Vizion Plus, Rozana u shpreh se ajo vazhdon t\u00eb p\u00ebrballoj\u00eb k\u00ebt\u00eb humbje [&hellip;]","og_url":"https:\/\/blogin.al\/?p=52706","og_site_name":"blogin.al","article_published_time":"2024-11-18T13:22:26+00:00","article_modified_time":"2024-11-18T14:14:27+00:00","og_image":[{"width":1282,"height":1178,"url":"https:\/\/blogin.al\/wp-content\/uploads\/2024\/11\/IMG_0979.jpeg","type":"image\/jpeg"}],"author":"Blogin al","twitter_card":"summary_large_image","twitter_misc":{"Written by":"Blogin al","Est. reading time":"1 minute"},"schema":{"@context":"https:\/\/schema.org","@graph":[{"@type":"Article","@id":"https:\/\/blogin.al\/?p=52706#article","isPartOf":{"@id":"https:\/\/blogin.al\/?p=52706"},"author":{"name":"Blogin al","@id":"https:\/\/blogin.al\/#\/schema\/person\/abdd56bc912cd511db877b852b115399"},"headline":"Humbja e dy prind\u00ebrve, emocionon Rozana Radi: Boshll\u00ebk q\u00eb askush s\u2019mund ta plot\u00ebsoj\u00eb","datePublished":"2024-11-18T13:22:26+00:00","dateModified":"2024-11-18T14:14:27+00:00","mainEntityOfPage":{"@id":"https:\/\/blogin.al\/?p=52706"},"wordCount":332,"publisher":{"@id":"https:\/\/blogin.al\/#organization"},"image":{"@id":"https:\/\/blogin.al\/?p=52706#primaryimage"},"thumbnailUrl":"https:\/\/blogin.al\/wp-content\/uploads\/2024\/11\/IMG_0979.jpeg","articleSection":["SHOWBIZ"],"inLanguage":"en-US"},{"@type":"WebPage","@id":"https:\/\/blogin.al\/?p=52706","url":"https:\/\/blogin.al\/?p=52706","name":"Humbja e dy prind\u00ebrve, emocionon Rozana Radi: Boshll\u00ebk q\u00eb askush s\u2019mund ta plot\u00ebsoj\u00eb - blogin.al","isPartOf":{"@id":"https:\/\/blogin.al\/#website"},"primaryImageOfPage":{"@id":"https:\/\/blogin.al\/?p=52706#primaryimage"},"image":{"@id":"https:\/\/blogin.al\/?p=52706#primaryimage"},"thumbnailUrl":"https:\/\/blogin.al\/wp-content\/uploads\/2024\/11\/IMG_0979.jpeg","datePublished":"2024-11-18T13:22:26+00:00","dateModified":"2024-11-18T14:14:27+00:00","breadcrumb":{"@id":"https:\/\/blogin.al\/?p=52706#breadcrumb"},"inLanguage":"en-US","potentialAction":[{"@type":"ReadAction","target":["https:\/\/blogin.al\/?p=52706"]}]},{"@type":"ImageObject","inLanguage":"en-US","@id":"https:\/\/blogin.al\/?p=52706#primaryimage","url":"https:\/\/blogin.al\/wp-content\/uploads\/2024\/11\/IMG_0979.jpeg","contentUrl":"https:\/\/blogin.al\/wp-content\/uploads\/2024\/11\/IMG_0979.jpeg","width":1282,"height":1178},{"@type":"BreadcrumbList","@id":"https:\/\/blogin.al\/?p=52706#breadcrumb","itemListElement":[{"@type":"ListItem","position":1,"name":"Home","item":"https:\/\/blogin.al\/"},{"@type":"ListItem","position":2,"name":"Humbja e dy prind\u00ebrve, emocionon Rozana Radi: Boshll\u00ebk q\u00eb askush s\u2019mund ta plot\u00ebsoj\u00eb"}]},{"@type":"WebSite","@id":"https:\/\/blogin.al\/#website","url":"https:\/\/blogin.al\/","name":"blogin.al","description":"","publisher":{"@id":"https:\/\/blogin.al\/#organization"},"potentialAction":[{"@type":"SearchAction","target":{"@type":"EntryPoint","urlTemplate":"https:\/\/blogin.al\/?s={search_term_string}"},"query-input":{"@type":"PropertyValueSpecification","valueRequired":true,"valueName":"search_term_string"}}],"inLanguage":"en-US"},{"@type":"Organization","@id":"https:\/\/blogin.al\/#organization","name":"BLOGIN.al","url":"https:\/\/blogin.al\/","logo":{"@type":"ImageObject","inLanguage":"en-US","@id":"https:\/\/blogin.al\/#\/schema\/logo\/image\/","url":"https:\/\/blogin.al\/wp-content\/uploads\/2022\/05\/Untitled-2-01-e1652084456514.png","contentUrl":"https:\/\/blogin.al\/wp-content\/uploads\/2022\/05\/Untitled-2-01-e1652084456514.png","width":3723,"height":1698,"caption":"BLOGIN.al"},"image":{"@id":"https:\/\/blogin.al\/#\/schema\/logo\/image\/"},"sameAs":["https:\/\/instagram.com\/blogin.al\/"]},{"@type":"Person","@id":"https:\/\/blogin.al\/#\/schema\/person\/abdd56bc912cd511db877b852b115399","name":"Blogin al","image":{"@type":"ImageObject","inLanguage":"en-US","@id":"https:\/\/secure.gravatar.com\/avatar\/60d5661aee6e835fb13dc75d2204cd0c1d61bef2efd137c0083e59ef831e235e?s=96&d=mm&r=g","url":"https:\/\/secure.gravatar.com\/avatar\/60d5661aee6e835fb13dc75d2204cd0c1d61bef2efd137c0083e59ef831e235e?s=96&d=mm&r=g","contentUrl":"https:\/\/secure.gravatar.com\/avatar\/60d5661aee6e835fb13dc75d2204cd0c1d61bef2efd137c0083e59ef831e235e?s=96&d=mm&r=g","caption":"Blogin al"},"sameAs":["https:\/\/blogin.al"],"url":"https:\/\/blogin.al\/?author=2"}]}},"_links":{"self":[{"href":"https:\/\/blogin.al\/index.php?rest_route=\/wp\/v2\/posts\/52706","targetHints":{"allow":["GET"]}}],"collection":[{"href":"https:\/\/blogin.al\/index.php?rest_route=\/wp\/v2\/posts"}],"about":[{"href":"https:\/\/blogin.al\/index.php?rest_route=\/wp\/v2\/types\/post"}],"author":[{"embeddable":true,"href":"https:\/\/blogin.al\/index.php?rest_route=\/wp\/v2\/users\/2"}],"replies":[{"embeddable":true,"href":"https:\/\/blogin.al\/index.php?rest_route=%2Fwp%2Fv2%2Fcomments&post=52706"}],"version-history":[{"count":1,"href":"https:\/\/blogin.al\/index.php?rest_route=\/wp\/v2\/posts\/52706\/revisions"}],"predecessor-version":[{"id":52707,"href":"https:\/\/blogin.al\/index.php?rest_route=\/wp\/v2\/posts\/52706\/revisions\/52707"}],"wp:featuredmedia":[{"embeddable":true,"href":"https:\/\/blogin.al\/index.php?rest_route=\/wp\/v2\/media\/52712"}],"wp:attachment":[{"href":"https:\/\/blogin.al\/index.php?rest_route=%2Fwp%2Fv2%2Fmedia&parent=52706"}],"wp:term":[{"taxonomy":"category","embeddable":true,"href":"https:\/\/blogin.al\/index.php?rest_route=%2Fwp%2Fv2%2Fcategories&post=52706"},{"taxonomy":"post_tag","embeddable":true,"href":"https:\/\/blogin.al\/index.php?rest_route=%2Fwp%2Fv2%2Ftags&post=52706"}],"curies":[{"name":"wp","href":"https:\/\/api.w.org\/{rel}","templated":true}]}}