{"id":52727,"date":"2024-11-19T11:15:55","date_gmt":"2024-11-19T11:15:55","guid":{"rendered":"https:\/\/blogin.al\/?p=52727"},"modified":"2024-11-19T11:36:46","modified_gmt":"2024-11-19T11:36:46","slug":"akuzohet-se-ka-prdhunuar-nje-vajze-kur-ajo-ka-qene-e-pavetedijshme-arrestohet-djali-27-vjecar-i-princeshes-se-norvegjise","status":"publish","type":"post","link":"https:\/\/blogin.al\/?p=52727","title":{"rendered":"Akuzohet se ka p*rdhunuar nj\u00eb vajz\u00eb kur ajo ka qen\u00eb e pavet\u00ebdijshme! Arrestohet djali 27-vje\u00e7ar i Princesh\u00ebs s\u00eb Norvegjis\u00eb"},"content":{"rendered":"\n<p>Djali 27-vje\u00e7ar i Princesh\u00ebs Mette-Marit t\u00eb Norvegjis\u00eb, Marius Borg Heiby,\u00a0\u00ebsht\u00eb arrestuar n\u00ebn dyshimin p\u00ebr p\u00ebrdhunim.<\/p>\n\n\n\n<figure class=\"wp-block-image is-style-default\" id=\"attachment_1483768\"><img decoding=\"async\" src=\"https:\/\/www.panorama.com.al\/wp-content\/uploads\/2024\/11\/Marius-Borg-Heiby-1.jpg\" alt=\"Marius Borg Heiby dhe princesha Mette-Mari \" class=\"wp-image-1483768\"\/><\/figure>\n\n\n\n<figure class=\"wp-block-image is-style-default\" id=\"attachment_1483768\"><img decoding=\"async\" src=\"https:\/\/ads2.panorama.com.al\/www\/delivery\/lg.php?bannerid=0&amp;campaignid=0&amp;zoneid=882&amp;loc=https%3A%2F%2Fwww.panorama.com.al%2Fpanoramaplus%2Fakuzohet-se-ka-prdhunuar-nje-vajze-kur-ajo-ka-qene-e-pavetedijshme-arrestohet-djali-27-vjecar-i-princeshes-se-norvegjise%2F&amp;referer=https%3A%2F%2Fwww.panorama.com.al%2Fpanoramaplus%2Fcategory%2Flajmi-vip%2F&amp;cb=bf5efb3054\" alt=\"\"\/><figcaption class=\"wp-element-caption\">Marius Borg Heiby, djali i princesh\u00ebs nga nj\u00eb lidhje para martes\u00ebs s\u00eb saj me Princin e Kuror\u00ebs Haakon n\u00eb 2001, akuzohet se ka p\u00ebrdhunuar nj\u00eb vajz\u00eb teksa ajo ka qen\u00eb e pavet\u00ebdijshme dhe e pamundur t\u00eb reagoj\u00eb.<ins><\/ins><img decoding=\"async\" src=\"https:\/\/ads2.panorama.com.al\/www\/delivery\/lg.php?bannerid=0&amp;campaignid=0&amp;zoneid=882&amp;loc=https%3A%2F%2Fwww.panorama.com.al%2Fpanoramaplus%2Fakuzohet-se-ka-prdhunuar-nje-vajze-kur-ajo-ka-qene-e-pavetedijshme-arrestohet-djali-27-vjecar-i-princeshes-se-norvegjise%2F&amp;referer=https%3A%2F%2Fwww.panorama.com.al%2Fpanoramaplus%2Fcategory%2Flajmi-vip%2F&amp;cb=bf5efb3054\" width=\"0\" height=\"0\" alt=\"\" \/>\u201cAi akuzohet p\u00ebr shkelje t\u00eb nj\u00eb neni t\u00eb kodit penal q\u00eb ka t\u00eb b\u00ebj\u00eb me nj\u00eb akt seksual me nj\u00eb person q\u00eb \u00ebsht\u00eb pa ndjenja ose n\u00eb nj\u00eb gjendje tjet\u00ebr q\u00eb e b\u00ebn t\u00eb pafuqish\u00ebm p\u00ebr t\u00eb reaguar\u201d, shkruajn\u00eb mediat e huaja.<\/figcaption><\/figure>\n\n\n\n<figure class=\"wp-block-image is-style-default\" id=\"attachment_1483765\"><img decoding=\"async\" src=\"https:\/\/www.panorama.com.al\/wp-content\/uploads\/2024\/11\/Marius-Borg-Heiby-1.jpeg\" alt=\"Marius Borg Heiby\" class=\"wp-image-1483765\"\/><\/figure>\n\n\n\n<p>Po ashtu, 27-vje\u00e7ari u arrestua m\u00eb 4 gusht n\u00eb Oslo, pas nj\u00eb incidenti t\u00eb ndodhur n\u00eb banes\u00ebn e nj\u00eb gruaje me t\u00eb cil\u00ebn ai kishte lidhje. Hebi ishte proceduar penalisht p\u00ebr l\u00ebndim trupor ndaj partneres s\u00eb tij. Sipas mediave norvegjeze, autoritetet kishin gjetur edhe nj\u00eb thik\u00eb t\u00eb gozhduar n\u00eb murin e dhom\u00ebs s\u00eb saj t\u00eb gjumit.<\/p>\n\n\n\n<p>Hebej u arrestua p\u00ebrs\u00ebri shtatorin e kaluar p\u00ebr shkelje t\u00eb d\u00ebnimit t\u00eb tij me kusht. Sipas policis\u00eb, kur u arrestua p\u00ebr her\u00eb t\u00eb fundit t\u00eb h\u00ebn\u00ebn e kaluar, ai ishte n\u00eb nj\u00eb makin\u00eb me viktim\u00ebn e dyshuar n\u00eb rastin e gushtit.<\/p>\n\n\n\n<figure class=\"wp-block-image is-style-default\" id=\"attachment_1483767\"><img decoding=\"async\" src=\"https:\/\/www.panorama.com.al\/wp-content\/uploads\/2024\/11\/Marius-Borg-Heiby-3.jpeg\" alt=\"Marius Borg Heiby\" class=\"wp-image-1483767\"\/><\/figure>\n\n\n\n<p>Ende nuk \u00ebsht\u00eb vendosur n\u00ebse djali i princesh\u00ebs norvegjeze do t\u00eb mbetet n\u00eb paraburgim, apo do t\u00eb lirohet me kusht.<\/p>\n\n\n\n<p>Marius Borg Heiby, ndryshe nga gjysm\u00ebv\u00ebllez\u00ebrit e tij, Princesha Ingrid Alexandra dhe Princi Svere Magnus, nuk ka asnj\u00eb rol zyrtar publik. T\u00eb tre f\u00ebmij\u00ebt u rrit\u00ebn s\u00eb bashku, megjithat\u00eb Marius ka zgjedhur nj\u00eb jet\u00eb larg detyrave mbret\u00ebrore.<\/p>\n","protected":false},"excerpt":{"rendered":"<p>Djali 27-vje\u00e7ar i Princesh\u00ebs Mette-Marit t\u00eb Norvegjis\u00eb, Marius Borg Heiby,\u00a0\u00ebsht\u00eb arrestuar n\u00ebn dyshimin p\u00ebr p\u00ebrdhunim. Po ashtu, 27-vje\u00e7ari u arrestua m\u00eb 4 gusht n\u00eb Oslo, pas nj\u00eb incidenti t\u00eb ndodhur n\u00eb banes\u00ebn e nj\u00eb gruaje me t\u00eb cil\u00ebn ai kishte lidhje. Hebi ishte proceduar penalisht p\u00ebr l\u00ebndim trupor ndaj partneres s\u00eb tij. Sipas mediave norvegjeze, [&hellip;]<\/p>\n","protected":false},"author":2,"featured_media":52735,"comment_status":"closed","ping_status":"closed","sticky":false,"template":"","format":"standard","meta":{"footnotes":""},"categories":[33],"tags":[],"class_list":{"0":"post-52727","1":"post","2":"type-post","3":"status-publish","4":"format-standard","5":"has-post-thumbnail","7":"category-showbiz"},"yoast_head":"<!-- This site is optimized with the Yoast SEO plugin v27.5 - https:\/\/yoast.com\/product\/yoast-seo-wordpress\/ -->\n<title>Akuzohet se ka p*rdhunuar nj\u00eb vajz\u00eb kur ajo ka qen\u00eb e pavet\u00ebdijshme! Arrestohet djali 27-vje\u00e7ar i Princesh\u00ebs s\u00eb Norvegjis\u00eb - blogin.al<\/title>\n<meta name=\"robots\" content=\"index, follow, max-snippet:-1, max-image-preview:large, max-video-preview:-1\" \/>\n<link rel=\"canonical\" href=\"https:\/\/blogin.al\/?p=52727\" \/>\n<meta property=\"og:locale\" content=\"en_US\" \/>\n<meta property=\"og:type\" content=\"article\" \/>\n<meta property=\"og:title\" content=\"Akuzohet se ka p*rdhunuar nj\u00eb vajz\u00eb kur ajo ka qen\u00eb e pavet\u00ebdijshme! Arrestohet djali 27-vje\u00e7ar i Princesh\u00ebs s\u00eb Norvegjis\u00eb - blogin.al\" \/>\n<meta property=\"og:description\" content=\"Djali 27-vje\u00e7ar i Princesh\u00ebs Mette-Marit t\u00eb Norvegjis\u00eb, Marius Borg Heiby,\u00a0\u00ebsht\u00eb arrestuar n\u00ebn dyshimin p\u00ebr p\u00ebrdhunim. Po ashtu, 27-vje\u00e7ari u arrestua m\u00eb 4 gusht n\u00eb Oslo, pas nj\u00eb incidenti t\u00eb ndodhur n\u00eb banes\u00ebn e nj\u00eb gruaje me t\u00eb cil\u00ebn ai kishte lidhje. Hebi ishte proceduar penalisht p\u00ebr l\u00ebndim trupor ndaj partneres s\u00eb tij. Sipas mediave norvegjeze, [&hellip;]\" \/>\n<meta property=\"og:url\" content=\"https:\/\/blogin.al\/?p=52727\" \/>\n<meta property=\"og:site_name\" content=\"blogin.al\" \/>\n<meta property=\"article:published_time\" content=\"2024-11-19T11:15:55+00:00\" \/>\n<meta property=\"article:modified_time\" content=\"2024-11-19T11:36:46+00:00\" \/>\n<meta property=\"og:image\" content=\"https:\/\/blogin.al\/wp-content\/uploads\/2024\/11\/6c7cd702f2db-mette-marit-son-arrested.jpg\" \/>\n\t<meta property=\"og:image:width\" content=\"1080\" \/>\n\t<meta property=\"og:image:height\" content=\"1080\" \/>\n\t<meta property=\"og:image:type\" content=\"image\/jpeg\" \/>\n<meta name=\"author\" content=\"Blogin al\" \/>\n<meta name=\"twitter:card\" content=\"summary_large_image\" \/>\n<meta name=\"twitter:label1\" content=\"Written by\" \/>\n\t<meta name=\"twitter:data1\" content=\"Blogin al\" \/>\n\t<meta name=\"twitter:label2\" content=\"Est. reading time\" \/>\n\t<meta name=\"twitter:data2\" content=\"3 minutes\" \/>\n<script type=\"application\/ld+json\" class=\"yoast-schema-graph\">{\"@context\":\"https:\\\/\\\/schema.org\",\"@graph\":[{\"@type\":\"Article\",\"@id\":\"https:\\\/\\\/blogin.al\\\/?p=52727#article\",\"isPartOf\":{\"@id\":\"https:\\\/\\\/blogin.al\\\/?p=52727\"},\"author\":{\"name\":\"Blogin al\",\"@id\":\"https:\\\/\\\/blogin.al\\\/#\\\/schema\\\/person\\\/abdd56bc912cd511db877b852b115399\"},\"headline\":\"Akuzohet se ka p*rdhunuar nj\u00eb vajz\u00eb kur ajo ka qen\u00eb e pavet\u00ebdijshme! Arrestohet djali 27-vje\u00e7ar i Princesh\u00ebs s\u00eb Norvegjis\u00eb\",\"datePublished\":\"2024-11-19T11:15:55+00:00\",\"dateModified\":\"2024-11-19T11:36:46+00:00\",\"mainEntityOfPage\":{\"@id\":\"https:\\\/\\\/blogin.al\\\/?p=52727\"},\"wordCount\":309,\"publisher\":{\"@id\":\"https:\\\/\\\/blogin.al\\\/#organization\"},\"image\":{\"@id\":\"https:\\\/\\\/blogin.al\\\/?p=52727#primaryimage\"},\"thumbnailUrl\":\"https:\\\/\\\/blogin.al\\\/wp-content\\\/uploads\\\/2024\\\/11\\\/6c7cd702f2db-mette-marit-son-arrested.jpg\",\"articleSection\":[\"SHOWBIZ\"],\"inLanguage\":\"en-US\"},{\"@type\":\"WebPage\",\"@id\":\"https:\\\/\\\/blogin.al\\\/?p=52727\",\"url\":\"https:\\\/\\\/blogin.al\\\/?p=52727\",\"name\":\"Akuzohet se ka p*rdhunuar nj\u00eb vajz\u00eb kur ajo ka qen\u00eb e pavet\u00ebdijshme! Arrestohet djali 27-vje\u00e7ar i Princesh\u00ebs s\u00eb Norvegjis\u00eb - blogin.al\",\"isPartOf\":{\"@id\":\"https:\\\/\\\/blogin.al\\\/#website\"},\"primaryImageOfPage\":{\"@id\":\"https:\\\/\\\/blogin.al\\\/?p=52727#primaryimage\"},\"image\":{\"@id\":\"https:\\\/\\\/blogin.al\\\/?p=52727#primaryimage\"},\"thumbnailUrl\":\"https:\\\/\\\/blogin.al\\\/wp-content\\\/uploads\\\/2024\\\/11\\\/6c7cd702f2db-mette-marit-son-arrested.jpg\",\"datePublished\":\"2024-11-19T11:15:55+00:00\",\"dateModified\":\"2024-11-19T11:36:46+00:00\",\"breadcrumb\":{\"@id\":\"https:\\\/\\\/blogin.al\\\/?p=52727#breadcrumb\"},\"inLanguage\":\"en-US\",\"potentialAction\":[{\"@type\":\"ReadAction\",\"target\":[\"https:\\\/\\\/blogin.al\\\/?p=52727\"]}]},{\"@type\":\"ImageObject\",\"inLanguage\":\"en-US\",\"@id\":\"https:\\\/\\\/blogin.al\\\/?p=52727#primaryimage\",\"url\":\"https:\\\/\\\/blogin.al\\\/wp-content\\\/uploads\\\/2024\\\/11\\\/6c7cd702f2db-mette-marit-son-arrested.jpg\",\"contentUrl\":\"https:\\\/\\\/blogin.al\\\/wp-content\\\/uploads\\\/2024\\\/11\\\/6c7cd702f2db-mette-marit-son-arrested.jpg\",\"width\":1080,\"height\":1080},{\"@type\":\"BreadcrumbList\",\"@id\":\"https:\\\/\\\/blogin.al\\\/?p=52727#breadcrumb\",\"itemListElement\":[{\"@type\":\"ListItem\",\"position\":1,\"name\":\"Home\",\"item\":\"https:\\\/\\\/blogin.al\\\/\"},{\"@type\":\"ListItem\",\"position\":2,\"name\":\"Akuzohet se ka p*rdhunuar nj\u00eb vajz\u00eb kur ajo ka qen\u00eb e pavet\u00ebdijshme! Arrestohet djali 27-vje\u00e7ar i Princesh\u00ebs s\u00eb Norvegjis\u00eb\"}]},{\"@type\":\"WebSite\",\"@id\":\"https:\\\/\\\/blogin.al\\\/#website\",\"url\":\"https:\\\/\\\/blogin.al\\\/\",\"name\":\"blogin.al\",\"description\":\"\",\"publisher\":{\"@id\":\"https:\\\/\\\/blogin.al\\\/#organization\"},\"potentialAction\":[{\"@type\":\"SearchAction\",\"target\":{\"@type\":\"EntryPoint\",\"urlTemplate\":\"https:\\\/\\\/blogin.al\\\/?s={search_term_string}\"},\"query-input\":{\"@type\":\"PropertyValueSpecification\",\"valueRequired\":true,\"valueName\":\"search_term_string\"}}],\"inLanguage\":\"en-US\"},{\"@type\":\"Organization\",\"@id\":\"https:\\\/\\\/blogin.al\\\/#organization\",\"name\":\"BLOGIN.al\",\"url\":\"https:\\\/\\\/blogin.al\\\/\",\"logo\":{\"@type\":\"ImageObject\",\"inLanguage\":\"en-US\",\"@id\":\"https:\\\/\\\/blogin.al\\\/#\\\/schema\\\/logo\\\/image\\\/\",\"url\":\"https:\\\/\\\/blogin.al\\\/wp-content\\\/uploads\\\/2022\\\/05\\\/Untitled-2-01-e1652084456514.png\",\"contentUrl\":\"https:\\\/\\\/blogin.al\\\/wp-content\\\/uploads\\\/2022\\\/05\\\/Untitled-2-01-e1652084456514.png\",\"width\":3723,\"height\":1698,\"caption\":\"BLOGIN.al\"},\"image\":{\"@id\":\"https:\\\/\\\/blogin.al\\\/#\\\/schema\\\/logo\\\/image\\\/\"},\"sameAs\":[\"https:\\\/\\\/instagram.com\\\/blogin.al\\\/\"]},{\"@type\":\"Person\",\"@id\":\"https:\\\/\\\/blogin.al\\\/#\\\/schema\\\/person\\\/abdd56bc912cd511db877b852b115399\",\"name\":\"Blogin al\",\"image\":{\"@type\":\"ImageObject\",\"inLanguage\":\"en-US\",\"@id\":\"https:\\\/\\\/secure.gravatar.com\\\/avatar\\\/60d5661aee6e835fb13dc75d2204cd0c1d61bef2efd137c0083e59ef831e235e?s=96&d=mm&r=g\",\"url\":\"https:\\\/\\\/secure.gravatar.com\\\/avatar\\\/60d5661aee6e835fb13dc75d2204cd0c1d61bef2efd137c0083e59ef831e235e?s=96&d=mm&r=g\",\"contentUrl\":\"https:\\\/\\\/secure.gravatar.com\\\/avatar\\\/60d5661aee6e835fb13dc75d2204cd0c1d61bef2efd137c0083e59ef831e235e?s=96&d=mm&r=g\",\"caption\":\"Blogin al\"},\"sameAs\":[\"https:\\\/\\\/blogin.al\"],\"url\":\"https:\\\/\\\/blogin.al\\\/?author=2\"}]}<\/script>\n<!-- \/ Yoast SEO plugin. -->","yoast_head_json":{"title":"Akuzohet se ka p*rdhunuar nj\u00eb vajz\u00eb kur ajo ka qen\u00eb e pavet\u00ebdijshme! Arrestohet djali 27-vje\u00e7ar i Princesh\u00ebs s\u00eb Norvegjis\u00eb - blogin.al","robots":{"index":"index","follow":"follow","max-snippet":"max-snippet:-1","max-image-preview":"max-image-preview:large","max-video-preview":"max-video-preview:-1"},"canonical":"https:\/\/blogin.al\/?p=52727","og_locale":"en_US","og_type":"article","og_title":"Akuzohet se ka p*rdhunuar nj\u00eb vajz\u00eb kur ajo ka qen\u00eb e pavet\u00ebdijshme! Arrestohet djali 27-vje\u00e7ar i Princesh\u00ebs s\u00eb Norvegjis\u00eb - blogin.al","og_description":"Djali 27-vje\u00e7ar i Princesh\u00ebs Mette-Marit t\u00eb Norvegjis\u00eb, Marius Borg Heiby,\u00a0\u00ebsht\u00eb arrestuar n\u00ebn dyshimin p\u00ebr p\u00ebrdhunim. Po ashtu, 27-vje\u00e7ari u arrestua m\u00eb 4 gusht n\u00eb Oslo, pas nj\u00eb incidenti t\u00eb ndodhur n\u00eb banes\u00ebn e nj\u00eb gruaje me t\u00eb cil\u00ebn ai kishte lidhje. Hebi ishte proceduar penalisht p\u00ebr l\u00ebndim trupor ndaj partneres s\u00eb tij. Sipas mediave norvegjeze, [&hellip;]","og_url":"https:\/\/blogin.al\/?p=52727","og_site_name":"blogin.al","article_published_time":"2024-11-19T11:15:55+00:00","article_modified_time":"2024-11-19T11:36:46+00:00","og_image":[{"width":1080,"height":1080,"url":"https:\/\/blogin.al\/wp-content\/uploads\/2024\/11\/6c7cd702f2db-mette-marit-son-arrested.jpg","type":"image\/jpeg"}],"author":"Blogin al","twitter_card":"summary_large_image","twitter_misc":{"Written by":"Blogin al","Est. reading time":"3 minutes"},"schema":{"@context":"https:\/\/schema.org","@graph":[{"@type":"Article","@id":"https:\/\/blogin.al\/?p=52727#article","isPartOf":{"@id":"https:\/\/blogin.al\/?p=52727"},"author":{"name":"Blogin al","@id":"https:\/\/blogin.al\/#\/schema\/person\/abdd56bc912cd511db877b852b115399"},"headline":"Akuzohet se ka p*rdhunuar nj\u00eb vajz\u00eb kur ajo ka qen\u00eb e pavet\u00ebdijshme! Arrestohet djali 27-vje\u00e7ar i Princesh\u00ebs s\u00eb Norvegjis\u00eb","datePublished":"2024-11-19T11:15:55+00:00","dateModified":"2024-11-19T11:36:46+00:00","mainEntityOfPage":{"@id":"https:\/\/blogin.al\/?p=52727"},"wordCount":309,"publisher":{"@id":"https:\/\/blogin.al\/#organization"},"image":{"@id":"https:\/\/blogin.al\/?p=52727#primaryimage"},"thumbnailUrl":"https:\/\/blogin.al\/wp-content\/uploads\/2024\/11\/6c7cd702f2db-mette-marit-son-arrested.jpg","articleSection":["SHOWBIZ"],"inLanguage":"en-US"},{"@type":"WebPage","@id":"https:\/\/blogin.al\/?p=52727","url":"https:\/\/blogin.al\/?p=52727","name":"Akuzohet se ka p*rdhunuar nj\u00eb vajz\u00eb kur ajo ka qen\u00eb e pavet\u00ebdijshme! Arrestohet djali 27-vje\u00e7ar i Princesh\u00ebs s\u00eb Norvegjis\u00eb - blogin.al","isPartOf":{"@id":"https:\/\/blogin.al\/#website"},"primaryImageOfPage":{"@id":"https:\/\/blogin.al\/?p=52727#primaryimage"},"image":{"@id":"https:\/\/blogin.al\/?p=52727#primaryimage"},"thumbnailUrl":"https:\/\/blogin.al\/wp-content\/uploads\/2024\/11\/6c7cd702f2db-mette-marit-son-arrested.jpg","datePublished":"2024-11-19T11:15:55+00:00","dateModified":"2024-11-19T11:36:46+00:00","breadcrumb":{"@id":"https:\/\/blogin.al\/?p=52727#breadcrumb"},"inLanguage":"en-US","potentialAction":[{"@type":"ReadAction","target":["https:\/\/blogin.al\/?p=52727"]}]},{"@type":"ImageObject","inLanguage":"en-US","@id":"https:\/\/blogin.al\/?p=52727#primaryimage","url":"https:\/\/blogin.al\/wp-content\/uploads\/2024\/11\/6c7cd702f2db-mette-marit-son-arrested.jpg","contentUrl":"https:\/\/blogin.al\/wp-content\/uploads\/2024\/11\/6c7cd702f2db-mette-marit-son-arrested.jpg","width":1080,"height":1080},{"@type":"BreadcrumbList","@id":"https:\/\/blogin.al\/?p=52727#breadcrumb","itemListElement":[{"@type":"ListItem","position":1,"name":"Home","item":"https:\/\/blogin.al\/"},{"@type":"ListItem","position":2,"name":"Akuzohet se ka p*rdhunuar nj\u00eb vajz\u00eb kur ajo ka qen\u00eb e pavet\u00ebdijshme! Arrestohet djali 27-vje\u00e7ar i Princesh\u00ebs s\u00eb Norvegjis\u00eb"}]},{"@type":"WebSite","@id":"https:\/\/blogin.al\/#website","url":"https:\/\/blogin.al\/","name":"blogin.al","description":"","publisher":{"@id":"https:\/\/blogin.al\/#organization"},"potentialAction":[{"@type":"SearchAction","target":{"@type":"EntryPoint","urlTemplate":"https:\/\/blogin.al\/?s={search_term_string}"},"query-input":{"@type":"PropertyValueSpecification","valueRequired":true,"valueName":"search_term_string"}}],"inLanguage":"en-US"},{"@type":"Organization","@id":"https:\/\/blogin.al\/#organization","name":"BLOGIN.al","url":"https:\/\/blogin.al\/","logo":{"@type":"ImageObject","inLanguage":"en-US","@id":"https:\/\/blogin.al\/#\/schema\/logo\/image\/","url":"https:\/\/blogin.al\/wp-content\/uploads\/2022\/05\/Untitled-2-01-e1652084456514.png","contentUrl":"https:\/\/blogin.al\/wp-content\/uploads\/2022\/05\/Untitled-2-01-e1652084456514.png","width":3723,"height":1698,"caption":"BLOGIN.al"},"image":{"@id":"https:\/\/blogin.al\/#\/schema\/logo\/image\/"},"sameAs":["https:\/\/instagram.com\/blogin.al\/"]},{"@type":"Person","@id":"https:\/\/blogin.al\/#\/schema\/person\/abdd56bc912cd511db877b852b115399","name":"Blogin al","image":{"@type":"ImageObject","inLanguage":"en-US","@id":"https:\/\/secure.gravatar.com\/avatar\/60d5661aee6e835fb13dc75d2204cd0c1d61bef2efd137c0083e59ef831e235e?s=96&d=mm&r=g","url":"https:\/\/secure.gravatar.com\/avatar\/60d5661aee6e835fb13dc75d2204cd0c1d61bef2efd137c0083e59ef831e235e?s=96&d=mm&r=g","contentUrl":"https:\/\/secure.gravatar.com\/avatar\/60d5661aee6e835fb13dc75d2204cd0c1d61bef2efd137c0083e59ef831e235e?s=96&d=mm&r=g","caption":"Blogin al"},"sameAs":["https:\/\/blogin.al"],"url":"https:\/\/blogin.al\/?author=2"}]}},"_links":{"self":[{"href":"https:\/\/blogin.al\/index.php?rest_route=\/wp\/v2\/posts\/52727","targetHints":{"allow":["GET"]}}],"collection":[{"href":"https:\/\/blogin.al\/index.php?rest_route=\/wp\/v2\/posts"}],"about":[{"href":"https:\/\/blogin.al\/index.php?rest_route=\/wp\/v2\/types\/post"}],"author":[{"embeddable":true,"href":"https:\/\/blogin.al\/index.php?rest_route=\/wp\/v2\/users\/2"}],"replies":[{"embeddable":true,"href":"https:\/\/blogin.al\/index.php?rest_route=%2Fwp%2Fv2%2Fcomments&post=52727"}],"version-history":[{"count":2,"href":"https:\/\/blogin.al\/index.php?rest_route=\/wp\/v2\/posts\/52727\/revisions"}],"predecessor-version":[{"id":52736,"href":"https:\/\/blogin.al\/index.php?rest_route=\/wp\/v2\/posts\/52727\/revisions\/52736"}],"wp:featuredmedia":[{"embeddable":true,"href":"https:\/\/blogin.al\/index.php?rest_route=\/wp\/v2\/media\/52735"}],"wp:attachment":[{"href":"https:\/\/blogin.al\/index.php?rest_route=%2Fwp%2Fv2%2Fmedia&parent=52727"}],"wp:term":[{"taxonomy":"category","embeddable":true,"href":"https:\/\/blogin.al\/index.php?rest_route=%2Fwp%2Fv2%2Fcategories&post=52727"},{"taxonomy":"post_tag","embeddable":true,"href":"https:\/\/blogin.al\/index.php?rest_route=%2Fwp%2Fv2%2Ftags&post=52727"}],"curies":[{"name":"wp","href":"https:\/\/api.w.org\/{rel}","templated":true}]}}