{"id":52729,"date":"2024-11-19T11:23:22","date_gmt":"2024-11-19T11:23:22","guid":{"rendered":"https:\/\/blogin.al\/?p=52729"},"modified":"2024-11-19T11:32:03","modified_gmt":"2024-11-19T11:32:03","slug":"nuk-ndjekin-njeri-tjetrin-ne-instagram-cifti-ilnisa-meriton-ne-krize","status":"publish","type":"post","link":"https:\/\/blogin.al\/?p=52729","title":{"rendered":"Nuk ndjekin nj\u00ebri-tjetrin n\u00eb \u201cInstagram\u201d, \u00e7ifti Ilnisa-Meriton n\u00eb kriz\u00eb?"},"content":{"rendered":"\n<p>Gazetarja e njohur, Ilnisa Agolli, ishte m\u00ebngjesin e sot\u00ebm e ftuar n\u00eb emisionin \u201cWake Up\u201d, ku foli p\u00ebr podkastin \u201cFlet\u201d por edhe p\u00ebr jet\u00eb e saj personale.<\/p>\n\n\n\n<p>N\u00eb nj\u00eb moment gjat\u00eb intervist\u00ebs, moderator\u00ebt e \u2018ngacmuan\u2019 edhe n\u00eb lidhje me partnerin e saj, Meriton Mjekiqi. Teksa i than\u00eb se ata nuk ndiqen m\u00eb n\u00eb \u201cInstagram\u201d, Ilnisa u shpreh:<\/p>\n\n\n\n<p><strong><em>\u201cN\u00eb nj\u00eb sht\u00ebpi jemi, edhe zihemi\u201d.<\/em><\/strong><\/p>\n\n\n\n<p>M\u00eb pas Agolli u shpreh se moderatori i njohur ishte prezent kur ajo b\u00ebri episodin e par\u00eb t\u00eb podkastit t\u00eb saj, \u201cFlet\u201d, dhe shtoi se&nbsp;<strong><em>\u2018kishte shum\u00eb emocione\u2019.<\/em><\/strong><\/p>\n\n\n\n<p><strong>Pjes\u00eb nga intervista:<\/strong><\/p>\n\n\n\n<p><em>Po Meritoni sa po t\u00eb ndihmon? Dometh\u00ebn\u00eb jo vet\u00ebm p\u00ebr t\u00eb qen\u00eb af\u00ebr, por edhe p\u00ebr personazhet<\/em><\/p>\n\n\n\n<p><strong>Jo nuk ka nevoj\u00eb askush p\u00ebr personazhet, shyqyr Zotit njohim njer\u00ebz pafund. V\u00ebshtir\u00eb \u00ebsht\u00eb q\u00eb t\u2019i sjell, t\u2019i ul n\u00eb poltron, por njer\u00ebz kemi. Puna \u00ebsht\u00eb se sa flasin publikisht. E gjith\u00eb v\u00ebshtir\u00ebsia \u00ebsht\u00eb q\u00eb t\u00eb flasin publikisht.<\/strong><\/p>\n\n\n\n<p><em>N\u00eb ekran po shfaqen foto t\u00eb ju t\u00eb dyve q\u00eb nuk jan\u00eb n\u00eb \u201cInstagram\u201d-in e Meritonit. S\u00eb fundmi pash\u00eb q\u00eb nuk e ndiqni nj\u00ebri-tjetrin. Kemi ndonj\u00eb lajm t\u00eb ri?<\/em><\/p>\n\n\n\n<p><strong>Jo, nuk kemi lajm t\u00eb ri<\/strong><\/p>\n\n\n\n<p><em>Jeni mir\u00eb? Jeni t\u00eb dashuruar?<\/em><\/p>\n\n\n\n<p><strong>Si \u00e7do \u00e7ift normal mundet t\u00eb\u2026 N\u00eb nj\u00eb sht\u00ebpi jemi, edhe zihemi<\/strong><\/p>\n\n\n\n<p><em>\u00c7a \u00ebsht\u00eb ajo q\u00eb thua ti \u2018po t\u2019u futa n\u00eb jet\u00eb, nuk b\u00ebn dot pa mua\u2019. \u00c7a mendon se \u00ebsht\u00eb ajo cil\u00ebsia jote?<\/em><\/p>\n\n\n\n<p><strong>Gjaku, e kam t\u00eb \u00ebmb\u00ebl gjakun.<\/strong><\/p>\n\n\n\n<p><em>Ideja \u00ebsht\u00eb q\u00eb duhet t\u00eb luftosh p\u00ebr nj\u00eb marr\u00ebdh\u00ebnie, duhet t\u2019a mbash dik\u00eb qoft\u00eb kjo marr\u00ebdh\u00ebnie n\u00eb \u00e7ift, miq\u00ebsore, profesionale.<\/em><\/p>\n\n\n\n<p>Nd\u00ebrsa e pyetur se \u00e7far\u00eb i tha Meritoni p\u00ebr episodin e par\u00eb t\u00eb \u201cFlet\u201d, Ilnisa u p\u00ebrgjigj:<\/p>\n\n\n\n<p><strong>\u201cIshte prezent, kishte shum\u00eb emocione. Absolutisht q\u00eb di\u00e7ka ndryshe q\u00eb ai priste q\u00eb do t\u00eb sillja\u201d.<\/strong><\/p>\n","protected":false},"excerpt":{"rendered":"<p>Gazetarja e njohur, Ilnisa Agolli, ishte m\u00ebngjesin e sot\u00ebm e ftuar n\u00eb emisionin \u201cWake Up\u201d, ku foli p\u00ebr podkastin \u201cFlet\u201d por edhe p\u00ebr jet\u00eb e saj personale. N\u00eb nj\u00eb moment gjat\u00eb intervist\u00ebs, moderator\u00ebt e \u2018ngacmuan\u2019 edhe n\u00eb lidhje me partnerin e saj, Meriton Mjekiqi. Teksa i than\u00eb se ata nuk ndiqen m\u00eb n\u00eb \u201cInstagram\u201d, Ilnisa [&hellip;]<\/p>\n","protected":false},"author":2,"featured_media":52732,"comment_status":"closed","ping_status":"closed","sticky":false,"template":"","format":"standard","meta":{"footnotes":""},"categories":[33],"tags":[],"class_list":{"0":"post-52729","1":"post","2":"type-post","3":"status-publish","4":"format-standard","5":"has-post-thumbnail","7":"category-showbiz"},"yoast_head":"<!-- This site is optimized with the Yoast SEO plugin v27.5 - https:\/\/yoast.com\/product\/yoast-seo-wordpress\/ -->\n<title>Nuk ndjekin nj\u00ebri-tjetrin n\u00eb \u201cInstagram\u201d, \u00e7ifti Ilnisa-Meriton n\u00eb kriz\u00eb? - blogin.al<\/title>\n<meta name=\"robots\" content=\"index, follow, max-snippet:-1, max-image-preview:large, max-video-preview:-1\" \/>\n<link rel=\"canonical\" href=\"https:\/\/blogin.al\/?p=52729\" \/>\n<meta property=\"og:locale\" content=\"en_US\" \/>\n<meta property=\"og:type\" content=\"article\" \/>\n<meta property=\"og:title\" content=\"Nuk ndjekin nj\u00ebri-tjetrin n\u00eb \u201cInstagram\u201d, \u00e7ifti Ilnisa-Meriton n\u00eb kriz\u00eb? - blogin.al\" \/>\n<meta property=\"og:description\" content=\"Gazetarja e njohur, Ilnisa Agolli, ishte m\u00ebngjesin e sot\u00ebm e ftuar n\u00eb emisionin \u201cWake Up\u201d, ku foli p\u00ebr podkastin \u201cFlet\u201d por edhe p\u00ebr jet\u00eb e saj personale. N\u00eb nj\u00eb moment gjat\u00eb intervist\u00ebs, moderator\u00ebt e \u2018ngacmuan\u2019 edhe n\u00eb lidhje me partnerin e saj, Meriton Mjekiqi. Teksa i than\u00eb se ata nuk ndiqen m\u00eb n\u00eb \u201cInstagram\u201d, Ilnisa [&hellip;]\" \/>\n<meta property=\"og:url\" content=\"https:\/\/blogin.al\/?p=52729\" \/>\n<meta property=\"og:site_name\" content=\"blogin.al\" \/>\n<meta property=\"article:published_time\" content=\"2024-11-19T11:23:22+00:00\" \/>\n<meta property=\"article:modified_time\" content=\"2024-11-19T11:32:03+00:00\" \/>\n<meta property=\"og:image\" content=\"https:\/\/blogin.al\/wp-content\/uploads\/2024\/11\/582DC8A1-6BE8-4208-9563-F88A7E546C9C-1.jpeg\" \/>\n\t<meta property=\"og:image:width\" content=\"640\" \/>\n\t<meta property=\"og:image:height\" content=\"640\" \/>\n\t<meta property=\"og:image:type\" content=\"image\/jpeg\" \/>\n<meta name=\"author\" content=\"Blogin al\" \/>\n<meta name=\"twitter:card\" content=\"summary_large_image\" \/>\n<meta name=\"twitter:label1\" content=\"Written by\" \/>\n\t<meta name=\"twitter:data1\" content=\"Blogin al\" \/>\n\t<meta name=\"twitter:label2\" content=\"Est. reading time\" \/>\n\t<meta name=\"twitter:data2\" content=\"2 minutes\" \/>\n<script type=\"application\/ld+json\" class=\"yoast-schema-graph\">{\"@context\":\"https:\\\/\\\/schema.org\",\"@graph\":[{\"@type\":\"Article\",\"@id\":\"https:\\\/\\\/blogin.al\\\/?p=52729#article\",\"isPartOf\":{\"@id\":\"https:\\\/\\\/blogin.al\\\/?p=52729\"},\"author\":{\"name\":\"Blogin al\",\"@id\":\"https:\\\/\\\/blogin.al\\\/#\\\/schema\\\/person\\\/abdd56bc912cd511db877b852b115399\"},\"headline\":\"Nuk ndjekin nj\u00ebri-tjetrin n\u00eb \u201cInstagram\u201d, \u00e7ifti Ilnisa-Meriton n\u00eb kriz\u00eb?\",\"datePublished\":\"2024-11-19T11:23:22+00:00\",\"dateModified\":\"2024-11-19T11:32:03+00:00\",\"mainEntityOfPage\":{\"@id\":\"https:\\\/\\\/blogin.al\\\/?p=52729\"},\"wordCount\":333,\"publisher\":{\"@id\":\"https:\\\/\\\/blogin.al\\\/#organization\"},\"image\":{\"@id\":\"https:\\\/\\\/blogin.al\\\/?p=52729#primaryimage\"},\"thumbnailUrl\":\"https:\\\/\\\/blogin.al\\\/wp-content\\\/uploads\\\/2024\\\/11\\\/582DC8A1-6BE8-4208-9563-F88A7E546C9C-1.jpeg\",\"articleSection\":[\"SHOWBIZ\"],\"inLanguage\":\"en-US\"},{\"@type\":\"WebPage\",\"@id\":\"https:\\\/\\\/blogin.al\\\/?p=52729\",\"url\":\"https:\\\/\\\/blogin.al\\\/?p=52729\",\"name\":\"Nuk ndjekin nj\u00ebri-tjetrin n\u00eb \u201cInstagram\u201d, \u00e7ifti Ilnisa-Meriton n\u00eb kriz\u00eb? - blogin.al\",\"isPartOf\":{\"@id\":\"https:\\\/\\\/blogin.al\\\/#website\"},\"primaryImageOfPage\":{\"@id\":\"https:\\\/\\\/blogin.al\\\/?p=52729#primaryimage\"},\"image\":{\"@id\":\"https:\\\/\\\/blogin.al\\\/?p=52729#primaryimage\"},\"thumbnailUrl\":\"https:\\\/\\\/blogin.al\\\/wp-content\\\/uploads\\\/2024\\\/11\\\/582DC8A1-6BE8-4208-9563-F88A7E546C9C-1.jpeg\",\"datePublished\":\"2024-11-19T11:23:22+00:00\",\"dateModified\":\"2024-11-19T11:32:03+00:00\",\"breadcrumb\":{\"@id\":\"https:\\\/\\\/blogin.al\\\/?p=52729#breadcrumb\"},\"inLanguage\":\"en-US\",\"potentialAction\":[{\"@type\":\"ReadAction\",\"target\":[\"https:\\\/\\\/blogin.al\\\/?p=52729\"]}]},{\"@type\":\"ImageObject\",\"inLanguage\":\"en-US\",\"@id\":\"https:\\\/\\\/blogin.al\\\/?p=52729#primaryimage\",\"url\":\"https:\\\/\\\/blogin.al\\\/wp-content\\\/uploads\\\/2024\\\/11\\\/582DC8A1-6BE8-4208-9563-F88A7E546C9C-1.jpeg\",\"contentUrl\":\"https:\\\/\\\/blogin.al\\\/wp-content\\\/uploads\\\/2024\\\/11\\\/582DC8A1-6BE8-4208-9563-F88A7E546C9C-1.jpeg\",\"width\":640,\"height\":640},{\"@type\":\"BreadcrumbList\",\"@id\":\"https:\\\/\\\/blogin.al\\\/?p=52729#breadcrumb\",\"itemListElement\":[{\"@type\":\"ListItem\",\"position\":1,\"name\":\"Home\",\"item\":\"https:\\\/\\\/blogin.al\\\/\"},{\"@type\":\"ListItem\",\"position\":2,\"name\":\"Nuk ndjekin nj\u00ebri-tjetrin n\u00eb \u201cInstagram\u201d, \u00e7ifti Ilnisa-Meriton n\u00eb kriz\u00eb?\"}]},{\"@type\":\"WebSite\",\"@id\":\"https:\\\/\\\/blogin.al\\\/#website\",\"url\":\"https:\\\/\\\/blogin.al\\\/\",\"name\":\"blogin.al\",\"description\":\"\",\"publisher\":{\"@id\":\"https:\\\/\\\/blogin.al\\\/#organization\"},\"potentialAction\":[{\"@type\":\"SearchAction\",\"target\":{\"@type\":\"EntryPoint\",\"urlTemplate\":\"https:\\\/\\\/blogin.al\\\/?s={search_term_string}\"},\"query-input\":{\"@type\":\"PropertyValueSpecification\",\"valueRequired\":true,\"valueName\":\"search_term_string\"}}],\"inLanguage\":\"en-US\"},{\"@type\":\"Organization\",\"@id\":\"https:\\\/\\\/blogin.al\\\/#organization\",\"name\":\"BLOGIN.al\",\"url\":\"https:\\\/\\\/blogin.al\\\/\",\"logo\":{\"@type\":\"ImageObject\",\"inLanguage\":\"en-US\",\"@id\":\"https:\\\/\\\/blogin.al\\\/#\\\/schema\\\/logo\\\/image\\\/\",\"url\":\"https:\\\/\\\/blogin.al\\\/wp-content\\\/uploads\\\/2022\\\/05\\\/Untitled-2-01-e1652084456514.png\",\"contentUrl\":\"https:\\\/\\\/blogin.al\\\/wp-content\\\/uploads\\\/2022\\\/05\\\/Untitled-2-01-e1652084456514.png\",\"width\":3723,\"height\":1698,\"caption\":\"BLOGIN.al\"},\"image\":{\"@id\":\"https:\\\/\\\/blogin.al\\\/#\\\/schema\\\/logo\\\/image\\\/\"},\"sameAs\":[\"https:\\\/\\\/instagram.com\\\/blogin.al\\\/\"]},{\"@type\":\"Person\",\"@id\":\"https:\\\/\\\/blogin.al\\\/#\\\/schema\\\/person\\\/abdd56bc912cd511db877b852b115399\",\"name\":\"Blogin al\",\"image\":{\"@type\":\"ImageObject\",\"inLanguage\":\"en-US\",\"@id\":\"https:\\\/\\\/secure.gravatar.com\\\/avatar\\\/60d5661aee6e835fb13dc75d2204cd0c1d61bef2efd137c0083e59ef831e235e?s=96&d=mm&r=g\",\"url\":\"https:\\\/\\\/secure.gravatar.com\\\/avatar\\\/60d5661aee6e835fb13dc75d2204cd0c1d61bef2efd137c0083e59ef831e235e?s=96&d=mm&r=g\",\"contentUrl\":\"https:\\\/\\\/secure.gravatar.com\\\/avatar\\\/60d5661aee6e835fb13dc75d2204cd0c1d61bef2efd137c0083e59ef831e235e?s=96&d=mm&r=g\",\"caption\":\"Blogin al\"},\"sameAs\":[\"https:\\\/\\\/blogin.al\"],\"url\":\"https:\\\/\\\/blogin.al\\\/?author=2\"}]}<\/script>\n<!-- \/ Yoast SEO plugin. -->","yoast_head_json":{"title":"Nuk ndjekin nj\u00ebri-tjetrin n\u00eb \u201cInstagram\u201d, \u00e7ifti Ilnisa-Meriton n\u00eb kriz\u00eb? - blogin.al","robots":{"index":"index","follow":"follow","max-snippet":"max-snippet:-1","max-image-preview":"max-image-preview:large","max-video-preview":"max-video-preview:-1"},"canonical":"https:\/\/blogin.al\/?p=52729","og_locale":"en_US","og_type":"article","og_title":"Nuk ndjekin nj\u00ebri-tjetrin n\u00eb \u201cInstagram\u201d, \u00e7ifti Ilnisa-Meriton n\u00eb kriz\u00eb? - blogin.al","og_description":"Gazetarja e njohur, Ilnisa Agolli, ishte m\u00ebngjesin e sot\u00ebm e ftuar n\u00eb emisionin \u201cWake Up\u201d, ku foli p\u00ebr podkastin \u201cFlet\u201d por edhe p\u00ebr jet\u00eb e saj personale. N\u00eb nj\u00eb moment gjat\u00eb intervist\u00ebs, moderator\u00ebt e \u2018ngacmuan\u2019 edhe n\u00eb lidhje me partnerin e saj, Meriton Mjekiqi. Teksa i than\u00eb se ata nuk ndiqen m\u00eb n\u00eb \u201cInstagram\u201d, Ilnisa [&hellip;]","og_url":"https:\/\/blogin.al\/?p=52729","og_site_name":"blogin.al","article_published_time":"2024-11-19T11:23:22+00:00","article_modified_time":"2024-11-19T11:32:03+00:00","og_image":[{"width":640,"height":640,"url":"https:\/\/blogin.al\/wp-content\/uploads\/2024\/11\/582DC8A1-6BE8-4208-9563-F88A7E546C9C-1.jpeg","type":"image\/jpeg"}],"author":"Blogin al","twitter_card":"summary_large_image","twitter_misc":{"Written by":"Blogin al","Est. reading time":"2 minutes"},"schema":{"@context":"https:\/\/schema.org","@graph":[{"@type":"Article","@id":"https:\/\/blogin.al\/?p=52729#article","isPartOf":{"@id":"https:\/\/blogin.al\/?p=52729"},"author":{"name":"Blogin al","@id":"https:\/\/blogin.al\/#\/schema\/person\/abdd56bc912cd511db877b852b115399"},"headline":"Nuk ndjekin nj\u00ebri-tjetrin n\u00eb \u201cInstagram\u201d, \u00e7ifti Ilnisa-Meriton n\u00eb kriz\u00eb?","datePublished":"2024-11-19T11:23:22+00:00","dateModified":"2024-11-19T11:32:03+00:00","mainEntityOfPage":{"@id":"https:\/\/blogin.al\/?p=52729"},"wordCount":333,"publisher":{"@id":"https:\/\/blogin.al\/#organization"},"image":{"@id":"https:\/\/blogin.al\/?p=52729#primaryimage"},"thumbnailUrl":"https:\/\/blogin.al\/wp-content\/uploads\/2024\/11\/582DC8A1-6BE8-4208-9563-F88A7E546C9C-1.jpeg","articleSection":["SHOWBIZ"],"inLanguage":"en-US"},{"@type":"WebPage","@id":"https:\/\/blogin.al\/?p=52729","url":"https:\/\/blogin.al\/?p=52729","name":"Nuk ndjekin nj\u00ebri-tjetrin n\u00eb \u201cInstagram\u201d, \u00e7ifti Ilnisa-Meriton n\u00eb kriz\u00eb? - blogin.al","isPartOf":{"@id":"https:\/\/blogin.al\/#website"},"primaryImageOfPage":{"@id":"https:\/\/blogin.al\/?p=52729#primaryimage"},"image":{"@id":"https:\/\/blogin.al\/?p=52729#primaryimage"},"thumbnailUrl":"https:\/\/blogin.al\/wp-content\/uploads\/2024\/11\/582DC8A1-6BE8-4208-9563-F88A7E546C9C-1.jpeg","datePublished":"2024-11-19T11:23:22+00:00","dateModified":"2024-11-19T11:32:03+00:00","breadcrumb":{"@id":"https:\/\/blogin.al\/?p=52729#breadcrumb"},"inLanguage":"en-US","potentialAction":[{"@type":"ReadAction","target":["https:\/\/blogin.al\/?p=52729"]}]},{"@type":"ImageObject","inLanguage":"en-US","@id":"https:\/\/blogin.al\/?p=52729#primaryimage","url":"https:\/\/blogin.al\/wp-content\/uploads\/2024\/11\/582DC8A1-6BE8-4208-9563-F88A7E546C9C-1.jpeg","contentUrl":"https:\/\/blogin.al\/wp-content\/uploads\/2024\/11\/582DC8A1-6BE8-4208-9563-F88A7E546C9C-1.jpeg","width":640,"height":640},{"@type":"BreadcrumbList","@id":"https:\/\/blogin.al\/?p=52729#breadcrumb","itemListElement":[{"@type":"ListItem","position":1,"name":"Home","item":"https:\/\/blogin.al\/"},{"@type":"ListItem","position":2,"name":"Nuk ndjekin nj\u00ebri-tjetrin n\u00eb \u201cInstagram\u201d, \u00e7ifti Ilnisa-Meriton n\u00eb kriz\u00eb?"}]},{"@type":"WebSite","@id":"https:\/\/blogin.al\/#website","url":"https:\/\/blogin.al\/","name":"blogin.al","description":"","publisher":{"@id":"https:\/\/blogin.al\/#organization"},"potentialAction":[{"@type":"SearchAction","target":{"@type":"EntryPoint","urlTemplate":"https:\/\/blogin.al\/?s={search_term_string}"},"query-input":{"@type":"PropertyValueSpecification","valueRequired":true,"valueName":"search_term_string"}}],"inLanguage":"en-US"},{"@type":"Organization","@id":"https:\/\/blogin.al\/#organization","name":"BLOGIN.al","url":"https:\/\/blogin.al\/","logo":{"@type":"ImageObject","inLanguage":"en-US","@id":"https:\/\/blogin.al\/#\/schema\/logo\/image\/","url":"https:\/\/blogin.al\/wp-content\/uploads\/2022\/05\/Untitled-2-01-e1652084456514.png","contentUrl":"https:\/\/blogin.al\/wp-content\/uploads\/2022\/05\/Untitled-2-01-e1652084456514.png","width":3723,"height":1698,"caption":"BLOGIN.al"},"image":{"@id":"https:\/\/blogin.al\/#\/schema\/logo\/image\/"},"sameAs":["https:\/\/instagram.com\/blogin.al\/"]},{"@type":"Person","@id":"https:\/\/blogin.al\/#\/schema\/person\/abdd56bc912cd511db877b852b115399","name":"Blogin al","image":{"@type":"ImageObject","inLanguage":"en-US","@id":"https:\/\/secure.gravatar.com\/avatar\/60d5661aee6e835fb13dc75d2204cd0c1d61bef2efd137c0083e59ef831e235e?s=96&d=mm&r=g","url":"https:\/\/secure.gravatar.com\/avatar\/60d5661aee6e835fb13dc75d2204cd0c1d61bef2efd137c0083e59ef831e235e?s=96&d=mm&r=g","contentUrl":"https:\/\/secure.gravatar.com\/avatar\/60d5661aee6e835fb13dc75d2204cd0c1d61bef2efd137c0083e59ef831e235e?s=96&d=mm&r=g","caption":"Blogin al"},"sameAs":["https:\/\/blogin.al"],"url":"https:\/\/blogin.al\/?author=2"}]}},"_links":{"self":[{"href":"https:\/\/blogin.al\/index.php?rest_route=\/wp\/v2\/posts\/52729","targetHints":{"allow":["GET"]}}],"collection":[{"href":"https:\/\/blogin.al\/index.php?rest_route=\/wp\/v2\/posts"}],"about":[{"href":"https:\/\/blogin.al\/index.php?rest_route=\/wp\/v2\/types\/post"}],"author":[{"embeddable":true,"href":"https:\/\/blogin.al\/index.php?rest_route=\/wp\/v2\/users\/2"}],"replies":[{"embeddable":true,"href":"https:\/\/blogin.al\/index.php?rest_route=%2Fwp%2Fv2%2Fcomments&post=52729"}],"version-history":[{"count":1,"href":"https:\/\/blogin.al\/index.php?rest_route=\/wp\/v2\/posts\/52729\/revisions"}],"predecessor-version":[{"id":52730,"href":"https:\/\/blogin.al\/index.php?rest_route=\/wp\/v2\/posts\/52729\/revisions\/52730"}],"wp:featuredmedia":[{"embeddable":true,"href":"https:\/\/blogin.al\/index.php?rest_route=\/wp\/v2\/media\/52732"}],"wp:attachment":[{"href":"https:\/\/blogin.al\/index.php?rest_route=%2Fwp%2Fv2%2Fmedia&parent=52729"}],"wp:term":[{"taxonomy":"category","embeddable":true,"href":"https:\/\/blogin.al\/index.php?rest_route=%2Fwp%2Fv2%2Fcategories&post=52729"},{"taxonomy":"post_tag","embeddable":true,"href":"https:\/\/blogin.al\/index.php?rest_route=%2Fwp%2Fv2%2Ftags&post=52729"}],"curies":[{"name":"wp","href":"https:\/\/api.w.org\/{rel}","templated":true}]}}