{"id":52740,"date":"2024-11-19T11:51:26","date_gmt":"2024-11-19T11:51:26","guid":{"rendered":"https:\/\/blogin.al\/?p=52740"},"modified":"2024-11-19T13:21:53","modified_gmt":"2024-11-19T13:21:53","slug":"ngjarja-tragjike-e-14-vjecarit-juli-publikon-mesazhin-prekes-dhe-kujtimin-e-vecante","status":"publish","type":"post","link":"https:\/\/blogin.al\/?p=52740","title":{"rendered":"Ngjarja tragjike e 14-vje\u00e7arit, Juli publikon mesazhin prek\u00ebs dhe kujtimin e ve\u00e7ant\u00eb"},"content":{"rendered":"\n<p>Vrasja e r\u00ebnd\u00eb e 14-vje\u00e7arit Martin Cani pran\u00eb shkoll\u00ebs \u201cFan Noli\u201d nga nj\u00eb bashk\u00ebmoshatar ka tronditur mbar\u00eb opinionin publik. Kjo ngjarje ka nxitur reagime t\u00eb shumta n\u00eb rrjetet sociale nga figura t\u00eb njohura t\u00eb ekranit.<\/p>\n\n\n\n<p>Aktori i humorit, Julian Deda, ndau nj\u00eb postim prek\u00ebs n\u00eb llogarin\u00eb e tij n\u00eb Instagram, ku kujton nj\u00eb moment t\u00eb ve\u00e7ant\u00eb me t\u00eb ndjerin Martin. Ai publikoi nj\u00eb foto t\u00eb vitit 2021, ku shfaqet s\u00eb bashku me djaloshin e talentuar, duke shprehur dhimbjen dhe ngush\u00ebllimet p\u00ebr familjen e tij.<\/p>\n\n\n\n<p>\u201c<em>Prehu n\u00eb paqe i dashur Martin. A mund ta b\u00ebjm\u00eb nj\u00eb foto bashk\u00eb, edhe pse nuk kan\u00eb kaluar ende 10 vite? Edhe pse fati tragjik t\u2019i nd\u00ebrpreu \u00ebndrrat n\u00eb mes? E un\u00eb prap\u00eb e dua k\u00ebt\u00eb foto me ty, o kampion. Na pik\u00ebllove t\u00eb gjith\u00ebve, o djal\u00eb, por Zoti djemt\u00eb e mir\u00eb i do pran\u00eb vetes. Qofsh mir\u00eb me Zotin. Ngush\u00ebllime t\u00eb sinqerta familjes,<\/em>\u201d shkruan Juli krahas fotos.<\/p>\n\n\n\n<p>Kjo foto, e cila p\u00ebr her\u00eb t\u00eb par\u00eb ishte publikuar nga Martini apo familja e tij, shoq\u00ebrohej me nj\u00eb mbishkrim q\u00eb sot ting\u00ebllon si nj\u00eb ogur i dhimbsh\u00ebm:<\/p>\n\n\n\n<p>\u201c<em>Tani dola un\u00eb foto me Julin, por mbas 10 vitesh do jet\u00eb ai q\u00eb do k\u00ebrkoj\u00eb t\u00eb dal\u00eb me mua, Martin Cani.\u201d<\/em><em><\/em><\/p>\n\n\n\n<figure class=\"wp-block-image is-style-default\"><img decoding=\"async\" src=\"https:\/\/iconstyle.al\/wp-content\/uploads\/2024\/11\/IMG_5938-300x171.jpg\" alt=\"\" class=\"wp-image-681844\"\/><\/figure>\n","protected":false},"excerpt":{"rendered":"<p>Vrasja e r\u00ebnd\u00eb e 14-vje\u00e7arit Martin Cani pran\u00eb shkoll\u00ebs \u201cFan Noli\u201d nga nj\u00eb bashk\u00ebmoshatar ka tronditur mbar\u00eb opinionin publik. Kjo ngjarje ka nxitur reagime t\u00eb shumta n\u00eb rrjetet sociale nga figura t\u00eb njohura t\u00eb ekranit. Aktori i humorit, Julian Deda, ndau nj\u00eb postim prek\u00ebs n\u00eb llogarin\u00eb e tij n\u00eb Instagram, ku kujton nj\u00eb moment t\u00eb [&hellip;]<\/p>\n","protected":false},"author":2,"featured_media":52742,"comment_status":"closed","ping_status":"closed","sticky":false,"template":"","format":"standard","meta":{"footnotes":""},"categories":[33],"tags":[],"class_list":{"0":"post-52740","1":"post","2":"type-post","3":"status-publish","4":"format-standard","5":"has-post-thumbnail","7":"category-showbiz"},"yoast_head":"<!-- This site is optimized with the Yoast SEO plugin v27.5 - https:\/\/yoast.com\/product\/yoast-seo-wordpress\/ -->\n<title>Ngjarja tragjike e 14-vje\u00e7arit, Juli publikon mesazhin prek\u00ebs dhe kujtimin e ve\u00e7ant\u00eb - blogin.al<\/title>\n<meta name=\"robots\" content=\"index, follow, max-snippet:-1, max-image-preview:large, max-video-preview:-1\" \/>\n<link rel=\"canonical\" href=\"https:\/\/blogin.al\/?p=52740\" \/>\n<meta property=\"og:locale\" content=\"en_US\" \/>\n<meta property=\"og:type\" content=\"article\" \/>\n<meta property=\"og:title\" content=\"Ngjarja tragjike e 14-vje\u00e7arit, Juli publikon mesazhin prek\u00ebs dhe kujtimin e ve\u00e7ant\u00eb - blogin.al\" \/>\n<meta property=\"og:description\" content=\"Vrasja e r\u00ebnd\u00eb e 14-vje\u00e7arit Martin Cani pran\u00eb shkoll\u00ebs \u201cFan Noli\u201d nga nj\u00eb bashk\u00ebmoshatar ka tronditur mbar\u00eb opinionin publik. Kjo ngjarje ka nxitur reagime t\u00eb shumta n\u00eb rrjetet sociale nga figura t\u00eb njohura t\u00eb ekranit. Aktori i humorit, Julian Deda, ndau nj\u00eb postim prek\u00ebs n\u00eb llogarin\u00eb e tij n\u00eb Instagram, ku kujton nj\u00eb moment t\u00eb [&hellip;]\" \/>\n<meta property=\"og:url\" content=\"https:\/\/blogin.al\/?p=52740\" \/>\n<meta property=\"og:site_name\" content=\"blogin.al\" \/>\n<meta property=\"article:published_time\" content=\"2024-11-19T11:51:26+00:00\" \/>\n<meta property=\"article:modified_time\" content=\"2024-11-19T13:21:53+00:00\" \/>\n<meta property=\"og:image\" content=\"https:\/\/blogin.al\/wp-content\/uploads\/2024\/11\/channels4_profile28229.jpg\" \/>\n\t<meta property=\"og:image:width\" content=\"900\" \/>\n\t<meta property=\"og:image:height\" content=\"900\" \/>\n\t<meta property=\"og:image:type\" content=\"image\/jpeg\" \/>\n<meta name=\"author\" content=\"Blogin al\" \/>\n<meta name=\"twitter:card\" content=\"summary_large_image\" \/>\n<meta name=\"twitter:label1\" content=\"Written by\" \/>\n\t<meta name=\"twitter:data1\" content=\"Blogin al\" \/>\n\t<meta name=\"twitter:label2\" content=\"Est. reading time\" \/>\n\t<meta name=\"twitter:data2\" content=\"2 minutes\" \/>\n<script type=\"application\/ld+json\" class=\"yoast-schema-graph\">{\"@context\":\"https:\\\/\\\/schema.org\",\"@graph\":[{\"@type\":\"Article\",\"@id\":\"https:\\\/\\\/blogin.al\\\/?p=52740#article\",\"isPartOf\":{\"@id\":\"https:\\\/\\\/blogin.al\\\/?p=52740\"},\"author\":{\"name\":\"Blogin al\",\"@id\":\"https:\\\/\\\/blogin.al\\\/#\\\/schema\\\/person\\\/abdd56bc912cd511db877b852b115399\"},\"headline\":\"Ngjarja tragjike e 14-vje\u00e7arit, Juli publikon mesazhin prek\u00ebs dhe kujtimin e ve\u00e7ant\u00eb\",\"datePublished\":\"2024-11-19T11:51:26+00:00\",\"dateModified\":\"2024-11-19T13:21:53+00:00\",\"mainEntityOfPage\":{\"@id\":\"https:\\\/\\\/blogin.al\\\/?p=52740\"},\"wordCount\":234,\"publisher\":{\"@id\":\"https:\\\/\\\/blogin.al\\\/#organization\"},\"image\":{\"@id\":\"https:\\\/\\\/blogin.al\\\/?p=52740#primaryimage\"},\"thumbnailUrl\":\"https:\\\/\\\/blogin.al\\\/wp-content\\\/uploads\\\/2024\\\/11\\\/channels4_profile28229.jpg\",\"articleSection\":[\"SHOWBIZ\"],\"inLanguage\":\"en-US\"},{\"@type\":\"WebPage\",\"@id\":\"https:\\\/\\\/blogin.al\\\/?p=52740\",\"url\":\"https:\\\/\\\/blogin.al\\\/?p=52740\",\"name\":\"Ngjarja tragjike e 14-vje\u00e7arit, Juli publikon mesazhin prek\u00ebs dhe kujtimin e ve\u00e7ant\u00eb - blogin.al\",\"isPartOf\":{\"@id\":\"https:\\\/\\\/blogin.al\\\/#website\"},\"primaryImageOfPage\":{\"@id\":\"https:\\\/\\\/blogin.al\\\/?p=52740#primaryimage\"},\"image\":{\"@id\":\"https:\\\/\\\/blogin.al\\\/?p=52740#primaryimage\"},\"thumbnailUrl\":\"https:\\\/\\\/blogin.al\\\/wp-content\\\/uploads\\\/2024\\\/11\\\/channels4_profile28229.jpg\",\"datePublished\":\"2024-11-19T11:51:26+00:00\",\"dateModified\":\"2024-11-19T13:21:53+00:00\",\"breadcrumb\":{\"@id\":\"https:\\\/\\\/blogin.al\\\/?p=52740#breadcrumb\"},\"inLanguage\":\"en-US\",\"potentialAction\":[{\"@type\":\"ReadAction\",\"target\":[\"https:\\\/\\\/blogin.al\\\/?p=52740\"]}]},{\"@type\":\"ImageObject\",\"inLanguage\":\"en-US\",\"@id\":\"https:\\\/\\\/blogin.al\\\/?p=52740#primaryimage\",\"url\":\"https:\\\/\\\/blogin.al\\\/wp-content\\\/uploads\\\/2024\\\/11\\\/channels4_profile28229.jpg\",\"contentUrl\":\"https:\\\/\\\/blogin.al\\\/wp-content\\\/uploads\\\/2024\\\/11\\\/channels4_profile28229.jpg\",\"width\":900,\"height\":900},{\"@type\":\"BreadcrumbList\",\"@id\":\"https:\\\/\\\/blogin.al\\\/?p=52740#breadcrumb\",\"itemListElement\":[{\"@type\":\"ListItem\",\"position\":1,\"name\":\"Home\",\"item\":\"https:\\\/\\\/blogin.al\\\/\"},{\"@type\":\"ListItem\",\"position\":2,\"name\":\"Ngjarja tragjike e 14-vje\u00e7arit, Juli publikon mesazhin prek\u00ebs dhe kujtimin e ve\u00e7ant\u00eb\"}]},{\"@type\":\"WebSite\",\"@id\":\"https:\\\/\\\/blogin.al\\\/#website\",\"url\":\"https:\\\/\\\/blogin.al\\\/\",\"name\":\"blogin.al\",\"description\":\"\",\"publisher\":{\"@id\":\"https:\\\/\\\/blogin.al\\\/#organization\"},\"potentialAction\":[{\"@type\":\"SearchAction\",\"target\":{\"@type\":\"EntryPoint\",\"urlTemplate\":\"https:\\\/\\\/blogin.al\\\/?s={search_term_string}\"},\"query-input\":{\"@type\":\"PropertyValueSpecification\",\"valueRequired\":true,\"valueName\":\"search_term_string\"}}],\"inLanguage\":\"en-US\"},{\"@type\":\"Organization\",\"@id\":\"https:\\\/\\\/blogin.al\\\/#organization\",\"name\":\"BLOGIN.al\",\"url\":\"https:\\\/\\\/blogin.al\\\/\",\"logo\":{\"@type\":\"ImageObject\",\"inLanguage\":\"en-US\",\"@id\":\"https:\\\/\\\/blogin.al\\\/#\\\/schema\\\/logo\\\/image\\\/\",\"url\":\"https:\\\/\\\/blogin.al\\\/wp-content\\\/uploads\\\/2022\\\/05\\\/Untitled-2-01-e1652084456514.png\",\"contentUrl\":\"https:\\\/\\\/blogin.al\\\/wp-content\\\/uploads\\\/2022\\\/05\\\/Untitled-2-01-e1652084456514.png\",\"width\":3723,\"height\":1698,\"caption\":\"BLOGIN.al\"},\"image\":{\"@id\":\"https:\\\/\\\/blogin.al\\\/#\\\/schema\\\/logo\\\/image\\\/\"},\"sameAs\":[\"https:\\\/\\\/instagram.com\\\/blogin.al\\\/\"]},{\"@type\":\"Person\",\"@id\":\"https:\\\/\\\/blogin.al\\\/#\\\/schema\\\/person\\\/abdd56bc912cd511db877b852b115399\",\"name\":\"Blogin al\",\"image\":{\"@type\":\"ImageObject\",\"inLanguage\":\"en-US\",\"@id\":\"https:\\\/\\\/secure.gravatar.com\\\/avatar\\\/60d5661aee6e835fb13dc75d2204cd0c1d61bef2efd137c0083e59ef831e235e?s=96&d=mm&r=g\",\"url\":\"https:\\\/\\\/secure.gravatar.com\\\/avatar\\\/60d5661aee6e835fb13dc75d2204cd0c1d61bef2efd137c0083e59ef831e235e?s=96&d=mm&r=g\",\"contentUrl\":\"https:\\\/\\\/secure.gravatar.com\\\/avatar\\\/60d5661aee6e835fb13dc75d2204cd0c1d61bef2efd137c0083e59ef831e235e?s=96&d=mm&r=g\",\"caption\":\"Blogin al\"},\"sameAs\":[\"https:\\\/\\\/blogin.al\"],\"url\":\"https:\\\/\\\/blogin.al\\\/?author=2\"}]}<\/script>\n<!-- \/ Yoast SEO plugin. -->","yoast_head_json":{"title":"Ngjarja tragjike e 14-vje\u00e7arit, Juli publikon mesazhin prek\u00ebs dhe kujtimin e ve\u00e7ant\u00eb - blogin.al","robots":{"index":"index","follow":"follow","max-snippet":"max-snippet:-1","max-image-preview":"max-image-preview:large","max-video-preview":"max-video-preview:-1"},"canonical":"https:\/\/blogin.al\/?p=52740","og_locale":"en_US","og_type":"article","og_title":"Ngjarja tragjike e 14-vje\u00e7arit, Juli publikon mesazhin prek\u00ebs dhe kujtimin e ve\u00e7ant\u00eb - blogin.al","og_description":"Vrasja e r\u00ebnd\u00eb e 14-vje\u00e7arit Martin Cani pran\u00eb shkoll\u00ebs \u201cFan Noli\u201d nga nj\u00eb bashk\u00ebmoshatar ka tronditur mbar\u00eb opinionin publik. Kjo ngjarje ka nxitur reagime t\u00eb shumta n\u00eb rrjetet sociale nga figura t\u00eb njohura t\u00eb ekranit. Aktori i humorit, Julian Deda, ndau nj\u00eb postim prek\u00ebs n\u00eb llogarin\u00eb e tij n\u00eb Instagram, ku kujton nj\u00eb moment t\u00eb [&hellip;]","og_url":"https:\/\/blogin.al\/?p=52740","og_site_name":"blogin.al","article_published_time":"2024-11-19T11:51:26+00:00","article_modified_time":"2024-11-19T13:21:53+00:00","og_image":[{"width":900,"height":900,"url":"https:\/\/blogin.al\/wp-content\/uploads\/2024\/11\/channels4_profile28229.jpg","type":"image\/jpeg"}],"author":"Blogin al","twitter_card":"summary_large_image","twitter_misc":{"Written by":"Blogin al","Est. reading time":"2 minutes"},"schema":{"@context":"https:\/\/schema.org","@graph":[{"@type":"Article","@id":"https:\/\/blogin.al\/?p=52740#article","isPartOf":{"@id":"https:\/\/blogin.al\/?p=52740"},"author":{"name":"Blogin al","@id":"https:\/\/blogin.al\/#\/schema\/person\/abdd56bc912cd511db877b852b115399"},"headline":"Ngjarja tragjike e 14-vje\u00e7arit, Juli publikon mesazhin prek\u00ebs dhe kujtimin e ve\u00e7ant\u00eb","datePublished":"2024-11-19T11:51:26+00:00","dateModified":"2024-11-19T13:21:53+00:00","mainEntityOfPage":{"@id":"https:\/\/blogin.al\/?p=52740"},"wordCount":234,"publisher":{"@id":"https:\/\/blogin.al\/#organization"},"image":{"@id":"https:\/\/blogin.al\/?p=52740#primaryimage"},"thumbnailUrl":"https:\/\/blogin.al\/wp-content\/uploads\/2024\/11\/channels4_profile28229.jpg","articleSection":["SHOWBIZ"],"inLanguage":"en-US"},{"@type":"WebPage","@id":"https:\/\/blogin.al\/?p=52740","url":"https:\/\/blogin.al\/?p=52740","name":"Ngjarja tragjike e 14-vje\u00e7arit, Juli publikon mesazhin prek\u00ebs dhe kujtimin e ve\u00e7ant\u00eb - blogin.al","isPartOf":{"@id":"https:\/\/blogin.al\/#website"},"primaryImageOfPage":{"@id":"https:\/\/blogin.al\/?p=52740#primaryimage"},"image":{"@id":"https:\/\/blogin.al\/?p=52740#primaryimage"},"thumbnailUrl":"https:\/\/blogin.al\/wp-content\/uploads\/2024\/11\/channels4_profile28229.jpg","datePublished":"2024-11-19T11:51:26+00:00","dateModified":"2024-11-19T13:21:53+00:00","breadcrumb":{"@id":"https:\/\/blogin.al\/?p=52740#breadcrumb"},"inLanguage":"en-US","potentialAction":[{"@type":"ReadAction","target":["https:\/\/blogin.al\/?p=52740"]}]},{"@type":"ImageObject","inLanguage":"en-US","@id":"https:\/\/blogin.al\/?p=52740#primaryimage","url":"https:\/\/blogin.al\/wp-content\/uploads\/2024\/11\/channels4_profile28229.jpg","contentUrl":"https:\/\/blogin.al\/wp-content\/uploads\/2024\/11\/channels4_profile28229.jpg","width":900,"height":900},{"@type":"BreadcrumbList","@id":"https:\/\/blogin.al\/?p=52740#breadcrumb","itemListElement":[{"@type":"ListItem","position":1,"name":"Home","item":"https:\/\/blogin.al\/"},{"@type":"ListItem","position":2,"name":"Ngjarja tragjike e 14-vje\u00e7arit, Juli publikon mesazhin prek\u00ebs dhe kujtimin e ve\u00e7ant\u00eb"}]},{"@type":"WebSite","@id":"https:\/\/blogin.al\/#website","url":"https:\/\/blogin.al\/","name":"blogin.al","description":"","publisher":{"@id":"https:\/\/blogin.al\/#organization"},"potentialAction":[{"@type":"SearchAction","target":{"@type":"EntryPoint","urlTemplate":"https:\/\/blogin.al\/?s={search_term_string}"},"query-input":{"@type":"PropertyValueSpecification","valueRequired":true,"valueName":"search_term_string"}}],"inLanguage":"en-US"},{"@type":"Organization","@id":"https:\/\/blogin.al\/#organization","name":"BLOGIN.al","url":"https:\/\/blogin.al\/","logo":{"@type":"ImageObject","inLanguage":"en-US","@id":"https:\/\/blogin.al\/#\/schema\/logo\/image\/","url":"https:\/\/blogin.al\/wp-content\/uploads\/2022\/05\/Untitled-2-01-e1652084456514.png","contentUrl":"https:\/\/blogin.al\/wp-content\/uploads\/2022\/05\/Untitled-2-01-e1652084456514.png","width":3723,"height":1698,"caption":"BLOGIN.al"},"image":{"@id":"https:\/\/blogin.al\/#\/schema\/logo\/image\/"},"sameAs":["https:\/\/instagram.com\/blogin.al\/"]},{"@type":"Person","@id":"https:\/\/blogin.al\/#\/schema\/person\/abdd56bc912cd511db877b852b115399","name":"Blogin al","image":{"@type":"ImageObject","inLanguage":"en-US","@id":"https:\/\/secure.gravatar.com\/avatar\/60d5661aee6e835fb13dc75d2204cd0c1d61bef2efd137c0083e59ef831e235e?s=96&d=mm&r=g","url":"https:\/\/secure.gravatar.com\/avatar\/60d5661aee6e835fb13dc75d2204cd0c1d61bef2efd137c0083e59ef831e235e?s=96&d=mm&r=g","contentUrl":"https:\/\/secure.gravatar.com\/avatar\/60d5661aee6e835fb13dc75d2204cd0c1d61bef2efd137c0083e59ef831e235e?s=96&d=mm&r=g","caption":"Blogin al"},"sameAs":["https:\/\/blogin.al"],"url":"https:\/\/blogin.al\/?author=2"}]}},"_links":{"self":[{"href":"https:\/\/blogin.al\/index.php?rest_route=\/wp\/v2\/posts\/52740","targetHints":{"allow":["GET"]}}],"collection":[{"href":"https:\/\/blogin.al\/index.php?rest_route=\/wp\/v2\/posts"}],"about":[{"href":"https:\/\/blogin.al\/index.php?rest_route=\/wp\/v2\/types\/post"}],"author":[{"embeddable":true,"href":"https:\/\/blogin.al\/index.php?rest_route=\/wp\/v2\/users\/2"}],"replies":[{"embeddable":true,"href":"https:\/\/blogin.al\/index.php?rest_route=%2Fwp%2Fv2%2Fcomments&post=52740"}],"version-history":[{"count":1,"href":"https:\/\/blogin.al\/index.php?rest_route=\/wp\/v2\/posts\/52740\/revisions"}],"predecessor-version":[{"id":52741,"href":"https:\/\/blogin.al\/index.php?rest_route=\/wp\/v2\/posts\/52740\/revisions\/52741"}],"wp:featuredmedia":[{"embeddable":true,"href":"https:\/\/blogin.al\/index.php?rest_route=\/wp\/v2\/media\/52742"}],"wp:attachment":[{"href":"https:\/\/blogin.al\/index.php?rest_route=%2Fwp%2Fv2%2Fmedia&parent=52740"}],"wp:term":[{"taxonomy":"category","embeddable":true,"href":"https:\/\/blogin.al\/index.php?rest_route=%2Fwp%2Fv2%2Fcategories&post=52740"},{"taxonomy":"post_tag","embeddable":true,"href":"https:\/\/blogin.al\/index.php?rest_route=%2Fwp%2Fv2%2Ftags&post=52740"}],"curies":[{"name":"wp","href":"https:\/\/api.w.org\/{rel}","templated":true}]}}