{"id":52745,"date":"2024-11-19T13:28:20","date_gmt":"2024-11-19T13:28:20","guid":{"rendered":"https:\/\/blogin.al\/?p=52745"},"modified":"2024-11-19T13:28:23","modified_gmt":"2024-11-19T13:28:23","slug":"jam-e-vendosur-jonida-maliqi-reagon-pas-padise-ndaj-ish-bashkeshortit","status":"publish","type":"post","link":"https:\/\/blogin.al\/?p=52745","title":{"rendered":"\u201cJam e vendosur\u2026\u201d\/ Jonida Maliqi reagon pas padis\u00eb ndaj ish-bashk\u00ebshortit"},"content":{"rendered":"\n<p>K\u00ebng\u00ebtarja e njohur, Jonida Maliqi, ka reaguar n\u00eb m\u00ebnyr\u00eb t\u00eb t\u00ebrthort\u00eb lidhur me padin\u00eb ndaj ish-bashk\u00ebshortit t\u00eb saj, Gent Prizreni.<\/p>\n\n\n\n<p>P\u00ebrmes nj\u00eb \u201cInstastory\u201d, artistja shprehet se nuk do t\u00eb toleroj\u00eb m\u00eb asgj\u00eb nga ato q\u00eb ka toleruar m\u00eb her\u00ebt.<\/p>\n\n\n\n<figure class=\"wp-block-image is-style-default\"><img decoding=\"async\" src=\"https:\/\/gsh.top-media.al\/media10\/jonida.png\" alt=\"\" class=\"wp-image-537130\"\/><\/figure>\n\n\n\n<p><strong>\u201cAt\u00eb q\u00eb kam toleruar m\u00eb her\u00eb, nuk do ta toleroj m\u00eb kurr\u00eb dhe jam krejt\u00ebsisht e vendosur p\u00ebr k\u00ebt\u00eb\u201d,<\/strong>&nbsp;shkruan ajo.<\/p>\n","protected":false},"excerpt":{"rendered":"<p>K\u00ebng\u00ebtarja e njohur, Jonida Maliqi, ka reaguar n\u00eb m\u00ebnyr\u00eb t\u00eb t\u00ebrthort\u00eb lidhur me padin\u00eb ndaj ish-bashk\u00ebshortit t\u00eb saj, Gent Prizreni. P\u00ebrmes nj\u00eb \u201cInstastory\u201d, artistja shprehet se nuk do t\u00eb toleroj\u00eb m\u00eb asgj\u00eb nga ato q\u00eb ka toleruar m\u00eb her\u00ebt. \u201cAt\u00eb q\u00eb kam toleruar m\u00eb her\u00eb, nuk do ta toleroj m\u00eb kurr\u00eb dhe jam krejt\u00ebsisht e [&hellip;]<\/p>\n","protected":false},"author":2,"featured_media":52720,"comment_status":"closed","ping_status":"closed","sticky":false,"template":"","format":"standard","meta":{"footnotes":""},"categories":[33],"tags":[],"class_list":{"0":"post-52745","1":"post","2":"type-post","3":"status-publish","4":"format-standard","5":"has-post-thumbnail","7":"category-showbiz"},"yoast_head":"<!-- This site is optimized with the Yoast SEO plugin v27.5 - https:\/\/yoast.com\/product\/yoast-seo-wordpress\/ -->\n<title>\u201cJam e vendosur\u2026\u201d\/ Jonida Maliqi reagon pas padis\u00eb ndaj ish-bashk\u00ebshortit - blogin.al<\/title>\n<meta name=\"robots\" content=\"index, follow, max-snippet:-1, max-image-preview:large, max-video-preview:-1\" \/>\n<link rel=\"canonical\" href=\"https:\/\/blogin.al\/?p=52745\" \/>\n<meta property=\"og:locale\" content=\"en_US\" \/>\n<meta property=\"og:type\" content=\"article\" \/>\n<meta property=\"og:title\" content=\"\u201cJam e vendosur\u2026\u201d\/ Jonida Maliqi reagon pas padis\u00eb ndaj ish-bashk\u00ebshortit - blogin.al\" \/>\n<meta property=\"og:description\" content=\"K\u00ebng\u00ebtarja e njohur, Jonida Maliqi, ka reaguar n\u00eb m\u00ebnyr\u00eb t\u00eb t\u00ebrthort\u00eb lidhur me padin\u00eb ndaj ish-bashk\u00ebshortit t\u00eb saj, Gent Prizreni. P\u00ebrmes nj\u00eb \u201cInstastory\u201d, artistja shprehet se nuk do t\u00eb toleroj\u00eb m\u00eb asgj\u00eb nga ato q\u00eb ka toleruar m\u00eb her\u00ebt. \u201cAt\u00eb q\u00eb kam toleruar m\u00eb her\u00eb, nuk do ta toleroj m\u00eb kurr\u00eb dhe jam krejt\u00ebsisht e [&hellip;]\" \/>\n<meta property=\"og:url\" content=\"https:\/\/blogin.al\/?p=52745\" \/>\n<meta property=\"og:site_name\" content=\"blogin.al\" \/>\n<meta property=\"article:published_time\" content=\"2024-11-19T13:28:20+00:00\" \/>\n<meta property=\"article:modified_time\" content=\"2024-11-19T13:28:23+00:00\" \/>\n<meta property=\"og:image\" content=\"https:\/\/blogin.al\/wp-content\/uploads\/2024\/11\/Jonida_Maliqi.jpg\" \/>\n\t<meta property=\"og:image:width\" content=\"1628\" \/>\n\t<meta property=\"og:image:height\" content=\"2448\" \/>\n\t<meta property=\"og:image:type\" content=\"image\/jpeg\" \/>\n<meta name=\"author\" content=\"Blogin al\" \/>\n<meta name=\"twitter:card\" content=\"summary_large_image\" \/>\n<meta name=\"twitter:label1\" content=\"Written by\" \/>\n\t<meta name=\"twitter:data1\" content=\"Blogin al\" \/>\n\t<meta name=\"twitter:label2\" content=\"Est. reading time\" \/>\n\t<meta name=\"twitter:data2\" content=\"1 minute\" \/>\n<script type=\"application\/ld+json\" class=\"yoast-schema-graph\">{\"@context\":\"https:\\\/\\\/schema.org\",\"@graph\":[{\"@type\":\"Article\",\"@id\":\"https:\\\/\\\/blogin.al\\\/?p=52745#article\",\"isPartOf\":{\"@id\":\"https:\\\/\\\/blogin.al\\\/?p=52745\"},\"author\":{\"name\":\"Blogin al\",\"@id\":\"https:\\\/\\\/blogin.al\\\/#\\\/schema\\\/person\\\/abdd56bc912cd511db877b852b115399\"},\"headline\":\"\u201cJam e vendosur\u2026\u201d\\\/ Jonida Maliqi reagon pas padis\u00eb ndaj ish-bashk\u00ebshortit\",\"datePublished\":\"2024-11-19T13:28:20+00:00\",\"dateModified\":\"2024-11-19T13:28:23+00:00\",\"mainEntityOfPage\":{\"@id\":\"https:\\\/\\\/blogin.al\\\/?p=52745\"},\"wordCount\":82,\"publisher\":{\"@id\":\"https:\\\/\\\/blogin.al\\\/#organization\"},\"image\":{\"@id\":\"https:\\\/\\\/blogin.al\\\/?p=52745#primaryimage\"},\"thumbnailUrl\":\"https:\\\/\\\/blogin.al\\\/wp-content\\\/uploads\\\/2024\\\/11\\\/Jonida_Maliqi.jpg\",\"articleSection\":[\"SHOWBIZ\"],\"inLanguage\":\"en-US\"},{\"@type\":\"WebPage\",\"@id\":\"https:\\\/\\\/blogin.al\\\/?p=52745\",\"url\":\"https:\\\/\\\/blogin.al\\\/?p=52745\",\"name\":\"\u201cJam e vendosur\u2026\u201d\\\/ Jonida Maliqi reagon pas padis\u00eb ndaj ish-bashk\u00ebshortit - blogin.al\",\"isPartOf\":{\"@id\":\"https:\\\/\\\/blogin.al\\\/#website\"},\"primaryImageOfPage\":{\"@id\":\"https:\\\/\\\/blogin.al\\\/?p=52745#primaryimage\"},\"image\":{\"@id\":\"https:\\\/\\\/blogin.al\\\/?p=52745#primaryimage\"},\"thumbnailUrl\":\"https:\\\/\\\/blogin.al\\\/wp-content\\\/uploads\\\/2024\\\/11\\\/Jonida_Maliqi.jpg\",\"datePublished\":\"2024-11-19T13:28:20+00:00\",\"dateModified\":\"2024-11-19T13:28:23+00:00\",\"breadcrumb\":{\"@id\":\"https:\\\/\\\/blogin.al\\\/?p=52745#breadcrumb\"},\"inLanguage\":\"en-US\",\"potentialAction\":[{\"@type\":\"ReadAction\",\"target\":[\"https:\\\/\\\/blogin.al\\\/?p=52745\"]}]},{\"@type\":\"ImageObject\",\"inLanguage\":\"en-US\",\"@id\":\"https:\\\/\\\/blogin.al\\\/?p=52745#primaryimage\",\"url\":\"https:\\\/\\\/blogin.al\\\/wp-content\\\/uploads\\\/2024\\\/11\\\/Jonida_Maliqi.jpg\",\"contentUrl\":\"https:\\\/\\\/blogin.al\\\/wp-content\\\/uploads\\\/2024\\\/11\\\/Jonida_Maliqi.jpg\",\"width\":1628,\"height\":2448},{\"@type\":\"BreadcrumbList\",\"@id\":\"https:\\\/\\\/blogin.al\\\/?p=52745#breadcrumb\",\"itemListElement\":[{\"@type\":\"ListItem\",\"position\":1,\"name\":\"Home\",\"item\":\"https:\\\/\\\/blogin.al\\\/\"},{\"@type\":\"ListItem\",\"position\":2,\"name\":\"\u201cJam e vendosur\u2026\u201d\\\/ Jonida Maliqi reagon pas padis\u00eb ndaj ish-bashk\u00ebshortit\"}]},{\"@type\":\"WebSite\",\"@id\":\"https:\\\/\\\/blogin.al\\\/#website\",\"url\":\"https:\\\/\\\/blogin.al\\\/\",\"name\":\"blogin.al\",\"description\":\"\",\"publisher\":{\"@id\":\"https:\\\/\\\/blogin.al\\\/#organization\"},\"potentialAction\":[{\"@type\":\"SearchAction\",\"target\":{\"@type\":\"EntryPoint\",\"urlTemplate\":\"https:\\\/\\\/blogin.al\\\/?s={search_term_string}\"},\"query-input\":{\"@type\":\"PropertyValueSpecification\",\"valueRequired\":true,\"valueName\":\"search_term_string\"}}],\"inLanguage\":\"en-US\"},{\"@type\":\"Organization\",\"@id\":\"https:\\\/\\\/blogin.al\\\/#organization\",\"name\":\"BLOGIN.al\",\"url\":\"https:\\\/\\\/blogin.al\\\/\",\"logo\":{\"@type\":\"ImageObject\",\"inLanguage\":\"en-US\",\"@id\":\"https:\\\/\\\/blogin.al\\\/#\\\/schema\\\/logo\\\/image\\\/\",\"url\":\"https:\\\/\\\/blogin.al\\\/wp-content\\\/uploads\\\/2022\\\/05\\\/Untitled-2-01-e1652084456514.png\",\"contentUrl\":\"https:\\\/\\\/blogin.al\\\/wp-content\\\/uploads\\\/2022\\\/05\\\/Untitled-2-01-e1652084456514.png\",\"width\":3723,\"height\":1698,\"caption\":\"BLOGIN.al\"},\"image\":{\"@id\":\"https:\\\/\\\/blogin.al\\\/#\\\/schema\\\/logo\\\/image\\\/\"},\"sameAs\":[\"https:\\\/\\\/instagram.com\\\/blogin.al\\\/\"]},{\"@type\":\"Person\",\"@id\":\"https:\\\/\\\/blogin.al\\\/#\\\/schema\\\/person\\\/abdd56bc912cd511db877b852b115399\",\"name\":\"Blogin al\",\"image\":{\"@type\":\"ImageObject\",\"inLanguage\":\"en-US\",\"@id\":\"https:\\\/\\\/secure.gravatar.com\\\/avatar\\\/60d5661aee6e835fb13dc75d2204cd0c1d61bef2efd137c0083e59ef831e235e?s=96&d=mm&r=g\",\"url\":\"https:\\\/\\\/secure.gravatar.com\\\/avatar\\\/60d5661aee6e835fb13dc75d2204cd0c1d61bef2efd137c0083e59ef831e235e?s=96&d=mm&r=g\",\"contentUrl\":\"https:\\\/\\\/secure.gravatar.com\\\/avatar\\\/60d5661aee6e835fb13dc75d2204cd0c1d61bef2efd137c0083e59ef831e235e?s=96&d=mm&r=g\",\"caption\":\"Blogin al\"},\"sameAs\":[\"https:\\\/\\\/blogin.al\"],\"url\":\"https:\\\/\\\/blogin.al\\\/?author=2\"}]}<\/script>\n<!-- \/ Yoast SEO plugin. -->","yoast_head_json":{"title":"\u201cJam e vendosur\u2026\u201d\/ Jonida Maliqi reagon pas padis\u00eb ndaj ish-bashk\u00ebshortit - blogin.al","robots":{"index":"index","follow":"follow","max-snippet":"max-snippet:-1","max-image-preview":"max-image-preview:large","max-video-preview":"max-video-preview:-1"},"canonical":"https:\/\/blogin.al\/?p=52745","og_locale":"en_US","og_type":"article","og_title":"\u201cJam e vendosur\u2026\u201d\/ Jonida Maliqi reagon pas padis\u00eb ndaj ish-bashk\u00ebshortit - blogin.al","og_description":"K\u00ebng\u00ebtarja e njohur, Jonida Maliqi, ka reaguar n\u00eb m\u00ebnyr\u00eb t\u00eb t\u00ebrthort\u00eb lidhur me padin\u00eb ndaj ish-bashk\u00ebshortit t\u00eb saj, Gent Prizreni. P\u00ebrmes nj\u00eb \u201cInstastory\u201d, artistja shprehet se nuk do t\u00eb toleroj\u00eb m\u00eb asgj\u00eb nga ato q\u00eb ka toleruar m\u00eb her\u00ebt. \u201cAt\u00eb q\u00eb kam toleruar m\u00eb her\u00eb, nuk do ta toleroj m\u00eb kurr\u00eb dhe jam krejt\u00ebsisht e [&hellip;]","og_url":"https:\/\/blogin.al\/?p=52745","og_site_name":"blogin.al","article_published_time":"2024-11-19T13:28:20+00:00","article_modified_time":"2024-11-19T13:28:23+00:00","og_image":[{"width":1628,"height":2448,"url":"https:\/\/blogin.al\/wp-content\/uploads\/2024\/11\/Jonida_Maliqi.jpg","type":"image\/jpeg"}],"author":"Blogin al","twitter_card":"summary_large_image","twitter_misc":{"Written by":"Blogin al","Est. reading time":"1 minute"},"schema":{"@context":"https:\/\/schema.org","@graph":[{"@type":"Article","@id":"https:\/\/blogin.al\/?p=52745#article","isPartOf":{"@id":"https:\/\/blogin.al\/?p=52745"},"author":{"name":"Blogin al","@id":"https:\/\/blogin.al\/#\/schema\/person\/abdd56bc912cd511db877b852b115399"},"headline":"\u201cJam e vendosur\u2026\u201d\/ Jonida Maliqi reagon pas padis\u00eb ndaj ish-bashk\u00ebshortit","datePublished":"2024-11-19T13:28:20+00:00","dateModified":"2024-11-19T13:28:23+00:00","mainEntityOfPage":{"@id":"https:\/\/blogin.al\/?p=52745"},"wordCount":82,"publisher":{"@id":"https:\/\/blogin.al\/#organization"},"image":{"@id":"https:\/\/blogin.al\/?p=52745#primaryimage"},"thumbnailUrl":"https:\/\/blogin.al\/wp-content\/uploads\/2024\/11\/Jonida_Maliqi.jpg","articleSection":["SHOWBIZ"],"inLanguage":"en-US"},{"@type":"WebPage","@id":"https:\/\/blogin.al\/?p=52745","url":"https:\/\/blogin.al\/?p=52745","name":"\u201cJam e vendosur\u2026\u201d\/ Jonida Maliqi reagon pas padis\u00eb ndaj ish-bashk\u00ebshortit - blogin.al","isPartOf":{"@id":"https:\/\/blogin.al\/#website"},"primaryImageOfPage":{"@id":"https:\/\/blogin.al\/?p=52745#primaryimage"},"image":{"@id":"https:\/\/blogin.al\/?p=52745#primaryimage"},"thumbnailUrl":"https:\/\/blogin.al\/wp-content\/uploads\/2024\/11\/Jonida_Maliqi.jpg","datePublished":"2024-11-19T13:28:20+00:00","dateModified":"2024-11-19T13:28:23+00:00","breadcrumb":{"@id":"https:\/\/blogin.al\/?p=52745#breadcrumb"},"inLanguage":"en-US","potentialAction":[{"@type":"ReadAction","target":["https:\/\/blogin.al\/?p=52745"]}]},{"@type":"ImageObject","inLanguage":"en-US","@id":"https:\/\/blogin.al\/?p=52745#primaryimage","url":"https:\/\/blogin.al\/wp-content\/uploads\/2024\/11\/Jonida_Maliqi.jpg","contentUrl":"https:\/\/blogin.al\/wp-content\/uploads\/2024\/11\/Jonida_Maliqi.jpg","width":1628,"height":2448},{"@type":"BreadcrumbList","@id":"https:\/\/blogin.al\/?p=52745#breadcrumb","itemListElement":[{"@type":"ListItem","position":1,"name":"Home","item":"https:\/\/blogin.al\/"},{"@type":"ListItem","position":2,"name":"\u201cJam e vendosur\u2026\u201d\/ Jonida Maliqi reagon pas padis\u00eb ndaj ish-bashk\u00ebshortit"}]},{"@type":"WebSite","@id":"https:\/\/blogin.al\/#website","url":"https:\/\/blogin.al\/","name":"blogin.al","description":"","publisher":{"@id":"https:\/\/blogin.al\/#organization"},"potentialAction":[{"@type":"SearchAction","target":{"@type":"EntryPoint","urlTemplate":"https:\/\/blogin.al\/?s={search_term_string}"},"query-input":{"@type":"PropertyValueSpecification","valueRequired":true,"valueName":"search_term_string"}}],"inLanguage":"en-US"},{"@type":"Organization","@id":"https:\/\/blogin.al\/#organization","name":"BLOGIN.al","url":"https:\/\/blogin.al\/","logo":{"@type":"ImageObject","inLanguage":"en-US","@id":"https:\/\/blogin.al\/#\/schema\/logo\/image\/","url":"https:\/\/blogin.al\/wp-content\/uploads\/2022\/05\/Untitled-2-01-e1652084456514.png","contentUrl":"https:\/\/blogin.al\/wp-content\/uploads\/2022\/05\/Untitled-2-01-e1652084456514.png","width":3723,"height":1698,"caption":"BLOGIN.al"},"image":{"@id":"https:\/\/blogin.al\/#\/schema\/logo\/image\/"},"sameAs":["https:\/\/instagram.com\/blogin.al\/"]},{"@type":"Person","@id":"https:\/\/blogin.al\/#\/schema\/person\/abdd56bc912cd511db877b852b115399","name":"Blogin al","image":{"@type":"ImageObject","inLanguage":"en-US","@id":"https:\/\/secure.gravatar.com\/avatar\/60d5661aee6e835fb13dc75d2204cd0c1d61bef2efd137c0083e59ef831e235e?s=96&d=mm&r=g","url":"https:\/\/secure.gravatar.com\/avatar\/60d5661aee6e835fb13dc75d2204cd0c1d61bef2efd137c0083e59ef831e235e?s=96&d=mm&r=g","contentUrl":"https:\/\/secure.gravatar.com\/avatar\/60d5661aee6e835fb13dc75d2204cd0c1d61bef2efd137c0083e59ef831e235e?s=96&d=mm&r=g","caption":"Blogin al"},"sameAs":["https:\/\/blogin.al"],"url":"https:\/\/blogin.al\/?author=2"}]}},"_links":{"self":[{"href":"https:\/\/blogin.al\/index.php?rest_route=\/wp\/v2\/posts\/52745","targetHints":{"allow":["GET"]}}],"collection":[{"href":"https:\/\/blogin.al\/index.php?rest_route=\/wp\/v2\/posts"}],"about":[{"href":"https:\/\/blogin.al\/index.php?rest_route=\/wp\/v2\/types\/post"}],"author":[{"embeddable":true,"href":"https:\/\/blogin.al\/index.php?rest_route=\/wp\/v2\/users\/2"}],"replies":[{"embeddable":true,"href":"https:\/\/blogin.al\/index.php?rest_route=%2Fwp%2Fv2%2Fcomments&post=52745"}],"version-history":[{"count":1,"href":"https:\/\/blogin.al\/index.php?rest_route=\/wp\/v2\/posts\/52745\/revisions"}],"predecessor-version":[{"id":52746,"href":"https:\/\/blogin.al\/index.php?rest_route=\/wp\/v2\/posts\/52745\/revisions\/52746"}],"wp:featuredmedia":[{"embeddable":true,"href":"https:\/\/blogin.al\/index.php?rest_route=\/wp\/v2\/media\/52720"}],"wp:attachment":[{"href":"https:\/\/blogin.al\/index.php?rest_route=%2Fwp%2Fv2%2Fmedia&parent=52745"}],"wp:term":[{"taxonomy":"category","embeddable":true,"href":"https:\/\/blogin.al\/index.php?rest_route=%2Fwp%2Fv2%2Fcategories&post=52745"},{"taxonomy":"post_tag","embeddable":true,"href":"https:\/\/blogin.al\/index.php?rest_route=%2Fwp%2Fv2%2Ftags&post=52745"}],"curies":[{"name":"wp","href":"https:\/\/api.w.org\/{rel}","templated":true}]}}