{"id":52749,"date":"2024-11-19T13:39:47","date_gmt":"2024-11-19T13:39:47","guid":{"rendered":"https:\/\/blogin.al\/?p=52749"},"modified":"2024-11-19T13:48:59","modified_gmt":"2024-11-19T13:48:59","slug":"ish-banori-i-big-brother-tregon-njohjen-me-bashkeshorten-familjaret-e-saj-sdonin-qe-ne-te-martoheshim","status":"publish","type":"post","link":"https:\/\/blogin.al\/?p=52749","title":{"rendered":"Ish-banori i Big Brother tregon njohjen me bashk\u00ebshorten: Familjar\u00ebt e saj s\u2019donin q\u00eb ne t\u00eb martoheshim"},"content":{"rendered":"\n<p>Ish-banori i Femra VIP, Valer Kolnikaj, teksa ka qen\u00eb i ftuar n\u00eb nj\u00eb intervist\u00eb ka treguar sesi \u00ebsht\u00eb njohur me bashk\u00ebshorten e tij me t\u00eb cil\u00ebn g\u00ebzon dy f\u00ebmij\u00eb tani.<\/p>\n\n\n\n<p>Ai ka treguar se njohja e tyre ka qen\u00eb me shkuesi dhe si pasoj\u00eb e saj ka lindur p\u00eblqimi dhe dashuria mes tyre.<\/p>\n\n\n\n<p>\u201c<em>Isha 20 vje\u00e7 kur m\u00eb thonin ta kam gjetur nusen. Isha student mjek\u00ebsie kur babai m\u00eb mori n\u00eb telefon dhe m\u00eb tha hajde n\u00eb Mal\u00ebsi t\u00eb shikosh vajz\u00ebn p\u00ebr t\u00eb cil\u00ebn kemi folur. Cil\u00ebn vajz\u00eb i thash, m\u00eb l\u00ebr rehat se kan\u00eb ndryshuar koh\u00ebt, nuk mund ta marr\u00eb dik\u00eb q\u00eb nuk e njoh. Po ti hajde nj\u00ebh\u00ebr\u00eb m\u00eb tha se vajza \u00ebsht\u00eb yll drite, do e shoh\u00ebsh dhe ka p\u00ebr t\u00eb t\u00eb &nbsp;p\u00eblqyer,\u201d<\/em>&nbsp;tregoi Valeri.<\/p>\n\n\n\n<figure class=\"wp-block-image is-style-default\"><img decoding=\"async\" src=\"https:\/\/www.panorama.com.al\/panoramaplus\/wp-content\/uploads\/2024\/11\/WhatsApp-Image-2024-11-19-at-13.56.14.jpeg\" alt=\"\" class=\"wp-image-298876\"\/><\/figure>\n\n\n\n<p>Ai shtoi se vendosi t\u2019ja b\u00ebnte qejfin babait t\u00eb tij dhe shkoi ta shikonte Madalen\u00ebn me t\u00eb cil\u00ebn m\u00eb pas ra n\u00eb dashuri me shikim t\u00eb par\u00eb.<\/p>\n\n\n\n<p><em>\u201cShkoj e shikoj tek kisha n\u00eb zon\u00ebn ku jetonte Madalena dhe \u00e7\u2019t\u00eb shihja. Nuk t\u00eb shihte syri njeri m\u00eb t\u00eb bukur. Zemra po m\u00eb dilte nga vendi dhe akoma m\u00eb del sot, se \u00ebsht\u00eb nj\u00ebri i bukur jo vet\u00ebm si pamje,\u201d<\/em>&nbsp;tha ai.<\/p>\n\n\n\n<p>Nd\u00ebr t\u00eb tjera ish-banori i Femra Vip, tregoi se pas k\u00ebsaj \u00e7ifti has\u00ebn pengesa, nj\u00eb pjes\u00eb e njer\u00ebzve nuk donin q\u00eb ata t\u00eb martoheshin.<\/p>\n\n\n\n<p><em>\u201cKishin arritur t\u00eb ndikonin deri tek prind\u00ebrit e nuses. U kishin th\u00ebn\u00eb \u00ebsht\u00eb nj\u00ebri i televizionit, \u00ebsht\u00eb i lidhur me \u00c7iljet\u00ebn, p\u00ebr k\u00ebt\u00eb m\u00eb kishte dal\u00eb nami at\u00ebher\u00ebn\u00eb vend. Nd\u00ebrkoh\u00eb q\u00eb un\u00eb thjesht kisha bashk\u00ebpunime.\u201d<\/em><\/p>\n\n\n\n<figure class=\"wp-block-image is-style-default\"><img decoding=\"async\" src=\"https:\/\/www.panorama.com.al\/panoramaplus\/wp-content\/uploads\/2024\/11\/valer-kolnikaj1.jpg\" alt=\"\" class=\"wp-image-298878\"\/><\/figure>\n\n\n\n<p>M\u00eb pas Valeri rr\u00ebfeu se arriti t\u00eb bindte prind\u00ebrit e Madalen\u00ebs duke fituar zemr\u00ebn e gjyshit t\u00eb saj.<\/p>\n\n\n\n<p><em>\u201cUn\u00eb fitova zemr\u00ebn e gjyshit, gjyshi po m\u00eb kuptonte n\u00eb \u00e7do gj\u00eb n\u00eb \u00e7do situat\u00eb,\u201d&nbsp;<\/em>tha ai p\u00ebr emisonin \u201cNj\u00eb got\u00eb rose\u201d.<\/p>\n","protected":false},"excerpt":{"rendered":"<p>Ish-banori i Femra VIP, Valer Kolnikaj, teksa ka qen\u00eb i ftuar n\u00eb nj\u00eb intervist\u00eb ka treguar sesi \u00ebsht\u00eb njohur me bashk\u00ebshorten e tij me t\u00eb cil\u00ebn g\u00ebzon dy f\u00ebmij\u00eb tani. Ai ka treguar se njohja e tyre ka qen\u00eb me shkuesi dhe si pasoj\u00eb e saj ka lindur p\u00eblqimi dhe dashuria mes tyre. \u201cIsha 20 [&hellip;]<\/p>\n","protected":false},"author":2,"featured_media":52754,"comment_status":"closed","ping_status":"closed","sticky":false,"template":"","format":"standard","meta":{"footnotes":""},"categories":[33],"tags":[],"class_list":{"0":"post-52749","1":"post","2":"type-post","3":"status-publish","4":"format-standard","5":"has-post-thumbnail","7":"category-showbiz"},"yoast_head":"<!-- This site is optimized with the Yoast SEO plugin v27.5 - https:\/\/yoast.com\/product\/yoast-seo-wordpress\/ -->\n<title>Ish-banori i Big Brother tregon njohjen me bashk\u00ebshorten: Familjar\u00ebt e saj s\u2019donin q\u00eb ne t\u00eb martoheshim - blogin.al<\/title>\n<meta name=\"robots\" content=\"index, follow, max-snippet:-1, max-image-preview:large, max-video-preview:-1\" \/>\n<link rel=\"canonical\" href=\"https:\/\/blogin.al\/?p=52749\" \/>\n<meta property=\"og:locale\" content=\"en_US\" \/>\n<meta property=\"og:type\" content=\"article\" \/>\n<meta property=\"og:title\" content=\"Ish-banori i Big Brother tregon njohjen me bashk\u00ebshorten: Familjar\u00ebt e saj s\u2019donin q\u00eb ne t\u00eb martoheshim - blogin.al\" \/>\n<meta property=\"og:description\" content=\"Ish-banori i Femra VIP, Valer Kolnikaj, teksa ka qen\u00eb i ftuar n\u00eb nj\u00eb intervist\u00eb ka treguar sesi \u00ebsht\u00eb njohur me bashk\u00ebshorten e tij me t\u00eb cil\u00ebn g\u00ebzon dy f\u00ebmij\u00eb tani. Ai ka treguar se njohja e tyre ka qen\u00eb me shkuesi dhe si pasoj\u00eb e saj ka lindur p\u00eblqimi dhe dashuria mes tyre. \u201cIsha 20 [&hellip;]\" \/>\n<meta property=\"og:url\" content=\"https:\/\/blogin.al\/?p=52749\" \/>\n<meta property=\"og:site_name\" content=\"blogin.al\" \/>\n<meta property=\"article:published_time\" content=\"2024-11-19T13:39:47+00:00\" \/>\n<meta property=\"article:modified_time\" content=\"2024-11-19T13:48:59+00:00\" \/>\n<meta property=\"og:image\" content=\"https:\/\/blogin.al\/wp-content\/uploads\/2024\/11\/valer.jpg\" \/>\n\t<meta property=\"og:image:width\" content=\"1080\" \/>\n\t<meta property=\"og:image:height\" content=\"1350\" \/>\n\t<meta property=\"og:image:type\" content=\"image\/jpeg\" \/>\n<meta name=\"author\" content=\"Blogin al\" \/>\n<meta name=\"twitter:card\" content=\"summary_large_image\" \/>\n<meta name=\"twitter:label1\" content=\"Written by\" \/>\n\t<meta name=\"twitter:data1\" content=\"Blogin al\" \/>\n\t<meta name=\"twitter:label2\" content=\"Est. reading time\" \/>\n\t<meta name=\"twitter:data2\" content=\"2 minutes\" \/>\n<script type=\"application\/ld+json\" class=\"yoast-schema-graph\">{\"@context\":\"https:\\\/\\\/schema.org\",\"@graph\":[{\"@type\":\"Article\",\"@id\":\"https:\\\/\\\/blogin.al\\\/?p=52749#article\",\"isPartOf\":{\"@id\":\"https:\\\/\\\/blogin.al\\\/?p=52749\"},\"author\":{\"name\":\"Blogin al\",\"@id\":\"https:\\\/\\\/blogin.al\\\/#\\\/schema\\\/person\\\/abdd56bc912cd511db877b852b115399\"},\"headline\":\"Ish-banori i Big Brother tregon njohjen me bashk\u00ebshorten: Familjar\u00ebt e saj s\u2019donin q\u00eb ne t\u00eb martoheshim\",\"datePublished\":\"2024-11-19T13:39:47+00:00\",\"dateModified\":\"2024-11-19T13:48:59+00:00\",\"mainEntityOfPage\":{\"@id\":\"https:\\\/\\\/blogin.al\\\/?p=52749\"},\"wordCount\":364,\"publisher\":{\"@id\":\"https:\\\/\\\/blogin.al\\\/#organization\"},\"image\":{\"@id\":\"https:\\\/\\\/blogin.al\\\/?p=52749#primaryimage\"},\"thumbnailUrl\":\"https:\\\/\\\/blogin.al\\\/wp-content\\\/uploads\\\/2024\\\/11\\\/valer.jpg\",\"articleSection\":[\"SHOWBIZ\"],\"inLanguage\":\"en-US\"},{\"@type\":\"WebPage\",\"@id\":\"https:\\\/\\\/blogin.al\\\/?p=52749\",\"url\":\"https:\\\/\\\/blogin.al\\\/?p=52749\",\"name\":\"Ish-banori i Big Brother tregon njohjen me bashk\u00ebshorten: Familjar\u00ebt e saj s\u2019donin q\u00eb ne t\u00eb martoheshim - blogin.al\",\"isPartOf\":{\"@id\":\"https:\\\/\\\/blogin.al\\\/#website\"},\"primaryImageOfPage\":{\"@id\":\"https:\\\/\\\/blogin.al\\\/?p=52749#primaryimage\"},\"image\":{\"@id\":\"https:\\\/\\\/blogin.al\\\/?p=52749#primaryimage\"},\"thumbnailUrl\":\"https:\\\/\\\/blogin.al\\\/wp-content\\\/uploads\\\/2024\\\/11\\\/valer.jpg\",\"datePublished\":\"2024-11-19T13:39:47+00:00\",\"dateModified\":\"2024-11-19T13:48:59+00:00\",\"breadcrumb\":{\"@id\":\"https:\\\/\\\/blogin.al\\\/?p=52749#breadcrumb\"},\"inLanguage\":\"en-US\",\"potentialAction\":[{\"@type\":\"ReadAction\",\"target\":[\"https:\\\/\\\/blogin.al\\\/?p=52749\"]}]},{\"@type\":\"ImageObject\",\"inLanguage\":\"en-US\",\"@id\":\"https:\\\/\\\/blogin.al\\\/?p=52749#primaryimage\",\"url\":\"https:\\\/\\\/blogin.al\\\/wp-content\\\/uploads\\\/2024\\\/11\\\/valer.jpg\",\"contentUrl\":\"https:\\\/\\\/blogin.al\\\/wp-content\\\/uploads\\\/2024\\\/11\\\/valer.jpg\",\"width\":1080,\"height\":1350},{\"@type\":\"BreadcrumbList\",\"@id\":\"https:\\\/\\\/blogin.al\\\/?p=52749#breadcrumb\",\"itemListElement\":[{\"@type\":\"ListItem\",\"position\":1,\"name\":\"Home\",\"item\":\"https:\\\/\\\/blogin.al\\\/\"},{\"@type\":\"ListItem\",\"position\":2,\"name\":\"Ish-banori i Big Brother tregon njohjen me bashk\u00ebshorten: Familjar\u00ebt e saj s\u2019donin q\u00eb ne t\u00eb martoheshim\"}]},{\"@type\":\"WebSite\",\"@id\":\"https:\\\/\\\/blogin.al\\\/#website\",\"url\":\"https:\\\/\\\/blogin.al\\\/\",\"name\":\"blogin.al\",\"description\":\"\",\"publisher\":{\"@id\":\"https:\\\/\\\/blogin.al\\\/#organization\"},\"potentialAction\":[{\"@type\":\"SearchAction\",\"target\":{\"@type\":\"EntryPoint\",\"urlTemplate\":\"https:\\\/\\\/blogin.al\\\/?s={search_term_string}\"},\"query-input\":{\"@type\":\"PropertyValueSpecification\",\"valueRequired\":true,\"valueName\":\"search_term_string\"}}],\"inLanguage\":\"en-US\"},{\"@type\":\"Organization\",\"@id\":\"https:\\\/\\\/blogin.al\\\/#organization\",\"name\":\"BLOGIN.al\",\"url\":\"https:\\\/\\\/blogin.al\\\/\",\"logo\":{\"@type\":\"ImageObject\",\"inLanguage\":\"en-US\",\"@id\":\"https:\\\/\\\/blogin.al\\\/#\\\/schema\\\/logo\\\/image\\\/\",\"url\":\"https:\\\/\\\/blogin.al\\\/wp-content\\\/uploads\\\/2022\\\/05\\\/Untitled-2-01-e1652084456514.png\",\"contentUrl\":\"https:\\\/\\\/blogin.al\\\/wp-content\\\/uploads\\\/2022\\\/05\\\/Untitled-2-01-e1652084456514.png\",\"width\":3723,\"height\":1698,\"caption\":\"BLOGIN.al\"},\"image\":{\"@id\":\"https:\\\/\\\/blogin.al\\\/#\\\/schema\\\/logo\\\/image\\\/\"},\"sameAs\":[\"https:\\\/\\\/instagram.com\\\/blogin.al\\\/\"]},{\"@type\":\"Person\",\"@id\":\"https:\\\/\\\/blogin.al\\\/#\\\/schema\\\/person\\\/abdd56bc912cd511db877b852b115399\",\"name\":\"Blogin al\",\"image\":{\"@type\":\"ImageObject\",\"inLanguage\":\"en-US\",\"@id\":\"https:\\\/\\\/secure.gravatar.com\\\/avatar\\\/60d5661aee6e835fb13dc75d2204cd0c1d61bef2efd137c0083e59ef831e235e?s=96&d=mm&r=g\",\"url\":\"https:\\\/\\\/secure.gravatar.com\\\/avatar\\\/60d5661aee6e835fb13dc75d2204cd0c1d61bef2efd137c0083e59ef831e235e?s=96&d=mm&r=g\",\"contentUrl\":\"https:\\\/\\\/secure.gravatar.com\\\/avatar\\\/60d5661aee6e835fb13dc75d2204cd0c1d61bef2efd137c0083e59ef831e235e?s=96&d=mm&r=g\",\"caption\":\"Blogin al\"},\"sameAs\":[\"https:\\\/\\\/blogin.al\"],\"url\":\"https:\\\/\\\/blogin.al\\\/?author=2\"}]}<\/script>\n<!-- \/ Yoast SEO plugin. -->","yoast_head_json":{"title":"Ish-banori i Big Brother tregon njohjen me bashk\u00ebshorten: Familjar\u00ebt e saj s\u2019donin q\u00eb ne t\u00eb martoheshim - blogin.al","robots":{"index":"index","follow":"follow","max-snippet":"max-snippet:-1","max-image-preview":"max-image-preview:large","max-video-preview":"max-video-preview:-1"},"canonical":"https:\/\/blogin.al\/?p=52749","og_locale":"en_US","og_type":"article","og_title":"Ish-banori i Big Brother tregon njohjen me bashk\u00ebshorten: Familjar\u00ebt e saj s\u2019donin q\u00eb ne t\u00eb martoheshim - blogin.al","og_description":"Ish-banori i Femra VIP, Valer Kolnikaj, teksa ka qen\u00eb i ftuar n\u00eb nj\u00eb intervist\u00eb ka treguar sesi \u00ebsht\u00eb njohur me bashk\u00ebshorten e tij me t\u00eb cil\u00ebn g\u00ebzon dy f\u00ebmij\u00eb tani. Ai ka treguar se njohja e tyre ka qen\u00eb me shkuesi dhe si pasoj\u00eb e saj ka lindur p\u00eblqimi dhe dashuria mes tyre. \u201cIsha 20 [&hellip;]","og_url":"https:\/\/blogin.al\/?p=52749","og_site_name":"blogin.al","article_published_time":"2024-11-19T13:39:47+00:00","article_modified_time":"2024-11-19T13:48:59+00:00","og_image":[{"width":1080,"height":1350,"url":"https:\/\/blogin.al\/wp-content\/uploads\/2024\/11\/valer.jpg","type":"image\/jpeg"}],"author":"Blogin al","twitter_card":"summary_large_image","twitter_misc":{"Written by":"Blogin al","Est. reading time":"2 minutes"},"schema":{"@context":"https:\/\/schema.org","@graph":[{"@type":"Article","@id":"https:\/\/blogin.al\/?p=52749#article","isPartOf":{"@id":"https:\/\/blogin.al\/?p=52749"},"author":{"name":"Blogin al","@id":"https:\/\/blogin.al\/#\/schema\/person\/abdd56bc912cd511db877b852b115399"},"headline":"Ish-banori i Big Brother tregon njohjen me bashk\u00ebshorten: Familjar\u00ebt e saj s\u2019donin q\u00eb ne t\u00eb martoheshim","datePublished":"2024-11-19T13:39:47+00:00","dateModified":"2024-11-19T13:48:59+00:00","mainEntityOfPage":{"@id":"https:\/\/blogin.al\/?p=52749"},"wordCount":364,"publisher":{"@id":"https:\/\/blogin.al\/#organization"},"image":{"@id":"https:\/\/blogin.al\/?p=52749#primaryimage"},"thumbnailUrl":"https:\/\/blogin.al\/wp-content\/uploads\/2024\/11\/valer.jpg","articleSection":["SHOWBIZ"],"inLanguage":"en-US"},{"@type":"WebPage","@id":"https:\/\/blogin.al\/?p=52749","url":"https:\/\/blogin.al\/?p=52749","name":"Ish-banori i Big Brother tregon njohjen me bashk\u00ebshorten: Familjar\u00ebt e saj s\u2019donin q\u00eb ne t\u00eb martoheshim - blogin.al","isPartOf":{"@id":"https:\/\/blogin.al\/#website"},"primaryImageOfPage":{"@id":"https:\/\/blogin.al\/?p=52749#primaryimage"},"image":{"@id":"https:\/\/blogin.al\/?p=52749#primaryimage"},"thumbnailUrl":"https:\/\/blogin.al\/wp-content\/uploads\/2024\/11\/valer.jpg","datePublished":"2024-11-19T13:39:47+00:00","dateModified":"2024-11-19T13:48:59+00:00","breadcrumb":{"@id":"https:\/\/blogin.al\/?p=52749#breadcrumb"},"inLanguage":"en-US","potentialAction":[{"@type":"ReadAction","target":["https:\/\/blogin.al\/?p=52749"]}]},{"@type":"ImageObject","inLanguage":"en-US","@id":"https:\/\/blogin.al\/?p=52749#primaryimage","url":"https:\/\/blogin.al\/wp-content\/uploads\/2024\/11\/valer.jpg","contentUrl":"https:\/\/blogin.al\/wp-content\/uploads\/2024\/11\/valer.jpg","width":1080,"height":1350},{"@type":"BreadcrumbList","@id":"https:\/\/blogin.al\/?p=52749#breadcrumb","itemListElement":[{"@type":"ListItem","position":1,"name":"Home","item":"https:\/\/blogin.al\/"},{"@type":"ListItem","position":2,"name":"Ish-banori i Big Brother tregon njohjen me bashk\u00ebshorten: Familjar\u00ebt e saj s\u2019donin q\u00eb ne t\u00eb martoheshim"}]},{"@type":"WebSite","@id":"https:\/\/blogin.al\/#website","url":"https:\/\/blogin.al\/","name":"blogin.al","description":"","publisher":{"@id":"https:\/\/blogin.al\/#organization"},"potentialAction":[{"@type":"SearchAction","target":{"@type":"EntryPoint","urlTemplate":"https:\/\/blogin.al\/?s={search_term_string}"},"query-input":{"@type":"PropertyValueSpecification","valueRequired":true,"valueName":"search_term_string"}}],"inLanguage":"en-US"},{"@type":"Organization","@id":"https:\/\/blogin.al\/#organization","name":"BLOGIN.al","url":"https:\/\/blogin.al\/","logo":{"@type":"ImageObject","inLanguage":"en-US","@id":"https:\/\/blogin.al\/#\/schema\/logo\/image\/","url":"https:\/\/blogin.al\/wp-content\/uploads\/2022\/05\/Untitled-2-01-e1652084456514.png","contentUrl":"https:\/\/blogin.al\/wp-content\/uploads\/2022\/05\/Untitled-2-01-e1652084456514.png","width":3723,"height":1698,"caption":"BLOGIN.al"},"image":{"@id":"https:\/\/blogin.al\/#\/schema\/logo\/image\/"},"sameAs":["https:\/\/instagram.com\/blogin.al\/"]},{"@type":"Person","@id":"https:\/\/blogin.al\/#\/schema\/person\/abdd56bc912cd511db877b852b115399","name":"Blogin al","image":{"@type":"ImageObject","inLanguage":"en-US","@id":"https:\/\/secure.gravatar.com\/avatar\/60d5661aee6e835fb13dc75d2204cd0c1d61bef2efd137c0083e59ef831e235e?s=96&d=mm&r=g","url":"https:\/\/secure.gravatar.com\/avatar\/60d5661aee6e835fb13dc75d2204cd0c1d61bef2efd137c0083e59ef831e235e?s=96&d=mm&r=g","contentUrl":"https:\/\/secure.gravatar.com\/avatar\/60d5661aee6e835fb13dc75d2204cd0c1d61bef2efd137c0083e59ef831e235e?s=96&d=mm&r=g","caption":"Blogin al"},"sameAs":["https:\/\/blogin.al"],"url":"https:\/\/blogin.al\/?author=2"}]}},"_links":{"self":[{"href":"https:\/\/blogin.al\/index.php?rest_route=\/wp\/v2\/posts\/52749","targetHints":{"allow":["GET"]}}],"collection":[{"href":"https:\/\/blogin.al\/index.php?rest_route=\/wp\/v2\/posts"}],"about":[{"href":"https:\/\/blogin.al\/index.php?rest_route=\/wp\/v2\/types\/post"}],"author":[{"embeddable":true,"href":"https:\/\/blogin.al\/index.php?rest_route=\/wp\/v2\/users\/2"}],"replies":[{"embeddable":true,"href":"https:\/\/blogin.al\/index.php?rest_route=%2Fwp%2Fv2%2Fcomments&post=52749"}],"version-history":[{"count":1,"href":"https:\/\/blogin.al\/index.php?rest_route=\/wp\/v2\/posts\/52749\/revisions"}],"predecessor-version":[{"id":52750,"href":"https:\/\/blogin.al\/index.php?rest_route=\/wp\/v2\/posts\/52749\/revisions\/52750"}],"wp:featuredmedia":[{"embeddable":true,"href":"https:\/\/blogin.al\/index.php?rest_route=\/wp\/v2\/media\/52754"}],"wp:attachment":[{"href":"https:\/\/blogin.al\/index.php?rest_route=%2Fwp%2Fv2%2Fmedia&parent=52749"}],"wp:term":[{"taxonomy":"category","embeddable":true,"href":"https:\/\/blogin.al\/index.php?rest_route=%2Fwp%2Fv2%2Fcategories&post=52749"},{"taxonomy":"post_tag","embeddable":true,"href":"https:\/\/blogin.al\/index.php?rest_route=%2Fwp%2Fv2%2Ftags&post=52749"}],"curies":[{"name":"wp","href":"https:\/\/api.w.org\/{rel}","templated":true}]}}