{"id":52772,"date":"2024-11-20T12:32:54","date_gmt":"2024-11-20T12:32:54","guid":{"rendered":"https:\/\/blogin.al\/?p=52772"},"modified":"2024-11-20T12:49:49","modified_gmt":"2024-11-20T12:49:49","slug":"nje-muaj-pas-ngjarjes-tragjike-mbahet-ceremonia-mortore-e-liam-payne-ne-angli","status":"publish","type":"post","link":"https:\/\/blogin.al\/?p=52772","title":{"rendered":"Nj\u00eb muaj pas ngjarjes tragjike mbahet ceremonia mortore e Liam Payne n\u00eb Angli"},"content":{"rendered":"\n<p>Varrimi i k\u00ebng\u00ebtarit t\u00eb njohur t\u00eb One Direction, Liam Payne, do t\u00eb mbahet dit\u00ebn e sotme (20 n\u00ebntor), pak m\u00eb shum\u00eb se nj\u00eb muaj pas ndarjes s\u00eb tij nga jeta n\u00eb mosh\u00ebn 31-vje\u00e7are.<\/p>\n\n\n\n<figure class=\"wp-block-image is-style-default\"><img decoding=\"async\" src=\"https:\/\/www.panorama.com.al\/panoramaplus\/wp-content\/uploads\/2024\/10\/liam-3.jpg\" alt=\"\" class=\"wp-image-296686\"\/><\/figure>\n\n\n\n<figure class=\"wp-block-image is-style-default\"><img decoding=\"async\" src=\"https:\/\/ads2.panorama.com.al\/www\/delivery\/lg.php?bannerid=0&amp;campaignid=0&amp;zoneid=882&amp;loc=https%3A%2F%2Fwww.panorama.com.al%2Fpanoramaplus%2Fgjeti-vdekjen-pasi-ra-nga-ballkoni-i-nje-hoteli-nje-muaj-pas-ngjarjes-tragjike-mbahet-ceremonia-mortore-e-liam-payne-ne-angli%2F&amp;referer=https%3A%2F%2Fwww.panorama.com.al%2Fpanoramaplus%2Fcategory%2Flajmi-vip%2F&amp;cb=d4494bd80c\" alt=\"\"\/><\/figure>\n\n\n\n<p>Ish-an\u00ebtar\u00ebt e grupit t\u00eb tij pritet t\u00eb marrin pjes\u00eb n\u00eb ceremonin\u00eb private q\u00eb do t\u00eb zhvillohet n\u00eb nj\u00eb zon\u00eb t\u00eb qet\u00eb n\u00eb Angli, s\u00eb bashku me familjen dhe miqt\u00eb m\u00eb t\u00eb af\u00ebrt, shkruan BBC.<\/p>\n\n\n\n<p>K\u00ebng\u00ebtari nd\u00ebrroi jet\u00eb tre jav\u00eb m\u00eb par\u00eb pas r\u00ebnies nga ballkoni i katit t\u00eb tret\u00eb t\u00eb nj\u00eb hoteli n\u00eb Buenos Aires, Argjentin\u00eb. Autopsia konfirmoi se ai kishte p\u00ebsuar hemorragji t\u00eb brendshme dhe t\u00eb jashtme, si dhe d\u00ebmtime t\u00eb shumta traumatike p\u00ebr shkak t\u00eb r\u00ebnies.<\/p>\n\n\n\n<p>N\u00eb nj\u00eb deklarat\u00eb t\u00eb shkurt\u00ebr pas vdekjes s\u00eb tij, familja e Liam tha: \u201cJemi t\u00eb shkat\u00ebrruar. Liam do t\u00eb jetoj\u00eb gjithmon\u00eb n\u00eb zemrat tona dhe do ta kujtojm\u00eb p\u00ebr shpirtin e tij t\u00eb mir\u00eb, humorin dhe guximin e tij\u201d.<\/p>\n\n\n\n<p>Liam Payne ishte nj\u00eb nga emrat m\u00eb t\u00eb njohur t\u00eb muzik\u00ebs pop, pasi u b\u00eb i famsh\u00ebm p\u00ebrmes emisionit X Factor n\u00eb fillim t\u00eb viteve 2010. Megjith\u00ebse grupi p\u00ebrfundoi n\u00eb vend t\u00eb tret\u00eb n\u00eb gar\u00eb, One Direction u b\u00eb grupi m\u00eb i madh britanik q\u00eb nga koha e Beatles. Gjat\u00eb pes\u00eb viteve t\u00eb karrier\u00ebs s\u00eb tyre, ata shit\u00ebn 70 milion\u00eb nj\u00ebsi me albumin tyre, duke p\u00ebrfshir\u00eb kat\u00ebr k\u00ebng\u00eb dhe kat\u00ebr albume q\u00eb arrit\u00ebn n\u00eb vendin e par\u00eb n\u00eb Mbret\u00ebrin\u00eb e Bashkuar.<\/p>\n\n\n\n<p>Payne, i cili ishte bashk\u00ebshkrues i shum\u00eb prej hiteve t\u00eb grupit, arriti sukses edhe si artist solo me k\u00ebng\u00eb si \u201cStrip That Do\u00ebn\u201d dhe \u201cBedroom Floor\u201d. Ai l\u00eb pas prind\u00ebrit, dy motrat dhe djalin e tij Bear, t\u00eb cilin e kishte me k\u00ebng\u00ebtaren e grupit \u201cGirls Aloud\u201d, Cheryl.<\/p>\n\n\n\n<p>E dashura e tij n\u00eb koh\u00ebn e ndarjes nga jeta, Kate Cassidy, gjithashtu pritet t\u00eb jet\u00eb e pranishme n\u00eb varrimin q\u00eb do t\u00eb mbahet t\u00eb m\u00ebrkur\u00ebn.<\/p>\n","protected":false},"excerpt":{"rendered":"<p>Varrimi i k\u00ebng\u00ebtarit t\u00eb njohur t\u00eb One Direction, Liam Payne, do t\u00eb mbahet dit\u00ebn e sotme (20 n\u00ebntor), pak m\u00eb shum\u00eb se nj\u00eb muaj pas ndarjes s\u00eb tij nga jeta n\u00eb mosh\u00ebn 31-vje\u00e7are. Ish-an\u00ebtar\u00ebt e grupit t\u00eb tij pritet t\u00eb marrin pjes\u00eb n\u00eb ceremonin\u00eb private q\u00eb do t\u00eb zhvillohet n\u00eb nj\u00eb zon\u00eb t\u00eb qet\u00eb n\u00eb [&hellip;]<\/p>\n","protected":false},"author":2,"featured_media":52776,"comment_status":"closed","ping_status":"closed","sticky":false,"template":"","format":"standard","meta":{"footnotes":""},"categories":[33],"tags":[],"class_list":{"0":"post-52772","1":"post","2":"type-post","3":"status-publish","4":"format-standard","5":"has-post-thumbnail","7":"category-showbiz"},"yoast_head":"<!-- This site is optimized with the Yoast SEO plugin v27.5 - https:\/\/yoast.com\/product\/yoast-seo-wordpress\/ -->\n<title>Nj\u00eb muaj pas ngjarjes tragjike mbahet ceremonia mortore e Liam Payne n\u00eb Angli - blogin.al<\/title>\n<meta name=\"robots\" content=\"index, follow, max-snippet:-1, max-image-preview:large, max-video-preview:-1\" \/>\n<link rel=\"canonical\" href=\"https:\/\/blogin.al\/?p=52772\" \/>\n<meta property=\"og:locale\" content=\"en_US\" \/>\n<meta property=\"og:type\" content=\"article\" \/>\n<meta property=\"og:title\" content=\"Nj\u00eb muaj pas ngjarjes tragjike mbahet ceremonia mortore e Liam Payne n\u00eb Angli - blogin.al\" \/>\n<meta property=\"og:description\" content=\"Varrimi i k\u00ebng\u00ebtarit t\u00eb njohur t\u00eb One Direction, Liam Payne, do t\u00eb mbahet dit\u00ebn e sotme (20 n\u00ebntor), pak m\u00eb shum\u00eb se nj\u00eb muaj pas ndarjes s\u00eb tij nga jeta n\u00eb mosh\u00ebn 31-vje\u00e7are. Ish-an\u00ebtar\u00ebt e grupit t\u00eb tij pritet t\u00eb marrin pjes\u00eb n\u00eb ceremonin\u00eb private q\u00eb do t\u00eb zhvillohet n\u00eb nj\u00eb zon\u00eb t\u00eb qet\u00eb n\u00eb [&hellip;]\" \/>\n<meta property=\"og:url\" content=\"https:\/\/blogin.al\/?p=52772\" \/>\n<meta property=\"og:site_name\" content=\"blogin.al\" \/>\n<meta property=\"article:published_time\" content=\"2024-11-20T12:32:54+00:00\" \/>\n<meta property=\"article:modified_time\" content=\"2024-11-20T12:49:49+00:00\" \/>\n<meta property=\"og:image\" content=\"https:\/\/blogin.al\/wp-content\/uploads\/2024\/11\/MV5BMjM1NTA0NDYzM15BMl5BanBnXkFtZTgwNzg5OTYyNjM40._V1_FMjpg_UX1000_-2.jpg\" \/>\n\t<meta property=\"og:image:width\" content=\"1000\" \/>\n\t<meta property=\"og:image:height\" content=\"1500\" \/>\n\t<meta property=\"og:image:type\" content=\"image\/jpeg\" \/>\n<meta name=\"author\" content=\"Blogin al\" \/>\n<meta name=\"twitter:card\" content=\"summary_large_image\" \/>\n<meta name=\"twitter:label1\" content=\"Written by\" \/>\n\t<meta name=\"twitter:data1\" content=\"Blogin al\" \/>\n\t<meta name=\"twitter:label2\" content=\"Est. reading time\" \/>\n\t<meta name=\"twitter:data2\" content=\"2 minutes\" \/>\n<script type=\"application\/ld+json\" class=\"yoast-schema-graph\">{\"@context\":\"https:\\\/\\\/schema.org\",\"@graph\":[{\"@type\":\"Article\",\"@id\":\"https:\\\/\\\/blogin.al\\\/?p=52772#article\",\"isPartOf\":{\"@id\":\"https:\\\/\\\/blogin.al\\\/?p=52772\"},\"author\":{\"name\":\"Blogin al\",\"@id\":\"https:\\\/\\\/blogin.al\\\/#\\\/schema\\\/person\\\/abdd56bc912cd511db877b852b115399\"},\"headline\":\"Nj\u00eb muaj pas ngjarjes tragjike mbahet ceremonia mortore e Liam Payne n\u00eb Angli\",\"datePublished\":\"2024-11-20T12:32:54+00:00\",\"dateModified\":\"2024-11-20T12:49:49+00:00\",\"mainEntityOfPage\":{\"@id\":\"https:\\\/\\\/blogin.al\\\/?p=52772\"},\"wordCount\":358,\"publisher\":{\"@id\":\"https:\\\/\\\/blogin.al\\\/#organization\"},\"image\":{\"@id\":\"https:\\\/\\\/blogin.al\\\/?p=52772#primaryimage\"},\"thumbnailUrl\":\"https:\\\/\\\/blogin.al\\\/wp-content\\\/uploads\\\/2024\\\/11\\\/MV5BMjM1NTA0NDYzM15BMl5BanBnXkFtZTgwNzg5OTYyNjM40._V1_FMjpg_UX1000_-2.jpg\",\"articleSection\":[\"SHOWBIZ\"],\"inLanguage\":\"en-US\"},{\"@type\":\"WebPage\",\"@id\":\"https:\\\/\\\/blogin.al\\\/?p=52772\",\"url\":\"https:\\\/\\\/blogin.al\\\/?p=52772\",\"name\":\"Nj\u00eb muaj pas ngjarjes tragjike mbahet ceremonia mortore e Liam Payne n\u00eb Angli - blogin.al\",\"isPartOf\":{\"@id\":\"https:\\\/\\\/blogin.al\\\/#website\"},\"primaryImageOfPage\":{\"@id\":\"https:\\\/\\\/blogin.al\\\/?p=52772#primaryimage\"},\"image\":{\"@id\":\"https:\\\/\\\/blogin.al\\\/?p=52772#primaryimage\"},\"thumbnailUrl\":\"https:\\\/\\\/blogin.al\\\/wp-content\\\/uploads\\\/2024\\\/11\\\/MV5BMjM1NTA0NDYzM15BMl5BanBnXkFtZTgwNzg5OTYyNjM40._V1_FMjpg_UX1000_-2.jpg\",\"datePublished\":\"2024-11-20T12:32:54+00:00\",\"dateModified\":\"2024-11-20T12:49:49+00:00\",\"breadcrumb\":{\"@id\":\"https:\\\/\\\/blogin.al\\\/?p=52772#breadcrumb\"},\"inLanguage\":\"en-US\",\"potentialAction\":[{\"@type\":\"ReadAction\",\"target\":[\"https:\\\/\\\/blogin.al\\\/?p=52772\"]}]},{\"@type\":\"ImageObject\",\"inLanguage\":\"en-US\",\"@id\":\"https:\\\/\\\/blogin.al\\\/?p=52772#primaryimage\",\"url\":\"https:\\\/\\\/blogin.al\\\/wp-content\\\/uploads\\\/2024\\\/11\\\/MV5BMjM1NTA0NDYzM15BMl5BanBnXkFtZTgwNzg5OTYyNjM40._V1_FMjpg_UX1000_-2.jpg\",\"contentUrl\":\"https:\\\/\\\/blogin.al\\\/wp-content\\\/uploads\\\/2024\\\/11\\\/MV5BMjM1NTA0NDYzM15BMl5BanBnXkFtZTgwNzg5OTYyNjM40._V1_FMjpg_UX1000_-2.jpg\",\"width\":1000,\"height\":1500},{\"@type\":\"BreadcrumbList\",\"@id\":\"https:\\\/\\\/blogin.al\\\/?p=52772#breadcrumb\",\"itemListElement\":[{\"@type\":\"ListItem\",\"position\":1,\"name\":\"Home\",\"item\":\"https:\\\/\\\/blogin.al\\\/\"},{\"@type\":\"ListItem\",\"position\":2,\"name\":\"Nj\u00eb muaj pas ngjarjes tragjike mbahet ceremonia mortore e Liam Payne n\u00eb Angli\"}]},{\"@type\":\"WebSite\",\"@id\":\"https:\\\/\\\/blogin.al\\\/#website\",\"url\":\"https:\\\/\\\/blogin.al\\\/\",\"name\":\"blogin.al\",\"description\":\"\",\"publisher\":{\"@id\":\"https:\\\/\\\/blogin.al\\\/#organization\"},\"potentialAction\":[{\"@type\":\"SearchAction\",\"target\":{\"@type\":\"EntryPoint\",\"urlTemplate\":\"https:\\\/\\\/blogin.al\\\/?s={search_term_string}\"},\"query-input\":{\"@type\":\"PropertyValueSpecification\",\"valueRequired\":true,\"valueName\":\"search_term_string\"}}],\"inLanguage\":\"en-US\"},{\"@type\":\"Organization\",\"@id\":\"https:\\\/\\\/blogin.al\\\/#organization\",\"name\":\"BLOGIN.al\",\"url\":\"https:\\\/\\\/blogin.al\\\/\",\"logo\":{\"@type\":\"ImageObject\",\"inLanguage\":\"en-US\",\"@id\":\"https:\\\/\\\/blogin.al\\\/#\\\/schema\\\/logo\\\/image\\\/\",\"url\":\"https:\\\/\\\/blogin.al\\\/wp-content\\\/uploads\\\/2022\\\/05\\\/Untitled-2-01-e1652084456514.png\",\"contentUrl\":\"https:\\\/\\\/blogin.al\\\/wp-content\\\/uploads\\\/2022\\\/05\\\/Untitled-2-01-e1652084456514.png\",\"width\":3723,\"height\":1698,\"caption\":\"BLOGIN.al\"},\"image\":{\"@id\":\"https:\\\/\\\/blogin.al\\\/#\\\/schema\\\/logo\\\/image\\\/\"},\"sameAs\":[\"https:\\\/\\\/instagram.com\\\/blogin.al\\\/\"]},{\"@type\":\"Person\",\"@id\":\"https:\\\/\\\/blogin.al\\\/#\\\/schema\\\/person\\\/abdd56bc912cd511db877b852b115399\",\"name\":\"Blogin al\",\"image\":{\"@type\":\"ImageObject\",\"inLanguage\":\"en-US\",\"@id\":\"https:\\\/\\\/secure.gravatar.com\\\/avatar\\\/60d5661aee6e835fb13dc75d2204cd0c1d61bef2efd137c0083e59ef831e235e?s=96&d=mm&r=g\",\"url\":\"https:\\\/\\\/secure.gravatar.com\\\/avatar\\\/60d5661aee6e835fb13dc75d2204cd0c1d61bef2efd137c0083e59ef831e235e?s=96&d=mm&r=g\",\"contentUrl\":\"https:\\\/\\\/secure.gravatar.com\\\/avatar\\\/60d5661aee6e835fb13dc75d2204cd0c1d61bef2efd137c0083e59ef831e235e?s=96&d=mm&r=g\",\"caption\":\"Blogin al\"},\"sameAs\":[\"https:\\\/\\\/blogin.al\"],\"url\":\"https:\\\/\\\/blogin.al\\\/?author=2\"}]}<\/script>\n<!-- \/ Yoast SEO plugin. -->","yoast_head_json":{"title":"Nj\u00eb muaj pas ngjarjes tragjike mbahet ceremonia mortore e Liam Payne n\u00eb Angli - blogin.al","robots":{"index":"index","follow":"follow","max-snippet":"max-snippet:-1","max-image-preview":"max-image-preview:large","max-video-preview":"max-video-preview:-1"},"canonical":"https:\/\/blogin.al\/?p=52772","og_locale":"en_US","og_type":"article","og_title":"Nj\u00eb muaj pas ngjarjes tragjike mbahet ceremonia mortore e Liam Payne n\u00eb Angli - blogin.al","og_description":"Varrimi i k\u00ebng\u00ebtarit t\u00eb njohur t\u00eb One Direction, Liam Payne, do t\u00eb mbahet dit\u00ebn e sotme (20 n\u00ebntor), pak m\u00eb shum\u00eb se nj\u00eb muaj pas ndarjes s\u00eb tij nga jeta n\u00eb mosh\u00ebn 31-vje\u00e7are. Ish-an\u00ebtar\u00ebt e grupit t\u00eb tij pritet t\u00eb marrin pjes\u00eb n\u00eb ceremonin\u00eb private q\u00eb do t\u00eb zhvillohet n\u00eb nj\u00eb zon\u00eb t\u00eb qet\u00eb n\u00eb [&hellip;]","og_url":"https:\/\/blogin.al\/?p=52772","og_site_name":"blogin.al","article_published_time":"2024-11-20T12:32:54+00:00","article_modified_time":"2024-11-20T12:49:49+00:00","og_image":[{"width":1000,"height":1500,"url":"https:\/\/blogin.al\/wp-content\/uploads\/2024\/11\/MV5BMjM1NTA0NDYzM15BMl5BanBnXkFtZTgwNzg5OTYyNjM40._V1_FMjpg_UX1000_-2.jpg","type":"image\/jpeg"}],"author":"Blogin al","twitter_card":"summary_large_image","twitter_misc":{"Written by":"Blogin al","Est. reading time":"2 minutes"},"schema":{"@context":"https:\/\/schema.org","@graph":[{"@type":"Article","@id":"https:\/\/blogin.al\/?p=52772#article","isPartOf":{"@id":"https:\/\/blogin.al\/?p=52772"},"author":{"name":"Blogin al","@id":"https:\/\/blogin.al\/#\/schema\/person\/abdd56bc912cd511db877b852b115399"},"headline":"Nj\u00eb muaj pas ngjarjes tragjike mbahet ceremonia mortore e Liam Payne n\u00eb Angli","datePublished":"2024-11-20T12:32:54+00:00","dateModified":"2024-11-20T12:49:49+00:00","mainEntityOfPage":{"@id":"https:\/\/blogin.al\/?p=52772"},"wordCount":358,"publisher":{"@id":"https:\/\/blogin.al\/#organization"},"image":{"@id":"https:\/\/blogin.al\/?p=52772#primaryimage"},"thumbnailUrl":"https:\/\/blogin.al\/wp-content\/uploads\/2024\/11\/MV5BMjM1NTA0NDYzM15BMl5BanBnXkFtZTgwNzg5OTYyNjM40._V1_FMjpg_UX1000_-2.jpg","articleSection":["SHOWBIZ"],"inLanguage":"en-US"},{"@type":"WebPage","@id":"https:\/\/blogin.al\/?p=52772","url":"https:\/\/blogin.al\/?p=52772","name":"Nj\u00eb muaj pas ngjarjes tragjike mbahet ceremonia mortore e Liam Payne n\u00eb Angli - blogin.al","isPartOf":{"@id":"https:\/\/blogin.al\/#website"},"primaryImageOfPage":{"@id":"https:\/\/blogin.al\/?p=52772#primaryimage"},"image":{"@id":"https:\/\/blogin.al\/?p=52772#primaryimage"},"thumbnailUrl":"https:\/\/blogin.al\/wp-content\/uploads\/2024\/11\/MV5BMjM1NTA0NDYzM15BMl5BanBnXkFtZTgwNzg5OTYyNjM40._V1_FMjpg_UX1000_-2.jpg","datePublished":"2024-11-20T12:32:54+00:00","dateModified":"2024-11-20T12:49:49+00:00","breadcrumb":{"@id":"https:\/\/blogin.al\/?p=52772#breadcrumb"},"inLanguage":"en-US","potentialAction":[{"@type":"ReadAction","target":["https:\/\/blogin.al\/?p=52772"]}]},{"@type":"ImageObject","inLanguage":"en-US","@id":"https:\/\/blogin.al\/?p=52772#primaryimage","url":"https:\/\/blogin.al\/wp-content\/uploads\/2024\/11\/MV5BMjM1NTA0NDYzM15BMl5BanBnXkFtZTgwNzg5OTYyNjM40._V1_FMjpg_UX1000_-2.jpg","contentUrl":"https:\/\/blogin.al\/wp-content\/uploads\/2024\/11\/MV5BMjM1NTA0NDYzM15BMl5BanBnXkFtZTgwNzg5OTYyNjM40._V1_FMjpg_UX1000_-2.jpg","width":1000,"height":1500},{"@type":"BreadcrumbList","@id":"https:\/\/blogin.al\/?p=52772#breadcrumb","itemListElement":[{"@type":"ListItem","position":1,"name":"Home","item":"https:\/\/blogin.al\/"},{"@type":"ListItem","position":2,"name":"Nj\u00eb muaj pas ngjarjes tragjike mbahet ceremonia mortore e Liam Payne n\u00eb Angli"}]},{"@type":"WebSite","@id":"https:\/\/blogin.al\/#website","url":"https:\/\/blogin.al\/","name":"blogin.al","description":"","publisher":{"@id":"https:\/\/blogin.al\/#organization"},"potentialAction":[{"@type":"SearchAction","target":{"@type":"EntryPoint","urlTemplate":"https:\/\/blogin.al\/?s={search_term_string}"},"query-input":{"@type":"PropertyValueSpecification","valueRequired":true,"valueName":"search_term_string"}}],"inLanguage":"en-US"},{"@type":"Organization","@id":"https:\/\/blogin.al\/#organization","name":"BLOGIN.al","url":"https:\/\/blogin.al\/","logo":{"@type":"ImageObject","inLanguage":"en-US","@id":"https:\/\/blogin.al\/#\/schema\/logo\/image\/","url":"https:\/\/blogin.al\/wp-content\/uploads\/2022\/05\/Untitled-2-01-e1652084456514.png","contentUrl":"https:\/\/blogin.al\/wp-content\/uploads\/2022\/05\/Untitled-2-01-e1652084456514.png","width":3723,"height":1698,"caption":"BLOGIN.al"},"image":{"@id":"https:\/\/blogin.al\/#\/schema\/logo\/image\/"},"sameAs":["https:\/\/instagram.com\/blogin.al\/"]},{"@type":"Person","@id":"https:\/\/blogin.al\/#\/schema\/person\/abdd56bc912cd511db877b852b115399","name":"Blogin al","image":{"@type":"ImageObject","inLanguage":"en-US","@id":"https:\/\/secure.gravatar.com\/avatar\/60d5661aee6e835fb13dc75d2204cd0c1d61bef2efd137c0083e59ef831e235e?s=96&d=mm&r=g","url":"https:\/\/secure.gravatar.com\/avatar\/60d5661aee6e835fb13dc75d2204cd0c1d61bef2efd137c0083e59ef831e235e?s=96&d=mm&r=g","contentUrl":"https:\/\/secure.gravatar.com\/avatar\/60d5661aee6e835fb13dc75d2204cd0c1d61bef2efd137c0083e59ef831e235e?s=96&d=mm&r=g","caption":"Blogin al"},"sameAs":["https:\/\/blogin.al"],"url":"https:\/\/blogin.al\/?author=2"}]}},"_links":{"self":[{"href":"https:\/\/blogin.al\/index.php?rest_route=\/wp\/v2\/posts\/52772","targetHints":{"allow":["GET"]}}],"collection":[{"href":"https:\/\/blogin.al\/index.php?rest_route=\/wp\/v2\/posts"}],"about":[{"href":"https:\/\/blogin.al\/index.php?rest_route=\/wp\/v2\/types\/post"}],"author":[{"embeddable":true,"href":"https:\/\/blogin.al\/index.php?rest_route=\/wp\/v2\/users\/2"}],"replies":[{"embeddable":true,"href":"https:\/\/blogin.al\/index.php?rest_route=%2Fwp%2Fv2%2Fcomments&post=52772"}],"version-history":[{"count":1,"href":"https:\/\/blogin.al\/index.php?rest_route=\/wp\/v2\/posts\/52772\/revisions"}],"predecessor-version":[{"id":52773,"href":"https:\/\/blogin.al\/index.php?rest_route=\/wp\/v2\/posts\/52772\/revisions\/52773"}],"wp:featuredmedia":[{"embeddable":true,"href":"https:\/\/blogin.al\/index.php?rest_route=\/wp\/v2\/media\/52776"}],"wp:attachment":[{"href":"https:\/\/blogin.al\/index.php?rest_route=%2Fwp%2Fv2%2Fmedia&parent=52772"}],"wp:term":[{"taxonomy":"category","embeddable":true,"href":"https:\/\/blogin.al\/index.php?rest_route=%2Fwp%2Fv2%2Fcategories&post=52772"},{"taxonomy":"post_tag","embeddable":true,"href":"https:\/\/blogin.al\/index.php?rest_route=%2Fwp%2Fv2%2Ftags&post=52772"}],"curies":[{"name":"wp","href":"https:\/\/api.w.org\/{rel}","templated":true}]}}