{"id":52864,"date":"2024-11-23T10:06:36","date_gmt":"2024-11-23T10:06:36","guid":{"rendered":"https:\/\/blogin.al\/?p=52864"},"modified":"2024-11-23T10:15:55","modified_gmt":"2024-11-23T10:15:55","slug":"sjemi-ketu-per-tu-ribashkuar-si-cift-por-kengetarja-ben-paqe-me-ish-bashkeshortin","status":"publish","type":"post","link":"https:\/\/blogin.al\/?p=52864","title":{"rendered":"\u201cS\u2019jemi k\u00ebtu p\u00ebr t\u2019u ribashkuar si \u00e7ift, por\u2026\u201d- K\u00ebng\u00ebtarja b\u00ebn paqe me ish-bashk\u00ebshortin!"},"content":{"rendered":"\n<p>Ish- bashk\u00ebshorti i Drenusha Latifit, Atilla Kartesh, mbr\u00ebmjen e djeshme (22 n\u00ebntor) i ka b\u00ebr\u00eb nj\u00eb surpriz\u00eb k\u00ebng\u00ebtares duke e ftuar n\u00eb nj\u00eb dark\u00eb speciale n\u00eb BBV.<\/p>\n\n\n\n<p>T\u00eb dy ata kan\u00eb qen\u00eb n\u00eb qend\u00ebr t\u00eb mediave roz\u00eb p\u00ebr shkak se disa dit\u00eb m\u00eb par\u00eb Atilla, i akuzuar p\u00ebr dhun\u00eb ndaj Drenush\u00ebs, u fut n\u00eb reality show.<\/p>\n\n\n\n<p>Mir\u00ebpo q\u00ebndrimi i tij aty nuk zgjati shum\u00eb pasi pati nj\u00eb reagim t\u00eb madh nga publiku dhe jo vet\u00ebm, p\u00ebr ta larguar Atill\u00ebn nga banorja e BBV.<\/p>\n\n\n\n<p>Megjithat\u00eb, n\u00eb k\u00ebt\u00eb takim, ata treguan se marr\u00ebdh\u00ebnia mes tyre ka hyr\u00eb n\u00eb nj\u00eb faz\u00eb t\u00eb re, m\u00eb t\u00eb qet\u00eb, p\u00ebr hir t\u00eb dy f\u00ebmij\u00ebve t\u00eb tyre.<\/p>\n\n\n\n<p>Dark\u00ebn e shoq\u00ebroi nj\u00eb bised\u00eb emocionale mes ish-partner\u00ebve, ku t\u00eb dy pranuan gabimet e s\u00eb kaluar\u00ebs dhe u shpreh\u00ebn t\u00eb vendosur p\u00ebr t\u00eb krijuar nj\u00eb raport pozitiv p\u00ebr f\u00ebmij\u00ebt e tyre.<\/p>\n\n\n\n<p>Atilla tha se kishte ardhur p\u00ebr t\u00eb treguar mb\u00ebshtetjen e tij ndaj Drenush\u00ebs dhe p\u00ebr t\u2019i dh\u00ebn\u00eb fund situatave jo t\u00eb k\u00ebndshme q\u00eb i kishin shoq\u00ebruar vitet e fundit.<\/p>\n\n\n\n<p><em>\u201cNuk jemi k\u00ebtu p\u00ebr t\u2019u ribashkuar si \u00e7ift, por si prind\u00ebr q\u00eb duan t\u00eb b\u00ebjn\u00eb m\u00eb t\u00eb mir\u00ebn p\u00ebr f\u00ebmij\u00ebt e tyre\u201d,<\/em>&nbsp;tha ai.<\/p>\n\n\n\n<p>Drenusha, e cila u duk mjaft e emociouar, falenderoi Atill\u00ebn p\u00ebr surpriz\u00ebn teksa theksoi r\u00ebnd\u00ebsin\u00eb e bashk\u00ebpunimit t\u00eb tyre si prind\u00ebr.<\/p>\n\n\n\n<p><em>\u201cT\u00eb dy e dim p\u00ebr \u00e7far\u00eb jemi k\u00ebtu, edhe un\u00eb edhe ti. Uroj q\u00eb t\u00eb gjejm\u00eb nj\u00eb bashk\u00ebpunim sa m\u00eb t\u00eb mir\u00eb p\u00ebr t\u00eb dy f\u00ebmij\u00ebt tan\u00eb, q\u00eb se kemi gjetur prej dy vitesh tashm\u00eb. Jam shum\u00eb e gatshme q\u00eb ne t\u00eb dy t\u00eb kemi nj\u00eb bashk\u00ebpunim p\u00ebrsa u p\u00ebrket f\u00ebmijeve,\u201d<\/em>&nbsp;u shpreh Drenusha.<\/p>\n\n\n\n<figure class=\"wp-block-image is-style-default\"><img decoding=\"async\" src=\"https:\/\/www.panorama.com.al\/panoramaplus\/wp-content\/uploads\/2024\/11\/atilla.jpg\" alt=\"\" class=\"wp-image-299152\"\/><\/figure>\n\n\n\n<p>Nd\u00ebr t\u00eb tjera ajo shtoi edhe disa fjal\u00eb p\u00ebr partneren e re t\u00eb Atill\u00ebs ku i uroi k\u00ebtij t\u00eb fundit fat me t\u00eb dhe e falenderoi p\u00ebr kujdesin ndaj f\u00ebmij\u00ebve t\u00eb saj.<\/p>\n\n\n\n<figure class=\"wp-block-image is-style-default\"><img decoding=\"async\" src=\"https:\/\/www.panorama.com.al\/panoramaplus\/wp-content\/uploads\/2024\/11\/drenusha-latifi-atilla21.jpg\" alt=\"\" class=\"wp-image-299153\"\/><\/figure>\n\n\n\n<p><em>\u201cDua t\u00eb uroj fat n\u00eb jet\u00eb me personin q\u00eb e ke zgjedhur. P\u00ebr ta kuptuar publiku se ne nuk kemi interes p\u00ebr t\u00eb pasur nj\u00eb lidhje. E fal\u00ebnderoj at\u00eb p\u00ebr kujdesin ndaj f\u00ebmij\u00ebve. Un\u00eb kam vet\u00ebm nj\u00eb mesazh, le t\u00eb b\u00ebhet shoqe e f\u00ebmij\u00ebve, por n\u00ebna mbes un\u00eb, mos ta harroj asnj\u00ebher\u00eb\u201d,<\/em>&nbsp;tha ish missi.<\/p>\n","protected":false},"excerpt":{"rendered":"<p>Ish- bashk\u00ebshorti i Drenusha Latifit, Atilla Kartesh, mbr\u00ebmjen e djeshme (22 n\u00ebntor) i ka b\u00ebr\u00eb nj\u00eb surpriz\u00eb k\u00ebng\u00ebtares duke e ftuar n\u00eb nj\u00eb dark\u00eb speciale n\u00eb BBV. T\u00eb dy ata kan\u00eb qen\u00eb n\u00eb qend\u00ebr t\u00eb mediave roz\u00eb p\u00ebr shkak se disa dit\u00eb m\u00eb par\u00eb Atilla, i akuzuar p\u00ebr dhun\u00eb ndaj Drenush\u00ebs, u fut n\u00eb reality [&hellip;]<\/p>\n","protected":false},"author":2,"featured_media":52871,"comment_status":"closed","ping_status":"closed","sticky":false,"template":"","format":"standard","meta":{"footnotes":""},"categories":[33],"tags":[],"class_list":{"0":"post-52864","1":"post","2":"type-post","3":"status-publish","4":"format-standard","5":"has-post-thumbnail","7":"category-showbiz"},"yoast_head":"<!-- This site is optimized with the Yoast SEO plugin v27.5 - https:\/\/yoast.com\/product\/yoast-seo-wordpress\/ -->\n<title>\u201cS\u2019jemi k\u00ebtu p\u00ebr t\u2019u ribashkuar si \u00e7ift, por\u2026\u201d- K\u00ebng\u00ebtarja b\u00ebn paqe me ish-bashk\u00ebshortin! - blogin.al<\/title>\n<meta name=\"robots\" content=\"index, follow, max-snippet:-1, max-image-preview:large, max-video-preview:-1\" \/>\n<link rel=\"canonical\" href=\"https:\/\/blogin.al\/?p=52864\" \/>\n<meta property=\"og:locale\" content=\"en_US\" \/>\n<meta property=\"og:type\" content=\"article\" \/>\n<meta property=\"og:title\" content=\"\u201cS\u2019jemi k\u00ebtu p\u00ebr t\u2019u ribashkuar si \u00e7ift, por\u2026\u201d- K\u00ebng\u00ebtarja b\u00ebn paqe me ish-bashk\u00ebshortin! - blogin.al\" \/>\n<meta property=\"og:description\" content=\"Ish- bashk\u00ebshorti i Drenusha Latifit, Atilla Kartesh, mbr\u00ebmjen e djeshme (22 n\u00ebntor) i ka b\u00ebr\u00eb nj\u00eb surpriz\u00eb k\u00ebng\u00ebtares duke e ftuar n\u00eb nj\u00eb dark\u00eb speciale n\u00eb BBV. T\u00eb dy ata kan\u00eb qen\u00eb n\u00eb qend\u00ebr t\u00eb mediave roz\u00eb p\u00ebr shkak se disa dit\u00eb m\u00eb par\u00eb Atilla, i akuzuar p\u00ebr dhun\u00eb ndaj Drenush\u00ebs, u fut n\u00eb reality [&hellip;]\" \/>\n<meta property=\"og:url\" content=\"https:\/\/blogin.al\/?p=52864\" \/>\n<meta property=\"og:site_name\" content=\"blogin.al\" \/>\n<meta property=\"article:published_time\" content=\"2024-11-23T10:06:36+00:00\" \/>\n<meta property=\"article:modified_time\" content=\"2024-11-23T10:15:55+00:00\" \/>\n<meta property=\"og:image\" content=\"https:\/\/blogin.al\/wp-content\/uploads\/2024\/11\/dren.jpg\" \/>\n\t<meta property=\"og:image:width\" content=\"780\" \/>\n\t<meta property=\"og:image:height\" content=\"439\" \/>\n\t<meta property=\"og:image:type\" content=\"image\/jpeg\" \/>\n<meta name=\"author\" content=\"Blogin al\" \/>\n<meta name=\"twitter:card\" content=\"summary_large_image\" \/>\n<meta name=\"twitter:label1\" content=\"Written by\" \/>\n\t<meta name=\"twitter:data1\" content=\"Blogin al\" \/>\n\t<meta name=\"twitter:label2\" content=\"Est. reading time\" \/>\n\t<meta name=\"twitter:data2\" content=\"2 minutes\" \/>\n<script type=\"application\/ld+json\" class=\"yoast-schema-graph\">{\"@context\":\"https:\\\/\\\/schema.org\",\"@graph\":[{\"@type\":\"Article\",\"@id\":\"https:\\\/\\\/blogin.al\\\/?p=52864#article\",\"isPartOf\":{\"@id\":\"https:\\\/\\\/blogin.al\\\/?p=52864\"},\"author\":{\"name\":\"Blogin al\",\"@id\":\"https:\\\/\\\/blogin.al\\\/#\\\/schema\\\/person\\\/abdd56bc912cd511db877b852b115399\"},\"headline\":\"\u201cS\u2019jemi k\u00ebtu p\u00ebr t\u2019u ribashkuar si \u00e7ift, por\u2026\u201d- K\u00ebng\u00ebtarja b\u00ebn paqe me ish-bashk\u00ebshortin!\",\"datePublished\":\"2024-11-23T10:06:36+00:00\",\"dateModified\":\"2024-11-23T10:15:55+00:00\",\"mainEntityOfPage\":{\"@id\":\"https:\\\/\\\/blogin.al\\\/?p=52864\"},\"wordCount\":463,\"publisher\":{\"@id\":\"https:\\\/\\\/blogin.al\\\/#organization\"},\"image\":{\"@id\":\"https:\\\/\\\/blogin.al\\\/?p=52864#primaryimage\"},\"thumbnailUrl\":\"https:\\\/\\\/blogin.al\\\/wp-content\\\/uploads\\\/2024\\\/11\\\/dren.jpg\",\"articleSection\":[\"SHOWBIZ\"],\"inLanguage\":\"en-US\"},{\"@type\":\"WebPage\",\"@id\":\"https:\\\/\\\/blogin.al\\\/?p=52864\",\"url\":\"https:\\\/\\\/blogin.al\\\/?p=52864\",\"name\":\"\u201cS\u2019jemi k\u00ebtu p\u00ebr t\u2019u ribashkuar si \u00e7ift, por\u2026\u201d- K\u00ebng\u00ebtarja b\u00ebn paqe me ish-bashk\u00ebshortin! - blogin.al\",\"isPartOf\":{\"@id\":\"https:\\\/\\\/blogin.al\\\/#website\"},\"primaryImageOfPage\":{\"@id\":\"https:\\\/\\\/blogin.al\\\/?p=52864#primaryimage\"},\"image\":{\"@id\":\"https:\\\/\\\/blogin.al\\\/?p=52864#primaryimage\"},\"thumbnailUrl\":\"https:\\\/\\\/blogin.al\\\/wp-content\\\/uploads\\\/2024\\\/11\\\/dren.jpg\",\"datePublished\":\"2024-11-23T10:06:36+00:00\",\"dateModified\":\"2024-11-23T10:15:55+00:00\",\"breadcrumb\":{\"@id\":\"https:\\\/\\\/blogin.al\\\/?p=52864#breadcrumb\"},\"inLanguage\":\"en-US\",\"potentialAction\":[{\"@type\":\"ReadAction\",\"target\":[\"https:\\\/\\\/blogin.al\\\/?p=52864\"]}]},{\"@type\":\"ImageObject\",\"inLanguage\":\"en-US\",\"@id\":\"https:\\\/\\\/blogin.al\\\/?p=52864#primaryimage\",\"url\":\"https:\\\/\\\/blogin.al\\\/wp-content\\\/uploads\\\/2024\\\/11\\\/dren.jpg\",\"contentUrl\":\"https:\\\/\\\/blogin.al\\\/wp-content\\\/uploads\\\/2024\\\/11\\\/dren.jpg\",\"width\":780,\"height\":439},{\"@type\":\"BreadcrumbList\",\"@id\":\"https:\\\/\\\/blogin.al\\\/?p=52864#breadcrumb\",\"itemListElement\":[{\"@type\":\"ListItem\",\"position\":1,\"name\":\"Home\",\"item\":\"https:\\\/\\\/blogin.al\\\/\"},{\"@type\":\"ListItem\",\"position\":2,\"name\":\"\u201cS\u2019jemi k\u00ebtu p\u00ebr t\u2019u ribashkuar si \u00e7ift, por\u2026\u201d- K\u00ebng\u00ebtarja b\u00ebn paqe me ish-bashk\u00ebshortin!\"}]},{\"@type\":\"WebSite\",\"@id\":\"https:\\\/\\\/blogin.al\\\/#website\",\"url\":\"https:\\\/\\\/blogin.al\\\/\",\"name\":\"blogin.al\",\"description\":\"\",\"publisher\":{\"@id\":\"https:\\\/\\\/blogin.al\\\/#organization\"},\"potentialAction\":[{\"@type\":\"SearchAction\",\"target\":{\"@type\":\"EntryPoint\",\"urlTemplate\":\"https:\\\/\\\/blogin.al\\\/?s={search_term_string}\"},\"query-input\":{\"@type\":\"PropertyValueSpecification\",\"valueRequired\":true,\"valueName\":\"search_term_string\"}}],\"inLanguage\":\"en-US\"},{\"@type\":\"Organization\",\"@id\":\"https:\\\/\\\/blogin.al\\\/#organization\",\"name\":\"BLOGIN.al\",\"url\":\"https:\\\/\\\/blogin.al\\\/\",\"logo\":{\"@type\":\"ImageObject\",\"inLanguage\":\"en-US\",\"@id\":\"https:\\\/\\\/blogin.al\\\/#\\\/schema\\\/logo\\\/image\\\/\",\"url\":\"https:\\\/\\\/blogin.al\\\/wp-content\\\/uploads\\\/2022\\\/05\\\/Untitled-2-01-e1652084456514.png\",\"contentUrl\":\"https:\\\/\\\/blogin.al\\\/wp-content\\\/uploads\\\/2022\\\/05\\\/Untitled-2-01-e1652084456514.png\",\"width\":3723,\"height\":1698,\"caption\":\"BLOGIN.al\"},\"image\":{\"@id\":\"https:\\\/\\\/blogin.al\\\/#\\\/schema\\\/logo\\\/image\\\/\"},\"sameAs\":[\"https:\\\/\\\/instagram.com\\\/blogin.al\\\/\"]},{\"@type\":\"Person\",\"@id\":\"https:\\\/\\\/blogin.al\\\/#\\\/schema\\\/person\\\/abdd56bc912cd511db877b852b115399\",\"name\":\"Blogin al\",\"image\":{\"@type\":\"ImageObject\",\"inLanguage\":\"en-US\",\"@id\":\"https:\\\/\\\/secure.gravatar.com\\\/avatar\\\/60d5661aee6e835fb13dc75d2204cd0c1d61bef2efd137c0083e59ef831e235e?s=96&d=mm&r=g\",\"url\":\"https:\\\/\\\/secure.gravatar.com\\\/avatar\\\/60d5661aee6e835fb13dc75d2204cd0c1d61bef2efd137c0083e59ef831e235e?s=96&d=mm&r=g\",\"contentUrl\":\"https:\\\/\\\/secure.gravatar.com\\\/avatar\\\/60d5661aee6e835fb13dc75d2204cd0c1d61bef2efd137c0083e59ef831e235e?s=96&d=mm&r=g\",\"caption\":\"Blogin al\"},\"sameAs\":[\"https:\\\/\\\/blogin.al\"],\"url\":\"https:\\\/\\\/blogin.al\\\/?author=2\"}]}<\/script>\n<!-- \/ Yoast SEO plugin. -->","yoast_head_json":{"title":"\u201cS\u2019jemi k\u00ebtu p\u00ebr t\u2019u ribashkuar si \u00e7ift, por\u2026\u201d- K\u00ebng\u00ebtarja b\u00ebn paqe me ish-bashk\u00ebshortin! - blogin.al","robots":{"index":"index","follow":"follow","max-snippet":"max-snippet:-1","max-image-preview":"max-image-preview:large","max-video-preview":"max-video-preview:-1"},"canonical":"https:\/\/blogin.al\/?p=52864","og_locale":"en_US","og_type":"article","og_title":"\u201cS\u2019jemi k\u00ebtu p\u00ebr t\u2019u ribashkuar si \u00e7ift, por\u2026\u201d- K\u00ebng\u00ebtarja b\u00ebn paqe me ish-bashk\u00ebshortin! - blogin.al","og_description":"Ish- bashk\u00ebshorti i Drenusha Latifit, Atilla Kartesh, mbr\u00ebmjen e djeshme (22 n\u00ebntor) i ka b\u00ebr\u00eb nj\u00eb surpriz\u00eb k\u00ebng\u00ebtares duke e ftuar n\u00eb nj\u00eb dark\u00eb speciale n\u00eb BBV. T\u00eb dy ata kan\u00eb qen\u00eb n\u00eb qend\u00ebr t\u00eb mediave roz\u00eb p\u00ebr shkak se disa dit\u00eb m\u00eb par\u00eb Atilla, i akuzuar p\u00ebr dhun\u00eb ndaj Drenush\u00ebs, u fut n\u00eb reality [&hellip;]","og_url":"https:\/\/blogin.al\/?p=52864","og_site_name":"blogin.al","article_published_time":"2024-11-23T10:06:36+00:00","article_modified_time":"2024-11-23T10:15:55+00:00","og_image":[{"width":780,"height":439,"url":"https:\/\/blogin.al\/wp-content\/uploads\/2024\/11\/dren.jpg","type":"image\/jpeg"}],"author":"Blogin al","twitter_card":"summary_large_image","twitter_misc":{"Written by":"Blogin al","Est. reading time":"2 minutes"},"schema":{"@context":"https:\/\/schema.org","@graph":[{"@type":"Article","@id":"https:\/\/blogin.al\/?p=52864#article","isPartOf":{"@id":"https:\/\/blogin.al\/?p=52864"},"author":{"name":"Blogin al","@id":"https:\/\/blogin.al\/#\/schema\/person\/abdd56bc912cd511db877b852b115399"},"headline":"\u201cS\u2019jemi k\u00ebtu p\u00ebr t\u2019u ribashkuar si \u00e7ift, por\u2026\u201d- K\u00ebng\u00ebtarja b\u00ebn paqe me ish-bashk\u00ebshortin!","datePublished":"2024-11-23T10:06:36+00:00","dateModified":"2024-11-23T10:15:55+00:00","mainEntityOfPage":{"@id":"https:\/\/blogin.al\/?p=52864"},"wordCount":463,"publisher":{"@id":"https:\/\/blogin.al\/#organization"},"image":{"@id":"https:\/\/blogin.al\/?p=52864#primaryimage"},"thumbnailUrl":"https:\/\/blogin.al\/wp-content\/uploads\/2024\/11\/dren.jpg","articleSection":["SHOWBIZ"],"inLanguage":"en-US"},{"@type":"WebPage","@id":"https:\/\/blogin.al\/?p=52864","url":"https:\/\/blogin.al\/?p=52864","name":"\u201cS\u2019jemi k\u00ebtu p\u00ebr t\u2019u ribashkuar si \u00e7ift, por\u2026\u201d- K\u00ebng\u00ebtarja b\u00ebn paqe me ish-bashk\u00ebshortin! - blogin.al","isPartOf":{"@id":"https:\/\/blogin.al\/#website"},"primaryImageOfPage":{"@id":"https:\/\/blogin.al\/?p=52864#primaryimage"},"image":{"@id":"https:\/\/blogin.al\/?p=52864#primaryimage"},"thumbnailUrl":"https:\/\/blogin.al\/wp-content\/uploads\/2024\/11\/dren.jpg","datePublished":"2024-11-23T10:06:36+00:00","dateModified":"2024-11-23T10:15:55+00:00","breadcrumb":{"@id":"https:\/\/blogin.al\/?p=52864#breadcrumb"},"inLanguage":"en-US","potentialAction":[{"@type":"ReadAction","target":["https:\/\/blogin.al\/?p=52864"]}]},{"@type":"ImageObject","inLanguage":"en-US","@id":"https:\/\/blogin.al\/?p=52864#primaryimage","url":"https:\/\/blogin.al\/wp-content\/uploads\/2024\/11\/dren.jpg","contentUrl":"https:\/\/blogin.al\/wp-content\/uploads\/2024\/11\/dren.jpg","width":780,"height":439},{"@type":"BreadcrumbList","@id":"https:\/\/blogin.al\/?p=52864#breadcrumb","itemListElement":[{"@type":"ListItem","position":1,"name":"Home","item":"https:\/\/blogin.al\/"},{"@type":"ListItem","position":2,"name":"\u201cS\u2019jemi k\u00ebtu p\u00ebr t\u2019u ribashkuar si \u00e7ift, por\u2026\u201d- K\u00ebng\u00ebtarja b\u00ebn paqe me ish-bashk\u00ebshortin!"}]},{"@type":"WebSite","@id":"https:\/\/blogin.al\/#website","url":"https:\/\/blogin.al\/","name":"blogin.al","description":"","publisher":{"@id":"https:\/\/blogin.al\/#organization"},"potentialAction":[{"@type":"SearchAction","target":{"@type":"EntryPoint","urlTemplate":"https:\/\/blogin.al\/?s={search_term_string}"},"query-input":{"@type":"PropertyValueSpecification","valueRequired":true,"valueName":"search_term_string"}}],"inLanguage":"en-US"},{"@type":"Organization","@id":"https:\/\/blogin.al\/#organization","name":"BLOGIN.al","url":"https:\/\/blogin.al\/","logo":{"@type":"ImageObject","inLanguage":"en-US","@id":"https:\/\/blogin.al\/#\/schema\/logo\/image\/","url":"https:\/\/blogin.al\/wp-content\/uploads\/2022\/05\/Untitled-2-01-e1652084456514.png","contentUrl":"https:\/\/blogin.al\/wp-content\/uploads\/2022\/05\/Untitled-2-01-e1652084456514.png","width":3723,"height":1698,"caption":"BLOGIN.al"},"image":{"@id":"https:\/\/blogin.al\/#\/schema\/logo\/image\/"},"sameAs":["https:\/\/instagram.com\/blogin.al\/"]},{"@type":"Person","@id":"https:\/\/blogin.al\/#\/schema\/person\/abdd56bc912cd511db877b852b115399","name":"Blogin al","image":{"@type":"ImageObject","inLanguage":"en-US","@id":"https:\/\/secure.gravatar.com\/avatar\/60d5661aee6e835fb13dc75d2204cd0c1d61bef2efd137c0083e59ef831e235e?s=96&d=mm&r=g","url":"https:\/\/secure.gravatar.com\/avatar\/60d5661aee6e835fb13dc75d2204cd0c1d61bef2efd137c0083e59ef831e235e?s=96&d=mm&r=g","contentUrl":"https:\/\/secure.gravatar.com\/avatar\/60d5661aee6e835fb13dc75d2204cd0c1d61bef2efd137c0083e59ef831e235e?s=96&d=mm&r=g","caption":"Blogin al"},"sameAs":["https:\/\/blogin.al"],"url":"https:\/\/blogin.al\/?author=2"}]}},"_links":{"self":[{"href":"https:\/\/blogin.al\/index.php?rest_route=\/wp\/v2\/posts\/52864","targetHints":{"allow":["GET"]}}],"collection":[{"href":"https:\/\/blogin.al\/index.php?rest_route=\/wp\/v2\/posts"}],"about":[{"href":"https:\/\/blogin.al\/index.php?rest_route=\/wp\/v2\/types\/post"}],"author":[{"embeddable":true,"href":"https:\/\/blogin.al\/index.php?rest_route=\/wp\/v2\/users\/2"}],"replies":[{"embeddable":true,"href":"https:\/\/blogin.al\/index.php?rest_route=%2Fwp%2Fv2%2Fcomments&post=52864"}],"version-history":[{"count":1,"href":"https:\/\/blogin.al\/index.php?rest_route=\/wp\/v2\/posts\/52864\/revisions"}],"predecessor-version":[{"id":52865,"href":"https:\/\/blogin.al\/index.php?rest_route=\/wp\/v2\/posts\/52864\/revisions\/52865"}],"wp:featuredmedia":[{"embeddable":true,"href":"https:\/\/blogin.al\/index.php?rest_route=\/wp\/v2\/media\/52871"}],"wp:attachment":[{"href":"https:\/\/blogin.al\/index.php?rest_route=%2Fwp%2Fv2%2Fmedia&parent=52864"}],"wp:term":[{"taxonomy":"category","embeddable":true,"href":"https:\/\/blogin.al\/index.php?rest_route=%2Fwp%2Fv2%2Fcategories&post=52864"},{"taxonomy":"post_tag","embeddable":true,"href":"https:\/\/blogin.al\/index.php?rest_route=%2Fwp%2Fv2%2Ftags&post=52864"}],"curies":[{"name":"wp","href":"https:\/\/api.w.org\/{rel}","templated":true}]}}