{"id":52884,"date":"2024-11-23T14:28:40","date_gmt":"2024-11-23T14:28:40","guid":{"rendered":"https:\/\/blogin.al\/?p=52884"},"modified":"2024-11-23T14:28:43","modified_gmt":"2024-11-23T14:28:43","slug":"zbulohet-data-e-fillimit-te-edicionit-te-katert-te-big-brother-vip-albania-ja-emrat-qe-perfliten","status":"publish","type":"post","link":"https:\/\/blogin.al\/?p=52884","title":{"rendered":"Zbulohet data e fillimit t\u00eb edicionit t\u00eb kat\u00ebrt t\u00eb Big Brother VIP Albania, ja emrat q\u00eb p\u00ebrfliten"},"content":{"rendered":"\n<p>Kur mungon m\u00eb pak se 1 muaj nga nisja e \u201cBig Brother\u201d, emrat t\u00eb tjer\u00eb jan\u00eb duke qarkulluar si banor\u00eb t\u00eb mundsh\u00ebm t\u00eb sht\u00ebpis\u00eb. \u201cPanorama\u201d ka shkruar disa her\u00eb, duke zbuluar n\u00eb m\u00ebnyr\u00eb ekskluzive disa nga emrat q\u00eb jan\u00eb pran\u00eb konfirmimit si konkurrent\u00ebt e par\u00eb t\u00eb sht\u00ebpis\u00eb. Teksa sht\u00ebpia pritet t\u00eb ndez\u00eb dritat n\u00eb mbr\u00ebmjen e 21 dhjetorit, t\u00eb tjer\u00eb emra qarkullojn\u00eb n\u00eb rrjet.<\/p>\n\n\n\n<p>Si nj\u00eb nd\u00ebr emrat q\u00eb vjen n\u00eb \u201cBig Brother\u201d n\u00eb k\u00ebrkim t\u00eb fam\u00ebs \u00ebsht\u00eb poeti Albi Lushi. Ndon\u00ebse nj\u00eb em\u00ebr disi m\u00eb i t\u00ebrhequr nga zhurma e rrjeteve sociale dhe nga daljet televizive, Lushi ka arritur q\u00eb t\u00eb ket\u00eb publik pas vetes me an\u00eb t\u00eb veprave t\u00eb tij. N\u00eb daljet publike, Albi ka folur edhe p\u00ebr dashurin\u00eb dhe historin\u00eb e tij t\u00eb r\u00ebnd\u00ebsishme.<\/p>\n\n\n\n<p>Poeti i njohur n\u00eb rrjetet sociale, Albi Lushi rr\u00ebfen n\u00eb podcastin \u2018M\u2019kujto\u2019 t\u00eb gazetares \u00c7enkuela Hasa se si dashuria e par\u00eb e zb\u00ebrtheu p\u00ebr t\u00eb nisur krijimtarin\u00eb e tij. Lushi shpjegon konceptin e tij p\u00ebr tradhtin\u00eb dhe rr\u00ebfen p\u00ebrse u nda nga e dashura e fundit.<\/p>\n\n\n\n<p>\u201cE kam pasur shansin t\u00eb p\u00ebrjetoj dashurin\u00eb dhe ngush\u00eblloj t\u00eb gjith\u00eb ata q\u00eb nuk e kan\u00eb provuar. P\u00ebrjetimet e asaj moshe m\u00eb kan\u00eb b\u00ebr\u00eb t\u00eb zb\u00ebrthehem emocionalisht dhe artistikisht. Duhet t\u00eb t\u00eb godas\u00eb di\u00e7ka e madhe q\u00eb t\u00eb kuptosh realisht se ku je. Ajo ndjenj\u00eb m\u00eb ka b\u00ebr\u00eb jo vet\u00ebm t\u00eb b\u00ebj poezi t\u00eb bukura, por edhe ta vler\u00ebsoj shum\u00eb nj\u00eb marr\u00ebdh\u00ebnie. Nga e dashura u ndava sepse m\u00eb trajtoi si qen. Tradhtia \u00ebsht\u00eb nj\u00eb shkak p\u00ebr pasoj\u00eb\u201d, u shpreh Albi Lushi. Duket se tashm\u00eb poeti romantik pritet t\u00eb jet\u00eb nj\u00eb nd\u00ebr banor\u00ebt e sht\u00ebpis\u00eb, p\u00ebr t\u00eb \u00e7uar m\u00eb tej artin e tij.<\/p>\n\n\n\n<p>N\u00eb rrjet dit\u00ebt e fundit \u00ebsht\u00eb p\u00ebrfolur edhe emri i k\u00ebng\u00ebtares Alb\u00ebrie Had\u00ebrgjonaj. Artistja prej vitesh \u00ebsht\u00eb nd\u00ebr emrat m\u00eb t\u00eb dashur t\u00eb publikut. Me nj\u00eb karrier\u00eb mes Shqip\u00ebris\u00eb dhe SHBA-ve, Alb\u00ebria vijon t\u00eb ket\u00eb nga pas shum\u00eb fansa. Mediat kan\u00eb shkruar dit\u00ebt e fundit se edhe k\u00ebng\u00ebtarja \u00ebsht\u00eb ftuar q\u00eb t\u00eb marr\u00eb pjes\u00eb n\u00eb reality, megjithat\u00eb deri m\u00eb tani, akoma nuk ka dh\u00ebn\u00eb nj\u00eb p\u00ebrgjigje.<\/p>\n\n\n\n<p>Dit\u00ebt e fundit ajo \u00ebsht\u00eb rikthyer n\u00eb Tiran\u00eb, ku dhe ka qen\u00eb prezente n\u00eb shum\u00eb intervista. Ndoshta nd\u00ebr rastet e rralla q\u00eb ajo flet p\u00ebr jet\u00ebn private, duke dashur k\u00ebshtu t\u00eb shp\u00ebrndaj\u00eb me ndjek\u00ebsit e saj edhe detaje nga jeta sentimentale.<\/p>\n\n\n\n<p>E n\u00ebse do t\u00eb jet\u00eb pjes\u00eb e \u201cBig Brother\u201d, jemi t\u00eb sigurt q\u00eb m\u00eb t\u00eb shpeshta do t\u00eb jen\u00eb historit\u00eb e jet\u00ebs s\u00eb Alb\u00ebries. Me pjes\u00ebmarrjen e saj n\u00eb \u201cP\u00ebrputhen\u201d nuk la shum\u00eb mbresa, por jasht\u00eb k\u00ebtij formati, Alba \u00ebsht\u00eb p\u00ebrpjekur fort q\u00eb t\u00eb jet\u00eb p\u00ebrher\u00eb n\u00eb qend\u00ebr t\u00eb v\u00ebmendjes.<\/p>\n\n\n\n<p>Edhe emri i Alba Pollozhanit \u00ebsht\u00eb p\u00ebrfolur si nj\u00eb nd\u00ebr banoret e mundshme t\u00eb \u201cBig Brother\u201d. Vajza, e cila shpesh b\u00ebhet lajm p\u00ebr deklaratat e forta q\u00eb jep, pritet q\u00eb t\u00eb jet\u00eb pjes\u00eb e loj\u00ebs, ku edhe jemi t\u00eb sigurt q\u00eb nuk do t\u00eb mungojn\u00eb skenat e forta q\u00eb ajo vet\u00eb do t\u00eb ofroj\u00eb.<\/p>\n\n\n\n<p>Ve\u00e7 emrave q\u00eb deri m\u00eb tani jan\u00eb m\u00ebsuar, t\u00eb tjer\u00eb dalin n\u00eb pah. Nj\u00eb nd\u00ebr to \u00ebsht\u00eb Renee Reffo. Vajza n\u00eb fjal\u00eb \u00ebsht\u00eb e bija e aktores Julia Ilirjani, q\u00eb vitin e shkuar ishte pjes\u00eb e formatit \u201cBig Brother\u201d.<\/p>\n\n\n\n<p>Ajo pranoi se \u00ebsht\u00eb kthyer n\u00eb Shqip\u00ebri dhe po mendon t\u2019i hyj\u00eb bot\u00ebs s\u00eb ekranit dhe \u201cshowbiz\u201d-it. Sa i p\u00ebrket BBV, Renee tregon se strategjia q\u00eb do ndiqte \u00ebsht\u00eb \u2018vetja e saj\u2019 n\u00eb \u00e7do dimension t\u00eb mundsh\u00ebm e megjithat\u00eb, thot\u00eb q\u00eb n\u00ebse do hynte, k\u00ebrkon falje paraprakisht p\u00ebr fjalorin e pis\u00ebt, duke th\u00ebn\u00eb se her\u00eb pas here edhe mund t\u2019i shp\u00ebtoj\u00eb ndonj\u00eb fjal\u00eb e \u201cpap\u00ebrshtatshme\u201d. Dhe tashm\u00eb duket se ftesa i ka shkuar p\u00ebr t\u00eb qen\u00eb pjes\u00eb e loj\u00ebs.<\/p>\n\n\n\n<p>Nj\u00eb tjet\u00ebr em\u00ebr \u00ebsht\u00eb edhe ai i Drilon Hoxh\u00ebs. Aktori dhe regjisori, vitet e fundit ka qen\u00eb shum\u00eb i angazhuar me projektet e tij filmike q\u00eb ka sjell\u00eb p\u00ebr publikun. Por tashm\u00eb, \u00ebsht\u00eb momenti q\u00eb publiku ta njoh\u00eb edhe at\u00eb si personazh, krahas filmave q\u00eb ai prodhon dhe interpreton. B\u00ebhet me dije se aktori do t\u2019i bashkohet kastit n\u00eb loj\u00eb p\u00ebr \u00e7mimin e madh prej 100 mij\u00eb eurosh.<\/p>\n\n\n\n<p>Tiri Gjoci \u00ebsht\u00eb nj\u00eb artist i ri n\u00eb tregun muzikor, por q\u00eb shum\u00eb shpejt ai ka b\u00ebr\u00eb fansa, duke vler\u00ebsuar muzik\u00ebn e mir\u00eb, por edhe natyr\u00ebn e tij prej \u201cplayboy\u201d.<\/p>\n","protected":false},"excerpt":{"rendered":"<p>Kur mungon m\u00eb pak se 1 muaj nga nisja e \u201cBig Brother\u201d, emrat t\u00eb tjer\u00eb jan\u00eb duke qarkulluar si banor\u00eb t\u00eb mundsh\u00ebm t\u00eb sht\u00ebpis\u00eb. \u201cPanorama\u201d ka shkruar disa her\u00eb, duke zbuluar n\u00eb m\u00ebnyr\u00eb ekskluzive disa nga emrat q\u00eb jan\u00eb pran\u00eb konfirmimit si konkurrent\u00ebt e par\u00eb t\u00eb sht\u00ebpis\u00eb. Teksa sht\u00ebpia pritet t\u00eb ndez\u00eb dritat n\u00eb mbr\u00ebmjen [&hellip;]<\/p>\n","protected":false},"author":2,"featured_media":33962,"comment_status":"closed","ping_status":"closed","sticky":false,"template":"","format":"standard","meta":{"footnotes":""},"categories":[33],"tags":[],"class_list":{"0":"post-52884","1":"post","2":"type-post","3":"status-publish","4":"format-standard","5":"has-post-thumbnail","7":"category-showbiz"},"yoast_head":"<!-- This site is optimized with the Yoast SEO plugin v27.5 - https:\/\/yoast.com\/product\/yoast-seo-wordpress\/ -->\n<title>Zbulohet data e fillimit t\u00eb edicionit t\u00eb kat\u00ebrt t\u00eb Big Brother VIP Albania, ja emrat q\u00eb p\u00ebrfliten - blogin.al<\/title>\n<meta name=\"robots\" content=\"index, follow, max-snippet:-1, max-image-preview:large, max-video-preview:-1\" \/>\n<link rel=\"canonical\" href=\"https:\/\/blogin.al\/?p=52884\" \/>\n<meta property=\"og:locale\" content=\"en_US\" \/>\n<meta property=\"og:type\" content=\"article\" \/>\n<meta property=\"og:title\" content=\"Zbulohet data e fillimit t\u00eb edicionit t\u00eb kat\u00ebrt t\u00eb Big Brother VIP Albania, ja emrat q\u00eb p\u00ebrfliten - blogin.al\" \/>\n<meta property=\"og:description\" content=\"Kur mungon m\u00eb pak se 1 muaj nga nisja e \u201cBig Brother\u201d, emrat t\u00eb tjer\u00eb jan\u00eb duke qarkulluar si banor\u00eb t\u00eb mundsh\u00ebm t\u00eb sht\u00ebpis\u00eb. \u201cPanorama\u201d ka shkruar disa her\u00eb, duke zbuluar n\u00eb m\u00ebnyr\u00eb ekskluzive disa nga emrat q\u00eb jan\u00eb pran\u00eb konfirmimit si konkurrent\u00ebt e par\u00eb t\u00eb sht\u00ebpis\u00eb. Teksa sht\u00ebpia pritet t\u00eb ndez\u00eb dritat n\u00eb mbr\u00ebmjen [&hellip;]\" \/>\n<meta property=\"og:url\" content=\"https:\/\/blogin.al\/?p=52884\" \/>\n<meta property=\"og:site_name\" content=\"blogin.al\" \/>\n<meta property=\"article:published_time\" content=\"2024-11-23T14:28:40+00:00\" \/>\n<meta property=\"article:modified_time\" content=\"2024-11-23T14:28:43+00:00\" \/>\n<meta property=\"og:image\" content=\"https:\/\/blogin.al\/wp-content\/uploads\/2023\/07\/bb-default.jpg\" \/>\n\t<meta property=\"og:image:width\" content=\"1920\" \/>\n\t<meta property=\"og:image:height\" content=\"1080\" \/>\n\t<meta property=\"og:image:type\" content=\"image\/jpeg\" \/>\n<meta name=\"author\" content=\"Blogin al\" \/>\n<meta name=\"twitter:card\" content=\"summary_large_image\" \/>\n<meta name=\"twitter:label1\" content=\"Written by\" \/>\n\t<meta name=\"twitter:data1\" content=\"Blogin al\" \/>\n\t<meta name=\"twitter:label2\" content=\"Est. reading time\" \/>\n\t<meta name=\"twitter:data2\" content=\"4 minutes\" \/>\n<script type=\"application\/ld+json\" class=\"yoast-schema-graph\">{\"@context\":\"https:\\\/\\\/schema.org\",\"@graph\":[{\"@type\":\"Article\",\"@id\":\"https:\\\/\\\/blogin.al\\\/?p=52884#article\",\"isPartOf\":{\"@id\":\"https:\\\/\\\/blogin.al\\\/?p=52884\"},\"author\":{\"name\":\"Blogin al\",\"@id\":\"https:\\\/\\\/blogin.al\\\/#\\\/schema\\\/person\\\/abdd56bc912cd511db877b852b115399\"},\"headline\":\"Zbulohet data e fillimit t\u00eb edicionit t\u00eb kat\u00ebrt t\u00eb Big Brother VIP Albania, ja emrat q\u00eb p\u00ebrfliten\",\"datePublished\":\"2024-11-23T14:28:40+00:00\",\"dateModified\":\"2024-11-23T14:28:43+00:00\",\"mainEntityOfPage\":{\"@id\":\"https:\\\/\\\/blogin.al\\\/?p=52884\"},\"wordCount\":824,\"publisher\":{\"@id\":\"https:\\\/\\\/blogin.al\\\/#organization\"},\"image\":{\"@id\":\"https:\\\/\\\/blogin.al\\\/?p=52884#primaryimage\"},\"thumbnailUrl\":\"https:\\\/\\\/blogin.al\\\/wp-content\\\/uploads\\\/2023\\\/07\\\/bb-default.jpg\",\"articleSection\":[\"SHOWBIZ\"],\"inLanguage\":\"en-US\"},{\"@type\":\"WebPage\",\"@id\":\"https:\\\/\\\/blogin.al\\\/?p=52884\",\"url\":\"https:\\\/\\\/blogin.al\\\/?p=52884\",\"name\":\"Zbulohet data e fillimit t\u00eb edicionit t\u00eb kat\u00ebrt t\u00eb Big Brother VIP Albania, ja emrat q\u00eb p\u00ebrfliten - blogin.al\",\"isPartOf\":{\"@id\":\"https:\\\/\\\/blogin.al\\\/#website\"},\"primaryImageOfPage\":{\"@id\":\"https:\\\/\\\/blogin.al\\\/?p=52884#primaryimage\"},\"image\":{\"@id\":\"https:\\\/\\\/blogin.al\\\/?p=52884#primaryimage\"},\"thumbnailUrl\":\"https:\\\/\\\/blogin.al\\\/wp-content\\\/uploads\\\/2023\\\/07\\\/bb-default.jpg\",\"datePublished\":\"2024-11-23T14:28:40+00:00\",\"dateModified\":\"2024-11-23T14:28:43+00:00\",\"breadcrumb\":{\"@id\":\"https:\\\/\\\/blogin.al\\\/?p=52884#breadcrumb\"},\"inLanguage\":\"en-US\",\"potentialAction\":[{\"@type\":\"ReadAction\",\"target\":[\"https:\\\/\\\/blogin.al\\\/?p=52884\"]}]},{\"@type\":\"ImageObject\",\"inLanguage\":\"en-US\",\"@id\":\"https:\\\/\\\/blogin.al\\\/?p=52884#primaryimage\",\"url\":\"https:\\\/\\\/blogin.al\\\/wp-content\\\/uploads\\\/2023\\\/07\\\/bb-default.jpg\",\"contentUrl\":\"https:\\\/\\\/blogin.al\\\/wp-content\\\/uploads\\\/2023\\\/07\\\/bb-default.jpg\",\"width\":1920,\"height\":1080},{\"@type\":\"BreadcrumbList\",\"@id\":\"https:\\\/\\\/blogin.al\\\/?p=52884#breadcrumb\",\"itemListElement\":[{\"@type\":\"ListItem\",\"position\":1,\"name\":\"Home\",\"item\":\"https:\\\/\\\/blogin.al\\\/\"},{\"@type\":\"ListItem\",\"position\":2,\"name\":\"Zbulohet data e fillimit t\u00eb edicionit t\u00eb kat\u00ebrt t\u00eb Big Brother VIP Albania, ja emrat q\u00eb p\u00ebrfliten\"}]},{\"@type\":\"WebSite\",\"@id\":\"https:\\\/\\\/blogin.al\\\/#website\",\"url\":\"https:\\\/\\\/blogin.al\\\/\",\"name\":\"blogin.al\",\"description\":\"\",\"publisher\":{\"@id\":\"https:\\\/\\\/blogin.al\\\/#organization\"},\"potentialAction\":[{\"@type\":\"SearchAction\",\"target\":{\"@type\":\"EntryPoint\",\"urlTemplate\":\"https:\\\/\\\/blogin.al\\\/?s={search_term_string}\"},\"query-input\":{\"@type\":\"PropertyValueSpecification\",\"valueRequired\":true,\"valueName\":\"search_term_string\"}}],\"inLanguage\":\"en-US\"},{\"@type\":\"Organization\",\"@id\":\"https:\\\/\\\/blogin.al\\\/#organization\",\"name\":\"BLOGIN.al\",\"url\":\"https:\\\/\\\/blogin.al\\\/\",\"logo\":{\"@type\":\"ImageObject\",\"inLanguage\":\"en-US\",\"@id\":\"https:\\\/\\\/blogin.al\\\/#\\\/schema\\\/logo\\\/image\\\/\",\"url\":\"https:\\\/\\\/blogin.al\\\/wp-content\\\/uploads\\\/2022\\\/05\\\/Untitled-2-01-e1652084456514.png\",\"contentUrl\":\"https:\\\/\\\/blogin.al\\\/wp-content\\\/uploads\\\/2022\\\/05\\\/Untitled-2-01-e1652084456514.png\",\"width\":3723,\"height\":1698,\"caption\":\"BLOGIN.al\"},\"image\":{\"@id\":\"https:\\\/\\\/blogin.al\\\/#\\\/schema\\\/logo\\\/image\\\/\"},\"sameAs\":[\"https:\\\/\\\/instagram.com\\\/blogin.al\\\/\"]},{\"@type\":\"Person\",\"@id\":\"https:\\\/\\\/blogin.al\\\/#\\\/schema\\\/person\\\/abdd56bc912cd511db877b852b115399\",\"name\":\"Blogin al\",\"image\":{\"@type\":\"ImageObject\",\"inLanguage\":\"en-US\",\"@id\":\"https:\\\/\\\/secure.gravatar.com\\\/avatar\\\/60d5661aee6e835fb13dc75d2204cd0c1d61bef2efd137c0083e59ef831e235e?s=96&d=mm&r=g\",\"url\":\"https:\\\/\\\/secure.gravatar.com\\\/avatar\\\/60d5661aee6e835fb13dc75d2204cd0c1d61bef2efd137c0083e59ef831e235e?s=96&d=mm&r=g\",\"contentUrl\":\"https:\\\/\\\/secure.gravatar.com\\\/avatar\\\/60d5661aee6e835fb13dc75d2204cd0c1d61bef2efd137c0083e59ef831e235e?s=96&d=mm&r=g\",\"caption\":\"Blogin al\"},\"sameAs\":[\"https:\\\/\\\/blogin.al\"],\"url\":\"https:\\\/\\\/blogin.al\\\/?author=2\"}]}<\/script>\n<!-- \/ Yoast SEO plugin. -->","yoast_head_json":{"title":"Zbulohet data e fillimit t\u00eb edicionit t\u00eb kat\u00ebrt t\u00eb Big Brother VIP Albania, ja emrat q\u00eb p\u00ebrfliten - blogin.al","robots":{"index":"index","follow":"follow","max-snippet":"max-snippet:-1","max-image-preview":"max-image-preview:large","max-video-preview":"max-video-preview:-1"},"canonical":"https:\/\/blogin.al\/?p=52884","og_locale":"en_US","og_type":"article","og_title":"Zbulohet data e fillimit t\u00eb edicionit t\u00eb kat\u00ebrt t\u00eb Big Brother VIP Albania, ja emrat q\u00eb p\u00ebrfliten - blogin.al","og_description":"Kur mungon m\u00eb pak se 1 muaj nga nisja e \u201cBig Brother\u201d, emrat t\u00eb tjer\u00eb jan\u00eb duke qarkulluar si banor\u00eb t\u00eb mundsh\u00ebm t\u00eb sht\u00ebpis\u00eb. \u201cPanorama\u201d ka shkruar disa her\u00eb, duke zbuluar n\u00eb m\u00ebnyr\u00eb ekskluzive disa nga emrat q\u00eb jan\u00eb pran\u00eb konfirmimit si konkurrent\u00ebt e par\u00eb t\u00eb sht\u00ebpis\u00eb. Teksa sht\u00ebpia pritet t\u00eb ndez\u00eb dritat n\u00eb mbr\u00ebmjen [&hellip;]","og_url":"https:\/\/blogin.al\/?p=52884","og_site_name":"blogin.al","article_published_time":"2024-11-23T14:28:40+00:00","article_modified_time":"2024-11-23T14:28:43+00:00","og_image":[{"width":1920,"height":1080,"url":"https:\/\/blogin.al\/wp-content\/uploads\/2023\/07\/bb-default.jpg","type":"image\/jpeg"}],"author":"Blogin al","twitter_card":"summary_large_image","twitter_misc":{"Written by":"Blogin al","Est. reading time":"4 minutes"},"schema":{"@context":"https:\/\/schema.org","@graph":[{"@type":"Article","@id":"https:\/\/blogin.al\/?p=52884#article","isPartOf":{"@id":"https:\/\/blogin.al\/?p=52884"},"author":{"name":"Blogin al","@id":"https:\/\/blogin.al\/#\/schema\/person\/abdd56bc912cd511db877b852b115399"},"headline":"Zbulohet data e fillimit t\u00eb edicionit t\u00eb kat\u00ebrt t\u00eb Big Brother VIP Albania, ja emrat q\u00eb p\u00ebrfliten","datePublished":"2024-11-23T14:28:40+00:00","dateModified":"2024-11-23T14:28:43+00:00","mainEntityOfPage":{"@id":"https:\/\/blogin.al\/?p=52884"},"wordCount":824,"publisher":{"@id":"https:\/\/blogin.al\/#organization"},"image":{"@id":"https:\/\/blogin.al\/?p=52884#primaryimage"},"thumbnailUrl":"https:\/\/blogin.al\/wp-content\/uploads\/2023\/07\/bb-default.jpg","articleSection":["SHOWBIZ"],"inLanguage":"en-US"},{"@type":"WebPage","@id":"https:\/\/blogin.al\/?p=52884","url":"https:\/\/blogin.al\/?p=52884","name":"Zbulohet data e fillimit t\u00eb edicionit t\u00eb kat\u00ebrt t\u00eb Big Brother VIP Albania, ja emrat q\u00eb p\u00ebrfliten - blogin.al","isPartOf":{"@id":"https:\/\/blogin.al\/#website"},"primaryImageOfPage":{"@id":"https:\/\/blogin.al\/?p=52884#primaryimage"},"image":{"@id":"https:\/\/blogin.al\/?p=52884#primaryimage"},"thumbnailUrl":"https:\/\/blogin.al\/wp-content\/uploads\/2023\/07\/bb-default.jpg","datePublished":"2024-11-23T14:28:40+00:00","dateModified":"2024-11-23T14:28:43+00:00","breadcrumb":{"@id":"https:\/\/blogin.al\/?p=52884#breadcrumb"},"inLanguage":"en-US","potentialAction":[{"@type":"ReadAction","target":["https:\/\/blogin.al\/?p=52884"]}]},{"@type":"ImageObject","inLanguage":"en-US","@id":"https:\/\/blogin.al\/?p=52884#primaryimage","url":"https:\/\/blogin.al\/wp-content\/uploads\/2023\/07\/bb-default.jpg","contentUrl":"https:\/\/blogin.al\/wp-content\/uploads\/2023\/07\/bb-default.jpg","width":1920,"height":1080},{"@type":"BreadcrumbList","@id":"https:\/\/blogin.al\/?p=52884#breadcrumb","itemListElement":[{"@type":"ListItem","position":1,"name":"Home","item":"https:\/\/blogin.al\/"},{"@type":"ListItem","position":2,"name":"Zbulohet data e fillimit t\u00eb edicionit t\u00eb kat\u00ebrt t\u00eb Big Brother VIP Albania, ja emrat q\u00eb p\u00ebrfliten"}]},{"@type":"WebSite","@id":"https:\/\/blogin.al\/#website","url":"https:\/\/blogin.al\/","name":"blogin.al","description":"","publisher":{"@id":"https:\/\/blogin.al\/#organization"},"potentialAction":[{"@type":"SearchAction","target":{"@type":"EntryPoint","urlTemplate":"https:\/\/blogin.al\/?s={search_term_string}"},"query-input":{"@type":"PropertyValueSpecification","valueRequired":true,"valueName":"search_term_string"}}],"inLanguage":"en-US"},{"@type":"Organization","@id":"https:\/\/blogin.al\/#organization","name":"BLOGIN.al","url":"https:\/\/blogin.al\/","logo":{"@type":"ImageObject","inLanguage":"en-US","@id":"https:\/\/blogin.al\/#\/schema\/logo\/image\/","url":"https:\/\/blogin.al\/wp-content\/uploads\/2022\/05\/Untitled-2-01-e1652084456514.png","contentUrl":"https:\/\/blogin.al\/wp-content\/uploads\/2022\/05\/Untitled-2-01-e1652084456514.png","width":3723,"height":1698,"caption":"BLOGIN.al"},"image":{"@id":"https:\/\/blogin.al\/#\/schema\/logo\/image\/"},"sameAs":["https:\/\/instagram.com\/blogin.al\/"]},{"@type":"Person","@id":"https:\/\/blogin.al\/#\/schema\/person\/abdd56bc912cd511db877b852b115399","name":"Blogin al","image":{"@type":"ImageObject","inLanguage":"en-US","@id":"https:\/\/secure.gravatar.com\/avatar\/60d5661aee6e835fb13dc75d2204cd0c1d61bef2efd137c0083e59ef831e235e?s=96&d=mm&r=g","url":"https:\/\/secure.gravatar.com\/avatar\/60d5661aee6e835fb13dc75d2204cd0c1d61bef2efd137c0083e59ef831e235e?s=96&d=mm&r=g","contentUrl":"https:\/\/secure.gravatar.com\/avatar\/60d5661aee6e835fb13dc75d2204cd0c1d61bef2efd137c0083e59ef831e235e?s=96&d=mm&r=g","caption":"Blogin al"},"sameAs":["https:\/\/blogin.al"],"url":"https:\/\/blogin.al\/?author=2"}]}},"_links":{"self":[{"href":"https:\/\/blogin.al\/index.php?rest_route=\/wp\/v2\/posts\/52884","targetHints":{"allow":["GET"]}}],"collection":[{"href":"https:\/\/blogin.al\/index.php?rest_route=\/wp\/v2\/posts"}],"about":[{"href":"https:\/\/blogin.al\/index.php?rest_route=\/wp\/v2\/types\/post"}],"author":[{"embeddable":true,"href":"https:\/\/blogin.al\/index.php?rest_route=\/wp\/v2\/users\/2"}],"replies":[{"embeddable":true,"href":"https:\/\/blogin.al\/index.php?rest_route=%2Fwp%2Fv2%2Fcomments&post=52884"}],"version-history":[{"count":1,"href":"https:\/\/blogin.al\/index.php?rest_route=\/wp\/v2\/posts\/52884\/revisions"}],"predecessor-version":[{"id":52885,"href":"https:\/\/blogin.al\/index.php?rest_route=\/wp\/v2\/posts\/52884\/revisions\/52885"}],"wp:featuredmedia":[{"embeddable":true,"href":"https:\/\/blogin.al\/index.php?rest_route=\/wp\/v2\/media\/33962"}],"wp:attachment":[{"href":"https:\/\/blogin.al\/index.php?rest_route=%2Fwp%2Fv2%2Fmedia&parent=52884"}],"wp:term":[{"taxonomy":"category","embeddable":true,"href":"https:\/\/blogin.al\/index.php?rest_route=%2Fwp%2Fv2%2Fcategories&post=52884"},{"taxonomy":"post_tag","embeddable":true,"href":"https:\/\/blogin.al\/index.php?rest_route=%2Fwp%2Fv2%2Ftags&post=52884"}],"curies":[{"name":"wp","href":"https:\/\/api.w.org\/{rel}","templated":true}]}}