{"id":52918,"date":"2024-11-25T13:08:44","date_gmt":"2024-11-25T13:08:44","guid":{"rendered":"https:\/\/blogin.al\/?p=52918"},"modified":"2024-11-25T13:24:04","modified_gmt":"2024-11-25T13:24:04","slug":"kur-ke-kryer-marredhenie-per-here-te-pare-rudina-dembacaj-habit-me-pergjigjen","status":"publish","type":"post","link":"https:\/\/blogin.al\/?p=52918","title":{"rendered":"Kur ke kryer marr\u00ebdh\u00ebnie p\u00ebr her\u00eb t\u00eb par\u00eb? Rudina Dembacaj habit me p\u00ebrgjigjen"},"content":{"rendered":"\n<p>Aktorja e njohur Rudina Dembacaj, e pyetur se kur ka kryer marr\u00ebdh\u00ebnie p\u00ebr her\u00eb t\u00eb par\u00eb, me batut\u00eb \u00ebsht\u00eb shprehur se nuk e mban mend, se ka pasur shum\u00eb burra. Deklarat\u00eb q\u00eb ka shkaktuar t\u00eb qeshura n\u00eb studion e emisionit \u201cGoca dhe Gra\u201d.<\/p>\n\n\n\n<p>Gjithashtu foli edhe p\u00ebr marr\u00ebdh\u00ebnien me bashk\u00ebshortin Mark Frroku, teksa deklaroi se fillimisht kan\u00eb qen\u00eb shok\u00eb me nj\u00ebri-tjetrin.<\/p>\n\n\n\n<p>\u201cMarr\u00ebdh\u00ebnien e par\u00eb? Se mbaj mend fare, ku di gj\u00eb un\u00eb, sa burra kam nd\u00ebrruar un\u00eb. I kam kaluar k\u00ebshtu. (Se b\u00ebj shaka) Nuk e mbaj mend kur kam kryer marr\u00ebdh\u00ebnie p\u00ebr her\u00eb t\u00eb par\u00eb me Markun. Un\u00eb dhe im shoq jemi njohur si shok\u00eb. Ka qen\u00eb nj\u00eb telenovel\u00eb, \u201cjo po un\u00eb t\u00eb dua\u201d, \u201cjo po s\u2019\u00ebsht\u00eb gj\u00ebja e duhur\u201d. Nuk kujtoj koh\u00ebn kur, por kujtoj q\u00eb shp\u00ebrthyen fishekzjarre\u201d, tha aktorja.<\/p>\n","protected":false},"excerpt":{"rendered":"<p>Aktorja e njohur Rudina Dembacaj, e pyetur se kur ka kryer marr\u00ebdh\u00ebnie p\u00ebr her\u00eb t\u00eb par\u00eb, me batut\u00eb \u00ebsht\u00eb shprehur se nuk e mban mend, se ka pasur shum\u00eb burra. Deklarat\u00eb q\u00eb ka shkaktuar t\u00eb qeshura n\u00eb studion e emisionit \u201cGoca dhe Gra\u201d. Gjithashtu foli edhe p\u00ebr marr\u00ebdh\u00ebnien me bashk\u00ebshortin Mark Frroku, teksa deklaroi se [&hellip;]<\/p>\n","protected":false},"author":2,"featured_media":52928,"comment_status":"closed","ping_status":"closed","sticky":false,"template":"","format":"standard","meta":{"footnotes":""},"categories":[33],"tags":[],"class_list":{"0":"post-52918","1":"post","2":"type-post","3":"status-publish","4":"format-standard","5":"has-post-thumbnail","7":"category-showbiz"},"yoast_head":"<!-- This site is optimized with the Yoast SEO plugin v27.5 - https:\/\/yoast.com\/product\/yoast-seo-wordpress\/ -->\n<title>Kur ke kryer marr\u00ebdh\u00ebnie p\u00ebr her\u00eb t\u00eb par\u00eb? Rudina Dembacaj habit me p\u00ebrgjigjen - blogin.al<\/title>\n<meta name=\"robots\" content=\"index, follow, max-snippet:-1, max-image-preview:large, max-video-preview:-1\" \/>\n<link rel=\"canonical\" href=\"https:\/\/blogin.al\/?p=52918\" \/>\n<meta property=\"og:locale\" content=\"en_US\" \/>\n<meta property=\"og:type\" content=\"article\" \/>\n<meta property=\"og:title\" content=\"Kur ke kryer marr\u00ebdh\u00ebnie p\u00ebr her\u00eb t\u00eb par\u00eb? Rudina Dembacaj habit me p\u00ebrgjigjen - blogin.al\" \/>\n<meta property=\"og:description\" content=\"Aktorja e njohur Rudina Dembacaj, e pyetur se kur ka kryer marr\u00ebdh\u00ebnie p\u00ebr her\u00eb t\u00eb par\u00eb, me batut\u00eb \u00ebsht\u00eb shprehur se nuk e mban mend, se ka pasur shum\u00eb burra. Deklarat\u00eb q\u00eb ka shkaktuar t\u00eb qeshura n\u00eb studion e emisionit \u201cGoca dhe Gra\u201d. Gjithashtu foli edhe p\u00ebr marr\u00ebdh\u00ebnien me bashk\u00ebshortin Mark Frroku, teksa deklaroi se [&hellip;]\" \/>\n<meta property=\"og:url\" content=\"https:\/\/blogin.al\/?p=52918\" \/>\n<meta property=\"og:site_name\" content=\"blogin.al\" \/>\n<meta property=\"article:published_time\" content=\"2024-11-25T13:08:44+00:00\" \/>\n<meta property=\"article:modified_time\" content=\"2024-11-25T13:24:04+00:00\" \/>\n<meta property=\"og:image\" content=\"https:\/\/blogin.al\/wp-content\/uploads\/2024\/11\/20241104_155128.jpg\" \/>\n\t<meta property=\"og:image:width\" content=\"1440\" \/>\n\t<meta property=\"og:image:height\" content=\"1724\" \/>\n\t<meta property=\"og:image:type\" content=\"image\/jpeg\" \/>\n<meta name=\"author\" content=\"Blogin al\" \/>\n<meta name=\"twitter:card\" content=\"summary_large_image\" \/>\n<meta name=\"twitter:label1\" content=\"Written by\" \/>\n\t<meta name=\"twitter:data1\" content=\"Blogin al\" \/>\n\t<meta name=\"twitter:label2\" content=\"Est. reading time\" \/>\n\t<meta name=\"twitter:data2\" content=\"1 minute\" \/>\n<script type=\"application\/ld+json\" class=\"yoast-schema-graph\">{\"@context\":\"https:\\\/\\\/schema.org\",\"@graph\":[{\"@type\":\"Article\",\"@id\":\"https:\\\/\\\/blogin.al\\\/?p=52918#article\",\"isPartOf\":{\"@id\":\"https:\\\/\\\/blogin.al\\\/?p=52918\"},\"author\":{\"name\":\"Blogin al\",\"@id\":\"https:\\\/\\\/blogin.al\\\/#\\\/schema\\\/person\\\/abdd56bc912cd511db877b852b115399\"},\"headline\":\"Kur ke kryer marr\u00ebdh\u00ebnie p\u00ebr her\u00eb t\u00eb par\u00eb? Rudina Dembacaj habit me p\u00ebrgjigjen\",\"datePublished\":\"2024-11-25T13:08:44+00:00\",\"dateModified\":\"2024-11-25T13:24:04+00:00\",\"mainEntityOfPage\":{\"@id\":\"https:\\\/\\\/blogin.al\\\/?p=52918\"},\"wordCount\":169,\"publisher\":{\"@id\":\"https:\\\/\\\/blogin.al\\\/#organization\"},\"image\":{\"@id\":\"https:\\\/\\\/blogin.al\\\/?p=52918#primaryimage\"},\"thumbnailUrl\":\"https:\\\/\\\/blogin.al\\\/wp-content\\\/uploads\\\/2024\\\/11\\\/20241104_155128.jpg\",\"articleSection\":[\"SHOWBIZ\"],\"inLanguage\":\"en-US\"},{\"@type\":\"WebPage\",\"@id\":\"https:\\\/\\\/blogin.al\\\/?p=52918\",\"url\":\"https:\\\/\\\/blogin.al\\\/?p=52918\",\"name\":\"Kur ke kryer marr\u00ebdh\u00ebnie p\u00ebr her\u00eb t\u00eb par\u00eb? Rudina Dembacaj habit me p\u00ebrgjigjen - blogin.al\",\"isPartOf\":{\"@id\":\"https:\\\/\\\/blogin.al\\\/#website\"},\"primaryImageOfPage\":{\"@id\":\"https:\\\/\\\/blogin.al\\\/?p=52918#primaryimage\"},\"image\":{\"@id\":\"https:\\\/\\\/blogin.al\\\/?p=52918#primaryimage\"},\"thumbnailUrl\":\"https:\\\/\\\/blogin.al\\\/wp-content\\\/uploads\\\/2024\\\/11\\\/20241104_155128.jpg\",\"datePublished\":\"2024-11-25T13:08:44+00:00\",\"dateModified\":\"2024-11-25T13:24:04+00:00\",\"breadcrumb\":{\"@id\":\"https:\\\/\\\/blogin.al\\\/?p=52918#breadcrumb\"},\"inLanguage\":\"en-US\",\"potentialAction\":[{\"@type\":\"ReadAction\",\"target\":[\"https:\\\/\\\/blogin.al\\\/?p=52918\"]}]},{\"@type\":\"ImageObject\",\"inLanguage\":\"en-US\",\"@id\":\"https:\\\/\\\/blogin.al\\\/?p=52918#primaryimage\",\"url\":\"https:\\\/\\\/blogin.al\\\/wp-content\\\/uploads\\\/2024\\\/11\\\/20241104_155128.jpg\",\"contentUrl\":\"https:\\\/\\\/blogin.al\\\/wp-content\\\/uploads\\\/2024\\\/11\\\/20241104_155128.jpg\",\"width\":1440,\"height\":1724},{\"@type\":\"BreadcrumbList\",\"@id\":\"https:\\\/\\\/blogin.al\\\/?p=52918#breadcrumb\",\"itemListElement\":[{\"@type\":\"ListItem\",\"position\":1,\"name\":\"Home\",\"item\":\"https:\\\/\\\/blogin.al\\\/\"},{\"@type\":\"ListItem\",\"position\":2,\"name\":\"Kur ke kryer marr\u00ebdh\u00ebnie p\u00ebr her\u00eb t\u00eb par\u00eb? Rudina Dembacaj habit me p\u00ebrgjigjen\"}]},{\"@type\":\"WebSite\",\"@id\":\"https:\\\/\\\/blogin.al\\\/#website\",\"url\":\"https:\\\/\\\/blogin.al\\\/\",\"name\":\"blogin.al\",\"description\":\"\",\"publisher\":{\"@id\":\"https:\\\/\\\/blogin.al\\\/#organization\"},\"potentialAction\":[{\"@type\":\"SearchAction\",\"target\":{\"@type\":\"EntryPoint\",\"urlTemplate\":\"https:\\\/\\\/blogin.al\\\/?s={search_term_string}\"},\"query-input\":{\"@type\":\"PropertyValueSpecification\",\"valueRequired\":true,\"valueName\":\"search_term_string\"}}],\"inLanguage\":\"en-US\"},{\"@type\":\"Organization\",\"@id\":\"https:\\\/\\\/blogin.al\\\/#organization\",\"name\":\"BLOGIN.al\",\"url\":\"https:\\\/\\\/blogin.al\\\/\",\"logo\":{\"@type\":\"ImageObject\",\"inLanguage\":\"en-US\",\"@id\":\"https:\\\/\\\/blogin.al\\\/#\\\/schema\\\/logo\\\/image\\\/\",\"url\":\"https:\\\/\\\/blogin.al\\\/wp-content\\\/uploads\\\/2022\\\/05\\\/Untitled-2-01-e1652084456514.png\",\"contentUrl\":\"https:\\\/\\\/blogin.al\\\/wp-content\\\/uploads\\\/2022\\\/05\\\/Untitled-2-01-e1652084456514.png\",\"width\":3723,\"height\":1698,\"caption\":\"BLOGIN.al\"},\"image\":{\"@id\":\"https:\\\/\\\/blogin.al\\\/#\\\/schema\\\/logo\\\/image\\\/\"},\"sameAs\":[\"https:\\\/\\\/instagram.com\\\/blogin.al\\\/\"]},{\"@type\":\"Person\",\"@id\":\"https:\\\/\\\/blogin.al\\\/#\\\/schema\\\/person\\\/abdd56bc912cd511db877b852b115399\",\"name\":\"Blogin al\",\"image\":{\"@type\":\"ImageObject\",\"inLanguage\":\"en-US\",\"@id\":\"https:\\\/\\\/secure.gravatar.com\\\/avatar\\\/60d5661aee6e835fb13dc75d2204cd0c1d61bef2efd137c0083e59ef831e235e?s=96&d=mm&r=g\",\"url\":\"https:\\\/\\\/secure.gravatar.com\\\/avatar\\\/60d5661aee6e835fb13dc75d2204cd0c1d61bef2efd137c0083e59ef831e235e?s=96&d=mm&r=g\",\"contentUrl\":\"https:\\\/\\\/secure.gravatar.com\\\/avatar\\\/60d5661aee6e835fb13dc75d2204cd0c1d61bef2efd137c0083e59ef831e235e?s=96&d=mm&r=g\",\"caption\":\"Blogin al\"},\"sameAs\":[\"https:\\\/\\\/blogin.al\"],\"url\":\"https:\\\/\\\/blogin.al\\\/?author=2\"}]}<\/script>\n<!-- \/ Yoast SEO plugin. -->","yoast_head_json":{"title":"Kur ke kryer marr\u00ebdh\u00ebnie p\u00ebr her\u00eb t\u00eb par\u00eb? Rudina Dembacaj habit me p\u00ebrgjigjen - blogin.al","robots":{"index":"index","follow":"follow","max-snippet":"max-snippet:-1","max-image-preview":"max-image-preview:large","max-video-preview":"max-video-preview:-1"},"canonical":"https:\/\/blogin.al\/?p=52918","og_locale":"en_US","og_type":"article","og_title":"Kur ke kryer marr\u00ebdh\u00ebnie p\u00ebr her\u00eb t\u00eb par\u00eb? Rudina Dembacaj habit me p\u00ebrgjigjen - blogin.al","og_description":"Aktorja e njohur Rudina Dembacaj, e pyetur se kur ka kryer marr\u00ebdh\u00ebnie p\u00ebr her\u00eb t\u00eb par\u00eb, me batut\u00eb \u00ebsht\u00eb shprehur se nuk e mban mend, se ka pasur shum\u00eb burra. Deklarat\u00eb q\u00eb ka shkaktuar t\u00eb qeshura n\u00eb studion e emisionit \u201cGoca dhe Gra\u201d. Gjithashtu foli edhe p\u00ebr marr\u00ebdh\u00ebnien me bashk\u00ebshortin Mark Frroku, teksa deklaroi se [&hellip;]","og_url":"https:\/\/blogin.al\/?p=52918","og_site_name":"blogin.al","article_published_time":"2024-11-25T13:08:44+00:00","article_modified_time":"2024-11-25T13:24:04+00:00","og_image":[{"width":1440,"height":1724,"url":"https:\/\/blogin.al\/wp-content\/uploads\/2024\/11\/20241104_155128.jpg","type":"image\/jpeg"}],"author":"Blogin al","twitter_card":"summary_large_image","twitter_misc":{"Written by":"Blogin al","Est. reading time":"1 minute"},"schema":{"@context":"https:\/\/schema.org","@graph":[{"@type":"Article","@id":"https:\/\/blogin.al\/?p=52918#article","isPartOf":{"@id":"https:\/\/blogin.al\/?p=52918"},"author":{"name":"Blogin al","@id":"https:\/\/blogin.al\/#\/schema\/person\/abdd56bc912cd511db877b852b115399"},"headline":"Kur ke kryer marr\u00ebdh\u00ebnie p\u00ebr her\u00eb t\u00eb par\u00eb? Rudina Dembacaj habit me p\u00ebrgjigjen","datePublished":"2024-11-25T13:08:44+00:00","dateModified":"2024-11-25T13:24:04+00:00","mainEntityOfPage":{"@id":"https:\/\/blogin.al\/?p=52918"},"wordCount":169,"publisher":{"@id":"https:\/\/blogin.al\/#organization"},"image":{"@id":"https:\/\/blogin.al\/?p=52918#primaryimage"},"thumbnailUrl":"https:\/\/blogin.al\/wp-content\/uploads\/2024\/11\/20241104_155128.jpg","articleSection":["SHOWBIZ"],"inLanguage":"en-US"},{"@type":"WebPage","@id":"https:\/\/blogin.al\/?p=52918","url":"https:\/\/blogin.al\/?p=52918","name":"Kur ke kryer marr\u00ebdh\u00ebnie p\u00ebr her\u00eb t\u00eb par\u00eb? Rudina Dembacaj habit me p\u00ebrgjigjen - blogin.al","isPartOf":{"@id":"https:\/\/blogin.al\/#website"},"primaryImageOfPage":{"@id":"https:\/\/blogin.al\/?p=52918#primaryimage"},"image":{"@id":"https:\/\/blogin.al\/?p=52918#primaryimage"},"thumbnailUrl":"https:\/\/blogin.al\/wp-content\/uploads\/2024\/11\/20241104_155128.jpg","datePublished":"2024-11-25T13:08:44+00:00","dateModified":"2024-11-25T13:24:04+00:00","breadcrumb":{"@id":"https:\/\/blogin.al\/?p=52918#breadcrumb"},"inLanguage":"en-US","potentialAction":[{"@type":"ReadAction","target":["https:\/\/blogin.al\/?p=52918"]}]},{"@type":"ImageObject","inLanguage":"en-US","@id":"https:\/\/blogin.al\/?p=52918#primaryimage","url":"https:\/\/blogin.al\/wp-content\/uploads\/2024\/11\/20241104_155128.jpg","contentUrl":"https:\/\/blogin.al\/wp-content\/uploads\/2024\/11\/20241104_155128.jpg","width":1440,"height":1724},{"@type":"BreadcrumbList","@id":"https:\/\/blogin.al\/?p=52918#breadcrumb","itemListElement":[{"@type":"ListItem","position":1,"name":"Home","item":"https:\/\/blogin.al\/"},{"@type":"ListItem","position":2,"name":"Kur ke kryer marr\u00ebdh\u00ebnie p\u00ebr her\u00eb t\u00eb par\u00eb? Rudina Dembacaj habit me p\u00ebrgjigjen"}]},{"@type":"WebSite","@id":"https:\/\/blogin.al\/#website","url":"https:\/\/blogin.al\/","name":"blogin.al","description":"","publisher":{"@id":"https:\/\/blogin.al\/#organization"},"potentialAction":[{"@type":"SearchAction","target":{"@type":"EntryPoint","urlTemplate":"https:\/\/blogin.al\/?s={search_term_string}"},"query-input":{"@type":"PropertyValueSpecification","valueRequired":true,"valueName":"search_term_string"}}],"inLanguage":"en-US"},{"@type":"Organization","@id":"https:\/\/blogin.al\/#organization","name":"BLOGIN.al","url":"https:\/\/blogin.al\/","logo":{"@type":"ImageObject","inLanguage":"en-US","@id":"https:\/\/blogin.al\/#\/schema\/logo\/image\/","url":"https:\/\/blogin.al\/wp-content\/uploads\/2022\/05\/Untitled-2-01-e1652084456514.png","contentUrl":"https:\/\/blogin.al\/wp-content\/uploads\/2022\/05\/Untitled-2-01-e1652084456514.png","width":3723,"height":1698,"caption":"BLOGIN.al"},"image":{"@id":"https:\/\/blogin.al\/#\/schema\/logo\/image\/"},"sameAs":["https:\/\/instagram.com\/blogin.al\/"]},{"@type":"Person","@id":"https:\/\/blogin.al\/#\/schema\/person\/abdd56bc912cd511db877b852b115399","name":"Blogin al","image":{"@type":"ImageObject","inLanguage":"en-US","@id":"https:\/\/secure.gravatar.com\/avatar\/60d5661aee6e835fb13dc75d2204cd0c1d61bef2efd137c0083e59ef831e235e?s=96&d=mm&r=g","url":"https:\/\/secure.gravatar.com\/avatar\/60d5661aee6e835fb13dc75d2204cd0c1d61bef2efd137c0083e59ef831e235e?s=96&d=mm&r=g","contentUrl":"https:\/\/secure.gravatar.com\/avatar\/60d5661aee6e835fb13dc75d2204cd0c1d61bef2efd137c0083e59ef831e235e?s=96&d=mm&r=g","caption":"Blogin al"},"sameAs":["https:\/\/blogin.al"],"url":"https:\/\/blogin.al\/?author=2"}]}},"_links":{"self":[{"href":"https:\/\/blogin.al\/index.php?rest_route=\/wp\/v2\/posts\/52918","targetHints":{"allow":["GET"]}}],"collection":[{"href":"https:\/\/blogin.al\/index.php?rest_route=\/wp\/v2\/posts"}],"about":[{"href":"https:\/\/blogin.al\/index.php?rest_route=\/wp\/v2\/types\/post"}],"author":[{"embeddable":true,"href":"https:\/\/blogin.al\/index.php?rest_route=\/wp\/v2\/users\/2"}],"replies":[{"embeddable":true,"href":"https:\/\/blogin.al\/index.php?rest_route=%2Fwp%2Fv2%2Fcomments&post=52918"}],"version-history":[{"count":1,"href":"https:\/\/blogin.al\/index.php?rest_route=\/wp\/v2\/posts\/52918\/revisions"}],"predecessor-version":[{"id":52919,"href":"https:\/\/blogin.al\/index.php?rest_route=\/wp\/v2\/posts\/52918\/revisions\/52919"}],"wp:featuredmedia":[{"embeddable":true,"href":"https:\/\/blogin.al\/index.php?rest_route=\/wp\/v2\/media\/52928"}],"wp:attachment":[{"href":"https:\/\/blogin.al\/index.php?rest_route=%2Fwp%2Fv2%2Fmedia&parent=52918"}],"wp:term":[{"taxonomy":"category","embeddable":true,"href":"https:\/\/blogin.al\/index.php?rest_route=%2Fwp%2Fv2%2Fcategories&post=52918"},{"taxonomy":"post_tag","embeddable":true,"href":"https:\/\/blogin.al\/index.php?rest_route=%2Fwp%2Fv2%2Ftags&post=52918"}],"curies":[{"name":"wp","href":"https:\/\/api.w.org\/{rel}","templated":true}]}}