{"id":53032,"date":"2024-11-29T10:57:43","date_gmt":"2024-11-29T10:57:43","guid":{"rendered":"https:\/\/blogin.al\/?p=53032"},"modified":"2024-11-29T11:12:30","modified_gmt":"2024-11-29T11:12:30","slug":"behgjet-pacolli-flet-per-martesen-me-ana-oxen-pasi-u-ndame-derdhem-lot","status":"publish","type":"post","link":"https:\/\/blogin.al\/?p=53032","title":{"rendered":"Behgjet Pacolli flet p\u00ebr martes\u00ebn me Ana Ox\u00ebn: Pasi u ndam\u00eb, derdh\u00ebm lot"},"content":{"rendered":"\n<p>Marr\u00ebdh\u00ebnia 7-vje\u00e7are p\u00ebr Behgjet Pacollin me Ana Ox\u00ebn ka qen\u00eb e ve\u00e7ant\u00eb, p\u00ebrmbush\u00ebse, dinamike, aq sa, sot ai \u00ebsht\u00eb n\u00eb gjendje edhe t\u00eb arrij\u00eb n\u00eb nj\u00eb p\u00ebrfundim: \u201c<strong><em>Ka qen\u00eb dashuria ma e madhe. Dhe ma e kandshmjaaa\u2026\u201d<\/em><\/strong><\/p>\n\n\n\n<p>\u201c<em>\u00cbsht\u00eb pak emocionale t\u00eb flas\u00ebsh p\u00ebr k\u00ebt\u00eb, se \u00e7dokush normal e kishte tejkaluar at\u00eb kriz\u00eb. Q\u00eb kur jam njohur me An\u00ebn kam pasur gjith\u00eb koh\u00ebn dhe kam mbetur edhe sot me konsiderat\u00eb p\u00ebr personalitetin e saj; i fort\u00eb, po e prer\u00eb, kryene\u00e7e, por jasht\u00ebzakonisht humane, e sjellshme\u201d, tregon Pacolli duke shtuar se historia me k\u00ebng\u00ebtaren e njohur me origjin\u00eb shqiptare mund t\u00eb kishte vazhduar, por ka qen\u00eb shum\u00eb i madh presioni nga i cilia ta t\u00eb dy po vuanin munges\u00ebn e f\u00ebmij\u00ebve: \u201cDeri n\u00eb Amerik\u00ebn<\/em>\u00a0<em>e Jugut kemi shkuar p\u00ebr t\u00eb gjetur zgjidhje p\u00ebr f\u00ebmij\u00eb. Ka qen\u00eb nj\u00eb presion i madh edhe nga motrat, edhe nga grat\u00eb tona. Ju e dini si jan\u00eb grat\u00eb tona: \u201cPo \u00e7a gruaje je ti q\u00eb nuk b\u00ebn nj\u00eb f\u00ebmij\u00eb?\u201d N\u00ebse dikush \u00ebsht\u00eb i verb\u00ebr dhe ti i thua \u201cje i verb\u00ebr\u201d, e ke groposur, \u00ebsht\u00eb fatale. Kjo qasje ka qen\u00eb. Njer\u00ebzit e mi, presioni i madh p\u00ebr f\u00ebmij\u00eb. Kjo nuk dua t\u00eb paragjykoj, por kjo ishte ndoshta arsyeja e par\u00eb q\u00eb \u00e7oi n\u00eb nj\u00eb frustrim\u2026\u201d<\/em><\/p>\n\n\n\n<p>Pacolli shton m\u00eb tej se Ana, asokohe kishte nisur t\u00eb lexonte m\u00eb shum\u00eb libra meditimi, t\u00eb cil\u00ebt kishin nisur t\u00eb ndikonin edhe n\u00eb jet\u00ebn e saj. \u201cAjo fillon t\u00eb lexoj\u00eb libra q\u00eb p\u00ebr mua ishin fantashkenc\u00eb, t\u00eb sekteve indiane. Lexon tep\u00ebr dhe shoh q\u00eb librat po grumbullohen. Nj\u00eb dit\u00eb m\u00eb thot\u00eb nuk jam n\u00eb sht\u00ebpi se ishte n\u00eb nj\u00eb takim, n\u00eb fakt ishte n\u00eb nj\u00eb meditim. Kam shkuar pa paragjykim dhe i kam par\u00eb l\u00ebvizjet indiane dhe meditimet. Aty kam qen\u00eb ndoshta i pap\u00ebrgatitur dhe kjo gj\u00eb me pengoi. Ka ardhur n\u00eb sht\u00ebpi dhe e kemi ngritur z\u00ebrin\u2026\u201d<\/p>\n\n\n\n<p>Kaq u desh q\u00eb mes \u00e7iftit t\u00eb nd\u00ebrhynin edhe motrat e An\u00ebs, q\u00eb jetonin bashk\u00eb me ta: \u201c<em>Edhe ato filluan shu\u00ebm t\u00eb nd\u00ebrhynin n\u00eb jet\u00ebn ton\u00eb. Ajo nd\u00ebrhyrja ka qen\u00eb si rezultat i asaj q\u00eb ata bisedonin n\u00eb munges\u00ebn time. Pastaj u thash\u00eb a po shikoni pun\u00ebt tuaja. N\u00ebse mundeni, n\u00ebse jo, shkoni, dera \u00ebsht\u00eb e hapur. Pastaj ajo Ana aty nuk ka mundur, mbeti mes familjes dhe meje\u201d.<\/em><\/p>\n\n\n\n<p>Pas k\u00ebsaj, historia vijoi me tone t\u00eb ngritura e me keqkuptime, rast\u00ebsi t\u00eb tjera t\u00eb cilat ndikuan n\u00eb ndarjen e \u00e7iftit. Pacolli i mban mend me detaje, aq sa i tregon me p\u00ebrpik\u00ebri edhe l\u00ebvizjet e tij gjat\u00eb divorcit, por nuk harron kurrsesi t\u00eb vler\u00ebsoj\u00eb An\u00ebn si grua t\u00eb madhe: \u201c<em>Ajo nuk pretendoi kurr\u00eb asgj\u00eb prej meje. Sigurisht, un\u00eb b\u00ebra pjes\u00ebn time, por u ndam\u00eb q\u00eb n\u00eb seanc\u00ebn e par\u00eb dhe pasi u ndam\u00eb, u ul\u00ebm te lokali af\u00ebr dhe t\u00eb dy kemi derdhur lot<\/em>\u2026\u201d<\/p>\n\n\n\n<p>Pastaj pranon: \u201cPo, ishte dashuria m\u00eb e madhe. Dhe m\u00eb e k\u00ebndshme\u2026\u201d \u2013 duke theksuar se 4 vitet bashk\u00ebjetes\u00eb dhe 3 martes\u00eb kan\u00eb qen\u00eb mjaft dinamike, p\u00ebrmbush\u00ebse p\u00ebr t\u00eb, t\u00eb lodhshme, por edhe shum\u00eb t\u00eb bukura\u2026<\/p>\n","protected":false},"excerpt":{"rendered":"<p>Marr\u00ebdh\u00ebnia 7-vje\u00e7are p\u00ebr Behgjet Pacollin me Ana Ox\u00ebn ka qen\u00eb e ve\u00e7ant\u00eb, p\u00ebrmbush\u00ebse, dinamike, aq sa, sot ai \u00ebsht\u00eb n\u00eb gjendje edhe t\u00eb arrij\u00eb n\u00eb nj\u00eb p\u00ebrfundim: \u201cKa qen\u00eb dashuria ma e madhe. Dhe ma e kandshmjaaa\u2026\u201d \u201c\u00cbsht\u00eb pak emocionale t\u00eb flas\u00ebsh p\u00ebr k\u00ebt\u00eb, se \u00e7dokush normal e kishte tejkaluar at\u00eb kriz\u00eb. Q\u00eb kur jam [&hellip;]<\/p>\n","protected":false},"author":2,"featured_media":53035,"comment_status":"closed","ping_status":"closed","sticky":false,"template":"","format":"standard","meta":{"footnotes":""},"categories":[33],"tags":[],"class_list":{"0":"post-53032","1":"post","2":"type-post","3":"status-publish","4":"format-standard","5":"has-post-thumbnail","7":"category-showbiz"},"yoast_head":"<!-- This site is optimized with the Yoast SEO plugin v27.5 - https:\/\/yoast.com\/product\/yoast-seo-wordpress\/ -->\n<title>Behgjet Pacolli flet p\u00ebr martes\u00ebn me Ana Ox\u00ebn: Pasi u ndam\u00eb, derdh\u00ebm lot - blogin.al<\/title>\n<meta name=\"robots\" content=\"index, follow, max-snippet:-1, max-image-preview:large, max-video-preview:-1\" \/>\n<link rel=\"canonical\" href=\"https:\/\/blogin.al\/?p=53032\" \/>\n<meta property=\"og:locale\" content=\"en_US\" \/>\n<meta property=\"og:type\" content=\"article\" \/>\n<meta property=\"og:title\" content=\"Behgjet Pacolli flet p\u00ebr martes\u00ebn me Ana Ox\u00ebn: Pasi u ndam\u00eb, derdh\u00ebm lot - blogin.al\" \/>\n<meta property=\"og:description\" content=\"Marr\u00ebdh\u00ebnia 7-vje\u00e7are p\u00ebr Behgjet Pacollin me Ana Ox\u00ebn ka qen\u00eb e ve\u00e7ant\u00eb, p\u00ebrmbush\u00ebse, dinamike, aq sa, sot ai \u00ebsht\u00eb n\u00eb gjendje edhe t\u00eb arrij\u00eb n\u00eb nj\u00eb p\u00ebrfundim: \u201cKa qen\u00eb dashuria ma e madhe. Dhe ma e kandshmjaaa\u2026\u201d \u201c\u00cbsht\u00eb pak emocionale t\u00eb flas\u00ebsh p\u00ebr k\u00ebt\u00eb, se \u00e7dokush normal e kishte tejkaluar at\u00eb kriz\u00eb. Q\u00eb kur jam [&hellip;]\" \/>\n<meta property=\"og:url\" content=\"https:\/\/blogin.al\/?p=53032\" \/>\n<meta property=\"og:site_name\" content=\"blogin.al\" \/>\n<meta property=\"article:published_time\" content=\"2024-11-29T10:57:43+00:00\" \/>\n<meta property=\"article:modified_time\" content=\"2024-11-29T11:12:30+00:00\" \/>\n<meta property=\"og:image\" content=\"https:\/\/blogin.al\/wp-content\/uploads\/2024\/11\/an1.jpg\" \/>\n\t<meta property=\"og:image:width\" content=\"648\" \/>\n\t<meta property=\"og:image:height\" content=\"542\" \/>\n\t<meta property=\"og:image:type\" content=\"image\/jpeg\" \/>\n<meta name=\"author\" content=\"Blogin al\" \/>\n<meta name=\"twitter:card\" content=\"summary_large_image\" \/>\n<meta name=\"twitter:label1\" content=\"Written by\" \/>\n\t<meta name=\"twitter:data1\" content=\"Blogin al\" \/>\n\t<meta name=\"twitter:label2\" content=\"Est. reading time\" \/>\n\t<meta name=\"twitter:data2\" content=\"3 minutes\" \/>\n<script type=\"application\/ld+json\" class=\"yoast-schema-graph\">{\"@context\":\"https:\\\/\\\/schema.org\",\"@graph\":[{\"@type\":\"Article\",\"@id\":\"https:\\\/\\\/blogin.al\\\/?p=53032#article\",\"isPartOf\":{\"@id\":\"https:\\\/\\\/blogin.al\\\/?p=53032\"},\"author\":{\"name\":\"Blogin al\",\"@id\":\"https:\\\/\\\/blogin.al\\\/#\\\/schema\\\/person\\\/abdd56bc912cd511db877b852b115399\"},\"headline\":\"Behgjet Pacolli flet p\u00ebr martes\u00ebn me Ana Ox\u00ebn: Pasi u ndam\u00eb, derdh\u00ebm lot\",\"datePublished\":\"2024-11-29T10:57:43+00:00\",\"dateModified\":\"2024-11-29T11:12:30+00:00\",\"mainEntityOfPage\":{\"@id\":\"https:\\\/\\\/blogin.al\\\/?p=53032\"},\"wordCount\":580,\"publisher\":{\"@id\":\"https:\\\/\\\/blogin.al\\\/#organization\"},\"image\":{\"@id\":\"https:\\\/\\\/blogin.al\\\/?p=53032#primaryimage\"},\"thumbnailUrl\":\"https:\\\/\\\/blogin.al\\\/wp-content\\\/uploads\\\/2024\\\/11\\\/an1.jpg\",\"articleSection\":[\"SHOWBIZ\"],\"inLanguage\":\"en-US\"},{\"@type\":\"WebPage\",\"@id\":\"https:\\\/\\\/blogin.al\\\/?p=53032\",\"url\":\"https:\\\/\\\/blogin.al\\\/?p=53032\",\"name\":\"Behgjet Pacolli flet p\u00ebr martes\u00ebn me Ana Ox\u00ebn: Pasi u ndam\u00eb, derdh\u00ebm lot - blogin.al\",\"isPartOf\":{\"@id\":\"https:\\\/\\\/blogin.al\\\/#website\"},\"primaryImageOfPage\":{\"@id\":\"https:\\\/\\\/blogin.al\\\/?p=53032#primaryimage\"},\"image\":{\"@id\":\"https:\\\/\\\/blogin.al\\\/?p=53032#primaryimage\"},\"thumbnailUrl\":\"https:\\\/\\\/blogin.al\\\/wp-content\\\/uploads\\\/2024\\\/11\\\/an1.jpg\",\"datePublished\":\"2024-11-29T10:57:43+00:00\",\"dateModified\":\"2024-11-29T11:12:30+00:00\",\"breadcrumb\":{\"@id\":\"https:\\\/\\\/blogin.al\\\/?p=53032#breadcrumb\"},\"inLanguage\":\"en-US\",\"potentialAction\":[{\"@type\":\"ReadAction\",\"target\":[\"https:\\\/\\\/blogin.al\\\/?p=53032\"]}]},{\"@type\":\"ImageObject\",\"inLanguage\":\"en-US\",\"@id\":\"https:\\\/\\\/blogin.al\\\/?p=53032#primaryimage\",\"url\":\"https:\\\/\\\/blogin.al\\\/wp-content\\\/uploads\\\/2024\\\/11\\\/an1.jpg\",\"contentUrl\":\"https:\\\/\\\/blogin.al\\\/wp-content\\\/uploads\\\/2024\\\/11\\\/an1.jpg\",\"width\":648,\"height\":542},{\"@type\":\"BreadcrumbList\",\"@id\":\"https:\\\/\\\/blogin.al\\\/?p=53032#breadcrumb\",\"itemListElement\":[{\"@type\":\"ListItem\",\"position\":1,\"name\":\"Home\",\"item\":\"https:\\\/\\\/blogin.al\\\/\"},{\"@type\":\"ListItem\",\"position\":2,\"name\":\"Behgjet Pacolli flet p\u00ebr martes\u00ebn me Ana Ox\u00ebn: Pasi u ndam\u00eb, derdh\u00ebm lot\"}]},{\"@type\":\"WebSite\",\"@id\":\"https:\\\/\\\/blogin.al\\\/#website\",\"url\":\"https:\\\/\\\/blogin.al\\\/\",\"name\":\"blogin.al\",\"description\":\"\",\"publisher\":{\"@id\":\"https:\\\/\\\/blogin.al\\\/#organization\"},\"potentialAction\":[{\"@type\":\"SearchAction\",\"target\":{\"@type\":\"EntryPoint\",\"urlTemplate\":\"https:\\\/\\\/blogin.al\\\/?s={search_term_string}\"},\"query-input\":{\"@type\":\"PropertyValueSpecification\",\"valueRequired\":true,\"valueName\":\"search_term_string\"}}],\"inLanguage\":\"en-US\"},{\"@type\":\"Organization\",\"@id\":\"https:\\\/\\\/blogin.al\\\/#organization\",\"name\":\"BLOGIN.al\",\"url\":\"https:\\\/\\\/blogin.al\\\/\",\"logo\":{\"@type\":\"ImageObject\",\"inLanguage\":\"en-US\",\"@id\":\"https:\\\/\\\/blogin.al\\\/#\\\/schema\\\/logo\\\/image\\\/\",\"url\":\"https:\\\/\\\/blogin.al\\\/wp-content\\\/uploads\\\/2022\\\/05\\\/Untitled-2-01-e1652084456514.png\",\"contentUrl\":\"https:\\\/\\\/blogin.al\\\/wp-content\\\/uploads\\\/2022\\\/05\\\/Untitled-2-01-e1652084456514.png\",\"width\":3723,\"height\":1698,\"caption\":\"BLOGIN.al\"},\"image\":{\"@id\":\"https:\\\/\\\/blogin.al\\\/#\\\/schema\\\/logo\\\/image\\\/\"},\"sameAs\":[\"https:\\\/\\\/instagram.com\\\/blogin.al\\\/\"]},{\"@type\":\"Person\",\"@id\":\"https:\\\/\\\/blogin.al\\\/#\\\/schema\\\/person\\\/abdd56bc912cd511db877b852b115399\",\"name\":\"Blogin al\",\"image\":{\"@type\":\"ImageObject\",\"inLanguage\":\"en-US\",\"@id\":\"https:\\\/\\\/secure.gravatar.com\\\/avatar\\\/60d5661aee6e835fb13dc75d2204cd0c1d61bef2efd137c0083e59ef831e235e?s=96&d=mm&r=g\",\"url\":\"https:\\\/\\\/secure.gravatar.com\\\/avatar\\\/60d5661aee6e835fb13dc75d2204cd0c1d61bef2efd137c0083e59ef831e235e?s=96&d=mm&r=g\",\"contentUrl\":\"https:\\\/\\\/secure.gravatar.com\\\/avatar\\\/60d5661aee6e835fb13dc75d2204cd0c1d61bef2efd137c0083e59ef831e235e?s=96&d=mm&r=g\",\"caption\":\"Blogin al\"},\"sameAs\":[\"https:\\\/\\\/blogin.al\"],\"url\":\"https:\\\/\\\/blogin.al\\\/?author=2\"}]}<\/script>\n<!-- \/ Yoast SEO plugin. -->","yoast_head_json":{"title":"Behgjet Pacolli flet p\u00ebr martes\u00ebn me Ana Ox\u00ebn: Pasi u ndam\u00eb, derdh\u00ebm lot - blogin.al","robots":{"index":"index","follow":"follow","max-snippet":"max-snippet:-1","max-image-preview":"max-image-preview:large","max-video-preview":"max-video-preview:-1"},"canonical":"https:\/\/blogin.al\/?p=53032","og_locale":"en_US","og_type":"article","og_title":"Behgjet Pacolli flet p\u00ebr martes\u00ebn me Ana Ox\u00ebn: Pasi u ndam\u00eb, derdh\u00ebm lot - blogin.al","og_description":"Marr\u00ebdh\u00ebnia 7-vje\u00e7are p\u00ebr Behgjet Pacollin me Ana Ox\u00ebn ka qen\u00eb e ve\u00e7ant\u00eb, p\u00ebrmbush\u00ebse, dinamike, aq sa, sot ai \u00ebsht\u00eb n\u00eb gjendje edhe t\u00eb arrij\u00eb n\u00eb nj\u00eb p\u00ebrfundim: \u201cKa qen\u00eb dashuria ma e madhe. Dhe ma e kandshmjaaa\u2026\u201d \u201c\u00cbsht\u00eb pak emocionale t\u00eb flas\u00ebsh p\u00ebr k\u00ebt\u00eb, se \u00e7dokush normal e kishte tejkaluar at\u00eb kriz\u00eb. Q\u00eb kur jam [&hellip;]","og_url":"https:\/\/blogin.al\/?p=53032","og_site_name":"blogin.al","article_published_time":"2024-11-29T10:57:43+00:00","article_modified_time":"2024-11-29T11:12:30+00:00","og_image":[{"width":648,"height":542,"url":"https:\/\/blogin.al\/wp-content\/uploads\/2024\/11\/an1.jpg","type":"image\/jpeg"}],"author":"Blogin al","twitter_card":"summary_large_image","twitter_misc":{"Written by":"Blogin al","Est. reading time":"3 minutes"},"schema":{"@context":"https:\/\/schema.org","@graph":[{"@type":"Article","@id":"https:\/\/blogin.al\/?p=53032#article","isPartOf":{"@id":"https:\/\/blogin.al\/?p=53032"},"author":{"name":"Blogin al","@id":"https:\/\/blogin.al\/#\/schema\/person\/abdd56bc912cd511db877b852b115399"},"headline":"Behgjet Pacolli flet p\u00ebr martes\u00ebn me Ana Ox\u00ebn: Pasi u ndam\u00eb, derdh\u00ebm lot","datePublished":"2024-11-29T10:57:43+00:00","dateModified":"2024-11-29T11:12:30+00:00","mainEntityOfPage":{"@id":"https:\/\/blogin.al\/?p=53032"},"wordCount":580,"publisher":{"@id":"https:\/\/blogin.al\/#organization"},"image":{"@id":"https:\/\/blogin.al\/?p=53032#primaryimage"},"thumbnailUrl":"https:\/\/blogin.al\/wp-content\/uploads\/2024\/11\/an1.jpg","articleSection":["SHOWBIZ"],"inLanguage":"en-US"},{"@type":"WebPage","@id":"https:\/\/blogin.al\/?p=53032","url":"https:\/\/blogin.al\/?p=53032","name":"Behgjet Pacolli flet p\u00ebr martes\u00ebn me Ana Ox\u00ebn: Pasi u ndam\u00eb, derdh\u00ebm lot - blogin.al","isPartOf":{"@id":"https:\/\/blogin.al\/#website"},"primaryImageOfPage":{"@id":"https:\/\/blogin.al\/?p=53032#primaryimage"},"image":{"@id":"https:\/\/blogin.al\/?p=53032#primaryimage"},"thumbnailUrl":"https:\/\/blogin.al\/wp-content\/uploads\/2024\/11\/an1.jpg","datePublished":"2024-11-29T10:57:43+00:00","dateModified":"2024-11-29T11:12:30+00:00","breadcrumb":{"@id":"https:\/\/blogin.al\/?p=53032#breadcrumb"},"inLanguage":"en-US","potentialAction":[{"@type":"ReadAction","target":["https:\/\/blogin.al\/?p=53032"]}]},{"@type":"ImageObject","inLanguage":"en-US","@id":"https:\/\/blogin.al\/?p=53032#primaryimage","url":"https:\/\/blogin.al\/wp-content\/uploads\/2024\/11\/an1.jpg","contentUrl":"https:\/\/blogin.al\/wp-content\/uploads\/2024\/11\/an1.jpg","width":648,"height":542},{"@type":"BreadcrumbList","@id":"https:\/\/blogin.al\/?p=53032#breadcrumb","itemListElement":[{"@type":"ListItem","position":1,"name":"Home","item":"https:\/\/blogin.al\/"},{"@type":"ListItem","position":2,"name":"Behgjet Pacolli flet p\u00ebr martes\u00ebn me Ana Ox\u00ebn: Pasi u ndam\u00eb, derdh\u00ebm lot"}]},{"@type":"WebSite","@id":"https:\/\/blogin.al\/#website","url":"https:\/\/blogin.al\/","name":"blogin.al","description":"","publisher":{"@id":"https:\/\/blogin.al\/#organization"},"potentialAction":[{"@type":"SearchAction","target":{"@type":"EntryPoint","urlTemplate":"https:\/\/blogin.al\/?s={search_term_string}"},"query-input":{"@type":"PropertyValueSpecification","valueRequired":true,"valueName":"search_term_string"}}],"inLanguage":"en-US"},{"@type":"Organization","@id":"https:\/\/blogin.al\/#organization","name":"BLOGIN.al","url":"https:\/\/blogin.al\/","logo":{"@type":"ImageObject","inLanguage":"en-US","@id":"https:\/\/blogin.al\/#\/schema\/logo\/image\/","url":"https:\/\/blogin.al\/wp-content\/uploads\/2022\/05\/Untitled-2-01-e1652084456514.png","contentUrl":"https:\/\/blogin.al\/wp-content\/uploads\/2022\/05\/Untitled-2-01-e1652084456514.png","width":3723,"height":1698,"caption":"BLOGIN.al"},"image":{"@id":"https:\/\/blogin.al\/#\/schema\/logo\/image\/"},"sameAs":["https:\/\/instagram.com\/blogin.al\/"]},{"@type":"Person","@id":"https:\/\/blogin.al\/#\/schema\/person\/abdd56bc912cd511db877b852b115399","name":"Blogin al","image":{"@type":"ImageObject","inLanguage":"en-US","@id":"https:\/\/secure.gravatar.com\/avatar\/60d5661aee6e835fb13dc75d2204cd0c1d61bef2efd137c0083e59ef831e235e?s=96&d=mm&r=g","url":"https:\/\/secure.gravatar.com\/avatar\/60d5661aee6e835fb13dc75d2204cd0c1d61bef2efd137c0083e59ef831e235e?s=96&d=mm&r=g","contentUrl":"https:\/\/secure.gravatar.com\/avatar\/60d5661aee6e835fb13dc75d2204cd0c1d61bef2efd137c0083e59ef831e235e?s=96&d=mm&r=g","caption":"Blogin al"},"sameAs":["https:\/\/blogin.al"],"url":"https:\/\/blogin.al\/?author=2"}]}},"_links":{"self":[{"href":"https:\/\/blogin.al\/index.php?rest_route=\/wp\/v2\/posts\/53032","targetHints":{"allow":["GET"]}}],"collection":[{"href":"https:\/\/blogin.al\/index.php?rest_route=\/wp\/v2\/posts"}],"about":[{"href":"https:\/\/blogin.al\/index.php?rest_route=\/wp\/v2\/types\/post"}],"author":[{"embeddable":true,"href":"https:\/\/blogin.al\/index.php?rest_route=\/wp\/v2\/users\/2"}],"replies":[{"embeddable":true,"href":"https:\/\/blogin.al\/index.php?rest_route=%2Fwp%2Fv2%2Fcomments&post=53032"}],"version-history":[{"count":1,"href":"https:\/\/blogin.al\/index.php?rest_route=\/wp\/v2\/posts\/53032\/revisions"}],"predecessor-version":[{"id":53033,"href":"https:\/\/blogin.al\/index.php?rest_route=\/wp\/v2\/posts\/53032\/revisions\/53033"}],"wp:featuredmedia":[{"embeddable":true,"href":"https:\/\/blogin.al\/index.php?rest_route=\/wp\/v2\/media\/53035"}],"wp:attachment":[{"href":"https:\/\/blogin.al\/index.php?rest_route=%2Fwp%2Fv2%2Fmedia&parent=53032"}],"wp:term":[{"taxonomy":"category","embeddable":true,"href":"https:\/\/blogin.al\/index.php?rest_route=%2Fwp%2Fv2%2Fcategories&post=53032"},{"taxonomy":"post_tag","embeddable":true,"href":"https:\/\/blogin.al\/index.php?rest_route=%2Fwp%2Fv2%2Ftags&post=53032"}],"curies":[{"name":"wp","href":"https:\/\/api.w.org\/{rel}","templated":true}]}}