{"id":53064,"date":"2024-11-30T11:57:56","date_gmt":"2024-11-30T11:57:56","guid":{"rendered":"https:\/\/blogin.al\/?p=53064"},"modified":"2024-11-30T11:57:59","modified_gmt":"2024-11-30T11:57:59","slug":"adelina-ismaili-me-pergjonin-ilegalisht-nuk-dola-nga-shtepia-per-tre-muaj","status":"publish","type":"post","link":"https:\/\/blogin.al\/?p=53064","title":{"rendered":"Adelina Ismaili: M\u00eb p\u00ebrgjonin ilegalisht, nuk dola nga sht\u00ebpia p\u00ebr tre muaj"},"content":{"rendered":"\n<p>N\u00eb nj\u00eb rr\u00ebfim n\u00eb podcast-in \u201cZ\u00eb me Mir\u00ebn\u201d, Adelina Ismaili ndau nj\u00eb periudh\u00eb t\u00eb err\u00ebt nga jeta e saj, kur, pavar\u00ebsisht fam\u00ebs dhe suksesit t\u00eb madh, u p\u00ebrball me sulme brutale p\u00ebr shkak t\u00eb bindjeve t\u00eb saj politike dhe mb\u00ebshtetjes p\u00ebr partin\u00eb e Ibrahim Rugov\u00ebs. N\u00eb kulmin e popullaritetit, Adelina u vu n\u00eb sh\u00ebnjest\u00ebr, por gj\u00ebrat mor\u00ebn nj\u00eb kthes\u00eb t\u00eb r\u00ebnd\u00eb kur m\u00ebsoi se bisedat e saj private po p\u00ebrgoheshin n\u00eb m\u00ebnyr\u00eb t\u00eb paligjshme.<\/p>\n\n\n\n<p>\u201c<em>Djali q\u00eb punonte n\u00eb post\u00eb m\u00eb tregoi, duke m\u00eb b\u00ebr\u00eb t\u00eb premtoj se nuk do t\u00eb flisja kurr\u00eb, por tani q\u00eb ka kaluar ajo koh\u00eb, mund t\u00eb flasim. Ai m\u00eb tha se bisedat e mia dhe t\u00eb mamit po p\u00ebrgjoheshin. Nj\u00eb bised\u00eb shum\u00eb personale mes meje dhe mamit, q\u00eb nuk kishte asgj\u00eb t\u00eb pazakont\u00eb, u publikua n\u00eb faqet e nj\u00eb gazete t\u00eb njohur n\u00eb Kosov\u00eb, tani nj\u00eb nga portalet m\u00eb t\u00eb m\u00ebdha<\/em>,\u201d kujtoi Adelina.<img decoding=\"async\" src=\"https:\/\/ads.adsense.al\/www\/delivery\/lg.php?bannerid=0&amp;campaignid=0&amp;zoneid=73&amp;loc=https%3A%2F%2Ficonstyle.al%2Fadelina-ismaili-me-pergjonin-ilegalisht-nuk-dola-nga-shtepia-per-tre-muaj%2F&amp;referer=https%3A%2F%2Ficonstyle.al%2F&amp;cb=4ec78c1399\" alt=\"\" width=\"0\" height=\"0\"><\/p>\n\n\n\n<p>Kjo bised\u00eb intime, e cila fliste p\u00ebr nj\u00eb tem\u00eb krejt\u00ebsisht private dhe fem\u00ebrore, u shtremb\u00ebrua n\u00eb m\u00ebnyr\u00eb brutale p\u00ebr t\u00eb krijuar nj\u00eb titull sensacional dhe vulgar. Adelina tregoi se pas k\u00ebtij episodi, nuk mundi t\u00eb dilte nga sht\u00ebpia p\u00ebr tre muaj.<img decoding=\"async\" src=\"https:\/\/ads.adsense.al\/www\/delivery\/lg.php?bannerid=0&amp;campaignid=0&amp;zoneid=11&amp;loc=https%3A%2F%2Ficonstyle.al%2Fadelina-ismaili-me-pergjonin-ilegalisht-nuk-dola-nga-shtepia-per-tre-muaj%2F&amp;referer=https%3A%2F%2Ficonstyle.al%2F&amp;cb=bfeef4a3e9\" alt=\"\" width=\"0\" height=\"0\"><\/p>\n\n\n\n<p>\u201c<em>Nuk shkova n\u00eb shkoll\u00eb, nuk mund t\u2019i shikoja profesor\u00ebt e mi. U mbylla n\u00eb dhom\u00eb, nuk ngrita perdet p\u00ebr tre muaj. N\u00ebna m\u00eb sillte ushqimin n\u00eb dhom\u00eb. Ishte nj\u00eb periudh\u00eb shum\u00eb e r\u00ebnd\u00eb, sepse ndjeva se ishin shkelur t\u00eb gjitha kufijt\u00eb,<\/em>\u201d tha ajo.<\/p>\n\n\n\n<p>Ky episod ka l\u00ebn\u00eb gjurm\u00eb t\u00eb thella n\u00eb jet\u00ebn e k\u00ebng\u00ebtares, e cila edhe sot e ka t\u00eb v\u00ebshtir\u00eb ta rikujtoj\u00eb at\u00eb koh\u00eb.<\/p>\n","protected":false},"excerpt":{"rendered":"<p>N\u00eb nj\u00eb rr\u00ebfim n\u00eb podcast-in \u201cZ\u00eb me Mir\u00ebn\u201d, Adelina Ismaili ndau nj\u00eb periudh\u00eb t\u00eb err\u00ebt nga jeta e saj, kur, pavar\u00ebsisht fam\u00ebs dhe suksesit t\u00eb madh, u p\u00ebrball me sulme brutale p\u00ebr shkak t\u00eb bindjeve t\u00eb saj politike dhe mb\u00ebshtetjes p\u00ebr partin\u00eb e Ibrahim Rugov\u00ebs. N\u00eb kulmin e popullaritetit, Adelina u vu n\u00eb sh\u00ebnjest\u00ebr, por [&hellip;]<\/p>\n","protected":false},"author":2,"featured_media":52504,"comment_status":"closed","ping_status":"closed","sticky":false,"template":"","format":"standard","meta":{"footnotes":""},"categories":[33],"tags":[],"class_list":{"0":"post-53064","1":"post","2":"type-post","3":"status-publish","4":"format-standard","5":"has-post-thumbnail","7":"category-showbiz"},"yoast_head":"<!-- This site is optimized with the Yoast SEO plugin v27.5 - https:\/\/yoast.com\/product\/yoast-seo-wordpress\/ -->\n<title>Adelina Ismaili: M\u00eb p\u00ebrgjonin ilegalisht, nuk dola nga sht\u00ebpia p\u00ebr tre muaj - blogin.al<\/title>\n<meta name=\"robots\" content=\"index, follow, max-snippet:-1, max-image-preview:large, max-video-preview:-1\" \/>\n<link rel=\"canonical\" href=\"https:\/\/blogin.al\/?p=53064\" \/>\n<meta property=\"og:locale\" content=\"en_US\" \/>\n<meta property=\"og:type\" content=\"article\" \/>\n<meta property=\"og:title\" content=\"Adelina Ismaili: M\u00eb p\u00ebrgjonin ilegalisht, nuk dola nga sht\u00ebpia p\u00ebr tre muaj - blogin.al\" \/>\n<meta property=\"og:description\" content=\"N\u00eb nj\u00eb rr\u00ebfim n\u00eb podcast-in \u201cZ\u00eb me Mir\u00ebn\u201d, Adelina Ismaili ndau nj\u00eb periudh\u00eb t\u00eb err\u00ebt nga jeta e saj, kur, pavar\u00ebsisht fam\u00ebs dhe suksesit t\u00eb madh, u p\u00ebrball me sulme brutale p\u00ebr shkak t\u00eb bindjeve t\u00eb saj politike dhe mb\u00ebshtetjes p\u00ebr partin\u00eb e Ibrahim Rugov\u00ebs. N\u00eb kulmin e popullaritetit, Adelina u vu n\u00eb sh\u00ebnjest\u00ebr, por [&hellip;]\" \/>\n<meta property=\"og:url\" content=\"https:\/\/blogin.al\/?p=53064\" \/>\n<meta property=\"og:site_name\" content=\"blogin.al\" \/>\n<meta property=\"article:published_time\" content=\"2024-11-30T11:57:56+00:00\" \/>\n<meta property=\"article:modified_time\" content=\"2024-11-30T11:57:59+00:00\" \/>\n<meta property=\"og:image\" content=\"https:\/\/blogin.al\/wp-content\/uploads\/2024\/11\/Adelina-Ismaili4-850x1063-1.jpg\" \/>\n\t<meta property=\"og:image:width\" content=\"850\" \/>\n\t<meta property=\"og:image:height\" content=\"1063\" \/>\n\t<meta property=\"og:image:type\" content=\"image\/jpeg\" \/>\n<meta name=\"author\" content=\"Blogin al\" \/>\n<meta name=\"twitter:card\" content=\"summary_large_image\" \/>\n<meta name=\"twitter:label1\" content=\"Written by\" \/>\n\t<meta name=\"twitter:data1\" content=\"Blogin al\" \/>\n\t<meta name=\"twitter:label2\" content=\"Est. reading time\" \/>\n\t<meta name=\"twitter:data2\" content=\"2 minutes\" \/>\n<script type=\"application\/ld+json\" class=\"yoast-schema-graph\">{\"@context\":\"https:\\\/\\\/schema.org\",\"@graph\":[{\"@type\":\"Article\",\"@id\":\"https:\\\/\\\/blogin.al\\\/?p=53064#article\",\"isPartOf\":{\"@id\":\"https:\\\/\\\/blogin.al\\\/?p=53064\"},\"author\":{\"name\":\"Blogin al\",\"@id\":\"https:\\\/\\\/blogin.al\\\/#\\\/schema\\\/person\\\/abdd56bc912cd511db877b852b115399\"},\"headline\":\"Adelina Ismaili: M\u00eb p\u00ebrgjonin ilegalisht, nuk dola nga sht\u00ebpia p\u00ebr tre muaj\",\"datePublished\":\"2024-11-30T11:57:56+00:00\",\"dateModified\":\"2024-11-30T11:57:59+00:00\",\"mainEntityOfPage\":{\"@id\":\"https:\\\/\\\/blogin.al\\\/?p=53064\"},\"wordCount\":310,\"publisher\":{\"@id\":\"https:\\\/\\\/blogin.al\\\/#organization\"},\"image\":{\"@id\":\"https:\\\/\\\/blogin.al\\\/?p=53064#primaryimage\"},\"thumbnailUrl\":\"https:\\\/\\\/blogin.al\\\/wp-content\\\/uploads\\\/2024\\\/11\\\/Adelina-Ismaili4-850x1063-1.jpg\",\"articleSection\":[\"SHOWBIZ\"],\"inLanguage\":\"en-US\"},{\"@type\":\"WebPage\",\"@id\":\"https:\\\/\\\/blogin.al\\\/?p=53064\",\"url\":\"https:\\\/\\\/blogin.al\\\/?p=53064\",\"name\":\"Adelina Ismaili: M\u00eb p\u00ebrgjonin ilegalisht, nuk dola nga sht\u00ebpia p\u00ebr tre muaj - blogin.al\",\"isPartOf\":{\"@id\":\"https:\\\/\\\/blogin.al\\\/#website\"},\"primaryImageOfPage\":{\"@id\":\"https:\\\/\\\/blogin.al\\\/?p=53064#primaryimage\"},\"image\":{\"@id\":\"https:\\\/\\\/blogin.al\\\/?p=53064#primaryimage\"},\"thumbnailUrl\":\"https:\\\/\\\/blogin.al\\\/wp-content\\\/uploads\\\/2024\\\/11\\\/Adelina-Ismaili4-850x1063-1.jpg\",\"datePublished\":\"2024-11-30T11:57:56+00:00\",\"dateModified\":\"2024-11-30T11:57:59+00:00\",\"breadcrumb\":{\"@id\":\"https:\\\/\\\/blogin.al\\\/?p=53064#breadcrumb\"},\"inLanguage\":\"en-US\",\"potentialAction\":[{\"@type\":\"ReadAction\",\"target\":[\"https:\\\/\\\/blogin.al\\\/?p=53064\"]}]},{\"@type\":\"ImageObject\",\"inLanguage\":\"en-US\",\"@id\":\"https:\\\/\\\/blogin.al\\\/?p=53064#primaryimage\",\"url\":\"https:\\\/\\\/blogin.al\\\/wp-content\\\/uploads\\\/2024\\\/11\\\/Adelina-Ismaili4-850x1063-1.jpg\",\"contentUrl\":\"https:\\\/\\\/blogin.al\\\/wp-content\\\/uploads\\\/2024\\\/11\\\/Adelina-Ismaili4-850x1063-1.jpg\",\"width\":850,\"height\":1063},{\"@type\":\"BreadcrumbList\",\"@id\":\"https:\\\/\\\/blogin.al\\\/?p=53064#breadcrumb\",\"itemListElement\":[{\"@type\":\"ListItem\",\"position\":1,\"name\":\"Home\",\"item\":\"https:\\\/\\\/blogin.al\\\/\"},{\"@type\":\"ListItem\",\"position\":2,\"name\":\"Adelina Ismaili: M\u00eb p\u00ebrgjonin ilegalisht, nuk dola nga sht\u00ebpia p\u00ebr tre muaj\"}]},{\"@type\":\"WebSite\",\"@id\":\"https:\\\/\\\/blogin.al\\\/#website\",\"url\":\"https:\\\/\\\/blogin.al\\\/\",\"name\":\"blogin.al\",\"description\":\"\",\"publisher\":{\"@id\":\"https:\\\/\\\/blogin.al\\\/#organization\"},\"potentialAction\":[{\"@type\":\"SearchAction\",\"target\":{\"@type\":\"EntryPoint\",\"urlTemplate\":\"https:\\\/\\\/blogin.al\\\/?s={search_term_string}\"},\"query-input\":{\"@type\":\"PropertyValueSpecification\",\"valueRequired\":true,\"valueName\":\"search_term_string\"}}],\"inLanguage\":\"en-US\"},{\"@type\":\"Organization\",\"@id\":\"https:\\\/\\\/blogin.al\\\/#organization\",\"name\":\"BLOGIN.al\",\"url\":\"https:\\\/\\\/blogin.al\\\/\",\"logo\":{\"@type\":\"ImageObject\",\"inLanguage\":\"en-US\",\"@id\":\"https:\\\/\\\/blogin.al\\\/#\\\/schema\\\/logo\\\/image\\\/\",\"url\":\"https:\\\/\\\/blogin.al\\\/wp-content\\\/uploads\\\/2022\\\/05\\\/Untitled-2-01-e1652084456514.png\",\"contentUrl\":\"https:\\\/\\\/blogin.al\\\/wp-content\\\/uploads\\\/2022\\\/05\\\/Untitled-2-01-e1652084456514.png\",\"width\":3723,\"height\":1698,\"caption\":\"BLOGIN.al\"},\"image\":{\"@id\":\"https:\\\/\\\/blogin.al\\\/#\\\/schema\\\/logo\\\/image\\\/\"},\"sameAs\":[\"https:\\\/\\\/instagram.com\\\/blogin.al\\\/\"]},{\"@type\":\"Person\",\"@id\":\"https:\\\/\\\/blogin.al\\\/#\\\/schema\\\/person\\\/abdd56bc912cd511db877b852b115399\",\"name\":\"Blogin al\",\"image\":{\"@type\":\"ImageObject\",\"inLanguage\":\"en-US\",\"@id\":\"https:\\\/\\\/secure.gravatar.com\\\/avatar\\\/60d5661aee6e835fb13dc75d2204cd0c1d61bef2efd137c0083e59ef831e235e?s=96&d=mm&r=g\",\"url\":\"https:\\\/\\\/secure.gravatar.com\\\/avatar\\\/60d5661aee6e835fb13dc75d2204cd0c1d61bef2efd137c0083e59ef831e235e?s=96&d=mm&r=g\",\"contentUrl\":\"https:\\\/\\\/secure.gravatar.com\\\/avatar\\\/60d5661aee6e835fb13dc75d2204cd0c1d61bef2efd137c0083e59ef831e235e?s=96&d=mm&r=g\",\"caption\":\"Blogin al\"},\"sameAs\":[\"https:\\\/\\\/blogin.al\"],\"url\":\"https:\\\/\\\/blogin.al\\\/?author=2\"}]}<\/script>\n<!-- \/ Yoast SEO plugin. -->","yoast_head_json":{"title":"Adelina Ismaili: M\u00eb p\u00ebrgjonin ilegalisht, nuk dola nga sht\u00ebpia p\u00ebr tre muaj - blogin.al","robots":{"index":"index","follow":"follow","max-snippet":"max-snippet:-1","max-image-preview":"max-image-preview:large","max-video-preview":"max-video-preview:-1"},"canonical":"https:\/\/blogin.al\/?p=53064","og_locale":"en_US","og_type":"article","og_title":"Adelina Ismaili: M\u00eb p\u00ebrgjonin ilegalisht, nuk dola nga sht\u00ebpia p\u00ebr tre muaj - blogin.al","og_description":"N\u00eb nj\u00eb rr\u00ebfim n\u00eb podcast-in \u201cZ\u00eb me Mir\u00ebn\u201d, Adelina Ismaili ndau nj\u00eb periudh\u00eb t\u00eb err\u00ebt nga jeta e saj, kur, pavar\u00ebsisht fam\u00ebs dhe suksesit t\u00eb madh, u p\u00ebrball me sulme brutale p\u00ebr shkak t\u00eb bindjeve t\u00eb saj politike dhe mb\u00ebshtetjes p\u00ebr partin\u00eb e Ibrahim Rugov\u00ebs. N\u00eb kulmin e popullaritetit, Adelina u vu n\u00eb sh\u00ebnjest\u00ebr, por [&hellip;]","og_url":"https:\/\/blogin.al\/?p=53064","og_site_name":"blogin.al","article_published_time":"2024-11-30T11:57:56+00:00","article_modified_time":"2024-11-30T11:57:59+00:00","og_image":[{"width":850,"height":1063,"url":"https:\/\/blogin.al\/wp-content\/uploads\/2024\/11\/Adelina-Ismaili4-850x1063-1.jpg","type":"image\/jpeg"}],"author":"Blogin al","twitter_card":"summary_large_image","twitter_misc":{"Written by":"Blogin al","Est. reading time":"2 minutes"},"schema":{"@context":"https:\/\/schema.org","@graph":[{"@type":"Article","@id":"https:\/\/blogin.al\/?p=53064#article","isPartOf":{"@id":"https:\/\/blogin.al\/?p=53064"},"author":{"name":"Blogin al","@id":"https:\/\/blogin.al\/#\/schema\/person\/abdd56bc912cd511db877b852b115399"},"headline":"Adelina Ismaili: M\u00eb p\u00ebrgjonin ilegalisht, nuk dola nga sht\u00ebpia p\u00ebr tre muaj","datePublished":"2024-11-30T11:57:56+00:00","dateModified":"2024-11-30T11:57:59+00:00","mainEntityOfPage":{"@id":"https:\/\/blogin.al\/?p=53064"},"wordCount":310,"publisher":{"@id":"https:\/\/blogin.al\/#organization"},"image":{"@id":"https:\/\/blogin.al\/?p=53064#primaryimage"},"thumbnailUrl":"https:\/\/blogin.al\/wp-content\/uploads\/2024\/11\/Adelina-Ismaili4-850x1063-1.jpg","articleSection":["SHOWBIZ"],"inLanguage":"en-US"},{"@type":"WebPage","@id":"https:\/\/blogin.al\/?p=53064","url":"https:\/\/blogin.al\/?p=53064","name":"Adelina Ismaili: M\u00eb p\u00ebrgjonin ilegalisht, nuk dola nga sht\u00ebpia p\u00ebr tre muaj - blogin.al","isPartOf":{"@id":"https:\/\/blogin.al\/#website"},"primaryImageOfPage":{"@id":"https:\/\/blogin.al\/?p=53064#primaryimage"},"image":{"@id":"https:\/\/blogin.al\/?p=53064#primaryimage"},"thumbnailUrl":"https:\/\/blogin.al\/wp-content\/uploads\/2024\/11\/Adelina-Ismaili4-850x1063-1.jpg","datePublished":"2024-11-30T11:57:56+00:00","dateModified":"2024-11-30T11:57:59+00:00","breadcrumb":{"@id":"https:\/\/blogin.al\/?p=53064#breadcrumb"},"inLanguage":"en-US","potentialAction":[{"@type":"ReadAction","target":["https:\/\/blogin.al\/?p=53064"]}]},{"@type":"ImageObject","inLanguage":"en-US","@id":"https:\/\/blogin.al\/?p=53064#primaryimage","url":"https:\/\/blogin.al\/wp-content\/uploads\/2024\/11\/Adelina-Ismaili4-850x1063-1.jpg","contentUrl":"https:\/\/blogin.al\/wp-content\/uploads\/2024\/11\/Adelina-Ismaili4-850x1063-1.jpg","width":850,"height":1063},{"@type":"BreadcrumbList","@id":"https:\/\/blogin.al\/?p=53064#breadcrumb","itemListElement":[{"@type":"ListItem","position":1,"name":"Home","item":"https:\/\/blogin.al\/"},{"@type":"ListItem","position":2,"name":"Adelina Ismaili: M\u00eb p\u00ebrgjonin ilegalisht, nuk dola nga sht\u00ebpia p\u00ebr tre muaj"}]},{"@type":"WebSite","@id":"https:\/\/blogin.al\/#website","url":"https:\/\/blogin.al\/","name":"blogin.al","description":"","publisher":{"@id":"https:\/\/blogin.al\/#organization"},"potentialAction":[{"@type":"SearchAction","target":{"@type":"EntryPoint","urlTemplate":"https:\/\/blogin.al\/?s={search_term_string}"},"query-input":{"@type":"PropertyValueSpecification","valueRequired":true,"valueName":"search_term_string"}}],"inLanguage":"en-US"},{"@type":"Organization","@id":"https:\/\/blogin.al\/#organization","name":"BLOGIN.al","url":"https:\/\/blogin.al\/","logo":{"@type":"ImageObject","inLanguage":"en-US","@id":"https:\/\/blogin.al\/#\/schema\/logo\/image\/","url":"https:\/\/blogin.al\/wp-content\/uploads\/2022\/05\/Untitled-2-01-e1652084456514.png","contentUrl":"https:\/\/blogin.al\/wp-content\/uploads\/2022\/05\/Untitled-2-01-e1652084456514.png","width":3723,"height":1698,"caption":"BLOGIN.al"},"image":{"@id":"https:\/\/blogin.al\/#\/schema\/logo\/image\/"},"sameAs":["https:\/\/instagram.com\/blogin.al\/"]},{"@type":"Person","@id":"https:\/\/blogin.al\/#\/schema\/person\/abdd56bc912cd511db877b852b115399","name":"Blogin al","image":{"@type":"ImageObject","inLanguage":"en-US","@id":"https:\/\/secure.gravatar.com\/avatar\/60d5661aee6e835fb13dc75d2204cd0c1d61bef2efd137c0083e59ef831e235e?s=96&d=mm&r=g","url":"https:\/\/secure.gravatar.com\/avatar\/60d5661aee6e835fb13dc75d2204cd0c1d61bef2efd137c0083e59ef831e235e?s=96&d=mm&r=g","contentUrl":"https:\/\/secure.gravatar.com\/avatar\/60d5661aee6e835fb13dc75d2204cd0c1d61bef2efd137c0083e59ef831e235e?s=96&d=mm&r=g","caption":"Blogin al"},"sameAs":["https:\/\/blogin.al"],"url":"https:\/\/blogin.al\/?author=2"}]}},"_links":{"self":[{"href":"https:\/\/blogin.al\/index.php?rest_route=\/wp\/v2\/posts\/53064","targetHints":{"allow":["GET"]}}],"collection":[{"href":"https:\/\/blogin.al\/index.php?rest_route=\/wp\/v2\/posts"}],"about":[{"href":"https:\/\/blogin.al\/index.php?rest_route=\/wp\/v2\/types\/post"}],"author":[{"embeddable":true,"href":"https:\/\/blogin.al\/index.php?rest_route=\/wp\/v2\/users\/2"}],"replies":[{"embeddable":true,"href":"https:\/\/blogin.al\/index.php?rest_route=%2Fwp%2Fv2%2Fcomments&post=53064"}],"version-history":[{"count":1,"href":"https:\/\/blogin.al\/index.php?rest_route=\/wp\/v2\/posts\/53064\/revisions"}],"predecessor-version":[{"id":53065,"href":"https:\/\/blogin.al\/index.php?rest_route=\/wp\/v2\/posts\/53064\/revisions\/53065"}],"wp:featuredmedia":[{"embeddable":true,"href":"https:\/\/blogin.al\/index.php?rest_route=\/wp\/v2\/media\/52504"}],"wp:attachment":[{"href":"https:\/\/blogin.al\/index.php?rest_route=%2Fwp%2Fv2%2Fmedia&parent=53064"}],"wp:term":[{"taxonomy":"category","embeddable":true,"href":"https:\/\/blogin.al\/index.php?rest_route=%2Fwp%2Fv2%2Fcategories&post=53064"},{"taxonomy":"post_tag","embeddable":true,"href":"https:\/\/blogin.al\/index.php?rest_route=%2Fwp%2Fv2%2Ftags&post=53064"}],"curies":[{"name":"wp","href":"https:\/\/api.w.org\/{rel}","templated":true}]}}