{"id":53077,"date":"2024-12-01T16:24:20","date_gmt":"2024-12-01T16:24:20","guid":{"rendered":"https:\/\/blogin.al\/?p=53077"},"modified":"2024-12-01T16:24:23","modified_gmt":"2024-12-01T16:24:23","slug":"agron-llakaj-kujton-bashkeshorten-e-ndjere-ne-ditelindjen-e-saj-kjo-ishte-torta-e-fundit","status":"publish","type":"post","link":"https:\/\/blogin.al\/?p=53077","title":{"rendered":"Agron Llakaj kujton bashk\u00ebshorten e ndjer\u00eb n\u00eb dit\u00eblindjen e saj: Kjo ishte torta e fundit\u2026"},"content":{"rendered":"\n<p>Aktori i mir\u00ebnjohur, Agron Llakaj, ka emocionuar ndjek\u00ebsit n\u00eb \u201cInstagram\u201d me nj\u00eb let\u00ebr prek\u00ebse kushtuar bashk\u00ebshortes s\u00eb tij t\u00eb ndjer\u00eb, Kostandin\u00ebs, e cila do t\u00eb festonte dit\u00eblindjen sot, m\u00eb 1 dhjetor.<\/p>\n\n\n\n<p>N\u00eb k\u00ebt\u00eb postim t\u00eb ngroht\u00eb, Llakaj ndan me ndjek\u00ebsit mallin dhe dhimbjen p\u00ebr humbjen e saj:<\/p>\n\n\n\n<p><strong>\u201cE dashur dhe e shenjt\u00eb Kostandina,<\/strong><\/p>\n\n\n\n<p><strong>1 Dhjetor, Ti sot ke dit\u00eblindjen\u2026 Si sot nj\u00eb vit m\u00eb par\u00eb, festuam me g\u00ebzim, k\u00ebnduam me zjarr \u201chappy birthday\u201d pa e ditur se kjo ishte torta e fundit me Ty. Sot, kjo dit\u00eblindje vjen e pakuptimt\u00eb pa pranin\u00eb t\u00ebnde\u201d.<\/strong><\/p>\n\n\n\n<p>Aktori ndalet n\u00eb p\u00ebrditshm\u00ebrin\u00eb e tij, ku nj\u00eb tuf\u00eb lule dhe nj\u00eb qiri jan\u00eb t\u00eb vetmet simbole t\u00eb kujtimeve q\u00eb ruan:<\/p>\n\n\n\n<p><strong>\u201c\u00c7do dit\u00eb n\u00eb ecejaket tona drejt Teje, shpirti yt vjen si flutur ose vegim. Ne k\u00ebrkojm\u00eb nj\u00eb shenj\u00eb nga Ty, duke shpresuar q\u00eb ai ylli q\u00eb ndri\u00e7on m\u00eb fort nat\u00ebn je Ti, q\u00eb ajo reja si engj\u00ebll je Ti\u201d.<\/strong><\/p>\n\n\n\n<p>N\u00eb fund t\u00eb letr\u00ebs, ai e p\u00ebrsh\u00ebndet me nj\u00eb mesazh dashurie dhe mir\u00ebnjohjeje:<\/p>\n\n\n\n<p><strong>\u201cTi je k\u00ebtu, mes nesh, mes atyre q\u00eb t\u00eb desh\u00ebn aq shum\u00eb. Qesh zem\u00ebr, ashtu si\u00e7 dije t\u00eb qeshje Ti, me trup e shpirt. P\u00ebr Ty do ket\u00eb ve\u00e7 Dit\u00eblindje! T\u00eb Dua!\u201d.<\/strong><\/p>\n\n\n\n<p>Ky dedikim prek\u00ebs ka prekur zemrat e shum\u00eb ndjek\u00ebsve, t\u00eb cil\u00ebt kan\u00eb ndar\u00eb ngush\u00ebllime dhe mesazhe mb\u00ebshtetjeje p\u00ebr aktorin dhe familjen e tij.<\/p>\n","protected":false},"excerpt":{"rendered":"<p>Aktori i mir\u00ebnjohur, Agron Llakaj, ka emocionuar ndjek\u00ebsit n\u00eb \u201cInstagram\u201d me nj\u00eb let\u00ebr prek\u00ebse kushtuar bashk\u00ebshortes s\u00eb tij t\u00eb ndjer\u00eb, Kostandin\u00ebs, e cila do t\u00eb festonte dit\u00eblindjen sot, m\u00eb 1 dhjetor. N\u00eb k\u00ebt\u00eb postim t\u00eb ngroht\u00eb, Llakaj ndan me ndjek\u00ebsit mallin dhe dhimbjen p\u00ebr humbjen e saj: \u201cE dashur dhe e shenjt\u00eb Kostandina, 1 Dhjetor, [&hellip;]<\/p>\n","protected":false},"author":2,"featured_media":47753,"comment_status":"closed","ping_status":"closed","sticky":false,"template":"","format":"standard","meta":{"footnotes":""},"categories":[33],"tags":[],"class_list":{"0":"post-53077","1":"post","2":"type-post","3":"status-publish","4":"format-standard","5":"has-post-thumbnail","7":"category-showbiz"},"yoast_head":"<!-- This site is optimized with the Yoast SEO plugin v27.5 - https:\/\/yoast.com\/product\/yoast-seo-wordpress\/ -->\n<title>Agron Llakaj kujton bashk\u00ebshorten e ndjer\u00eb n\u00eb dit\u00eblindjen e saj: Kjo ishte torta e fundit\u2026 - blogin.al<\/title>\n<meta name=\"robots\" content=\"index, follow, max-snippet:-1, max-image-preview:large, max-video-preview:-1\" \/>\n<link rel=\"canonical\" href=\"https:\/\/blogin.al\/?p=53077\" \/>\n<meta property=\"og:locale\" content=\"en_US\" \/>\n<meta property=\"og:type\" content=\"article\" \/>\n<meta property=\"og:title\" content=\"Agron Llakaj kujton bashk\u00ebshorten e ndjer\u00eb n\u00eb dit\u00eblindjen e saj: Kjo ishte torta e fundit\u2026 - blogin.al\" \/>\n<meta property=\"og:description\" content=\"Aktori i mir\u00ebnjohur, Agron Llakaj, ka emocionuar ndjek\u00ebsit n\u00eb \u201cInstagram\u201d me nj\u00eb let\u00ebr prek\u00ebse kushtuar bashk\u00ebshortes s\u00eb tij t\u00eb ndjer\u00eb, Kostandin\u00ebs, e cila do t\u00eb festonte dit\u00eblindjen sot, m\u00eb 1 dhjetor. N\u00eb k\u00ebt\u00eb postim t\u00eb ngroht\u00eb, Llakaj ndan me ndjek\u00ebsit mallin dhe dhimbjen p\u00ebr humbjen e saj: \u201cE dashur dhe e shenjt\u00eb Kostandina, 1 Dhjetor, [&hellip;]\" \/>\n<meta property=\"og:url\" content=\"https:\/\/blogin.al\/?p=53077\" \/>\n<meta property=\"og:site_name\" content=\"blogin.al\" \/>\n<meta property=\"article:published_time\" content=\"2024-12-01T16:24:20+00:00\" \/>\n<meta property=\"article:modified_time\" content=\"2024-12-01T16:24:23+00:00\" \/>\n<meta property=\"og:image\" content=\"https:\/\/blogin.al\/wp-content\/uploads\/2024\/05\/image-140.png\" \/>\n\t<meta property=\"og:image:width\" content=\"500\" \/>\n\t<meta property=\"og:image:height\" content=\"368\" \/>\n\t<meta property=\"og:image:type\" content=\"image\/png\" \/>\n<meta name=\"author\" content=\"Blogin al\" \/>\n<meta name=\"twitter:card\" content=\"summary_large_image\" \/>\n<meta name=\"twitter:label1\" content=\"Written by\" \/>\n\t<meta name=\"twitter:data1\" content=\"Blogin al\" \/>\n\t<meta name=\"twitter:label2\" content=\"Est. reading time\" \/>\n\t<meta name=\"twitter:data2\" content=\"2 minutes\" \/>\n<script type=\"application\/ld+json\" class=\"yoast-schema-graph\">{\"@context\":\"https:\\\/\\\/schema.org\",\"@graph\":[{\"@type\":\"Article\",\"@id\":\"https:\\\/\\\/blogin.al\\\/?p=53077#article\",\"isPartOf\":{\"@id\":\"https:\\\/\\\/blogin.al\\\/?p=53077\"},\"author\":{\"name\":\"Blogin al\",\"@id\":\"https:\\\/\\\/blogin.al\\\/#\\\/schema\\\/person\\\/abdd56bc912cd511db877b852b115399\"},\"headline\":\"Agron Llakaj kujton bashk\u00ebshorten e ndjer\u00eb n\u00eb dit\u00eblindjen e saj: Kjo ishte torta e fundit\u2026\",\"datePublished\":\"2024-12-01T16:24:20+00:00\",\"dateModified\":\"2024-12-01T16:24:23+00:00\",\"mainEntityOfPage\":{\"@id\":\"https:\\\/\\\/blogin.al\\\/?p=53077\"},\"wordCount\":272,\"publisher\":{\"@id\":\"https:\\\/\\\/blogin.al\\\/#organization\"},\"image\":{\"@id\":\"https:\\\/\\\/blogin.al\\\/?p=53077#primaryimage\"},\"thumbnailUrl\":\"https:\\\/\\\/blogin.al\\\/wp-content\\\/uploads\\\/2024\\\/05\\\/image-140.png\",\"articleSection\":[\"SHOWBIZ\"],\"inLanguage\":\"en-US\"},{\"@type\":\"WebPage\",\"@id\":\"https:\\\/\\\/blogin.al\\\/?p=53077\",\"url\":\"https:\\\/\\\/blogin.al\\\/?p=53077\",\"name\":\"Agron Llakaj kujton bashk\u00ebshorten e ndjer\u00eb n\u00eb dit\u00eblindjen e saj: Kjo ishte torta e fundit\u2026 - blogin.al\",\"isPartOf\":{\"@id\":\"https:\\\/\\\/blogin.al\\\/#website\"},\"primaryImageOfPage\":{\"@id\":\"https:\\\/\\\/blogin.al\\\/?p=53077#primaryimage\"},\"image\":{\"@id\":\"https:\\\/\\\/blogin.al\\\/?p=53077#primaryimage\"},\"thumbnailUrl\":\"https:\\\/\\\/blogin.al\\\/wp-content\\\/uploads\\\/2024\\\/05\\\/image-140.png\",\"datePublished\":\"2024-12-01T16:24:20+00:00\",\"dateModified\":\"2024-12-01T16:24:23+00:00\",\"breadcrumb\":{\"@id\":\"https:\\\/\\\/blogin.al\\\/?p=53077#breadcrumb\"},\"inLanguage\":\"en-US\",\"potentialAction\":[{\"@type\":\"ReadAction\",\"target\":[\"https:\\\/\\\/blogin.al\\\/?p=53077\"]}]},{\"@type\":\"ImageObject\",\"inLanguage\":\"en-US\",\"@id\":\"https:\\\/\\\/blogin.al\\\/?p=53077#primaryimage\",\"url\":\"https:\\\/\\\/blogin.al\\\/wp-content\\\/uploads\\\/2024\\\/05\\\/image-140.png\",\"contentUrl\":\"https:\\\/\\\/blogin.al\\\/wp-content\\\/uploads\\\/2024\\\/05\\\/image-140.png\",\"width\":500,\"height\":368},{\"@type\":\"BreadcrumbList\",\"@id\":\"https:\\\/\\\/blogin.al\\\/?p=53077#breadcrumb\",\"itemListElement\":[{\"@type\":\"ListItem\",\"position\":1,\"name\":\"Home\",\"item\":\"https:\\\/\\\/blogin.al\\\/\"},{\"@type\":\"ListItem\",\"position\":2,\"name\":\"Agron Llakaj kujton bashk\u00ebshorten e ndjer\u00eb n\u00eb dit\u00eblindjen e saj: Kjo ishte torta e fundit\u2026\"}]},{\"@type\":\"WebSite\",\"@id\":\"https:\\\/\\\/blogin.al\\\/#website\",\"url\":\"https:\\\/\\\/blogin.al\\\/\",\"name\":\"blogin.al\",\"description\":\"\",\"publisher\":{\"@id\":\"https:\\\/\\\/blogin.al\\\/#organization\"},\"potentialAction\":[{\"@type\":\"SearchAction\",\"target\":{\"@type\":\"EntryPoint\",\"urlTemplate\":\"https:\\\/\\\/blogin.al\\\/?s={search_term_string}\"},\"query-input\":{\"@type\":\"PropertyValueSpecification\",\"valueRequired\":true,\"valueName\":\"search_term_string\"}}],\"inLanguage\":\"en-US\"},{\"@type\":\"Organization\",\"@id\":\"https:\\\/\\\/blogin.al\\\/#organization\",\"name\":\"BLOGIN.al\",\"url\":\"https:\\\/\\\/blogin.al\\\/\",\"logo\":{\"@type\":\"ImageObject\",\"inLanguage\":\"en-US\",\"@id\":\"https:\\\/\\\/blogin.al\\\/#\\\/schema\\\/logo\\\/image\\\/\",\"url\":\"https:\\\/\\\/blogin.al\\\/wp-content\\\/uploads\\\/2022\\\/05\\\/Untitled-2-01-e1652084456514.png\",\"contentUrl\":\"https:\\\/\\\/blogin.al\\\/wp-content\\\/uploads\\\/2022\\\/05\\\/Untitled-2-01-e1652084456514.png\",\"width\":3723,\"height\":1698,\"caption\":\"BLOGIN.al\"},\"image\":{\"@id\":\"https:\\\/\\\/blogin.al\\\/#\\\/schema\\\/logo\\\/image\\\/\"},\"sameAs\":[\"https:\\\/\\\/instagram.com\\\/blogin.al\\\/\"]},{\"@type\":\"Person\",\"@id\":\"https:\\\/\\\/blogin.al\\\/#\\\/schema\\\/person\\\/abdd56bc912cd511db877b852b115399\",\"name\":\"Blogin al\",\"image\":{\"@type\":\"ImageObject\",\"inLanguage\":\"en-US\",\"@id\":\"https:\\\/\\\/secure.gravatar.com\\\/avatar\\\/60d5661aee6e835fb13dc75d2204cd0c1d61bef2efd137c0083e59ef831e235e?s=96&d=mm&r=g\",\"url\":\"https:\\\/\\\/secure.gravatar.com\\\/avatar\\\/60d5661aee6e835fb13dc75d2204cd0c1d61bef2efd137c0083e59ef831e235e?s=96&d=mm&r=g\",\"contentUrl\":\"https:\\\/\\\/secure.gravatar.com\\\/avatar\\\/60d5661aee6e835fb13dc75d2204cd0c1d61bef2efd137c0083e59ef831e235e?s=96&d=mm&r=g\",\"caption\":\"Blogin al\"},\"sameAs\":[\"https:\\\/\\\/blogin.al\"],\"url\":\"https:\\\/\\\/blogin.al\\\/?author=2\"}]}<\/script>\n<!-- \/ Yoast SEO plugin. -->","yoast_head_json":{"title":"Agron Llakaj kujton bashk\u00ebshorten e ndjer\u00eb n\u00eb dit\u00eblindjen e saj: Kjo ishte torta e fundit\u2026 - blogin.al","robots":{"index":"index","follow":"follow","max-snippet":"max-snippet:-1","max-image-preview":"max-image-preview:large","max-video-preview":"max-video-preview:-1"},"canonical":"https:\/\/blogin.al\/?p=53077","og_locale":"en_US","og_type":"article","og_title":"Agron Llakaj kujton bashk\u00ebshorten e ndjer\u00eb n\u00eb dit\u00eblindjen e saj: Kjo ishte torta e fundit\u2026 - blogin.al","og_description":"Aktori i mir\u00ebnjohur, Agron Llakaj, ka emocionuar ndjek\u00ebsit n\u00eb \u201cInstagram\u201d me nj\u00eb let\u00ebr prek\u00ebse kushtuar bashk\u00ebshortes s\u00eb tij t\u00eb ndjer\u00eb, Kostandin\u00ebs, e cila do t\u00eb festonte dit\u00eblindjen sot, m\u00eb 1 dhjetor. N\u00eb k\u00ebt\u00eb postim t\u00eb ngroht\u00eb, Llakaj ndan me ndjek\u00ebsit mallin dhe dhimbjen p\u00ebr humbjen e saj: \u201cE dashur dhe e shenjt\u00eb Kostandina, 1 Dhjetor, [&hellip;]","og_url":"https:\/\/blogin.al\/?p=53077","og_site_name":"blogin.al","article_published_time":"2024-12-01T16:24:20+00:00","article_modified_time":"2024-12-01T16:24:23+00:00","og_image":[{"width":500,"height":368,"url":"https:\/\/blogin.al\/wp-content\/uploads\/2024\/05\/image-140.png","type":"image\/png"}],"author":"Blogin al","twitter_card":"summary_large_image","twitter_misc":{"Written by":"Blogin al","Est. reading time":"2 minutes"},"schema":{"@context":"https:\/\/schema.org","@graph":[{"@type":"Article","@id":"https:\/\/blogin.al\/?p=53077#article","isPartOf":{"@id":"https:\/\/blogin.al\/?p=53077"},"author":{"name":"Blogin al","@id":"https:\/\/blogin.al\/#\/schema\/person\/abdd56bc912cd511db877b852b115399"},"headline":"Agron Llakaj kujton bashk\u00ebshorten e ndjer\u00eb n\u00eb dit\u00eblindjen e saj: Kjo ishte torta e fundit\u2026","datePublished":"2024-12-01T16:24:20+00:00","dateModified":"2024-12-01T16:24:23+00:00","mainEntityOfPage":{"@id":"https:\/\/blogin.al\/?p=53077"},"wordCount":272,"publisher":{"@id":"https:\/\/blogin.al\/#organization"},"image":{"@id":"https:\/\/blogin.al\/?p=53077#primaryimage"},"thumbnailUrl":"https:\/\/blogin.al\/wp-content\/uploads\/2024\/05\/image-140.png","articleSection":["SHOWBIZ"],"inLanguage":"en-US"},{"@type":"WebPage","@id":"https:\/\/blogin.al\/?p=53077","url":"https:\/\/blogin.al\/?p=53077","name":"Agron Llakaj kujton bashk\u00ebshorten e ndjer\u00eb n\u00eb dit\u00eblindjen e saj: Kjo ishte torta e fundit\u2026 - blogin.al","isPartOf":{"@id":"https:\/\/blogin.al\/#website"},"primaryImageOfPage":{"@id":"https:\/\/blogin.al\/?p=53077#primaryimage"},"image":{"@id":"https:\/\/blogin.al\/?p=53077#primaryimage"},"thumbnailUrl":"https:\/\/blogin.al\/wp-content\/uploads\/2024\/05\/image-140.png","datePublished":"2024-12-01T16:24:20+00:00","dateModified":"2024-12-01T16:24:23+00:00","breadcrumb":{"@id":"https:\/\/blogin.al\/?p=53077#breadcrumb"},"inLanguage":"en-US","potentialAction":[{"@type":"ReadAction","target":["https:\/\/blogin.al\/?p=53077"]}]},{"@type":"ImageObject","inLanguage":"en-US","@id":"https:\/\/blogin.al\/?p=53077#primaryimage","url":"https:\/\/blogin.al\/wp-content\/uploads\/2024\/05\/image-140.png","contentUrl":"https:\/\/blogin.al\/wp-content\/uploads\/2024\/05\/image-140.png","width":500,"height":368},{"@type":"BreadcrumbList","@id":"https:\/\/blogin.al\/?p=53077#breadcrumb","itemListElement":[{"@type":"ListItem","position":1,"name":"Home","item":"https:\/\/blogin.al\/"},{"@type":"ListItem","position":2,"name":"Agron Llakaj kujton bashk\u00ebshorten e ndjer\u00eb n\u00eb dit\u00eblindjen e saj: Kjo ishte torta e fundit\u2026"}]},{"@type":"WebSite","@id":"https:\/\/blogin.al\/#website","url":"https:\/\/blogin.al\/","name":"blogin.al","description":"","publisher":{"@id":"https:\/\/blogin.al\/#organization"},"potentialAction":[{"@type":"SearchAction","target":{"@type":"EntryPoint","urlTemplate":"https:\/\/blogin.al\/?s={search_term_string}"},"query-input":{"@type":"PropertyValueSpecification","valueRequired":true,"valueName":"search_term_string"}}],"inLanguage":"en-US"},{"@type":"Organization","@id":"https:\/\/blogin.al\/#organization","name":"BLOGIN.al","url":"https:\/\/blogin.al\/","logo":{"@type":"ImageObject","inLanguage":"en-US","@id":"https:\/\/blogin.al\/#\/schema\/logo\/image\/","url":"https:\/\/blogin.al\/wp-content\/uploads\/2022\/05\/Untitled-2-01-e1652084456514.png","contentUrl":"https:\/\/blogin.al\/wp-content\/uploads\/2022\/05\/Untitled-2-01-e1652084456514.png","width":3723,"height":1698,"caption":"BLOGIN.al"},"image":{"@id":"https:\/\/blogin.al\/#\/schema\/logo\/image\/"},"sameAs":["https:\/\/instagram.com\/blogin.al\/"]},{"@type":"Person","@id":"https:\/\/blogin.al\/#\/schema\/person\/abdd56bc912cd511db877b852b115399","name":"Blogin al","image":{"@type":"ImageObject","inLanguage":"en-US","@id":"https:\/\/secure.gravatar.com\/avatar\/60d5661aee6e835fb13dc75d2204cd0c1d61bef2efd137c0083e59ef831e235e?s=96&d=mm&r=g","url":"https:\/\/secure.gravatar.com\/avatar\/60d5661aee6e835fb13dc75d2204cd0c1d61bef2efd137c0083e59ef831e235e?s=96&d=mm&r=g","contentUrl":"https:\/\/secure.gravatar.com\/avatar\/60d5661aee6e835fb13dc75d2204cd0c1d61bef2efd137c0083e59ef831e235e?s=96&d=mm&r=g","caption":"Blogin al"},"sameAs":["https:\/\/blogin.al"],"url":"https:\/\/blogin.al\/?author=2"}]}},"_links":{"self":[{"href":"https:\/\/blogin.al\/index.php?rest_route=\/wp\/v2\/posts\/53077","targetHints":{"allow":["GET"]}}],"collection":[{"href":"https:\/\/blogin.al\/index.php?rest_route=\/wp\/v2\/posts"}],"about":[{"href":"https:\/\/blogin.al\/index.php?rest_route=\/wp\/v2\/types\/post"}],"author":[{"embeddable":true,"href":"https:\/\/blogin.al\/index.php?rest_route=\/wp\/v2\/users\/2"}],"replies":[{"embeddable":true,"href":"https:\/\/blogin.al\/index.php?rest_route=%2Fwp%2Fv2%2Fcomments&post=53077"}],"version-history":[{"count":1,"href":"https:\/\/blogin.al\/index.php?rest_route=\/wp\/v2\/posts\/53077\/revisions"}],"predecessor-version":[{"id":53079,"href":"https:\/\/blogin.al\/index.php?rest_route=\/wp\/v2\/posts\/53077\/revisions\/53079"}],"wp:featuredmedia":[{"embeddable":true,"href":"https:\/\/blogin.al\/index.php?rest_route=\/wp\/v2\/media\/47753"}],"wp:attachment":[{"href":"https:\/\/blogin.al\/index.php?rest_route=%2Fwp%2Fv2%2Fmedia&parent=53077"}],"wp:term":[{"taxonomy":"category","embeddable":true,"href":"https:\/\/blogin.al\/index.php?rest_route=%2Fwp%2Fv2%2Fcategories&post=53077"},{"taxonomy":"post_tag","embeddable":true,"href":"https:\/\/blogin.al\/index.php?rest_route=%2Fwp%2Fv2%2Ftags&post=53077"}],"curies":[{"name":"wp","href":"https:\/\/api.w.org\/{rel}","templated":true}]}}