{"id":53115,"date":"2024-12-03T09:23:48","date_gmt":"2024-12-03T09:23:48","guid":{"rendered":"https:\/\/blogin.al\/?p=53115"},"modified":"2024-12-03T09:29:50","modified_gmt":"2024-12-03T09:29:50","slug":"kam-kaluar-ne-depresion-dhe-nuk-e-dija-eneda-tarifa-flet-per-periudhen-e-veshtire","status":"publish","type":"post","link":"https:\/\/blogin.al\/?p=53115","title":{"rendered":"\u201cKam kaluar n\u00eb depresion dhe nuk e dija\u201d, Eneda Tarifa flet p\u00ebr periudh\u00ebn e v\u00ebshtir\u00eb"},"content":{"rendered":"\n<p>Gjat\u00eb nj\u00eb interviste k\u00ebng\u00ebtarja Eneda Tarifa zbuloi se edhe ajo ka pasur momente kur \u00ebsht\u00eb ndier e dob\u00ebt dhe madje ka kaluar edhe depresion, por nuk e ka kuptuar. Megjithat\u00eb, ajo pranoi se nuk ka shkuar asnj\u00ebher\u00eb te psikologu.<a href=\"https:\/\/wingtalks.com\/land\/sp\/02312afe?utm_source=taboola&amp;utm_medium=cpc&amp;tbclid=GiB9g2iVf-kWfk2ZViIjDEU9dYnVu-rY-pjPzdtzxcEbjyDIqGIoiMzM6aG4k4SDATCS30U&amp;campaign=TB_Wingtalks_Worldwide_Desktop_Native_Reg_NewU_Broad_18Nov&amp;campaign_id=43271298&amp;platform=Desktop&amp;site=balkanwebgr-f13282963&amp;siteid=1142674&amp;ad=http%3A%2F%2Fcdn.taboola.com%2Flibtrc%2Fstatic%2Fthumbnails%2F4e8d8cd39b5f03d9e822a1c10513f21d.png&amp;subid=GiB9g2iVf-kWfk2ZViIjDEU9dYnVu-rY-pjPzdtzxcEbjyDIqGIoiMzM6aG4k4SDATCS30U&amp;partner=taboola_elenadate&amp;title=Senior+Singles+Connection&amp;campaign_item_id=4069675115&amp;creative_name=NF_7493_05_MIX_Taboola_1280x720_Static&amp;tblci=GiB9g2iVf-kWfk2ZViIjDEU9dYnVu-rY-pjPzdtzxcEbjyDIqGIoiMzM6aG4k4SDATCS30U#tblciGiB9g2iVf-kWfk2ZViIjDEU9dYnVu-rY-pjPzdtzxcEbjyDIqGIoiMzM6aG4k4SDATCS30U\" target=\"_blank\" rel=\"noreferrer noopener\"><\/a><\/p>\n\n\n\n<p>\u201cTe psikologu nuk kam qen\u00eb asnj\u00ebher\u00eb. Kam tentuar disa her\u00eb. Kam l\u00ebn\u00eb edhe orare dhe pastaj m\u00eb \u00ebsht\u00eb nd\u00ebrruar mendja gjithmon\u00eb n\u00eb moment t\u00eb fundit. Madje, ka pasur edhe nj\u00eb moment kur un\u00eb mund t\u00eb kem kaluar n\u00eb depresion dhe nuk e dija q\u00eb po kaloja nj\u00eb depresion. Mir\u00ebpo, m\u00eb von\u00eb e kam kuptuar q\u00eb t\u00eb gjitha ato shenja dhe simptoma q\u00eb un\u00eb kisha, kishin t\u00eb b\u00ebnin me depresionin. Sigurisht, depresion i leht\u00eb. Edhe momente ankthi kam pasur. Edhe momente kur ti thua \u201cpse jam, pse ekzistoj\u201d\u2026 frik\u00eb p\u00ebr jet\u00ebn, ankth se dikush \u00ebsht\u00eb aty dhe t\u00eb duket si e pamundur jetesa t\u00eb nes\u00ebrmen\u2026 Por besoj se k\u00ebto jan\u00eb ndjesi t\u00eb \u00e7do njeriu n\u00eb momente t\u00eb caktuara\u201d, -tha k\u00ebng\u00ebtarja p\u00ebr emisionin \u201cNat\u00ebn me Aulon\u00ebn\u201d,<\/p>\n\n\n\n<p>Eneda shtoi se k\u00ebt\u00eb periudh\u00eb e ka kaluar me terapi muzikore. E pyetur p\u00ebr arsye se pse nuk ka shkuar te psikologu, ajo tha:<\/p>\n\n\n\n<p>\u201cSepse nuk kam qen\u00eb gati t\u00eb pranoj q\u00eb dikush tjet\u00ebr duhet t\u00eb d\u00ebgjoj\u00eb \u00e7far\u00eb kam brenda meje, disa gj\u00ebra q\u00eb ti do t\u2019i kalosh dhe t\u2019i ruash me veten t\u00ebnde. Ky ka qen\u00eb hezitimi, se jemi n\u00eb Shqip\u00ebri, psikologu nuk \u00ebsht\u00eb si t\u00eb shkosh te dentisti, akoma. \u00cbsht\u00eb akoma nj\u00eb tabu q\u00eb edhe pse un\u00eb e predikoj dhe them se duhet shkuar, vet\u00eb nuk e kam b\u00ebr\u00eb ndonj\u00ebher\u00eb. Por kush ka nevoj\u00eb ta b\u00ebj\u00eb, duhet ta b\u00ebj\u00eb.\u201d<\/p>\n","protected":false},"excerpt":{"rendered":"<p>Gjat\u00eb nj\u00eb interviste k\u00ebng\u00ebtarja Eneda Tarifa zbuloi se edhe ajo ka pasur momente kur \u00ebsht\u00eb ndier e dob\u00ebt dhe madje ka kaluar edhe depresion, por nuk e ka kuptuar. Megjithat\u00eb, ajo pranoi se nuk ka shkuar asnj\u00ebher\u00eb te psikologu. \u201cTe psikologu nuk kam qen\u00eb asnj\u00ebher\u00eb. Kam tentuar disa her\u00eb. Kam l\u00ebn\u00eb edhe orare dhe pastaj [&hellip;]<\/p>\n","protected":false},"author":2,"featured_media":53120,"comment_status":"closed","ping_status":"closed","sticky":false,"template":"","format":"standard","meta":{"footnotes":""},"categories":[33],"tags":[],"class_list":{"0":"post-53115","1":"post","2":"type-post","3":"status-publish","4":"format-standard","5":"has-post-thumbnail","7":"category-showbiz"},"yoast_head":"<!-- This site is optimized with the Yoast SEO plugin v27.5 - https:\/\/yoast.com\/product\/yoast-seo-wordpress\/ -->\n<title>\u201cKam kaluar n\u00eb depresion dhe nuk e dija\u201d, Eneda Tarifa flet p\u00ebr periudh\u00ebn e v\u00ebshtir\u00eb - blogin.al<\/title>\n<meta name=\"robots\" content=\"index, follow, max-snippet:-1, max-image-preview:large, max-video-preview:-1\" \/>\n<link rel=\"canonical\" href=\"https:\/\/blogin.al\/?p=53115\" \/>\n<meta property=\"og:locale\" content=\"en_US\" \/>\n<meta property=\"og:type\" content=\"article\" \/>\n<meta property=\"og:title\" content=\"\u201cKam kaluar n\u00eb depresion dhe nuk e dija\u201d, Eneda Tarifa flet p\u00ebr periudh\u00ebn e v\u00ebshtir\u00eb - blogin.al\" \/>\n<meta property=\"og:description\" content=\"Gjat\u00eb nj\u00eb interviste k\u00ebng\u00ebtarja Eneda Tarifa zbuloi se edhe ajo ka pasur momente kur \u00ebsht\u00eb ndier e dob\u00ebt dhe madje ka kaluar edhe depresion, por nuk e ka kuptuar. Megjithat\u00eb, ajo pranoi se nuk ka shkuar asnj\u00ebher\u00eb te psikologu. \u201cTe psikologu nuk kam qen\u00eb asnj\u00ebher\u00eb. Kam tentuar disa her\u00eb. Kam l\u00ebn\u00eb edhe orare dhe pastaj [&hellip;]\" \/>\n<meta property=\"og:url\" content=\"https:\/\/blogin.al\/?p=53115\" \/>\n<meta property=\"og:site_name\" content=\"blogin.al\" \/>\n<meta property=\"article:published_time\" content=\"2024-12-03T09:23:48+00:00\" \/>\n<meta property=\"article:modified_time\" content=\"2024-12-03T09:29:50+00:00\" \/>\n<meta property=\"og:image\" content=\"https:\/\/blogin.al\/wp-content\/uploads\/2024\/12\/20241203_103802.jpg\" \/>\n\t<meta property=\"og:image:width\" content=\"1440\" \/>\n\t<meta property=\"og:image:height\" content=\"1728\" \/>\n\t<meta property=\"og:image:type\" content=\"image\/jpeg\" \/>\n<meta name=\"author\" content=\"Blogin al\" \/>\n<meta name=\"twitter:card\" content=\"summary_large_image\" \/>\n<meta name=\"twitter:label1\" content=\"Written by\" \/>\n\t<meta name=\"twitter:data1\" content=\"Blogin al\" \/>\n\t<meta name=\"twitter:label2\" content=\"Est. reading time\" \/>\n\t<meta name=\"twitter:data2\" content=\"2 minutes\" \/>\n<script type=\"application\/ld+json\" class=\"yoast-schema-graph\">{\"@context\":\"https:\\\/\\\/schema.org\",\"@graph\":[{\"@type\":\"Article\",\"@id\":\"https:\\\/\\\/blogin.al\\\/?p=53115#article\",\"isPartOf\":{\"@id\":\"https:\\\/\\\/blogin.al\\\/?p=53115\"},\"author\":{\"name\":\"Blogin al\",\"@id\":\"https:\\\/\\\/blogin.al\\\/#\\\/schema\\\/person\\\/abdd56bc912cd511db877b852b115399\"},\"headline\":\"\u201cKam kaluar n\u00eb depresion dhe nuk e dija\u201d, Eneda Tarifa flet p\u00ebr periudh\u00ebn e v\u00ebshtir\u00eb\",\"datePublished\":\"2024-12-03T09:23:48+00:00\",\"dateModified\":\"2024-12-03T09:29:50+00:00\",\"mainEntityOfPage\":{\"@id\":\"https:\\\/\\\/blogin.al\\\/?p=53115\"},\"wordCount\":313,\"publisher\":{\"@id\":\"https:\\\/\\\/blogin.al\\\/#organization\"},\"image\":{\"@id\":\"https:\\\/\\\/blogin.al\\\/?p=53115#primaryimage\"},\"thumbnailUrl\":\"https:\\\/\\\/blogin.al\\\/wp-content\\\/uploads\\\/2024\\\/12\\\/20241203_103802.jpg\",\"articleSection\":[\"SHOWBIZ\"],\"inLanguage\":\"en-US\"},{\"@type\":\"WebPage\",\"@id\":\"https:\\\/\\\/blogin.al\\\/?p=53115\",\"url\":\"https:\\\/\\\/blogin.al\\\/?p=53115\",\"name\":\"\u201cKam kaluar n\u00eb depresion dhe nuk e dija\u201d, Eneda Tarifa flet p\u00ebr periudh\u00ebn e v\u00ebshtir\u00eb - blogin.al\",\"isPartOf\":{\"@id\":\"https:\\\/\\\/blogin.al\\\/#website\"},\"primaryImageOfPage\":{\"@id\":\"https:\\\/\\\/blogin.al\\\/?p=53115#primaryimage\"},\"image\":{\"@id\":\"https:\\\/\\\/blogin.al\\\/?p=53115#primaryimage\"},\"thumbnailUrl\":\"https:\\\/\\\/blogin.al\\\/wp-content\\\/uploads\\\/2024\\\/12\\\/20241203_103802.jpg\",\"datePublished\":\"2024-12-03T09:23:48+00:00\",\"dateModified\":\"2024-12-03T09:29:50+00:00\",\"breadcrumb\":{\"@id\":\"https:\\\/\\\/blogin.al\\\/?p=53115#breadcrumb\"},\"inLanguage\":\"en-US\",\"potentialAction\":[{\"@type\":\"ReadAction\",\"target\":[\"https:\\\/\\\/blogin.al\\\/?p=53115\"]}]},{\"@type\":\"ImageObject\",\"inLanguage\":\"en-US\",\"@id\":\"https:\\\/\\\/blogin.al\\\/?p=53115#primaryimage\",\"url\":\"https:\\\/\\\/blogin.al\\\/wp-content\\\/uploads\\\/2024\\\/12\\\/20241203_103802.jpg\",\"contentUrl\":\"https:\\\/\\\/blogin.al\\\/wp-content\\\/uploads\\\/2024\\\/12\\\/20241203_103802.jpg\",\"width\":1440,\"height\":1728},{\"@type\":\"BreadcrumbList\",\"@id\":\"https:\\\/\\\/blogin.al\\\/?p=53115#breadcrumb\",\"itemListElement\":[{\"@type\":\"ListItem\",\"position\":1,\"name\":\"Home\",\"item\":\"https:\\\/\\\/blogin.al\\\/\"},{\"@type\":\"ListItem\",\"position\":2,\"name\":\"\u201cKam kaluar n\u00eb depresion dhe nuk e dija\u201d, Eneda Tarifa flet p\u00ebr periudh\u00ebn e v\u00ebshtir\u00eb\"}]},{\"@type\":\"WebSite\",\"@id\":\"https:\\\/\\\/blogin.al\\\/#website\",\"url\":\"https:\\\/\\\/blogin.al\\\/\",\"name\":\"blogin.al\",\"description\":\"\",\"publisher\":{\"@id\":\"https:\\\/\\\/blogin.al\\\/#organization\"},\"potentialAction\":[{\"@type\":\"SearchAction\",\"target\":{\"@type\":\"EntryPoint\",\"urlTemplate\":\"https:\\\/\\\/blogin.al\\\/?s={search_term_string}\"},\"query-input\":{\"@type\":\"PropertyValueSpecification\",\"valueRequired\":true,\"valueName\":\"search_term_string\"}}],\"inLanguage\":\"en-US\"},{\"@type\":\"Organization\",\"@id\":\"https:\\\/\\\/blogin.al\\\/#organization\",\"name\":\"BLOGIN.al\",\"url\":\"https:\\\/\\\/blogin.al\\\/\",\"logo\":{\"@type\":\"ImageObject\",\"inLanguage\":\"en-US\",\"@id\":\"https:\\\/\\\/blogin.al\\\/#\\\/schema\\\/logo\\\/image\\\/\",\"url\":\"https:\\\/\\\/blogin.al\\\/wp-content\\\/uploads\\\/2022\\\/05\\\/Untitled-2-01-e1652084456514.png\",\"contentUrl\":\"https:\\\/\\\/blogin.al\\\/wp-content\\\/uploads\\\/2022\\\/05\\\/Untitled-2-01-e1652084456514.png\",\"width\":3723,\"height\":1698,\"caption\":\"BLOGIN.al\"},\"image\":{\"@id\":\"https:\\\/\\\/blogin.al\\\/#\\\/schema\\\/logo\\\/image\\\/\"},\"sameAs\":[\"https:\\\/\\\/instagram.com\\\/blogin.al\\\/\"]},{\"@type\":\"Person\",\"@id\":\"https:\\\/\\\/blogin.al\\\/#\\\/schema\\\/person\\\/abdd56bc912cd511db877b852b115399\",\"name\":\"Blogin al\",\"image\":{\"@type\":\"ImageObject\",\"inLanguage\":\"en-US\",\"@id\":\"https:\\\/\\\/secure.gravatar.com\\\/avatar\\\/60d5661aee6e835fb13dc75d2204cd0c1d61bef2efd137c0083e59ef831e235e?s=96&d=mm&r=g\",\"url\":\"https:\\\/\\\/secure.gravatar.com\\\/avatar\\\/60d5661aee6e835fb13dc75d2204cd0c1d61bef2efd137c0083e59ef831e235e?s=96&d=mm&r=g\",\"contentUrl\":\"https:\\\/\\\/secure.gravatar.com\\\/avatar\\\/60d5661aee6e835fb13dc75d2204cd0c1d61bef2efd137c0083e59ef831e235e?s=96&d=mm&r=g\",\"caption\":\"Blogin al\"},\"sameAs\":[\"https:\\\/\\\/blogin.al\"],\"url\":\"https:\\\/\\\/blogin.al\\\/?author=2\"}]}<\/script>\n<!-- \/ Yoast SEO plugin. -->","yoast_head_json":{"title":"\u201cKam kaluar n\u00eb depresion dhe nuk e dija\u201d, Eneda Tarifa flet p\u00ebr periudh\u00ebn e v\u00ebshtir\u00eb - blogin.al","robots":{"index":"index","follow":"follow","max-snippet":"max-snippet:-1","max-image-preview":"max-image-preview:large","max-video-preview":"max-video-preview:-1"},"canonical":"https:\/\/blogin.al\/?p=53115","og_locale":"en_US","og_type":"article","og_title":"\u201cKam kaluar n\u00eb depresion dhe nuk e dija\u201d, Eneda Tarifa flet p\u00ebr periudh\u00ebn e v\u00ebshtir\u00eb - blogin.al","og_description":"Gjat\u00eb nj\u00eb interviste k\u00ebng\u00ebtarja Eneda Tarifa zbuloi se edhe ajo ka pasur momente kur \u00ebsht\u00eb ndier e dob\u00ebt dhe madje ka kaluar edhe depresion, por nuk e ka kuptuar. Megjithat\u00eb, ajo pranoi se nuk ka shkuar asnj\u00ebher\u00eb te psikologu. \u201cTe psikologu nuk kam qen\u00eb asnj\u00ebher\u00eb. Kam tentuar disa her\u00eb. Kam l\u00ebn\u00eb edhe orare dhe pastaj [&hellip;]","og_url":"https:\/\/blogin.al\/?p=53115","og_site_name":"blogin.al","article_published_time":"2024-12-03T09:23:48+00:00","article_modified_time":"2024-12-03T09:29:50+00:00","og_image":[{"width":1440,"height":1728,"url":"https:\/\/blogin.al\/wp-content\/uploads\/2024\/12\/20241203_103802.jpg","type":"image\/jpeg"}],"author":"Blogin al","twitter_card":"summary_large_image","twitter_misc":{"Written by":"Blogin al","Est. reading time":"2 minutes"},"schema":{"@context":"https:\/\/schema.org","@graph":[{"@type":"Article","@id":"https:\/\/blogin.al\/?p=53115#article","isPartOf":{"@id":"https:\/\/blogin.al\/?p=53115"},"author":{"name":"Blogin al","@id":"https:\/\/blogin.al\/#\/schema\/person\/abdd56bc912cd511db877b852b115399"},"headline":"\u201cKam kaluar n\u00eb depresion dhe nuk e dija\u201d, Eneda Tarifa flet p\u00ebr periudh\u00ebn e v\u00ebshtir\u00eb","datePublished":"2024-12-03T09:23:48+00:00","dateModified":"2024-12-03T09:29:50+00:00","mainEntityOfPage":{"@id":"https:\/\/blogin.al\/?p=53115"},"wordCount":313,"publisher":{"@id":"https:\/\/blogin.al\/#organization"},"image":{"@id":"https:\/\/blogin.al\/?p=53115#primaryimage"},"thumbnailUrl":"https:\/\/blogin.al\/wp-content\/uploads\/2024\/12\/20241203_103802.jpg","articleSection":["SHOWBIZ"],"inLanguage":"en-US"},{"@type":"WebPage","@id":"https:\/\/blogin.al\/?p=53115","url":"https:\/\/blogin.al\/?p=53115","name":"\u201cKam kaluar n\u00eb depresion dhe nuk e dija\u201d, Eneda Tarifa flet p\u00ebr periudh\u00ebn e v\u00ebshtir\u00eb - blogin.al","isPartOf":{"@id":"https:\/\/blogin.al\/#website"},"primaryImageOfPage":{"@id":"https:\/\/blogin.al\/?p=53115#primaryimage"},"image":{"@id":"https:\/\/blogin.al\/?p=53115#primaryimage"},"thumbnailUrl":"https:\/\/blogin.al\/wp-content\/uploads\/2024\/12\/20241203_103802.jpg","datePublished":"2024-12-03T09:23:48+00:00","dateModified":"2024-12-03T09:29:50+00:00","breadcrumb":{"@id":"https:\/\/blogin.al\/?p=53115#breadcrumb"},"inLanguage":"en-US","potentialAction":[{"@type":"ReadAction","target":["https:\/\/blogin.al\/?p=53115"]}]},{"@type":"ImageObject","inLanguage":"en-US","@id":"https:\/\/blogin.al\/?p=53115#primaryimage","url":"https:\/\/blogin.al\/wp-content\/uploads\/2024\/12\/20241203_103802.jpg","contentUrl":"https:\/\/blogin.al\/wp-content\/uploads\/2024\/12\/20241203_103802.jpg","width":1440,"height":1728},{"@type":"BreadcrumbList","@id":"https:\/\/blogin.al\/?p=53115#breadcrumb","itemListElement":[{"@type":"ListItem","position":1,"name":"Home","item":"https:\/\/blogin.al\/"},{"@type":"ListItem","position":2,"name":"\u201cKam kaluar n\u00eb depresion dhe nuk e dija\u201d, Eneda Tarifa flet p\u00ebr periudh\u00ebn e v\u00ebshtir\u00eb"}]},{"@type":"WebSite","@id":"https:\/\/blogin.al\/#website","url":"https:\/\/blogin.al\/","name":"blogin.al","description":"","publisher":{"@id":"https:\/\/blogin.al\/#organization"},"potentialAction":[{"@type":"SearchAction","target":{"@type":"EntryPoint","urlTemplate":"https:\/\/blogin.al\/?s={search_term_string}"},"query-input":{"@type":"PropertyValueSpecification","valueRequired":true,"valueName":"search_term_string"}}],"inLanguage":"en-US"},{"@type":"Organization","@id":"https:\/\/blogin.al\/#organization","name":"BLOGIN.al","url":"https:\/\/blogin.al\/","logo":{"@type":"ImageObject","inLanguage":"en-US","@id":"https:\/\/blogin.al\/#\/schema\/logo\/image\/","url":"https:\/\/blogin.al\/wp-content\/uploads\/2022\/05\/Untitled-2-01-e1652084456514.png","contentUrl":"https:\/\/blogin.al\/wp-content\/uploads\/2022\/05\/Untitled-2-01-e1652084456514.png","width":3723,"height":1698,"caption":"BLOGIN.al"},"image":{"@id":"https:\/\/blogin.al\/#\/schema\/logo\/image\/"},"sameAs":["https:\/\/instagram.com\/blogin.al\/"]},{"@type":"Person","@id":"https:\/\/blogin.al\/#\/schema\/person\/abdd56bc912cd511db877b852b115399","name":"Blogin al","image":{"@type":"ImageObject","inLanguage":"en-US","@id":"https:\/\/secure.gravatar.com\/avatar\/60d5661aee6e835fb13dc75d2204cd0c1d61bef2efd137c0083e59ef831e235e?s=96&d=mm&r=g","url":"https:\/\/secure.gravatar.com\/avatar\/60d5661aee6e835fb13dc75d2204cd0c1d61bef2efd137c0083e59ef831e235e?s=96&d=mm&r=g","contentUrl":"https:\/\/secure.gravatar.com\/avatar\/60d5661aee6e835fb13dc75d2204cd0c1d61bef2efd137c0083e59ef831e235e?s=96&d=mm&r=g","caption":"Blogin al"},"sameAs":["https:\/\/blogin.al"],"url":"https:\/\/blogin.al\/?author=2"}]}},"_links":{"self":[{"href":"https:\/\/blogin.al\/index.php?rest_route=\/wp\/v2\/posts\/53115","targetHints":{"allow":["GET"]}}],"collection":[{"href":"https:\/\/blogin.al\/index.php?rest_route=\/wp\/v2\/posts"}],"about":[{"href":"https:\/\/blogin.al\/index.php?rest_route=\/wp\/v2\/types\/post"}],"author":[{"embeddable":true,"href":"https:\/\/blogin.al\/index.php?rest_route=\/wp\/v2\/users\/2"}],"replies":[{"embeddable":true,"href":"https:\/\/blogin.al\/index.php?rest_route=%2Fwp%2Fv2%2Fcomments&post=53115"}],"version-history":[{"count":1,"href":"https:\/\/blogin.al\/index.php?rest_route=\/wp\/v2\/posts\/53115\/revisions"}],"predecessor-version":[{"id":53116,"href":"https:\/\/blogin.al\/index.php?rest_route=\/wp\/v2\/posts\/53115\/revisions\/53116"}],"wp:featuredmedia":[{"embeddable":true,"href":"https:\/\/blogin.al\/index.php?rest_route=\/wp\/v2\/media\/53120"}],"wp:attachment":[{"href":"https:\/\/blogin.al\/index.php?rest_route=%2Fwp%2Fv2%2Fmedia&parent=53115"}],"wp:term":[{"taxonomy":"category","embeddable":true,"href":"https:\/\/blogin.al\/index.php?rest_route=%2Fwp%2Fv2%2Fcategories&post=53115"},{"taxonomy":"post_tag","embeddable":true,"href":"https:\/\/blogin.al\/index.php?rest_route=%2Fwp%2Fv2%2Ftags&post=53115"}],"curies":[{"name":"wp","href":"https:\/\/api.w.org\/{rel}","templated":true}]}}