{"id":53117,"date":"2024-12-03T09:24:42","date_gmt":"2024-12-03T09:24:42","guid":{"rendered":"https:\/\/blogin.al\/?p=53117"},"modified":"2024-12-03T09:28:31","modified_gmt":"2024-12-03T09:28:31","slug":"fero-publikon-fotografi-te-arbenita-ismajlit-me-nje-mashkull-ne-dubai","status":"publish","type":"post","link":"https:\/\/blogin.al\/?p=53117","title":{"rendered":"Fero publikon fotografi t\u00eb Arbenita Ismajlit me nj\u00eb mashkull n\u00eb Dubai"},"content":{"rendered":"\n<p>Problemet mes ish-\u00e7iftit, Feronit Shabani (Fero) dhe Arbenita Ismajli, vazhdojn\u00eb edhe pas ndarjes s\u00eb tyre. Dyshja, t\u00eb cil\u00ebt kan\u00eb nj\u00eb vajz\u00eb s\u00eb bashku, duket se nuk kan\u00eb arritur ende t\u00eb gjejn\u00eb nj\u00eb gjuh\u00eb t\u00eb p\u00ebrbashk\u00ebt.<\/p>\n\n\n\n<p>N\u00eb nj\u00eb postim t\u00eb fundit, Fero ka ndar\u00eb nj\u00eb fotografi t\u00eb ish-partneres s\u00eb tij, Arbenit\u00ebs, e cila shihet n\u00eb Dubai duke q\u00ebndruar me nj\u00eb mashkull tjet\u00ebr. Ky veprim ka shkaktuar reagime dhe ka thelluar m\u00eb tej tensionin mes tyre, duke sugjeruar se marr\u00ebdh\u00ebnia mes dy ish-partner\u00ebve mbetet e mbushur me pasiguri dhe konflikte.<\/p>\n\n\n\n<p><em>\u201cNd\u00ebrkoh\u00eb n\u00eb Dubai. Me t\u00eb dashurin e ri (Hasanin) dhe me vajz\u00ebn time\u201d.<\/em><\/p>\n\n\n\n<figure class=\"wp-block-image is-style-default\"><img decoding=\"async\" src=\"https:\/\/iconstyle.al\/wp-content\/uploads\/2024\/12\/Screenshot_1-5-300x540.jpg\" alt=\"\" class=\"wp-image-683277\"\/><\/figure>\n","protected":false},"excerpt":{"rendered":"<p>Problemet mes ish-\u00e7iftit, Feronit Shabani (Fero) dhe Arbenita Ismajli, vazhdojn\u00eb edhe pas ndarjes s\u00eb tyre. Dyshja, t\u00eb cil\u00ebt kan\u00eb nj\u00eb vajz\u00eb s\u00eb bashku, duket se nuk kan\u00eb arritur ende t\u00eb gjejn\u00eb nj\u00eb gjuh\u00eb t\u00eb p\u00ebrbashk\u00ebt. N\u00eb nj\u00eb postim t\u00eb fundit, Fero ka ndar\u00eb nj\u00eb fotografi t\u00eb ish-partneres s\u00eb tij, Arbenit\u00ebs, e cila shihet n\u00eb Dubai [&hellip;]<\/p>\n","protected":false},"author":2,"featured_media":53119,"comment_status":"closed","ping_status":"closed","sticky":false,"template":"","format":"standard","meta":{"footnotes":""},"categories":[33],"tags":[],"class_list":{"0":"post-53117","1":"post","2":"type-post","3":"status-publish","4":"format-standard","5":"has-post-thumbnail","7":"category-showbiz"},"yoast_head":"<!-- This site is optimized with the Yoast SEO plugin v27.5 - https:\/\/yoast.com\/product\/yoast-seo-wordpress\/ -->\n<title>Fero publikon fotografi t\u00eb Arbenita Ismajlit me nj\u00eb mashkull n\u00eb Dubai - blogin.al<\/title>\n<meta name=\"robots\" content=\"index, follow, max-snippet:-1, max-image-preview:large, max-video-preview:-1\" \/>\n<link rel=\"canonical\" href=\"https:\/\/blogin.al\/?p=53117\" \/>\n<meta property=\"og:locale\" content=\"en_US\" \/>\n<meta property=\"og:type\" content=\"article\" \/>\n<meta property=\"og:title\" content=\"Fero publikon fotografi t\u00eb Arbenita Ismajlit me nj\u00eb mashkull n\u00eb Dubai - blogin.al\" \/>\n<meta property=\"og:description\" content=\"Problemet mes ish-\u00e7iftit, Feronit Shabani (Fero) dhe Arbenita Ismajli, vazhdojn\u00eb edhe pas ndarjes s\u00eb tyre. Dyshja, t\u00eb cil\u00ebt kan\u00eb nj\u00eb vajz\u00eb s\u00eb bashku, duket se nuk kan\u00eb arritur ende t\u00eb gjejn\u00eb nj\u00eb gjuh\u00eb t\u00eb p\u00ebrbashk\u00ebt. N\u00eb nj\u00eb postim t\u00eb fundit, Fero ka ndar\u00eb nj\u00eb fotografi t\u00eb ish-partneres s\u00eb tij, Arbenit\u00ebs, e cila shihet n\u00eb Dubai [&hellip;]\" \/>\n<meta property=\"og:url\" content=\"https:\/\/blogin.al\/?p=53117\" \/>\n<meta property=\"og:site_name\" content=\"blogin.al\" \/>\n<meta property=\"article:published_time\" content=\"2024-12-03T09:24:42+00:00\" \/>\n<meta property=\"article:modified_time\" content=\"2024-12-03T09:28:31+00:00\" \/>\n<meta property=\"og:image\" content=\"https:\/\/blogin.al\/wp-content\/uploads\/2024\/12\/640-0-6719fdb19aabe.png\" \/>\n\t<meta property=\"og:image:width\" content=\"640\" \/>\n\t<meta property=\"og:image:height\" content=\"695\" \/>\n\t<meta property=\"og:image:type\" content=\"image\/png\" \/>\n<meta name=\"author\" content=\"Blogin al\" \/>\n<meta name=\"twitter:card\" content=\"summary_large_image\" \/>\n<meta name=\"twitter:label1\" content=\"Written by\" \/>\n\t<meta name=\"twitter:data1\" content=\"Blogin al\" \/>\n\t<meta name=\"twitter:label2\" content=\"Est. reading time\" \/>\n\t<meta name=\"twitter:data2\" content=\"1 minute\" \/>\n<script type=\"application\/ld+json\" class=\"yoast-schema-graph\">{\"@context\":\"https:\\\/\\\/schema.org\",\"@graph\":[{\"@type\":\"Article\",\"@id\":\"https:\\\/\\\/blogin.al\\\/?p=53117#article\",\"isPartOf\":{\"@id\":\"https:\\\/\\\/blogin.al\\\/?p=53117\"},\"author\":{\"name\":\"Blogin al\",\"@id\":\"https:\\\/\\\/blogin.al\\\/#\\\/schema\\\/person\\\/abdd56bc912cd511db877b852b115399\"},\"headline\":\"Fero publikon fotografi t\u00eb Arbenita Ismajlit me nj\u00eb mashkull n\u00eb Dubai\",\"datePublished\":\"2024-12-03T09:24:42+00:00\",\"dateModified\":\"2024-12-03T09:28:31+00:00\",\"mainEntityOfPage\":{\"@id\":\"https:\\\/\\\/blogin.al\\\/?p=53117\"},\"wordCount\":124,\"publisher\":{\"@id\":\"https:\\\/\\\/blogin.al\\\/#organization\"},\"image\":{\"@id\":\"https:\\\/\\\/blogin.al\\\/?p=53117#primaryimage\"},\"thumbnailUrl\":\"https:\\\/\\\/blogin.al\\\/wp-content\\\/uploads\\\/2024\\\/12\\\/640-0-6719fdb19aabe.png\",\"articleSection\":[\"SHOWBIZ\"],\"inLanguage\":\"en-US\"},{\"@type\":\"WebPage\",\"@id\":\"https:\\\/\\\/blogin.al\\\/?p=53117\",\"url\":\"https:\\\/\\\/blogin.al\\\/?p=53117\",\"name\":\"Fero publikon fotografi t\u00eb Arbenita Ismajlit me nj\u00eb mashkull n\u00eb Dubai - blogin.al\",\"isPartOf\":{\"@id\":\"https:\\\/\\\/blogin.al\\\/#website\"},\"primaryImageOfPage\":{\"@id\":\"https:\\\/\\\/blogin.al\\\/?p=53117#primaryimage\"},\"image\":{\"@id\":\"https:\\\/\\\/blogin.al\\\/?p=53117#primaryimage\"},\"thumbnailUrl\":\"https:\\\/\\\/blogin.al\\\/wp-content\\\/uploads\\\/2024\\\/12\\\/640-0-6719fdb19aabe.png\",\"datePublished\":\"2024-12-03T09:24:42+00:00\",\"dateModified\":\"2024-12-03T09:28:31+00:00\",\"breadcrumb\":{\"@id\":\"https:\\\/\\\/blogin.al\\\/?p=53117#breadcrumb\"},\"inLanguage\":\"en-US\",\"potentialAction\":[{\"@type\":\"ReadAction\",\"target\":[\"https:\\\/\\\/blogin.al\\\/?p=53117\"]}]},{\"@type\":\"ImageObject\",\"inLanguage\":\"en-US\",\"@id\":\"https:\\\/\\\/blogin.al\\\/?p=53117#primaryimage\",\"url\":\"https:\\\/\\\/blogin.al\\\/wp-content\\\/uploads\\\/2024\\\/12\\\/640-0-6719fdb19aabe.png\",\"contentUrl\":\"https:\\\/\\\/blogin.al\\\/wp-content\\\/uploads\\\/2024\\\/12\\\/640-0-6719fdb19aabe.png\",\"width\":640,\"height\":695},{\"@type\":\"BreadcrumbList\",\"@id\":\"https:\\\/\\\/blogin.al\\\/?p=53117#breadcrumb\",\"itemListElement\":[{\"@type\":\"ListItem\",\"position\":1,\"name\":\"Home\",\"item\":\"https:\\\/\\\/blogin.al\\\/\"},{\"@type\":\"ListItem\",\"position\":2,\"name\":\"Fero publikon fotografi t\u00eb Arbenita Ismajlit me nj\u00eb mashkull n\u00eb Dubai\"}]},{\"@type\":\"WebSite\",\"@id\":\"https:\\\/\\\/blogin.al\\\/#website\",\"url\":\"https:\\\/\\\/blogin.al\\\/\",\"name\":\"blogin.al\",\"description\":\"\",\"publisher\":{\"@id\":\"https:\\\/\\\/blogin.al\\\/#organization\"},\"potentialAction\":[{\"@type\":\"SearchAction\",\"target\":{\"@type\":\"EntryPoint\",\"urlTemplate\":\"https:\\\/\\\/blogin.al\\\/?s={search_term_string}\"},\"query-input\":{\"@type\":\"PropertyValueSpecification\",\"valueRequired\":true,\"valueName\":\"search_term_string\"}}],\"inLanguage\":\"en-US\"},{\"@type\":\"Organization\",\"@id\":\"https:\\\/\\\/blogin.al\\\/#organization\",\"name\":\"BLOGIN.al\",\"url\":\"https:\\\/\\\/blogin.al\\\/\",\"logo\":{\"@type\":\"ImageObject\",\"inLanguage\":\"en-US\",\"@id\":\"https:\\\/\\\/blogin.al\\\/#\\\/schema\\\/logo\\\/image\\\/\",\"url\":\"https:\\\/\\\/blogin.al\\\/wp-content\\\/uploads\\\/2022\\\/05\\\/Untitled-2-01-e1652084456514.png\",\"contentUrl\":\"https:\\\/\\\/blogin.al\\\/wp-content\\\/uploads\\\/2022\\\/05\\\/Untitled-2-01-e1652084456514.png\",\"width\":3723,\"height\":1698,\"caption\":\"BLOGIN.al\"},\"image\":{\"@id\":\"https:\\\/\\\/blogin.al\\\/#\\\/schema\\\/logo\\\/image\\\/\"},\"sameAs\":[\"https:\\\/\\\/instagram.com\\\/blogin.al\\\/\"]},{\"@type\":\"Person\",\"@id\":\"https:\\\/\\\/blogin.al\\\/#\\\/schema\\\/person\\\/abdd56bc912cd511db877b852b115399\",\"name\":\"Blogin al\",\"image\":{\"@type\":\"ImageObject\",\"inLanguage\":\"en-US\",\"@id\":\"https:\\\/\\\/secure.gravatar.com\\\/avatar\\\/60d5661aee6e835fb13dc75d2204cd0c1d61bef2efd137c0083e59ef831e235e?s=96&d=mm&r=g\",\"url\":\"https:\\\/\\\/secure.gravatar.com\\\/avatar\\\/60d5661aee6e835fb13dc75d2204cd0c1d61bef2efd137c0083e59ef831e235e?s=96&d=mm&r=g\",\"contentUrl\":\"https:\\\/\\\/secure.gravatar.com\\\/avatar\\\/60d5661aee6e835fb13dc75d2204cd0c1d61bef2efd137c0083e59ef831e235e?s=96&d=mm&r=g\",\"caption\":\"Blogin al\"},\"sameAs\":[\"https:\\\/\\\/blogin.al\"],\"url\":\"https:\\\/\\\/blogin.al\\\/?author=2\"}]}<\/script>\n<!-- \/ Yoast SEO plugin. -->","yoast_head_json":{"title":"Fero publikon fotografi t\u00eb Arbenita Ismajlit me nj\u00eb mashkull n\u00eb Dubai - blogin.al","robots":{"index":"index","follow":"follow","max-snippet":"max-snippet:-1","max-image-preview":"max-image-preview:large","max-video-preview":"max-video-preview:-1"},"canonical":"https:\/\/blogin.al\/?p=53117","og_locale":"en_US","og_type":"article","og_title":"Fero publikon fotografi t\u00eb Arbenita Ismajlit me nj\u00eb mashkull n\u00eb Dubai - blogin.al","og_description":"Problemet mes ish-\u00e7iftit, Feronit Shabani (Fero) dhe Arbenita Ismajli, vazhdojn\u00eb edhe pas ndarjes s\u00eb tyre. Dyshja, t\u00eb cil\u00ebt kan\u00eb nj\u00eb vajz\u00eb s\u00eb bashku, duket se nuk kan\u00eb arritur ende t\u00eb gjejn\u00eb nj\u00eb gjuh\u00eb t\u00eb p\u00ebrbashk\u00ebt. N\u00eb nj\u00eb postim t\u00eb fundit, Fero ka ndar\u00eb nj\u00eb fotografi t\u00eb ish-partneres s\u00eb tij, Arbenit\u00ebs, e cila shihet n\u00eb Dubai [&hellip;]","og_url":"https:\/\/blogin.al\/?p=53117","og_site_name":"blogin.al","article_published_time":"2024-12-03T09:24:42+00:00","article_modified_time":"2024-12-03T09:28:31+00:00","og_image":[{"width":640,"height":695,"url":"https:\/\/blogin.al\/wp-content\/uploads\/2024\/12\/640-0-6719fdb19aabe.png","type":"image\/png"}],"author":"Blogin al","twitter_card":"summary_large_image","twitter_misc":{"Written by":"Blogin al","Est. reading time":"1 minute"},"schema":{"@context":"https:\/\/schema.org","@graph":[{"@type":"Article","@id":"https:\/\/blogin.al\/?p=53117#article","isPartOf":{"@id":"https:\/\/blogin.al\/?p=53117"},"author":{"name":"Blogin al","@id":"https:\/\/blogin.al\/#\/schema\/person\/abdd56bc912cd511db877b852b115399"},"headline":"Fero publikon fotografi t\u00eb Arbenita Ismajlit me nj\u00eb mashkull n\u00eb Dubai","datePublished":"2024-12-03T09:24:42+00:00","dateModified":"2024-12-03T09:28:31+00:00","mainEntityOfPage":{"@id":"https:\/\/blogin.al\/?p=53117"},"wordCount":124,"publisher":{"@id":"https:\/\/blogin.al\/#organization"},"image":{"@id":"https:\/\/blogin.al\/?p=53117#primaryimage"},"thumbnailUrl":"https:\/\/blogin.al\/wp-content\/uploads\/2024\/12\/640-0-6719fdb19aabe.png","articleSection":["SHOWBIZ"],"inLanguage":"en-US"},{"@type":"WebPage","@id":"https:\/\/blogin.al\/?p=53117","url":"https:\/\/blogin.al\/?p=53117","name":"Fero publikon fotografi t\u00eb Arbenita Ismajlit me nj\u00eb mashkull n\u00eb Dubai - blogin.al","isPartOf":{"@id":"https:\/\/blogin.al\/#website"},"primaryImageOfPage":{"@id":"https:\/\/blogin.al\/?p=53117#primaryimage"},"image":{"@id":"https:\/\/blogin.al\/?p=53117#primaryimage"},"thumbnailUrl":"https:\/\/blogin.al\/wp-content\/uploads\/2024\/12\/640-0-6719fdb19aabe.png","datePublished":"2024-12-03T09:24:42+00:00","dateModified":"2024-12-03T09:28:31+00:00","breadcrumb":{"@id":"https:\/\/blogin.al\/?p=53117#breadcrumb"},"inLanguage":"en-US","potentialAction":[{"@type":"ReadAction","target":["https:\/\/blogin.al\/?p=53117"]}]},{"@type":"ImageObject","inLanguage":"en-US","@id":"https:\/\/blogin.al\/?p=53117#primaryimage","url":"https:\/\/blogin.al\/wp-content\/uploads\/2024\/12\/640-0-6719fdb19aabe.png","contentUrl":"https:\/\/blogin.al\/wp-content\/uploads\/2024\/12\/640-0-6719fdb19aabe.png","width":640,"height":695},{"@type":"BreadcrumbList","@id":"https:\/\/blogin.al\/?p=53117#breadcrumb","itemListElement":[{"@type":"ListItem","position":1,"name":"Home","item":"https:\/\/blogin.al\/"},{"@type":"ListItem","position":2,"name":"Fero publikon fotografi t\u00eb Arbenita Ismajlit me nj\u00eb mashkull n\u00eb Dubai"}]},{"@type":"WebSite","@id":"https:\/\/blogin.al\/#website","url":"https:\/\/blogin.al\/","name":"blogin.al","description":"","publisher":{"@id":"https:\/\/blogin.al\/#organization"},"potentialAction":[{"@type":"SearchAction","target":{"@type":"EntryPoint","urlTemplate":"https:\/\/blogin.al\/?s={search_term_string}"},"query-input":{"@type":"PropertyValueSpecification","valueRequired":true,"valueName":"search_term_string"}}],"inLanguage":"en-US"},{"@type":"Organization","@id":"https:\/\/blogin.al\/#organization","name":"BLOGIN.al","url":"https:\/\/blogin.al\/","logo":{"@type":"ImageObject","inLanguage":"en-US","@id":"https:\/\/blogin.al\/#\/schema\/logo\/image\/","url":"https:\/\/blogin.al\/wp-content\/uploads\/2022\/05\/Untitled-2-01-e1652084456514.png","contentUrl":"https:\/\/blogin.al\/wp-content\/uploads\/2022\/05\/Untitled-2-01-e1652084456514.png","width":3723,"height":1698,"caption":"BLOGIN.al"},"image":{"@id":"https:\/\/blogin.al\/#\/schema\/logo\/image\/"},"sameAs":["https:\/\/instagram.com\/blogin.al\/"]},{"@type":"Person","@id":"https:\/\/blogin.al\/#\/schema\/person\/abdd56bc912cd511db877b852b115399","name":"Blogin al","image":{"@type":"ImageObject","inLanguage":"en-US","@id":"https:\/\/secure.gravatar.com\/avatar\/60d5661aee6e835fb13dc75d2204cd0c1d61bef2efd137c0083e59ef831e235e?s=96&d=mm&r=g","url":"https:\/\/secure.gravatar.com\/avatar\/60d5661aee6e835fb13dc75d2204cd0c1d61bef2efd137c0083e59ef831e235e?s=96&d=mm&r=g","contentUrl":"https:\/\/secure.gravatar.com\/avatar\/60d5661aee6e835fb13dc75d2204cd0c1d61bef2efd137c0083e59ef831e235e?s=96&d=mm&r=g","caption":"Blogin al"},"sameAs":["https:\/\/blogin.al"],"url":"https:\/\/blogin.al\/?author=2"}]}},"_links":{"self":[{"href":"https:\/\/blogin.al\/index.php?rest_route=\/wp\/v2\/posts\/53117","targetHints":{"allow":["GET"]}}],"collection":[{"href":"https:\/\/blogin.al\/index.php?rest_route=\/wp\/v2\/posts"}],"about":[{"href":"https:\/\/blogin.al\/index.php?rest_route=\/wp\/v2\/types\/post"}],"author":[{"embeddable":true,"href":"https:\/\/blogin.al\/index.php?rest_route=\/wp\/v2\/users\/2"}],"replies":[{"embeddable":true,"href":"https:\/\/blogin.al\/index.php?rest_route=%2Fwp%2Fv2%2Fcomments&post=53117"}],"version-history":[{"count":1,"href":"https:\/\/blogin.al\/index.php?rest_route=\/wp\/v2\/posts\/53117\/revisions"}],"predecessor-version":[{"id":53118,"href":"https:\/\/blogin.al\/index.php?rest_route=\/wp\/v2\/posts\/53117\/revisions\/53118"}],"wp:featuredmedia":[{"embeddable":true,"href":"https:\/\/blogin.al\/index.php?rest_route=\/wp\/v2\/media\/53119"}],"wp:attachment":[{"href":"https:\/\/blogin.al\/index.php?rest_route=%2Fwp%2Fv2%2Fmedia&parent=53117"}],"wp:term":[{"taxonomy":"category","embeddable":true,"href":"https:\/\/blogin.al\/index.php?rest_route=%2Fwp%2Fv2%2Fcategories&post=53117"},{"taxonomy":"post_tag","embeddable":true,"href":"https:\/\/blogin.al\/index.php?rest_route=%2Fwp%2Fv2%2Ftags&post=53117"}],"curies":[{"name":"wp","href":"https:\/\/api.w.org\/{rel}","templated":true}]}}