{"id":53121,"date":"2024-12-03T09:32:15","date_gmt":"2024-12-03T09:32:15","guid":{"rendered":"https:\/\/blogin.al\/?p=53121"},"modified":"2024-12-03T11:01:55","modified_gmt":"2024-12-03T11:01:55","slug":"i-cmendur-psikopat-arbenita-reagon-ashper-ndaj-akuzave-te-feros","status":"publish","type":"post","link":"https:\/\/blogin.al\/?p=53121","title":{"rendered":"\u201cI \u00e7mendur, psikopat\u201d \u2013 Arbenita reagon ashp\u00ebr ndaj akuzave t\u00eb Feros"},"content":{"rendered":"\n<p>Modelja Arbenita Ismajli, p\u00ebrmes nj\u00eb postimi n\u00eb InstaStory, ndau me ndjek\u00ebsit nj\u00eb situat\u00eb t\u00eb tensionuar q\u00eb lidhet me ish-partnerin e saj, reperin Fero. \u00c7ifti ka nj\u00eb vajz\u00eb s\u00eb bashku dhe, megjith\u00ebse kan\u00eb pasur nj\u00eb ndarje prej koh\u00ebsh, raportet mes tyre vazhdojn\u00eb t\u00eb mbeten t\u00eb ngarkuara.<\/p>\n\n\n\n<p>Arbenita n\u00eb postimin e saj shprehet se ende merr mesazhe t\u00eb pad\u00ebshiruara nga Fero, t\u00eb cilat i p\u00ebrshkruan si \u201cnj\u00eb ish i \u00e7mendur psikopat\u201d. Ajo shpjegon se k\u00ebto mesazhe lidhen me keqkuptime t\u00eb lidhura me jet\u00ebn e saj private dhe angazhimet profesionale.<\/p>\n\n\n\n<p>N\u00eb fund t\u00eb postimit, Arbenita b\u00ebn thirrje p\u00ebr ndalimin e nd\u00ebrhyrjeve nga ish-partneri n\u00eb jet\u00ebn e saj dhe e uron at\u00eb p\u00ebr nj\u00eb \u201csh\u00ebrim sa m\u00eb t\u00eb shpejt\u00eb\u201d. Ajo gjithashtu thekson se \u00ebsht\u00eb plot\u00ebsisht e p\u00ebrkushtuar ndaj detyrave si prind dhe nuk shqet\u00ebsohet p\u00ebr mendimet e t\u00eb tjer\u00ebve.<\/p>\n\n\n\n<p><em>\u201cP\u00ebrsh\u00ebndetje njer\u00ebz. U zgjova n\u00eb k\u00ebt\u00eb or\u00eb t\u00eb her\u00ebt si \u00e7do dit\u00eb p\u00ebr lutjet e mia dhe pash\u00eb disa mesazhe t\u00eb \u00e7uditshme, t\u00eb cilat e dija sakt\u00eb se nga do buronin.. nga ish-i i \u00e7medur psikopat. Le t\u00eb themi se na ka lodhur duke b\u00ebr\u00eb si nj\u00eb 7-vje\u00e7ar q\u00eb sapo ka hapur Instagramin. Hasani hasani. Ai \u201chasani\u201d \u00ebsht\u00eb nj\u00eb real estate agent q\u00eb po bisedoja p\u00ebr apartamente. Jeta ime private nuk t\u00eb takon ty sepse nuk jemi m\u00eb bashk\u00eb. Me k\u00ebto gj\u00ebra t\u00eb sh\u00ebmtuara dhe shpifje vet\u00ebm po e tregon karakterin e mashkullit t\u00eb ul\u00ebt q\u00eb ke. Thuaj \u00e7ka t\u00eb duash betej\u00ebn e ke t\u00eb humbur moti koh\u00eb. Nuk m\u00eb b\u00ebn aspak p\u00ebr mendimin e t\u00eb tjer\u00ebve sepse jam shum\u00eb e z\u00ebn\u00eb me angazhime prind\u00ebrore. Un\u00eb t\u00eb uroj sh\u00ebrim sa m\u00eb t\u00eb shpe<\/em>jt\u00eb\u201d.<\/p>\n\n\n\n<figure class=\"wp-block-image is-style-default\"><img decoding=\"async\" src=\"https:\/\/iconstyle.al\/wp-content\/uploads\/2024\/12\/arbenita-300x532.jpg\" alt=\"\" class=\"wp-image-683280\"\/><\/figure>\n","protected":false},"excerpt":{"rendered":"<p>Modelja Arbenita Ismajli, p\u00ebrmes nj\u00eb postimi n\u00eb InstaStory, ndau me ndjek\u00ebsit nj\u00eb situat\u00eb t\u00eb tensionuar q\u00eb lidhet me ish-partnerin e saj, reperin Fero. \u00c7ifti ka nj\u00eb vajz\u00eb s\u00eb bashku dhe, megjith\u00ebse kan\u00eb pasur nj\u00eb ndarje prej koh\u00ebsh, raportet mes tyre vazhdojn\u00eb t\u00eb mbeten t\u00eb ngarkuara. Arbenita n\u00eb postimin e saj shprehet se ende merr mesazhe [&hellip;]<\/p>\n","protected":false},"author":2,"featured_media":53131,"comment_status":"closed","ping_status":"closed","sticky":false,"template":"","format":"standard","meta":{"footnotes":""},"categories":[33],"tags":[],"class_list":{"0":"post-53121","1":"post","2":"type-post","3":"status-publish","4":"format-standard","5":"has-post-thumbnail","7":"category-showbiz"},"yoast_head":"<!-- This site is optimized with the Yoast SEO plugin v27.5 - https:\/\/yoast.com\/product\/yoast-seo-wordpress\/ -->\n<title>\u201cI \u00e7mendur, psikopat\u201d \u2013 Arbenita reagon ashp\u00ebr ndaj akuzave t\u00eb Feros - blogin.al<\/title>\n<meta name=\"robots\" content=\"index, follow, max-snippet:-1, max-image-preview:large, max-video-preview:-1\" \/>\n<link rel=\"canonical\" href=\"https:\/\/blogin.al\/?p=53121\" \/>\n<meta property=\"og:locale\" content=\"en_US\" \/>\n<meta property=\"og:type\" content=\"article\" \/>\n<meta property=\"og:title\" content=\"\u201cI \u00e7mendur, psikopat\u201d \u2013 Arbenita reagon ashp\u00ebr ndaj akuzave t\u00eb Feros - blogin.al\" \/>\n<meta property=\"og:description\" content=\"Modelja Arbenita Ismajli, p\u00ebrmes nj\u00eb postimi n\u00eb InstaStory, ndau me ndjek\u00ebsit nj\u00eb situat\u00eb t\u00eb tensionuar q\u00eb lidhet me ish-partnerin e saj, reperin Fero. \u00c7ifti ka nj\u00eb vajz\u00eb s\u00eb bashku dhe, megjith\u00ebse kan\u00eb pasur nj\u00eb ndarje prej koh\u00ebsh, raportet mes tyre vazhdojn\u00eb t\u00eb mbeten t\u00eb ngarkuara. Arbenita n\u00eb postimin e saj shprehet se ende merr mesazhe [&hellip;]\" \/>\n<meta property=\"og:url\" content=\"https:\/\/blogin.al\/?p=53121\" \/>\n<meta property=\"og:site_name\" content=\"blogin.al\" \/>\n<meta property=\"article:published_time\" content=\"2024-12-03T09:32:15+00:00\" \/>\n<meta property=\"article:modified_time\" content=\"2024-12-03T11:01:55+00:00\" \/>\n<meta property=\"og:image\" content=\"https:\/\/blogin.al\/wp-content\/uploads\/2024\/12\/20221129_121551-scaled.jpg\" \/>\n\t<meta property=\"og:image:width\" content=\"2560\" \/>\n\t<meta property=\"og:image:height\" content=\"2560\" \/>\n\t<meta property=\"og:image:type\" content=\"image\/jpeg\" \/>\n<meta name=\"author\" content=\"Blogin al\" \/>\n<meta name=\"twitter:card\" content=\"summary_large_image\" \/>\n<meta name=\"twitter:label1\" content=\"Written by\" \/>\n\t<meta name=\"twitter:data1\" content=\"Blogin al\" \/>\n\t<meta name=\"twitter:label2\" content=\"Est. reading time\" \/>\n\t<meta name=\"twitter:data2\" content=\"2 minutes\" \/>\n<script type=\"application\/ld+json\" class=\"yoast-schema-graph\">{\"@context\":\"https:\\\/\\\/schema.org\",\"@graph\":[{\"@type\":\"Article\",\"@id\":\"https:\\\/\\\/blogin.al\\\/?p=53121#article\",\"isPartOf\":{\"@id\":\"https:\\\/\\\/blogin.al\\\/?p=53121\"},\"author\":{\"name\":\"Blogin al\",\"@id\":\"https:\\\/\\\/blogin.al\\\/#\\\/schema\\\/person\\\/abdd56bc912cd511db877b852b115399\"},\"headline\":\"\u201cI \u00e7mendur, psikopat\u201d \u2013 Arbenita reagon ashp\u00ebr ndaj akuzave t\u00eb Feros\",\"datePublished\":\"2024-12-03T09:32:15+00:00\",\"dateModified\":\"2024-12-03T11:01:55+00:00\",\"mainEntityOfPage\":{\"@id\":\"https:\\\/\\\/blogin.al\\\/?p=53121\"},\"wordCount\":319,\"publisher\":{\"@id\":\"https:\\\/\\\/blogin.al\\\/#organization\"},\"image\":{\"@id\":\"https:\\\/\\\/blogin.al\\\/?p=53121#primaryimage\"},\"thumbnailUrl\":\"https:\\\/\\\/blogin.al\\\/wp-content\\\/uploads\\\/2024\\\/12\\\/20221129_121551-scaled.jpg\",\"articleSection\":[\"SHOWBIZ\"],\"inLanguage\":\"en-US\"},{\"@type\":\"WebPage\",\"@id\":\"https:\\\/\\\/blogin.al\\\/?p=53121\",\"url\":\"https:\\\/\\\/blogin.al\\\/?p=53121\",\"name\":\"\u201cI \u00e7mendur, psikopat\u201d \u2013 Arbenita reagon ashp\u00ebr ndaj akuzave t\u00eb Feros - blogin.al\",\"isPartOf\":{\"@id\":\"https:\\\/\\\/blogin.al\\\/#website\"},\"primaryImageOfPage\":{\"@id\":\"https:\\\/\\\/blogin.al\\\/?p=53121#primaryimage\"},\"image\":{\"@id\":\"https:\\\/\\\/blogin.al\\\/?p=53121#primaryimage\"},\"thumbnailUrl\":\"https:\\\/\\\/blogin.al\\\/wp-content\\\/uploads\\\/2024\\\/12\\\/20221129_121551-scaled.jpg\",\"datePublished\":\"2024-12-03T09:32:15+00:00\",\"dateModified\":\"2024-12-03T11:01:55+00:00\",\"breadcrumb\":{\"@id\":\"https:\\\/\\\/blogin.al\\\/?p=53121#breadcrumb\"},\"inLanguage\":\"en-US\",\"potentialAction\":[{\"@type\":\"ReadAction\",\"target\":[\"https:\\\/\\\/blogin.al\\\/?p=53121\"]}]},{\"@type\":\"ImageObject\",\"inLanguage\":\"en-US\",\"@id\":\"https:\\\/\\\/blogin.al\\\/?p=53121#primaryimage\",\"url\":\"https:\\\/\\\/blogin.al\\\/wp-content\\\/uploads\\\/2024\\\/12\\\/20221129_121551-scaled.jpg\",\"contentUrl\":\"https:\\\/\\\/blogin.al\\\/wp-content\\\/uploads\\\/2024\\\/12\\\/20221129_121551-scaled.jpg\",\"width\":2560,\"height\":2560},{\"@type\":\"BreadcrumbList\",\"@id\":\"https:\\\/\\\/blogin.al\\\/?p=53121#breadcrumb\",\"itemListElement\":[{\"@type\":\"ListItem\",\"position\":1,\"name\":\"Home\",\"item\":\"https:\\\/\\\/blogin.al\\\/\"},{\"@type\":\"ListItem\",\"position\":2,\"name\":\"\u201cI \u00e7mendur, psikopat\u201d \u2013 Arbenita reagon ashp\u00ebr ndaj akuzave t\u00eb Feros\"}]},{\"@type\":\"WebSite\",\"@id\":\"https:\\\/\\\/blogin.al\\\/#website\",\"url\":\"https:\\\/\\\/blogin.al\\\/\",\"name\":\"blogin.al\",\"description\":\"\",\"publisher\":{\"@id\":\"https:\\\/\\\/blogin.al\\\/#organization\"},\"potentialAction\":[{\"@type\":\"SearchAction\",\"target\":{\"@type\":\"EntryPoint\",\"urlTemplate\":\"https:\\\/\\\/blogin.al\\\/?s={search_term_string}\"},\"query-input\":{\"@type\":\"PropertyValueSpecification\",\"valueRequired\":true,\"valueName\":\"search_term_string\"}}],\"inLanguage\":\"en-US\"},{\"@type\":\"Organization\",\"@id\":\"https:\\\/\\\/blogin.al\\\/#organization\",\"name\":\"BLOGIN.al\",\"url\":\"https:\\\/\\\/blogin.al\\\/\",\"logo\":{\"@type\":\"ImageObject\",\"inLanguage\":\"en-US\",\"@id\":\"https:\\\/\\\/blogin.al\\\/#\\\/schema\\\/logo\\\/image\\\/\",\"url\":\"https:\\\/\\\/blogin.al\\\/wp-content\\\/uploads\\\/2022\\\/05\\\/Untitled-2-01-e1652084456514.png\",\"contentUrl\":\"https:\\\/\\\/blogin.al\\\/wp-content\\\/uploads\\\/2022\\\/05\\\/Untitled-2-01-e1652084456514.png\",\"width\":3723,\"height\":1698,\"caption\":\"BLOGIN.al\"},\"image\":{\"@id\":\"https:\\\/\\\/blogin.al\\\/#\\\/schema\\\/logo\\\/image\\\/\"},\"sameAs\":[\"https:\\\/\\\/instagram.com\\\/blogin.al\\\/\"]},{\"@type\":\"Person\",\"@id\":\"https:\\\/\\\/blogin.al\\\/#\\\/schema\\\/person\\\/abdd56bc912cd511db877b852b115399\",\"name\":\"Blogin al\",\"image\":{\"@type\":\"ImageObject\",\"inLanguage\":\"en-US\",\"@id\":\"https:\\\/\\\/secure.gravatar.com\\\/avatar\\\/60d5661aee6e835fb13dc75d2204cd0c1d61bef2efd137c0083e59ef831e235e?s=96&d=mm&r=g\",\"url\":\"https:\\\/\\\/secure.gravatar.com\\\/avatar\\\/60d5661aee6e835fb13dc75d2204cd0c1d61bef2efd137c0083e59ef831e235e?s=96&d=mm&r=g\",\"contentUrl\":\"https:\\\/\\\/secure.gravatar.com\\\/avatar\\\/60d5661aee6e835fb13dc75d2204cd0c1d61bef2efd137c0083e59ef831e235e?s=96&d=mm&r=g\",\"caption\":\"Blogin al\"},\"sameAs\":[\"https:\\\/\\\/blogin.al\"],\"url\":\"https:\\\/\\\/blogin.al\\\/?author=2\"}]}<\/script>\n<!-- \/ Yoast SEO plugin. -->","yoast_head_json":{"title":"\u201cI \u00e7mendur, psikopat\u201d \u2013 Arbenita reagon ashp\u00ebr ndaj akuzave t\u00eb Feros - blogin.al","robots":{"index":"index","follow":"follow","max-snippet":"max-snippet:-1","max-image-preview":"max-image-preview:large","max-video-preview":"max-video-preview:-1"},"canonical":"https:\/\/blogin.al\/?p=53121","og_locale":"en_US","og_type":"article","og_title":"\u201cI \u00e7mendur, psikopat\u201d \u2013 Arbenita reagon ashp\u00ebr ndaj akuzave t\u00eb Feros - blogin.al","og_description":"Modelja Arbenita Ismajli, p\u00ebrmes nj\u00eb postimi n\u00eb InstaStory, ndau me ndjek\u00ebsit nj\u00eb situat\u00eb t\u00eb tensionuar q\u00eb lidhet me ish-partnerin e saj, reperin Fero. \u00c7ifti ka nj\u00eb vajz\u00eb s\u00eb bashku dhe, megjith\u00ebse kan\u00eb pasur nj\u00eb ndarje prej koh\u00ebsh, raportet mes tyre vazhdojn\u00eb t\u00eb mbeten t\u00eb ngarkuara. Arbenita n\u00eb postimin e saj shprehet se ende merr mesazhe [&hellip;]","og_url":"https:\/\/blogin.al\/?p=53121","og_site_name":"blogin.al","article_published_time":"2024-12-03T09:32:15+00:00","article_modified_time":"2024-12-03T11:01:55+00:00","og_image":[{"width":2560,"height":2560,"url":"https:\/\/blogin.al\/wp-content\/uploads\/2024\/12\/20221129_121551-scaled.jpg","type":"image\/jpeg"}],"author":"Blogin al","twitter_card":"summary_large_image","twitter_misc":{"Written by":"Blogin al","Est. reading time":"2 minutes"},"schema":{"@context":"https:\/\/schema.org","@graph":[{"@type":"Article","@id":"https:\/\/blogin.al\/?p=53121#article","isPartOf":{"@id":"https:\/\/blogin.al\/?p=53121"},"author":{"name":"Blogin al","@id":"https:\/\/blogin.al\/#\/schema\/person\/abdd56bc912cd511db877b852b115399"},"headline":"\u201cI \u00e7mendur, psikopat\u201d \u2013 Arbenita reagon ashp\u00ebr ndaj akuzave t\u00eb Feros","datePublished":"2024-12-03T09:32:15+00:00","dateModified":"2024-12-03T11:01:55+00:00","mainEntityOfPage":{"@id":"https:\/\/blogin.al\/?p=53121"},"wordCount":319,"publisher":{"@id":"https:\/\/blogin.al\/#organization"},"image":{"@id":"https:\/\/blogin.al\/?p=53121#primaryimage"},"thumbnailUrl":"https:\/\/blogin.al\/wp-content\/uploads\/2024\/12\/20221129_121551-scaled.jpg","articleSection":["SHOWBIZ"],"inLanguage":"en-US"},{"@type":"WebPage","@id":"https:\/\/blogin.al\/?p=53121","url":"https:\/\/blogin.al\/?p=53121","name":"\u201cI \u00e7mendur, psikopat\u201d \u2013 Arbenita reagon ashp\u00ebr ndaj akuzave t\u00eb Feros - blogin.al","isPartOf":{"@id":"https:\/\/blogin.al\/#website"},"primaryImageOfPage":{"@id":"https:\/\/blogin.al\/?p=53121#primaryimage"},"image":{"@id":"https:\/\/blogin.al\/?p=53121#primaryimage"},"thumbnailUrl":"https:\/\/blogin.al\/wp-content\/uploads\/2024\/12\/20221129_121551-scaled.jpg","datePublished":"2024-12-03T09:32:15+00:00","dateModified":"2024-12-03T11:01:55+00:00","breadcrumb":{"@id":"https:\/\/blogin.al\/?p=53121#breadcrumb"},"inLanguage":"en-US","potentialAction":[{"@type":"ReadAction","target":["https:\/\/blogin.al\/?p=53121"]}]},{"@type":"ImageObject","inLanguage":"en-US","@id":"https:\/\/blogin.al\/?p=53121#primaryimage","url":"https:\/\/blogin.al\/wp-content\/uploads\/2024\/12\/20221129_121551-scaled.jpg","contentUrl":"https:\/\/blogin.al\/wp-content\/uploads\/2024\/12\/20221129_121551-scaled.jpg","width":2560,"height":2560},{"@type":"BreadcrumbList","@id":"https:\/\/blogin.al\/?p=53121#breadcrumb","itemListElement":[{"@type":"ListItem","position":1,"name":"Home","item":"https:\/\/blogin.al\/"},{"@type":"ListItem","position":2,"name":"\u201cI \u00e7mendur, psikopat\u201d \u2013 Arbenita reagon ashp\u00ebr ndaj akuzave t\u00eb Feros"}]},{"@type":"WebSite","@id":"https:\/\/blogin.al\/#website","url":"https:\/\/blogin.al\/","name":"blogin.al","description":"","publisher":{"@id":"https:\/\/blogin.al\/#organization"},"potentialAction":[{"@type":"SearchAction","target":{"@type":"EntryPoint","urlTemplate":"https:\/\/blogin.al\/?s={search_term_string}"},"query-input":{"@type":"PropertyValueSpecification","valueRequired":true,"valueName":"search_term_string"}}],"inLanguage":"en-US"},{"@type":"Organization","@id":"https:\/\/blogin.al\/#organization","name":"BLOGIN.al","url":"https:\/\/blogin.al\/","logo":{"@type":"ImageObject","inLanguage":"en-US","@id":"https:\/\/blogin.al\/#\/schema\/logo\/image\/","url":"https:\/\/blogin.al\/wp-content\/uploads\/2022\/05\/Untitled-2-01-e1652084456514.png","contentUrl":"https:\/\/blogin.al\/wp-content\/uploads\/2022\/05\/Untitled-2-01-e1652084456514.png","width":3723,"height":1698,"caption":"BLOGIN.al"},"image":{"@id":"https:\/\/blogin.al\/#\/schema\/logo\/image\/"},"sameAs":["https:\/\/instagram.com\/blogin.al\/"]},{"@type":"Person","@id":"https:\/\/blogin.al\/#\/schema\/person\/abdd56bc912cd511db877b852b115399","name":"Blogin al","image":{"@type":"ImageObject","inLanguage":"en-US","@id":"https:\/\/secure.gravatar.com\/avatar\/60d5661aee6e835fb13dc75d2204cd0c1d61bef2efd137c0083e59ef831e235e?s=96&d=mm&r=g","url":"https:\/\/secure.gravatar.com\/avatar\/60d5661aee6e835fb13dc75d2204cd0c1d61bef2efd137c0083e59ef831e235e?s=96&d=mm&r=g","contentUrl":"https:\/\/secure.gravatar.com\/avatar\/60d5661aee6e835fb13dc75d2204cd0c1d61bef2efd137c0083e59ef831e235e?s=96&d=mm&r=g","caption":"Blogin al"},"sameAs":["https:\/\/blogin.al"],"url":"https:\/\/blogin.al\/?author=2"}]}},"_links":{"self":[{"href":"https:\/\/blogin.al\/index.php?rest_route=\/wp\/v2\/posts\/53121","targetHints":{"allow":["GET"]}}],"collection":[{"href":"https:\/\/blogin.al\/index.php?rest_route=\/wp\/v2\/posts"}],"about":[{"href":"https:\/\/blogin.al\/index.php?rest_route=\/wp\/v2\/types\/post"}],"author":[{"embeddable":true,"href":"https:\/\/blogin.al\/index.php?rest_route=\/wp\/v2\/users\/2"}],"replies":[{"embeddable":true,"href":"https:\/\/blogin.al\/index.php?rest_route=%2Fwp%2Fv2%2Fcomments&post=53121"}],"version-history":[{"count":2,"href":"https:\/\/blogin.al\/index.php?rest_route=\/wp\/v2\/posts\/53121\/revisions"}],"predecessor-version":[{"id":53132,"href":"https:\/\/blogin.al\/index.php?rest_route=\/wp\/v2\/posts\/53121\/revisions\/53132"}],"wp:featuredmedia":[{"embeddable":true,"href":"https:\/\/blogin.al\/index.php?rest_route=\/wp\/v2\/media\/53131"}],"wp:attachment":[{"href":"https:\/\/blogin.al\/index.php?rest_route=%2Fwp%2Fv2%2Fmedia&parent=53121"}],"wp:term":[{"taxonomy":"category","embeddable":true,"href":"https:\/\/blogin.al\/index.php?rest_route=%2Fwp%2Fv2%2Fcategories&post=53121"},{"taxonomy":"post_tag","embeddable":true,"href":"https:\/\/blogin.al\/index.php?rest_route=%2Fwp%2Fv2%2Ftags&post=53121"}],"curies":[{"name":"wp","href":"https:\/\/api.w.org\/{rel}","templated":true}]}}