{"id":53139,"date":"2024-12-03T14:51:59","date_gmt":"2024-12-03T14:51:59","guid":{"rendered":"https:\/\/blogin.al\/?p=53139"},"modified":"2024-12-03T14:52:02","modified_gmt":"2024-12-03T14:52:02","slug":"pas-ndarjes-ben-affleck-ben-ndryshimin-qe-j-lo-i-lutej-ta-bente-por-ai-refuzonte","status":"publish","type":"post","link":"https:\/\/blogin.al\/?p=53139","title":{"rendered":"Pas ndarjes, Ben Affleck b\u00ebn ndryshimin q\u00eb J.Lo i lutej ta b\u00ebnte, por ai refuzonte"},"content":{"rendered":"\n<p>Pas ndarjes nga Jennifer Lopez dhe nj\u00eb periudhe t\u00eb shkurt\u00ebr reflektimi, Ben Affleck duket se po p\u00ebrpiqet t\u00eb kthehet n\u00eb normalitetin e tij, pasi u pa i lumtur dhe n\u00eb harmoni me ish-bashk\u00ebshorten Jennifer Garner gjat\u00eb nj\u00eb eventi bamir\u00ebsie p\u00ebr Dit\u00ebn e Falenderimeve. Sipas nj\u00eb burimi p\u00ebr RadarOnline.com, aktori po planifikon disa ndryshime n\u00eb jet\u00ebn e tij.<\/p>\n\n\n\n<p>Nj\u00eb nga ndryshimet e mundshme q\u00eb \u00ebsht\u00eb p\u00ebrmendur \u00ebsht\u00eb heqja e tatuazhit gjigant t\u00eb Phoenix-it q\u00eb Ben Affleck ka n\u00eb shpin\u00eb. Ky tatuazh ka qen\u00eb nj\u00eb burim konflikti mes tij dhe Jennifer Lopez gjat\u00eb marr\u00ebdh\u00ebnies s\u00eb tyre, pasi ajo i k\u00ebrkoi atij q\u00eb ta hiqte. Megjithat\u00eb, Affleck ka refuzuar k\u00ebt\u00eb k\u00ebrkes\u00eb m\u00eb par\u00eb, por tani duket se \u00ebsht\u00eb i gatsh\u00ebm t\u00eb b\u00ebj\u00eb k\u00ebt\u00eb hap. Sipas raportimeve, ai ka filluar konsultat me specialist\u00eb p\u00ebr t\u00eb hequr tatuazhin me lazer, nj\u00eb proces q\u00eb do t\u00eb k\u00ebrkoj\u00eb koh\u00eb p\u00ebr shkak t\u00eb madh\u00ebsis\u00eb s\u00eb tij.<\/p>\n\n\n\n<figure class=\"wp-block-image is-style-default\"><img decoding=\"async\" src=\"https:\/\/iconstyle.al\/wp-content\/uploads\/2024\/12\/900-0-1733228472xben-affleckpng-172-300x301.jpg\" alt=\"\" class=\"wp-image-683333\"\/><\/figure>\n","protected":false},"excerpt":{"rendered":"<p>Pas ndarjes nga Jennifer Lopez dhe nj\u00eb periudhe t\u00eb shkurt\u00ebr reflektimi, Ben Affleck duket se po p\u00ebrpiqet t\u00eb kthehet n\u00eb normalitetin e tij, pasi u pa i lumtur dhe n\u00eb harmoni me ish-bashk\u00ebshorten Jennifer Garner gjat\u00eb nj\u00eb eventi bamir\u00ebsie p\u00ebr Dit\u00ebn e Falenderimeve. Sipas nj\u00eb burimi p\u00ebr RadarOnline.com, aktori po planifikon disa ndryshime n\u00eb jet\u00ebn [&hellip;]<\/p>\n","protected":false},"author":2,"featured_media":13086,"comment_status":"closed","ping_status":"closed","sticky":false,"template":"","format":"standard","meta":{"footnotes":""},"categories":[33],"tags":[],"class_list":{"0":"post-53139","1":"post","2":"type-post","3":"status-publish","4":"format-standard","5":"has-post-thumbnail","7":"category-showbiz"},"yoast_head":"<!-- This site is optimized with the Yoast SEO plugin v27.5 - https:\/\/yoast.com\/product\/yoast-seo-wordpress\/ -->\n<title>Pas ndarjes, Ben Affleck b\u00ebn ndryshimin q\u00eb J.Lo i lutej ta b\u00ebnte, por ai refuzonte - blogin.al<\/title>\n<meta name=\"robots\" content=\"index, follow, max-snippet:-1, max-image-preview:large, max-video-preview:-1\" \/>\n<link rel=\"canonical\" href=\"https:\/\/blogin.al\/?p=53139\" \/>\n<meta property=\"og:locale\" content=\"en_US\" \/>\n<meta property=\"og:type\" content=\"article\" \/>\n<meta property=\"og:title\" content=\"Pas ndarjes, Ben Affleck b\u00ebn ndryshimin q\u00eb J.Lo i lutej ta b\u00ebnte, por ai refuzonte - blogin.al\" \/>\n<meta property=\"og:description\" content=\"Pas ndarjes nga Jennifer Lopez dhe nj\u00eb periudhe t\u00eb shkurt\u00ebr reflektimi, Ben Affleck duket se po p\u00ebrpiqet t\u00eb kthehet n\u00eb normalitetin e tij, pasi u pa i lumtur dhe n\u00eb harmoni me ish-bashk\u00ebshorten Jennifer Garner gjat\u00eb nj\u00eb eventi bamir\u00ebsie p\u00ebr Dit\u00ebn e Falenderimeve. Sipas nj\u00eb burimi p\u00ebr RadarOnline.com, aktori po planifikon disa ndryshime n\u00eb jet\u00ebn [&hellip;]\" \/>\n<meta property=\"og:url\" content=\"https:\/\/blogin.al\/?p=53139\" \/>\n<meta property=\"og:site_name\" content=\"blogin.al\" \/>\n<meta property=\"article:published_time\" content=\"2024-12-03T14:51:59+00:00\" \/>\n<meta property=\"article:modified_time\" content=\"2024-12-03T14:52:02+00:00\" \/>\n<meta property=\"og:image\" content=\"https:\/\/blogin.al\/wp-content\/uploads\/2022\/08\/jlo-ben.webp\" \/>\n\t<meta property=\"og:image:width\" content=\"450\" \/>\n\t<meta property=\"og:image:height\" content=\"300\" \/>\n\t<meta property=\"og:image:type\" content=\"image\/webp\" \/>\n<meta name=\"author\" content=\"Blogin al\" \/>\n<meta name=\"twitter:card\" content=\"summary_large_image\" \/>\n<meta name=\"twitter:label1\" content=\"Written by\" \/>\n\t<meta name=\"twitter:data1\" content=\"Blogin al\" \/>\n\t<meta name=\"twitter:label2\" content=\"Est. reading time\" \/>\n\t<meta name=\"twitter:data2\" content=\"2 minutes\" \/>\n<script type=\"application\/ld+json\" class=\"yoast-schema-graph\">{\"@context\":\"https:\\\/\\\/schema.org\",\"@graph\":[{\"@type\":\"Article\",\"@id\":\"https:\\\/\\\/blogin.al\\\/?p=53139#article\",\"isPartOf\":{\"@id\":\"https:\\\/\\\/blogin.al\\\/?p=53139\"},\"author\":{\"name\":\"Blogin al\",\"@id\":\"https:\\\/\\\/blogin.al\\\/#\\\/schema\\\/person\\\/abdd56bc912cd511db877b852b115399\"},\"headline\":\"Pas ndarjes, Ben Affleck b\u00ebn ndryshimin q\u00eb J.Lo i lutej ta b\u00ebnte, por ai refuzonte\",\"datePublished\":\"2024-12-03T14:51:59+00:00\",\"dateModified\":\"2024-12-03T14:52:02+00:00\",\"mainEntityOfPage\":{\"@id\":\"https:\\\/\\\/blogin.al\\\/?p=53139\"},\"wordCount\":188,\"publisher\":{\"@id\":\"https:\\\/\\\/blogin.al\\\/#organization\"},\"image\":{\"@id\":\"https:\\\/\\\/blogin.al\\\/?p=53139#primaryimage\"},\"thumbnailUrl\":\"https:\\\/\\\/blogin.al\\\/wp-content\\\/uploads\\\/2022\\\/08\\\/jlo-ben.webp\",\"articleSection\":[\"SHOWBIZ\"],\"inLanguage\":\"en-US\"},{\"@type\":\"WebPage\",\"@id\":\"https:\\\/\\\/blogin.al\\\/?p=53139\",\"url\":\"https:\\\/\\\/blogin.al\\\/?p=53139\",\"name\":\"Pas ndarjes, Ben Affleck b\u00ebn ndryshimin q\u00eb J.Lo i lutej ta b\u00ebnte, por ai refuzonte - blogin.al\",\"isPartOf\":{\"@id\":\"https:\\\/\\\/blogin.al\\\/#website\"},\"primaryImageOfPage\":{\"@id\":\"https:\\\/\\\/blogin.al\\\/?p=53139#primaryimage\"},\"image\":{\"@id\":\"https:\\\/\\\/blogin.al\\\/?p=53139#primaryimage\"},\"thumbnailUrl\":\"https:\\\/\\\/blogin.al\\\/wp-content\\\/uploads\\\/2022\\\/08\\\/jlo-ben.webp\",\"datePublished\":\"2024-12-03T14:51:59+00:00\",\"dateModified\":\"2024-12-03T14:52:02+00:00\",\"breadcrumb\":{\"@id\":\"https:\\\/\\\/blogin.al\\\/?p=53139#breadcrumb\"},\"inLanguage\":\"en-US\",\"potentialAction\":[{\"@type\":\"ReadAction\",\"target\":[\"https:\\\/\\\/blogin.al\\\/?p=53139\"]}]},{\"@type\":\"ImageObject\",\"inLanguage\":\"en-US\",\"@id\":\"https:\\\/\\\/blogin.al\\\/?p=53139#primaryimage\",\"url\":\"https:\\\/\\\/blogin.al\\\/wp-content\\\/uploads\\\/2022\\\/08\\\/jlo-ben.webp\",\"contentUrl\":\"https:\\\/\\\/blogin.al\\\/wp-content\\\/uploads\\\/2022\\\/08\\\/jlo-ben.webp\",\"width\":450,\"height\":300},{\"@type\":\"BreadcrumbList\",\"@id\":\"https:\\\/\\\/blogin.al\\\/?p=53139#breadcrumb\",\"itemListElement\":[{\"@type\":\"ListItem\",\"position\":1,\"name\":\"Home\",\"item\":\"https:\\\/\\\/blogin.al\\\/\"},{\"@type\":\"ListItem\",\"position\":2,\"name\":\"Pas ndarjes, Ben Affleck b\u00ebn ndryshimin q\u00eb J.Lo i lutej ta b\u00ebnte, por ai refuzonte\"}]},{\"@type\":\"WebSite\",\"@id\":\"https:\\\/\\\/blogin.al\\\/#website\",\"url\":\"https:\\\/\\\/blogin.al\\\/\",\"name\":\"blogin.al\",\"description\":\"\",\"publisher\":{\"@id\":\"https:\\\/\\\/blogin.al\\\/#organization\"},\"potentialAction\":[{\"@type\":\"SearchAction\",\"target\":{\"@type\":\"EntryPoint\",\"urlTemplate\":\"https:\\\/\\\/blogin.al\\\/?s={search_term_string}\"},\"query-input\":{\"@type\":\"PropertyValueSpecification\",\"valueRequired\":true,\"valueName\":\"search_term_string\"}}],\"inLanguage\":\"en-US\"},{\"@type\":\"Organization\",\"@id\":\"https:\\\/\\\/blogin.al\\\/#organization\",\"name\":\"BLOGIN.al\",\"url\":\"https:\\\/\\\/blogin.al\\\/\",\"logo\":{\"@type\":\"ImageObject\",\"inLanguage\":\"en-US\",\"@id\":\"https:\\\/\\\/blogin.al\\\/#\\\/schema\\\/logo\\\/image\\\/\",\"url\":\"https:\\\/\\\/blogin.al\\\/wp-content\\\/uploads\\\/2022\\\/05\\\/Untitled-2-01-e1652084456514.png\",\"contentUrl\":\"https:\\\/\\\/blogin.al\\\/wp-content\\\/uploads\\\/2022\\\/05\\\/Untitled-2-01-e1652084456514.png\",\"width\":3723,\"height\":1698,\"caption\":\"BLOGIN.al\"},\"image\":{\"@id\":\"https:\\\/\\\/blogin.al\\\/#\\\/schema\\\/logo\\\/image\\\/\"},\"sameAs\":[\"https:\\\/\\\/instagram.com\\\/blogin.al\\\/\"]},{\"@type\":\"Person\",\"@id\":\"https:\\\/\\\/blogin.al\\\/#\\\/schema\\\/person\\\/abdd56bc912cd511db877b852b115399\",\"name\":\"Blogin al\",\"image\":{\"@type\":\"ImageObject\",\"inLanguage\":\"en-US\",\"@id\":\"https:\\\/\\\/secure.gravatar.com\\\/avatar\\\/60d5661aee6e835fb13dc75d2204cd0c1d61bef2efd137c0083e59ef831e235e?s=96&d=mm&r=g\",\"url\":\"https:\\\/\\\/secure.gravatar.com\\\/avatar\\\/60d5661aee6e835fb13dc75d2204cd0c1d61bef2efd137c0083e59ef831e235e?s=96&d=mm&r=g\",\"contentUrl\":\"https:\\\/\\\/secure.gravatar.com\\\/avatar\\\/60d5661aee6e835fb13dc75d2204cd0c1d61bef2efd137c0083e59ef831e235e?s=96&d=mm&r=g\",\"caption\":\"Blogin al\"},\"sameAs\":[\"https:\\\/\\\/blogin.al\"],\"url\":\"https:\\\/\\\/blogin.al\\\/?author=2\"}]}<\/script>\n<!-- \/ Yoast SEO plugin. -->","yoast_head_json":{"title":"Pas ndarjes, Ben Affleck b\u00ebn ndryshimin q\u00eb J.Lo i lutej ta b\u00ebnte, por ai refuzonte - blogin.al","robots":{"index":"index","follow":"follow","max-snippet":"max-snippet:-1","max-image-preview":"max-image-preview:large","max-video-preview":"max-video-preview:-1"},"canonical":"https:\/\/blogin.al\/?p=53139","og_locale":"en_US","og_type":"article","og_title":"Pas ndarjes, Ben Affleck b\u00ebn ndryshimin q\u00eb J.Lo i lutej ta b\u00ebnte, por ai refuzonte - blogin.al","og_description":"Pas ndarjes nga Jennifer Lopez dhe nj\u00eb periudhe t\u00eb shkurt\u00ebr reflektimi, Ben Affleck duket se po p\u00ebrpiqet t\u00eb kthehet n\u00eb normalitetin e tij, pasi u pa i lumtur dhe n\u00eb harmoni me ish-bashk\u00ebshorten Jennifer Garner gjat\u00eb nj\u00eb eventi bamir\u00ebsie p\u00ebr Dit\u00ebn e Falenderimeve. Sipas nj\u00eb burimi p\u00ebr RadarOnline.com, aktori po planifikon disa ndryshime n\u00eb jet\u00ebn [&hellip;]","og_url":"https:\/\/blogin.al\/?p=53139","og_site_name":"blogin.al","article_published_time":"2024-12-03T14:51:59+00:00","article_modified_time":"2024-12-03T14:52:02+00:00","og_image":[{"width":450,"height":300,"url":"https:\/\/blogin.al\/wp-content\/uploads\/2022\/08\/jlo-ben.webp","type":"image\/webp"}],"author":"Blogin al","twitter_card":"summary_large_image","twitter_misc":{"Written by":"Blogin al","Est. reading time":"2 minutes"},"schema":{"@context":"https:\/\/schema.org","@graph":[{"@type":"Article","@id":"https:\/\/blogin.al\/?p=53139#article","isPartOf":{"@id":"https:\/\/blogin.al\/?p=53139"},"author":{"name":"Blogin al","@id":"https:\/\/blogin.al\/#\/schema\/person\/abdd56bc912cd511db877b852b115399"},"headline":"Pas ndarjes, Ben Affleck b\u00ebn ndryshimin q\u00eb J.Lo i lutej ta b\u00ebnte, por ai refuzonte","datePublished":"2024-12-03T14:51:59+00:00","dateModified":"2024-12-03T14:52:02+00:00","mainEntityOfPage":{"@id":"https:\/\/blogin.al\/?p=53139"},"wordCount":188,"publisher":{"@id":"https:\/\/blogin.al\/#organization"},"image":{"@id":"https:\/\/blogin.al\/?p=53139#primaryimage"},"thumbnailUrl":"https:\/\/blogin.al\/wp-content\/uploads\/2022\/08\/jlo-ben.webp","articleSection":["SHOWBIZ"],"inLanguage":"en-US"},{"@type":"WebPage","@id":"https:\/\/blogin.al\/?p=53139","url":"https:\/\/blogin.al\/?p=53139","name":"Pas ndarjes, Ben Affleck b\u00ebn ndryshimin q\u00eb J.Lo i lutej ta b\u00ebnte, por ai refuzonte - blogin.al","isPartOf":{"@id":"https:\/\/blogin.al\/#website"},"primaryImageOfPage":{"@id":"https:\/\/blogin.al\/?p=53139#primaryimage"},"image":{"@id":"https:\/\/blogin.al\/?p=53139#primaryimage"},"thumbnailUrl":"https:\/\/blogin.al\/wp-content\/uploads\/2022\/08\/jlo-ben.webp","datePublished":"2024-12-03T14:51:59+00:00","dateModified":"2024-12-03T14:52:02+00:00","breadcrumb":{"@id":"https:\/\/blogin.al\/?p=53139#breadcrumb"},"inLanguage":"en-US","potentialAction":[{"@type":"ReadAction","target":["https:\/\/blogin.al\/?p=53139"]}]},{"@type":"ImageObject","inLanguage":"en-US","@id":"https:\/\/blogin.al\/?p=53139#primaryimage","url":"https:\/\/blogin.al\/wp-content\/uploads\/2022\/08\/jlo-ben.webp","contentUrl":"https:\/\/blogin.al\/wp-content\/uploads\/2022\/08\/jlo-ben.webp","width":450,"height":300},{"@type":"BreadcrumbList","@id":"https:\/\/blogin.al\/?p=53139#breadcrumb","itemListElement":[{"@type":"ListItem","position":1,"name":"Home","item":"https:\/\/blogin.al\/"},{"@type":"ListItem","position":2,"name":"Pas ndarjes, Ben Affleck b\u00ebn ndryshimin q\u00eb J.Lo i lutej ta b\u00ebnte, por ai refuzonte"}]},{"@type":"WebSite","@id":"https:\/\/blogin.al\/#website","url":"https:\/\/blogin.al\/","name":"blogin.al","description":"","publisher":{"@id":"https:\/\/blogin.al\/#organization"},"potentialAction":[{"@type":"SearchAction","target":{"@type":"EntryPoint","urlTemplate":"https:\/\/blogin.al\/?s={search_term_string}"},"query-input":{"@type":"PropertyValueSpecification","valueRequired":true,"valueName":"search_term_string"}}],"inLanguage":"en-US"},{"@type":"Organization","@id":"https:\/\/blogin.al\/#organization","name":"BLOGIN.al","url":"https:\/\/blogin.al\/","logo":{"@type":"ImageObject","inLanguage":"en-US","@id":"https:\/\/blogin.al\/#\/schema\/logo\/image\/","url":"https:\/\/blogin.al\/wp-content\/uploads\/2022\/05\/Untitled-2-01-e1652084456514.png","contentUrl":"https:\/\/blogin.al\/wp-content\/uploads\/2022\/05\/Untitled-2-01-e1652084456514.png","width":3723,"height":1698,"caption":"BLOGIN.al"},"image":{"@id":"https:\/\/blogin.al\/#\/schema\/logo\/image\/"},"sameAs":["https:\/\/instagram.com\/blogin.al\/"]},{"@type":"Person","@id":"https:\/\/blogin.al\/#\/schema\/person\/abdd56bc912cd511db877b852b115399","name":"Blogin al","image":{"@type":"ImageObject","inLanguage":"en-US","@id":"https:\/\/secure.gravatar.com\/avatar\/60d5661aee6e835fb13dc75d2204cd0c1d61bef2efd137c0083e59ef831e235e?s=96&d=mm&r=g","url":"https:\/\/secure.gravatar.com\/avatar\/60d5661aee6e835fb13dc75d2204cd0c1d61bef2efd137c0083e59ef831e235e?s=96&d=mm&r=g","contentUrl":"https:\/\/secure.gravatar.com\/avatar\/60d5661aee6e835fb13dc75d2204cd0c1d61bef2efd137c0083e59ef831e235e?s=96&d=mm&r=g","caption":"Blogin al"},"sameAs":["https:\/\/blogin.al"],"url":"https:\/\/blogin.al\/?author=2"}]}},"_links":{"self":[{"href":"https:\/\/blogin.al\/index.php?rest_route=\/wp\/v2\/posts\/53139","targetHints":{"allow":["GET"]}}],"collection":[{"href":"https:\/\/blogin.al\/index.php?rest_route=\/wp\/v2\/posts"}],"about":[{"href":"https:\/\/blogin.al\/index.php?rest_route=\/wp\/v2\/types\/post"}],"author":[{"embeddable":true,"href":"https:\/\/blogin.al\/index.php?rest_route=\/wp\/v2\/users\/2"}],"replies":[{"embeddable":true,"href":"https:\/\/blogin.al\/index.php?rest_route=%2Fwp%2Fv2%2Fcomments&post=53139"}],"version-history":[{"count":1,"href":"https:\/\/blogin.al\/index.php?rest_route=\/wp\/v2\/posts\/53139\/revisions"}],"predecessor-version":[{"id":53140,"href":"https:\/\/blogin.al\/index.php?rest_route=\/wp\/v2\/posts\/53139\/revisions\/53140"}],"wp:featuredmedia":[{"embeddable":true,"href":"https:\/\/blogin.al\/index.php?rest_route=\/wp\/v2\/media\/13086"}],"wp:attachment":[{"href":"https:\/\/blogin.al\/index.php?rest_route=%2Fwp%2Fv2%2Fmedia&parent=53139"}],"wp:term":[{"taxonomy":"category","embeddable":true,"href":"https:\/\/blogin.al\/index.php?rest_route=%2Fwp%2Fv2%2Fcategories&post=53139"},{"taxonomy":"post_tag","embeddable":true,"href":"https:\/\/blogin.al\/index.php?rest_route=%2Fwp%2Fv2%2Ftags&post=53139"}],"curies":[{"name":"wp","href":"https:\/\/api.w.org\/{rel}","templated":true}]}}