{"id":53158,"date":"2024-12-04T11:29:02","date_gmt":"2024-12-04T11:29:02","guid":{"rendered":"https:\/\/blogin.al\/?p=53158"},"modified":"2024-12-04T11:29:46","modified_gmt":"2024-12-04T11:29:46","slug":"ana-ejupi-shpalos-te-verteten-reagimi-i-saj-pas-komenteve-negative-nga-bbvk","status":"publish","type":"post","link":"https:\/\/blogin.al\/?p=53158","title":{"rendered":"Ana Ejupi shpalos t\u00eb v\u00ebrtet\u00ebn\/ Reagimi i saj pas komenteve negative nga \u201cBBVK\u201d"},"content":{"rendered":"\n<p>Ish-banorja e&nbsp;<em>Big Brother VIP Kosova<\/em>, Ana Ejupi, e cila \u00ebsht\u00eb vet\u00ebm 19 vje\u00e7e, ka qen\u00eb shum\u00eb e komentuar gjat\u00eb koh\u00ebs q\u00eb ka q\u00ebndruar brenda sht\u00ebpis\u00eb. Pasi ka dal\u00eb nga formati, ajo po p\u00ebrballet me komente dhe reagime t\u00eb ndryshme n\u00eb lidhje me sjelljen dhe veprimet e saj gjat\u00eb q\u00ebndrimit n\u00eb sht\u00ebpin\u00eb m\u00eb t\u00eb famshme t\u00eb Kosov\u00ebs.<\/p>\n\n\n\n<p>P\u00ebr t\u2019u p\u00ebrgjigjur ndaj kritikave dhe p\u00ebr t\u00eb sqaruar situat\u00ebn, Ana ka vendosur t\u00eb b\u00ebj\u00eb nj\u00eb reagim t\u00eb gjat\u00eb, ku ka shpjeguar gjith\u00e7ka n\u00eb detaje. Ajo ka ndar\u00eb mendimet dhe ndjesit\u00eb e saj n\u00eb lidhje me loj\u00ebn dhe situatat q\u00eb ka p\u00ebrjetuar brenda sht\u00ebpis\u00eb, duke sqaruar q\u00ebllimet dhe motivet pas veprimeve t\u00eb saj. Kjo ka qen\u00eb nj\u00eb mund\u00ebsi p\u00ebr t\u00eb pastruar \u00e7do keqkuptim dhe p\u00ebr t\u00eb shpjeguar m\u00ebnyr\u00ebn se si ajo e ka p\u00ebrjetuar eksperienc\u00ebn e saj n\u00eb\u00a0<em>Big Brother<\/em>.<\/p>\n\n\n\n<p><strong>Reagimi i plot\u00eb:<\/strong><\/p>\n\n\n\n<p><em>\u201cP\u00ebrsh\u00ebndetje njer\u00ebz, e ndjeva t\u00eb arsyeshme me nda me ju di\u00e7ka q\u00eb po m\u00eb shqet\u00ebson dhe jo pak:<\/em><\/p>\n\n\n\n<p><em>Reagimet e fuqishme kund\u00ebr meje dhe veprimeve t\u00eb mia.<\/em><\/p>\n\n\n\n<p><em>Fillimisht desha t\u00eb nis me nj\u00eb fakt q\u00eb me sa duket askush nuk po i kushton r\u00ebnd\u00ebsi e po hidhet direkt drejt sulmeve t\u00eb nj\u00ebpasnj\u00ebshme.<\/em><\/p>\n\n\n\n<p><em>Rrug\u00ebtimi im n\u00eb BBVK ka qen\u00eb di\u00e7ka krejt\u00ebsisht e re p\u00ebr mua e cila e ka tjet\u00ebrsuar kahjen e jet\u00ebs time.<\/em><\/p>\n\n\n\n<p><em>Un\u00eb si nj\u00eb vajz\u00eb e re vendosa me u ballafaqu p\u00ebr her\u00ebn e par\u00eb me bot\u00ebn e televizionit, duke dal\u00eb pa asnj\u00eb mbules\u00eb, pa asnj\u00eb dinak\u00ebri e ndoshta edhe pa p\u00ebrgatitjen e duhur e t\u00eb mjaftueshme p\u00ebrball\u00eb gjith\u00eb nj\u00eb publiku i cili n\u00eb \u00e7do hap timin ka pasur pritshm\u00ebri t\u00eb m\u00ebdha.<\/em><\/p>\n\n\n\n<p><em>Un\u00eb si Ana u p\u00ebrpoqa fort p\u00ebr me bo zgjedhjen e duhur edhe pse me shum\u00eb ankth, siklet, frik\u00eb nga d\u00ebshtimi e paragjykimet.<\/em><\/p>\n\n\n\n<p><em>U p\u00ebrpoqa me tregu an\u00ebn time t\u00eb but\u00eb, komike, fem\u00ebrore, karakterin tim fal\u00ebs dhe e hapa veten drejt nj\u00eb horizonti q\u00eb nuk ia shihja fundin.<\/em><\/p>\n\n\n\n<p><em>Pa marr\u00eb parasysh vendimet e mia, \u00e7ka un\u00eb fola e veprova, prap\u00eb paragjykimet, kritikat dhe n\u00ebnvler\u00ebsimet ndaj meje nuk jan\u00eb kursyer dhe nuk po kursehen.<\/em><\/p>\n\n\n\n<p><em>K\u00ebshtu q\u00eb vendosa pa as edhe nj\u00eb m\u00ebdyshje me bo at\u00eb q\u00eb un\u00eb e cil\u00ebsova si t\u00eb duhur duke vendosur me i hedh mbrapa krah\u00ebve t\u00eb gjitha pak\u00ebnaq\u00ebsit\u00eb q\u00eb njer\u00ebzit e mbushur vrer po i gjuajn\u00eb lart e posht\u00eb.<\/em><br><em>Un\u00eb n\u00eb at\u00eb form\u00eb zgjodha me rujt dinjitetin si fem\u00ebr, me u kujdes p\u00ebr mir\u00ebqenien e familjes time dhe mbi t\u00eb gjitha me selektu bukur e sakt\u00eb \u00e7ka un\u00eb shfaqi n\u00eb nj\u00eb program q\u00eb shikohet nga miliona shikues dhe p\u00ebr k\u00ebt\u00eb un\u00eb nuk jam penduar aspak.<\/em><\/p>\n\n\n\n<p><em>Secili hap q\u00eb e mora n\u00eb fund m\u00eb ka d\u00ebrgyar aty ku un\u00eb i p\u00ebrkas dhe m\u00eb ka dhuruar at\u00eb q\u00eb m\u00eb p\u00ebrket: dashurin\u00eb n\u00eb form\u00ebn m\u00eb t\u00eb past\u00ebr.<\/em><\/p>\n\n\n\n<p><em>Pa kurrfar\u00eb heizimi kam me vazhdu deri n\u00eb fund me luftu p\u00ebr at\u00eb \u00e7ka m\u00eb b\u00ebn t\u00eb lumtur dhe krenare. Fal\u00ebnderuese me zemr\u00ebn plot p\u00ebr t\u00eb gjith\u00eb ata q\u00eb m\u00eb mb\u00ebshtesin, e sa i p\u00ebrket ofendimeve aq t\u00eb hidhura q\u00eb kam marr\u00eb kam ve\u00e7 nj\u00eb replik\u00eb; Qent\u00eb le t\u00eb lehin, karvani ec\u00ebn p\u00ebrpara\u201d.<\/em><em><\/em><\/p>\n\n\n\n<figure class=\"wp-block-image is-style-default\"><img decoding=\"async\" src=\"https:\/\/iconstyle.al\/wp-content\/uploads\/2024\/12\/Screenshot_6-3-300x551.jpg\" alt=\"\" class=\"wp-image-683410\"\/><\/figure>\n","protected":false},"excerpt":{"rendered":"<p>Ish-banorja e&nbsp;Big Brother VIP Kosova, Ana Ejupi, e cila \u00ebsht\u00eb vet\u00ebm 19 vje\u00e7e, ka qen\u00eb shum\u00eb e komentuar gjat\u00eb koh\u00ebs q\u00eb ka q\u00ebndruar brenda sht\u00ebpis\u00eb. Pasi ka dal\u00eb nga formati, ajo po p\u00ebrballet me komente dhe reagime t\u00eb ndryshme n\u00eb lidhje me sjelljen dhe veprimet e saj gjat\u00eb q\u00ebndrimit n\u00eb sht\u00ebpin\u00eb m\u00eb t\u00eb famshme t\u00eb [&hellip;]<\/p>\n","protected":false},"author":2,"featured_media":53160,"comment_status":"closed","ping_status":"closed","sticky":false,"template":"","format":"standard","meta":{"footnotes":""},"categories":[33],"tags":[],"class_list":{"0":"post-53158","1":"post","2":"type-post","3":"status-publish","4":"format-standard","5":"has-post-thumbnail","7":"category-showbiz"},"yoast_head":"<!-- This site is optimized with the Yoast SEO plugin v27.5 - https:\/\/yoast.com\/product\/yoast-seo-wordpress\/ -->\n<title>Ana Ejupi shpalos t\u00eb v\u00ebrtet\u00ebn\/ Reagimi i saj pas komenteve negative nga \u201cBBVK\u201d - blogin.al<\/title>\n<meta name=\"robots\" content=\"index, follow, max-snippet:-1, max-image-preview:large, max-video-preview:-1\" \/>\n<link rel=\"canonical\" href=\"https:\/\/blogin.al\/?p=53158\" \/>\n<meta property=\"og:locale\" content=\"en_US\" \/>\n<meta property=\"og:type\" content=\"article\" \/>\n<meta property=\"og:title\" content=\"Ana Ejupi shpalos t\u00eb v\u00ebrtet\u00ebn\/ Reagimi i saj pas komenteve negative nga \u201cBBVK\u201d - blogin.al\" \/>\n<meta property=\"og:description\" content=\"Ish-banorja e&nbsp;Big Brother VIP Kosova, Ana Ejupi, e cila \u00ebsht\u00eb vet\u00ebm 19 vje\u00e7e, ka qen\u00eb shum\u00eb e komentuar gjat\u00eb koh\u00ebs q\u00eb ka q\u00ebndruar brenda sht\u00ebpis\u00eb. Pasi ka dal\u00eb nga formati, ajo po p\u00ebrballet me komente dhe reagime t\u00eb ndryshme n\u00eb lidhje me sjelljen dhe veprimet e saj gjat\u00eb q\u00ebndrimit n\u00eb sht\u00ebpin\u00eb m\u00eb t\u00eb famshme t\u00eb [&hellip;]\" \/>\n<meta property=\"og:url\" content=\"https:\/\/blogin.al\/?p=53158\" \/>\n<meta property=\"og:site_name\" content=\"blogin.al\" \/>\n<meta property=\"article:published_time\" content=\"2024-12-04T11:29:02+00:00\" \/>\n<meta property=\"article:modified_time\" content=\"2024-12-04T11:29:46+00:00\" \/>\n<meta property=\"og:image\" content=\"https:\/\/blogin.al\/wp-content\/uploads\/2024\/12\/640-0-111f28744b606486e1a4e35a45cd9e1e.png\" \/>\n\t<meta property=\"og:image:width\" content=\"640\" \/>\n\t<meta property=\"og:image:height\" content=\"460\" \/>\n\t<meta property=\"og:image:type\" content=\"image\/png\" \/>\n<meta name=\"author\" content=\"Blogin al\" \/>\n<meta name=\"twitter:card\" content=\"summary_large_image\" \/>\n<meta name=\"twitter:label1\" content=\"Written by\" \/>\n\t<meta name=\"twitter:data1\" content=\"Blogin al\" \/>\n\t<meta name=\"twitter:label2\" content=\"Est. reading time\" \/>\n\t<meta name=\"twitter:data2\" content=\"3 minutes\" \/>\n<script type=\"application\/ld+json\" class=\"yoast-schema-graph\">{\"@context\":\"https:\\\/\\\/schema.org\",\"@graph\":[{\"@type\":\"Article\",\"@id\":\"https:\\\/\\\/blogin.al\\\/?p=53158#article\",\"isPartOf\":{\"@id\":\"https:\\\/\\\/blogin.al\\\/?p=53158\"},\"author\":{\"name\":\"Blogin al\",\"@id\":\"https:\\\/\\\/blogin.al\\\/#\\\/schema\\\/person\\\/abdd56bc912cd511db877b852b115399\"},\"headline\":\"Ana Ejupi shpalos t\u00eb v\u00ebrtet\u00ebn\\\/ Reagimi i saj pas komenteve negative nga \u201cBBVK\u201d\",\"datePublished\":\"2024-12-04T11:29:02+00:00\",\"dateModified\":\"2024-12-04T11:29:46+00:00\",\"mainEntityOfPage\":{\"@id\":\"https:\\\/\\\/blogin.al\\\/?p=53158\"},\"wordCount\":605,\"publisher\":{\"@id\":\"https:\\\/\\\/blogin.al\\\/#organization\"},\"image\":{\"@id\":\"https:\\\/\\\/blogin.al\\\/?p=53158#primaryimage\"},\"thumbnailUrl\":\"https:\\\/\\\/blogin.al\\\/wp-content\\\/uploads\\\/2024\\\/12\\\/640-0-111f28744b606486e1a4e35a45cd9e1e.png\",\"articleSection\":[\"SHOWBIZ\"],\"inLanguage\":\"en-US\"},{\"@type\":\"WebPage\",\"@id\":\"https:\\\/\\\/blogin.al\\\/?p=53158\",\"url\":\"https:\\\/\\\/blogin.al\\\/?p=53158\",\"name\":\"Ana Ejupi shpalos t\u00eb v\u00ebrtet\u00ebn\\\/ Reagimi i saj pas komenteve negative nga \u201cBBVK\u201d - blogin.al\",\"isPartOf\":{\"@id\":\"https:\\\/\\\/blogin.al\\\/#website\"},\"primaryImageOfPage\":{\"@id\":\"https:\\\/\\\/blogin.al\\\/?p=53158#primaryimage\"},\"image\":{\"@id\":\"https:\\\/\\\/blogin.al\\\/?p=53158#primaryimage\"},\"thumbnailUrl\":\"https:\\\/\\\/blogin.al\\\/wp-content\\\/uploads\\\/2024\\\/12\\\/640-0-111f28744b606486e1a4e35a45cd9e1e.png\",\"datePublished\":\"2024-12-04T11:29:02+00:00\",\"dateModified\":\"2024-12-04T11:29:46+00:00\",\"breadcrumb\":{\"@id\":\"https:\\\/\\\/blogin.al\\\/?p=53158#breadcrumb\"},\"inLanguage\":\"en-US\",\"potentialAction\":[{\"@type\":\"ReadAction\",\"target\":[\"https:\\\/\\\/blogin.al\\\/?p=53158\"]}]},{\"@type\":\"ImageObject\",\"inLanguage\":\"en-US\",\"@id\":\"https:\\\/\\\/blogin.al\\\/?p=53158#primaryimage\",\"url\":\"https:\\\/\\\/blogin.al\\\/wp-content\\\/uploads\\\/2024\\\/12\\\/640-0-111f28744b606486e1a4e35a45cd9e1e.png\",\"contentUrl\":\"https:\\\/\\\/blogin.al\\\/wp-content\\\/uploads\\\/2024\\\/12\\\/640-0-111f28744b606486e1a4e35a45cd9e1e.png\",\"width\":640,\"height\":460},{\"@type\":\"BreadcrumbList\",\"@id\":\"https:\\\/\\\/blogin.al\\\/?p=53158#breadcrumb\",\"itemListElement\":[{\"@type\":\"ListItem\",\"position\":1,\"name\":\"Home\",\"item\":\"https:\\\/\\\/blogin.al\\\/\"},{\"@type\":\"ListItem\",\"position\":2,\"name\":\"Ana Ejupi shpalos t\u00eb v\u00ebrtet\u00ebn\\\/ Reagimi i saj pas komenteve negative nga \u201cBBVK\u201d\"}]},{\"@type\":\"WebSite\",\"@id\":\"https:\\\/\\\/blogin.al\\\/#website\",\"url\":\"https:\\\/\\\/blogin.al\\\/\",\"name\":\"blogin.al\",\"description\":\"\",\"publisher\":{\"@id\":\"https:\\\/\\\/blogin.al\\\/#organization\"},\"potentialAction\":[{\"@type\":\"SearchAction\",\"target\":{\"@type\":\"EntryPoint\",\"urlTemplate\":\"https:\\\/\\\/blogin.al\\\/?s={search_term_string}\"},\"query-input\":{\"@type\":\"PropertyValueSpecification\",\"valueRequired\":true,\"valueName\":\"search_term_string\"}}],\"inLanguage\":\"en-US\"},{\"@type\":\"Organization\",\"@id\":\"https:\\\/\\\/blogin.al\\\/#organization\",\"name\":\"BLOGIN.al\",\"url\":\"https:\\\/\\\/blogin.al\\\/\",\"logo\":{\"@type\":\"ImageObject\",\"inLanguage\":\"en-US\",\"@id\":\"https:\\\/\\\/blogin.al\\\/#\\\/schema\\\/logo\\\/image\\\/\",\"url\":\"https:\\\/\\\/blogin.al\\\/wp-content\\\/uploads\\\/2022\\\/05\\\/Untitled-2-01-e1652084456514.png\",\"contentUrl\":\"https:\\\/\\\/blogin.al\\\/wp-content\\\/uploads\\\/2022\\\/05\\\/Untitled-2-01-e1652084456514.png\",\"width\":3723,\"height\":1698,\"caption\":\"BLOGIN.al\"},\"image\":{\"@id\":\"https:\\\/\\\/blogin.al\\\/#\\\/schema\\\/logo\\\/image\\\/\"},\"sameAs\":[\"https:\\\/\\\/instagram.com\\\/blogin.al\\\/\"]},{\"@type\":\"Person\",\"@id\":\"https:\\\/\\\/blogin.al\\\/#\\\/schema\\\/person\\\/abdd56bc912cd511db877b852b115399\",\"name\":\"Blogin al\",\"image\":{\"@type\":\"ImageObject\",\"inLanguage\":\"en-US\",\"@id\":\"https:\\\/\\\/secure.gravatar.com\\\/avatar\\\/60d5661aee6e835fb13dc75d2204cd0c1d61bef2efd137c0083e59ef831e235e?s=96&d=mm&r=g\",\"url\":\"https:\\\/\\\/secure.gravatar.com\\\/avatar\\\/60d5661aee6e835fb13dc75d2204cd0c1d61bef2efd137c0083e59ef831e235e?s=96&d=mm&r=g\",\"contentUrl\":\"https:\\\/\\\/secure.gravatar.com\\\/avatar\\\/60d5661aee6e835fb13dc75d2204cd0c1d61bef2efd137c0083e59ef831e235e?s=96&d=mm&r=g\",\"caption\":\"Blogin al\"},\"sameAs\":[\"https:\\\/\\\/blogin.al\"],\"url\":\"https:\\\/\\\/blogin.al\\\/?author=2\"}]}<\/script>\n<!-- \/ Yoast SEO plugin. -->","yoast_head_json":{"title":"Ana Ejupi shpalos t\u00eb v\u00ebrtet\u00ebn\/ Reagimi i saj pas komenteve negative nga \u201cBBVK\u201d - blogin.al","robots":{"index":"index","follow":"follow","max-snippet":"max-snippet:-1","max-image-preview":"max-image-preview:large","max-video-preview":"max-video-preview:-1"},"canonical":"https:\/\/blogin.al\/?p=53158","og_locale":"en_US","og_type":"article","og_title":"Ana Ejupi shpalos t\u00eb v\u00ebrtet\u00ebn\/ Reagimi i saj pas komenteve negative nga \u201cBBVK\u201d - blogin.al","og_description":"Ish-banorja e&nbsp;Big Brother VIP Kosova, Ana Ejupi, e cila \u00ebsht\u00eb vet\u00ebm 19 vje\u00e7e, ka qen\u00eb shum\u00eb e komentuar gjat\u00eb koh\u00ebs q\u00eb ka q\u00ebndruar brenda sht\u00ebpis\u00eb. Pasi ka dal\u00eb nga formati, ajo po p\u00ebrballet me komente dhe reagime t\u00eb ndryshme n\u00eb lidhje me sjelljen dhe veprimet e saj gjat\u00eb q\u00ebndrimit n\u00eb sht\u00ebpin\u00eb m\u00eb t\u00eb famshme t\u00eb [&hellip;]","og_url":"https:\/\/blogin.al\/?p=53158","og_site_name":"blogin.al","article_published_time":"2024-12-04T11:29:02+00:00","article_modified_time":"2024-12-04T11:29:46+00:00","og_image":[{"width":640,"height":460,"url":"https:\/\/blogin.al\/wp-content\/uploads\/2024\/12\/640-0-111f28744b606486e1a4e35a45cd9e1e.png","type":"image\/png"}],"author":"Blogin al","twitter_card":"summary_large_image","twitter_misc":{"Written by":"Blogin al","Est. reading time":"3 minutes"},"schema":{"@context":"https:\/\/schema.org","@graph":[{"@type":"Article","@id":"https:\/\/blogin.al\/?p=53158#article","isPartOf":{"@id":"https:\/\/blogin.al\/?p=53158"},"author":{"name":"Blogin al","@id":"https:\/\/blogin.al\/#\/schema\/person\/abdd56bc912cd511db877b852b115399"},"headline":"Ana Ejupi shpalos t\u00eb v\u00ebrtet\u00ebn\/ Reagimi i saj pas komenteve negative nga \u201cBBVK\u201d","datePublished":"2024-12-04T11:29:02+00:00","dateModified":"2024-12-04T11:29:46+00:00","mainEntityOfPage":{"@id":"https:\/\/blogin.al\/?p=53158"},"wordCount":605,"publisher":{"@id":"https:\/\/blogin.al\/#organization"},"image":{"@id":"https:\/\/blogin.al\/?p=53158#primaryimage"},"thumbnailUrl":"https:\/\/blogin.al\/wp-content\/uploads\/2024\/12\/640-0-111f28744b606486e1a4e35a45cd9e1e.png","articleSection":["SHOWBIZ"],"inLanguage":"en-US"},{"@type":"WebPage","@id":"https:\/\/blogin.al\/?p=53158","url":"https:\/\/blogin.al\/?p=53158","name":"Ana Ejupi shpalos t\u00eb v\u00ebrtet\u00ebn\/ Reagimi i saj pas komenteve negative nga \u201cBBVK\u201d - blogin.al","isPartOf":{"@id":"https:\/\/blogin.al\/#website"},"primaryImageOfPage":{"@id":"https:\/\/blogin.al\/?p=53158#primaryimage"},"image":{"@id":"https:\/\/blogin.al\/?p=53158#primaryimage"},"thumbnailUrl":"https:\/\/blogin.al\/wp-content\/uploads\/2024\/12\/640-0-111f28744b606486e1a4e35a45cd9e1e.png","datePublished":"2024-12-04T11:29:02+00:00","dateModified":"2024-12-04T11:29:46+00:00","breadcrumb":{"@id":"https:\/\/blogin.al\/?p=53158#breadcrumb"},"inLanguage":"en-US","potentialAction":[{"@type":"ReadAction","target":["https:\/\/blogin.al\/?p=53158"]}]},{"@type":"ImageObject","inLanguage":"en-US","@id":"https:\/\/blogin.al\/?p=53158#primaryimage","url":"https:\/\/blogin.al\/wp-content\/uploads\/2024\/12\/640-0-111f28744b606486e1a4e35a45cd9e1e.png","contentUrl":"https:\/\/blogin.al\/wp-content\/uploads\/2024\/12\/640-0-111f28744b606486e1a4e35a45cd9e1e.png","width":640,"height":460},{"@type":"BreadcrumbList","@id":"https:\/\/blogin.al\/?p=53158#breadcrumb","itemListElement":[{"@type":"ListItem","position":1,"name":"Home","item":"https:\/\/blogin.al\/"},{"@type":"ListItem","position":2,"name":"Ana Ejupi shpalos t\u00eb v\u00ebrtet\u00ebn\/ Reagimi i saj pas komenteve negative nga \u201cBBVK\u201d"}]},{"@type":"WebSite","@id":"https:\/\/blogin.al\/#website","url":"https:\/\/blogin.al\/","name":"blogin.al","description":"","publisher":{"@id":"https:\/\/blogin.al\/#organization"},"potentialAction":[{"@type":"SearchAction","target":{"@type":"EntryPoint","urlTemplate":"https:\/\/blogin.al\/?s={search_term_string}"},"query-input":{"@type":"PropertyValueSpecification","valueRequired":true,"valueName":"search_term_string"}}],"inLanguage":"en-US"},{"@type":"Organization","@id":"https:\/\/blogin.al\/#organization","name":"BLOGIN.al","url":"https:\/\/blogin.al\/","logo":{"@type":"ImageObject","inLanguage":"en-US","@id":"https:\/\/blogin.al\/#\/schema\/logo\/image\/","url":"https:\/\/blogin.al\/wp-content\/uploads\/2022\/05\/Untitled-2-01-e1652084456514.png","contentUrl":"https:\/\/blogin.al\/wp-content\/uploads\/2022\/05\/Untitled-2-01-e1652084456514.png","width":3723,"height":1698,"caption":"BLOGIN.al"},"image":{"@id":"https:\/\/blogin.al\/#\/schema\/logo\/image\/"},"sameAs":["https:\/\/instagram.com\/blogin.al\/"]},{"@type":"Person","@id":"https:\/\/blogin.al\/#\/schema\/person\/abdd56bc912cd511db877b852b115399","name":"Blogin al","image":{"@type":"ImageObject","inLanguage":"en-US","@id":"https:\/\/secure.gravatar.com\/avatar\/60d5661aee6e835fb13dc75d2204cd0c1d61bef2efd137c0083e59ef831e235e?s=96&d=mm&r=g","url":"https:\/\/secure.gravatar.com\/avatar\/60d5661aee6e835fb13dc75d2204cd0c1d61bef2efd137c0083e59ef831e235e?s=96&d=mm&r=g","contentUrl":"https:\/\/secure.gravatar.com\/avatar\/60d5661aee6e835fb13dc75d2204cd0c1d61bef2efd137c0083e59ef831e235e?s=96&d=mm&r=g","caption":"Blogin al"},"sameAs":["https:\/\/blogin.al"],"url":"https:\/\/blogin.al\/?author=2"}]}},"_links":{"self":[{"href":"https:\/\/blogin.al\/index.php?rest_route=\/wp\/v2\/posts\/53158","targetHints":{"allow":["GET"]}}],"collection":[{"href":"https:\/\/blogin.al\/index.php?rest_route=\/wp\/v2\/posts"}],"about":[{"href":"https:\/\/blogin.al\/index.php?rest_route=\/wp\/v2\/types\/post"}],"author":[{"embeddable":true,"href":"https:\/\/blogin.al\/index.php?rest_route=\/wp\/v2\/users\/2"}],"replies":[{"embeddable":true,"href":"https:\/\/blogin.al\/index.php?rest_route=%2Fwp%2Fv2%2Fcomments&post=53158"}],"version-history":[{"count":1,"href":"https:\/\/blogin.al\/index.php?rest_route=\/wp\/v2\/posts\/53158\/revisions"}],"predecessor-version":[{"id":53159,"href":"https:\/\/blogin.al\/index.php?rest_route=\/wp\/v2\/posts\/53158\/revisions\/53159"}],"wp:featuredmedia":[{"embeddable":true,"href":"https:\/\/blogin.al\/index.php?rest_route=\/wp\/v2\/media\/53160"}],"wp:attachment":[{"href":"https:\/\/blogin.al\/index.php?rest_route=%2Fwp%2Fv2%2Fmedia&parent=53158"}],"wp:term":[{"taxonomy":"category","embeddable":true,"href":"https:\/\/blogin.al\/index.php?rest_route=%2Fwp%2Fv2%2Fcategories&post=53158"},{"taxonomy":"post_tag","embeddable":true,"href":"https:\/\/blogin.al\/index.php?rest_route=%2Fwp%2Fv2%2Ftags&post=53158"}],"curies":[{"name":"wp","href":"https:\/\/api.w.org\/{rel}","templated":true}]}}