{"id":53161,"date":"2024-12-04T11:34:17","date_gmt":"2024-12-04T11:34:17","guid":{"rendered":"https:\/\/blogin.al\/?p=53161"},"modified":"2024-12-04T13:10:26","modified_gmt":"2024-12-04T13:10:26","slug":"ka-abuzuar-fizikisht-per-vite-me-radhe-rrefimi-trondites-i-mauro-icardi-t-per-wanda-nara-n-u-shkruante-lojtareve-te","status":"publish","type":"post","link":"https:\/\/blogin.al\/?p=53161","title":{"rendered":"\u201cKa abuzuar fizikisht p\u00ebr vite me radh\u00eb\/ Rr\u00ebfimi TRONDIT\u00cbS i Mauro Icardi-t p\u00ebr Wanda Nara-n: U shkruante lojtar\u00ebve t\u00eb&#8230;"},"content":{"rendered":"\n<p>Divorci i Mauro Icardi-t dhe Wanda Nara-s, ka marr\u00eb nj\u00eb kthes\u00eb t\u00eb err\u00ebt me akuza serioze p\u00ebr abuzim, k\u00ebrc\u00ebnime dhe manipulime nga t\u00eb dyja pal\u00ebt.<\/p>\n\n\n\n<p>Futbollisti i famsh\u00ebm ka dh\u00ebn\u00eb nj\u00eb intervist\u00eb p\u00ebr nj\u00eb televizion turk, ku ka b\u00ebr\u00eb deklarata trondit\u00ebse, duke hedhur drit\u00eb mbi nj\u00eb marr\u00ebdh\u00ebnie me konflikte dhe trazira emocionale.<\/p>\n\n\n\n<p><strong><em>Mauro Icardi akuzon Wanda Nar\u00ebn p\u00ebr abuzim, kontroll dhe manipulim<\/em><\/strong><\/p>\n\n\n\n<p>Mauro Icardi ka l\u00ebshuar nj\u00eb s\u00ebr\u00eb akuzash kund\u00ebr ish-partneres s\u00eb tij, duke pretenduar se ajo e ka e ka dhunuar fizikisht at\u00eb.<\/p>\n\n\n\n<p><strong>\u201cWanda ka abuzuar fizikisht p\u00ebr vite me radh\u00eb dhe gjithashtu m\u00eb ka abuzuar digjitalisht, gj\u00eb q\u00eb m\u00eb ka sjell\u00eb shum\u00eb probleme financiare\u201d,&nbsp;<\/strong>tha futbollisti i famsh\u00ebm.<\/p>\n\n\n\n<p>Por jo vet\u00ebm kaq, pasi ylli i Galatasaray pretendon se modelja argjentinase i ka hak\u00ebruar llogarit\u00eb e tij t\u00eb rrjeteve sociale dhe u ka d\u00ebrguar mesazhe shok\u00ebve t\u00eb tij t\u00eb skuadr\u00ebs.<\/p>\n\n\n\n<p><strong>\u201cAjo vodhi llogarit\u00eb e mia dhe u shkroi lojtar\u00ebve q\u00eb luanin n\u00eb t\u00eb nj\u00ebjtin ekip futbolli me mua n\u00eb at\u00eb koh\u00eb\u201d,&nbsp;<\/strong>tha Icardi, duke theksuar ndikimin e madh q\u00eb k\u00ebto veprime pat\u00ebn n\u00eb jet\u00ebn e tij profesionale dhe personale.<\/p>\n\n\n\n<p>Akuzat shtriheshin edhe n\u00eb k\u00ebrc\u00ebnime p\u00ebr vet\u00ebl\u00ebndim. Icardi pretendoi se gjat\u00eb nj\u00eb konfrontimi n\u00eb lidhje me p\u00ebrfshirjen e tij t\u00eb kaluar me aktoren, China Suarez, Nara e k\u00ebrc\u00ebnoi se do t\u00eb vriste veten.<\/p>\n\n\n\n<p><strong>\u201cWanda m\u00eb tha se do t\u00eb vriste veten n\u00ebse do t\u00eb takohesha p\u00ebrs\u00ebri me China. Un\u00eb kam prova dhe ia kam paraqitur gjykat\u00ebs\u201d,<\/strong>&nbsp;tha futbollisti i famsh\u00ebm.<\/p>\n\n\n\n<p><strong><em>Wanda Nara akuzohet edhe p\u00ebr manipulim financiar<\/em><\/strong><\/p>\n\n\n\n<p>Akuzat e Icardit nuk u ndal\u00ebn n\u00eb abuzim fizik dhe emocional. Ai gjithashtu akuzoi ish-modelen p\u00ebr keqp\u00ebrdorimin e financave t\u00eb tij dhe p\u00ebrdorimin e mediave sociale p\u00ebr t\u2019a posht\u00ebruar publikisht.<\/p>\n\n\n\n<p><strong>\u201cAjo shkaktoi probleme t\u00eb m\u00ebdha financiare duke kontrolluar llogarit\u00eb e mia dhe duke b\u00ebr\u00eb pagesa pa p\u00eblqimin tim\u201d,<\/strong>&nbsp;tha Icardi.<\/p>\n\n\n\n<p>Ky i fundit pretendon se Wanda ka p\u00ebrdorur fondet e tij p\u00ebr t\u00eb mb\u00ebshtetur sip\u00ebrmarrjet e saj dhe m\u00ebnyr\u00ebn e jetes\u00ebs, duke e shtyr\u00eb at\u00eb t\u2019i nd\u00ebrpres\u00eb aksesin e saj n\u00eb llogarit\u00eb e tij bankare.<\/p>\n\n\n\n<p><strong>\u201cAjo \u00ebsht\u00eb e pamatur me parat\u00eb dhe nuk ka asnj\u00eb shqet\u00ebsim p\u00ebr shfryt\u00ebzimin e burimeve t\u00eb mia\u201d,<\/strong>&nbsp;ka th\u00ebn\u00eb futbollisti.<\/p>\n\n\n\n<p>Nd\u00ebrkoh\u00eb ai shtoi se Nara i ka keqinterpretuar q\u00ebllimisht bisedat private n\u00eb rrjetet sociale, p\u00ebr t\u2019i d\u00ebmtuar reputacionin e tij.<\/p>\n\n\n\n<p><strong>\u201c\u00cbsht\u00eb e gjitha pjes\u00eb e strategjis\u00eb s\u00eb saj p\u00ebr t\u00eb fituar simpatin\u00eb e publikut\u201d,<\/strong>&nbsp;tha Mauro.<\/p>\n\n\n\n<p>Icardi gjithashtu shprehu zhg\u00ebnjimin me paraqitjet e shpeshta t\u00eb ish-partneres n\u00eb media:<\/p>\n\n\n\n<p><strong>\u201cAjo p\u00ebrdor platforma p\u00ebr t\u00eb nxitur nj\u00eb rr\u00ebfim q\u00eb e p\u00ebrshkruan at\u00eb si viktim\u00eb nd\u00ebrsa m\u00eb fyen mua\u201d.<\/strong><\/p>\n\n\n\n<p>Kujtojm\u00eb se Icardi dhe Wanda u ndan\u00eb n\u00eb korrik t\u00eb vitit 2024 dhe \u00e7ifti ende \u00ebsht\u00eb n\u00eb procesin e p\u00ebrfundimit t\u00eb divorcit t\u00eb tyre.<\/p>\n","protected":false},"excerpt":{"rendered":"<p>Divorci i Mauro Icardi-t dhe Wanda Nara-s, ka marr\u00eb nj\u00eb kthes\u00eb t\u00eb err\u00ebt me akuza serioze p\u00ebr abuzim, k\u00ebrc\u00ebnime dhe manipulime nga t\u00eb dyja pal\u00ebt. Futbollisti i famsh\u00ebm ka dh\u00ebn\u00eb nj\u00eb intervist\u00eb p\u00ebr nj\u00eb televizion turk, ku ka b\u00ebr\u00eb deklarata trondit\u00ebse, duke hedhur drit\u00eb mbi nj\u00eb marr\u00ebdh\u00ebnie me konflikte dhe trazira emocionale. Mauro Icardi akuzon [&hellip;]<\/p>\n","protected":false},"author":2,"featured_media":53167,"comment_status":"closed","ping_status":"closed","sticky":false,"template":"","format":"standard","meta":{"footnotes":""},"categories":[33],"tags":[],"class_list":{"0":"post-53161","1":"post","2":"type-post","3":"status-publish","4":"format-standard","5":"has-post-thumbnail","7":"category-showbiz"},"yoast_head":"<!-- This site is optimized with the Yoast SEO plugin v27.5 - https:\/\/yoast.com\/product\/yoast-seo-wordpress\/ -->\n<title>\u201cKa abuzuar fizikisht p\u00ebr vite me radh\u00eb\/ Rr\u00ebfimi TRONDIT\u00cbS i Mauro Icardi-t p\u00ebr Wanda Nara-n: U shkruante lojtar\u00ebve t\u00eb... - blogin.al<\/title>\n<meta name=\"robots\" content=\"index, follow, max-snippet:-1, max-image-preview:large, max-video-preview:-1\" \/>\n<link rel=\"canonical\" href=\"https:\/\/blogin.al\/?p=53161\" \/>\n<meta property=\"og:locale\" content=\"en_US\" \/>\n<meta property=\"og:type\" content=\"article\" \/>\n<meta property=\"og:title\" content=\"\u201cKa abuzuar fizikisht p\u00ebr vite me radh\u00eb\/ Rr\u00ebfimi TRONDIT\u00cbS i Mauro Icardi-t p\u00ebr Wanda Nara-n: U shkruante lojtar\u00ebve t\u00eb... - blogin.al\" \/>\n<meta property=\"og:description\" content=\"Divorci i Mauro Icardi-t dhe Wanda Nara-s, ka marr\u00eb nj\u00eb kthes\u00eb t\u00eb err\u00ebt me akuza serioze p\u00ebr abuzim, k\u00ebrc\u00ebnime dhe manipulime nga t\u00eb dyja pal\u00ebt. Futbollisti i famsh\u00ebm ka dh\u00ebn\u00eb nj\u00eb intervist\u00eb p\u00ebr nj\u00eb televizion turk, ku ka b\u00ebr\u00eb deklarata trondit\u00ebse, duke hedhur drit\u00eb mbi nj\u00eb marr\u00ebdh\u00ebnie me konflikte dhe trazira emocionale. Mauro Icardi akuzon [&hellip;]\" \/>\n<meta property=\"og:url\" content=\"https:\/\/blogin.al\/?p=53161\" \/>\n<meta property=\"og:site_name\" content=\"blogin.al\" \/>\n<meta property=\"article:published_time\" content=\"2024-12-04T11:34:17+00:00\" \/>\n<meta property=\"article:modified_time\" content=\"2024-12-04T13:10:26+00:00\" \/>\n<meta property=\"og:image\" content=\"https:\/\/blogin.al\/wp-content\/uploads\/2024\/12\/9f6Dk7QOO0-QEnk_4_c9_g.jpg\" \/>\n\t<meta property=\"og:image:width\" content=\"960\" \/>\n\t<meta property=\"og:image:height\" content=\"1225\" \/>\n\t<meta property=\"og:image:type\" content=\"image\/jpeg\" \/>\n<meta name=\"author\" content=\"Blogin al\" \/>\n<meta name=\"twitter:card\" content=\"summary_large_image\" \/>\n<meta name=\"twitter:label1\" content=\"Written by\" \/>\n\t<meta name=\"twitter:data1\" content=\"Blogin al\" \/>\n\t<meta name=\"twitter:label2\" content=\"Est. reading time\" \/>\n\t<meta name=\"twitter:data2\" content=\"2 minutes\" \/>\n<script type=\"application\/ld+json\" class=\"yoast-schema-graph\">{\"@context\":\"https:\\\/\\\/schema.org\",\"@graph\":[{\"@type\":\"Article\",\"@id\":\"https:\\\/\\\/blogin.al\\\/?p=53161#article\",\"isPartOf\":{\"@id\":\"https:\\\/\\\/blogin.al\\\/?p=53161\"},\"author\":{\"name\":\"Blogin al\",\"@id\":\"https:\\\/\\\/blogin.al\\\/#\\\/schema\\\/person\\\/abdd56bc912cd511db877b852b115399\"},\"headline\":\"\u201cKa abuzuar fizikisht p\u00ebr vite me radh\u00eb\\\/ Rr\u00ebfimi TRONDIT\u00cbS i Mauro Icardi-t p\u00ebr Wanda Nara-n: U shkruante lojtar\u00ebve t\u00eb&#8230;\",\"datePublished\":\"2024-12-04T11:34:17+00:00\",\"dateModified\":\"2024-12-04T13:10:26+00:00\",\"mainEntityOfPage\":{\"@id\":\"https:\\\/\\\/blogin.al\\\/?p=53161\"},\"wordCount\":550,\"publisher\":{\"@id\":\"https:\\\/\\\/blogin.al\\\/#organization\"},\"image\":{\"@id\":\"https:\\\/\\\/blogin.al\\\/?p=53161#primaryimage\"},\"thumbnailUrl\":\"https:\\\/\\\/blogin.al\\\/wp-content\\\/uploads\\\/2024\\\/12\\\/9f6Dk7QOO0-QEnk_4_c9_g.jpg\",\"articleSection\":[\"SHOWBIZ\"],\"inLanguage\":\"en-US\"},{\"@type\":\"WebPage\",\"@id\":\"https:\\\/\\\/blogin.al\\\/?p=53161\",\"url\":\"https:\\\/\\\/blogin.al\\\/?p=53161\",\"name\":\"\u201cKa abuzuar fizikisht p\u00ebr vite me radh\u00eb\\\/ Rr\u00ebfimi TRONDIT\u00cbS i Mauro Icardi-t p\u00ebr Wanda Nara-n: U shkruante lojtar\u00ebve t\u00eb... - blogin.al\",\"isPartOf\":{\"@id\":\"https:\\\/\\\/blogin.al\\\/#website\"},\"primaryImageOfPage\":{\"@id\":\"https:\\\/\\\/blogin.al\\\/?p=53161#primaryimage\"},\"image\":{\"@id\":\"https:\\\/\\\/blogin.al\\\/?p=53161#primaryimage\"},\"thumbnailUrl\":\"https:\\\/\\\/blogin.al\\\/wp-content\\\/uploads\\\/2024\\\/12\\\/9f6Dk7QOO0-QEnk_4_c9_g.jpg\",\"datePublished\":\"2024-12-04T11:34:17+00:00\",\"dateModified\":\"2024-12-04T13:10:26+00:00\",\"breadcrumb\":{\"@id\":\"https:\\\/\\\/blogin.al\\\/?p=53161#breadcrumb\"},\"inLanguage\":\"en-US\",\"potentialAction\":[{\"@type\":\"ReadAction\",\"target\":[\"https:\\\/\\\/blogin.al\\\/?p=53161\"]}]},{\"@type\":\"ImageObject\",\"inLanguage\":\"en-US\",\"@id\":\"https:\\\/\\\/blogin.al\\\/?p=53161#primaryimage\",\"url\":\"https:\\\/\\\/blogin.al\\\/wp-content\\\/uploads\\\/2024\\\/12\\\/9f6Dk7QOO0-QEnk_4_c9_g.jpg\",\"contentUrl\":\"https:\\\/\\\/blogin.al\\\/wp-content\\\/uploads\\\/2024\\\/12\\\/9f6Dk7QOO0-QEnk_4_c9_g.jpg\",\"width\":960,\"height\":1225},{\"@type\":\"BreadcrumbList\",\"@id\":\"https:\\\/\\\/blogin.al\\\/?p=53161#breadcrumb\",\"itemListElement\":[{\"@type\":\"ListItem\",\"position\":1,\"name\":\"Home\",\"item\":\"https:\\\/\\\/blogin.al\\\/\"},{\"@type\":\"ListItem\",\"position\":2,\"name\":\"\u201cKa abuzuar fizikisht p\u00ebr vite me radh\u00eb\\\/ Rr\u00ebfimi TRONDIT\u00cbS i Mauro Icardi-t p\u00ebr Wanda Nara-n: U shkruante lojtar\u00ebve t\u00eb&#8230;\"}]},{\"@type\":\"WebSite\",\"@id\":\"https:\\\/\\\/blogin.al\\\/#website\",\"url\":\"https:\\\/\\\/blogin.al\\\/\",\"name\":\"blogin.al\",\"description\":\"\",\"publisher\":{\"@id\":\"https:\\\/\\\/blogin.al\\\/#organization\"},\"potentialAction\":[{\"@type\":\"SearchAction\",\"target\":{\"@type\":\"EntryPoint\",\"urlTemplate\":\"https:\\\/\\\/blogin.al\\\/?s={search_term_string}\"},\"query-input\":{\"@type\":\"PropertyValueSpecification\",\"valueRequired\":true,\"valueName\":\"search_term_string\"}}],\"inLanguage\":\"en-US\"},{\"@type\":\"Organization\",\"@id\":\"https:\\\/\\\/blogin.al\\\/#organization\",\"name\":\"BLOGIN.al\",\"url\":\"https:\\\/\\\/blogin.al\\\/\",\"logo\":{\"@type\":\"ImageObject\",\"inLanguage\":\"en-US\",\"@id\":\"https:\\\/\\\/blogin.al\\\/#\\\/schema\\\/logo\\\/image\\\/\",\"url\":\"https:\\\/\\\/blogin.al\\\/wp-content\\\/uploads\\\/2022\\\/05\\\/Untitled-2-01-e1652084456514.png\",\"contentUrl\":\"https:\\\/\\\/blogin.al\\\/wp-content\\\/uploads\\\/2022\\\/05\\\/Untitled-2-01-e1652084456514.png\",\"width\":3723,\"height\":1698,\"caption\":\"BLOGIN.al\"},\"image\":{\"@id\":\"https:\\\/\\\/blogin.al\\\/#\\\/schema\\\/logo\\\/image\\\/\"},\"sameAs\":[\"https:\\\/\\\/instagram.com\\\/blogin.al\\\/\"]},{\"@type\":\"Person\",\"@id\":\"https:\\\/\\\/blogin.al\\\/#\\\/schema\\\/person\\\/abdd56bc912cd511db877b852b115399\",\"name\":\"Blogin al\",\"image\":{\"@type\":\"ImageObject\",\"inLanguage\":\"en-US\",\"@id\":\"https:\\\/\\\/secure.gravatar.com\\\/avatar\\\/60d5661aee6e835fb13dc75d2204cd0c1d61bef2efd137c0083e59ef831e235e?s=96&d=mm&r=g\",\"url\":\"https:\\\/\\\/secure.gravatar.com\\\/avatar\\\/60d5661aee6e835fb13dc75d2204cd0c1d61bef2efd137c0083e59ef831e235e?s=96&d=mm&r=g\",\"contentUrl\":\"https:\\\/\\\/secure.gravatar.com\\\/avatar\\\/60d5661aee6e835fb13dc75d2204cd0c1d61bef2efd137c0083e59ef831e235e?s=96&d=mm&r=g\",\"caption\":\"Blogin al\"},\"sameAs\":[\"https:\\\/\\\/blogin.al\"],\"url\":\"https:\\\/\\\/blogin.al\\\/?author=2\"}]}<\/script>\n<!-- \/ Yoast SEO plugin. -->","yoast_head_json":{"title":"\u201cKa abuzuar fizikisht p\u00ebr vite me radh\u00eb\/ Rr\u00ebfimi TRONDIT\u00cbS i Mauro Icardi-t p\u00ebr Wanda Nara-n: U shkruante lojtar\u00ebve t\u00eb... - blogin.al","robots":{"index":"index","follow":"follow","max-snippet":"max-snippet:-1","max-image-preview":"max-image-preview:large","max-video-preview":"max-video-preview:-1"},"canonical":"https:\/\/blogin.al\/?p=53161","og_locale":"en_US","og_type":"article","og_title":"\u201cKa abuzuar fizikisht p\u00ebr vite me radh\u00eb\/ Rr\u00ebfimi TRONDIT\u00cbS i Mauro Icardi-t p\u00ebr Wanda Nara-n: U shkruante lojtar\u00ebve t\u00eb... - blogin.al","og_description":"Divorci i Mauro Icardi-t dhe Wanda Nara-s, ka marr\u00eb nj\u00eb kthes\u00eb t\u00eb err\u00ebt me akuza serioze p\u00ebr abuzim, k\u00ebrc\u00ebnime dhe manipulime nga t\u00eb dyja pal\u00ebt. Futbollisti i famsh\u00ebm ka dh\u00ebn\u00eb nj\u00eb intervist\u00eb p\u00ebr nj\u00eb televizion turk, ku ka b\u00ebr\u00eb deklarata trondit\u00ebse, duke hedhur drit\u00eb mbi nj\u00eb marr\u00ebdh\u00ebnie me konflikte dhe trazira emocionale. Mauro Icardi akuzon [&hellip;]","og_url":"https:\/\/blogin.al\/?p=53161","og_site_name":"blogin.al","article_published_time":"2024-12-04T11:34:17+00:00","article_modified_time":"2024-12-04T13:10:26+00:00","og_image":[{"width":960,"height":1225,"url":"https:\/\/blogin.al\/wp-content\/uploads\/2024\/12\/9f6Dk7QOO0-QEnk_4_c9_g.jpg","type":"image\/jpeg"}],"author":"Blogin al","twitter_card":"summary_large_image","twitter_misc":{"Written by":"Blogin al","Est. reading time":"2 minutes"},"schema":{"@context":"https:\/\/schema.org","@graph":[{"@type":"Article","@id":"https:\/\/blogin.al\/?p=53161#article","isPartOf":{"@id":"https:\/\/blogin.al\/?p=53161"},"author":{"name":"Blogin al","@id":"https:\/\/blogin.al\/#\/schema\/person\/abdd56bc912cd511db877b852b115399"},"headline":"\u201cKa abuzuar fizikisht p\u00ebr vite me radh\u00eb\/ Rr\u00ebfimi TRONDIT\u00cbS i Mauro Icardi-t p\u00ebr Wanda Nara-n: U shkruante lojtar\u00ebve t\u00eb&#8230;","datePublished":"2024-12-04T11:34:17+00:00","dateModified":"2024-12-04T13:10:26+00:00","mainEntityOfPage":{"@id":"https:\/\/blogin.al\/?p=53161"},"wordCount":550,"publisher":{"@id":"https:\/\/blogin.al\/#organization"},"image":{"@id":"https:\/\/blogin.al\/?p=53161#primaryimage"},"thumbnailUrl":"https:\/\/blogin.al\/wp-content\/uploads\/2024\/12\/9f6Dk7QOO0-QEnk_4_c9_g.jpg","articleSection":["SHOWBIZ"],"inLanguage":"en-US"},{"@type":"WebPage","@id":"https:\/\/blogin.al\/?p=53161","url":"https:\/\/blogin.al\/?p=53161","name":"\u201cKa abuzuar fizikisht p\u00ebr vite me radh\u00eb\/ Rr\u00ebfimi TRONDIT\u00cbS i Mauro Icardi-t p\u00ebr Wanda Nara-n: U shkruante lojtar\u00ebve t\u00eb... - blogin.al","isPartOf":{"@id":"https:\/\/blogin.al\/#website"},"primaryImageOfPage":{"@id":"https:\/\/blogin.al\/?p=53161#primaryimage"},"image":{"@id":"https:\/\/blogin.al\/?p=53161#primaryimage"},"thumbnailUrl":"https:\/\/blogin.al\/wp-content\/uploads\/2024\/12\/9f6Dk7QOO0-QEnk_4_c9_g.jpg","datePublished":"2024-12-04T11:34:17+00:00","dateModified":"2024-12-04T13:10:26+00:00","breadcrumb":{"@id":"https:\/\/blogin.al\/?p=53161#breadcrumb"},"inLanguage":"en-US","potentialAction":[{"@type":"ReadAction","target":["https:\/\/blogin.al\/?p=53161"]}]},{"@type":"ImageObject","inLanguage":"en-US","@id":"https:\/\/blogin.al\/?p=53161#primaryimage","url":"https:\/\/blogin.al\/wp-content\/uploads\/2024\/12\/9f6Dk7QOO0-QEnk_4_c9_g.jpg","contentUrl":"https:\/\/blogin.al\/wp-content\/uploads\/2024\/12\/9f6Dk7QOO0-QEnk_4_c9_g.jpg","width":960,"height":1225},{"@type":"BreadcrumbList","@id":"https:\/\/blogin.al\/?p=53161#breadcrumb","itemListElement":[{"@type":"ListItem","position":1,"name":"Home","item":"https:\/\/blogin.al\/"},{"@type":"ListItem","position":2,"name":"\u201cKa abuzuar fizikisht p\u00ebr vite me radh\u00eb\/ Rr\u00ebfimi TRONDIT\u00cbS i Mauro Icardi-t p\u00ebr Wanda Nara-n: U shkruante lojtar\u00ebve t\u00eb&#8230;"}]},{"@type":"WebSite","@id":"https:\/\/blogin.al\/#website","url":"https:\/\/blogin.al\/","name":"blogin.al","description":"","publisher":{"@id":"https:\/\/blogin.al\/#organization"},"potentialAction":[{"@type":"SearchAction","target":{"@type":"EntryPoint","urlTemplate":"https:\/\/blogin.al\/?s={search_term_string}"},"query-input":{"@type":"PropertyValueSpecification","valueRequired":true,"valueName":"search_term_string"}}],"inLanguage":"en-US"},{"@type":"Organization","@id":"https:\/\/blogin.al\/#organization","name":"BLOGIN.al","url":"https:\/\/blogin.al\/","logo":{"@type":"ImageObject","inLanguage":"en-US","@id":"https:\/\/blogin.al\/#\/schema\/logo\/image\/","url":"https:\/\/blogin.al\/wp-content\/uploads\/2022\/05\/Untitled-2-01-e1652084456514.png","contentUrl":"https:\/\/blogin.al\/wp-content\/uploads\/2022\/05\/Untitled-2-01-e1652084456514.png","width":3723,"height":1698,"caption":"BLOGIN.al"},"image":{"@id":"https:\/\/blogin.al\/#\/schema\/logo\/image\/"},"sameAs":["https:\/\/instagram.com\/blogin.al\/"]},{"@type":"Person","@id":"https:\/\/blogin.al\/#\/schema\/person\/abdd56bc912cd511db877b852b115399","name":"Blogin al","image":{"@type":"ImageObject","inLanguage":"en-US","@id":"https:\/\/secure.gravatar.com\/avatar\/60d5661aee6e835fb13dc75d2204cd0c1d61bef2efd137c0083e59ef831e235e?s=96&d=mm&r=g","url":"https:\/\/secure.gravatar.com\/avatar\/60d5661aee6e835fb13dc75d2204cd0c1d61bef2efd137c0083e59ef831e235e?s=96&d=mm&r=g","contentUrl":"https:\/\/secure.gravatar.com\/avatar\/60d5661aee6e835fb13dc75d2204cd0c1d61bef2efd137c0083e59ef831e235e?s=96&d=mm&r=g","caption":"Blogin al"},"sameAs":["https:\/\/blogin.al"],"url":"https:\/\/blogin.al\/?author=2"}]}},"_links":{"self":[{"href":"https:\/\/blogin.al\/index.php?rest_route=\/wp\/v2\/posts\/53161","targetHints":{"allow":["GET"]}}],"collection":[{"href":"https:\/\/blogin.al\/index.php?rest_route=\/wp\/v2\/posts"}],"about":[{"href":"https:\/\/blogin.al\/index.php?rest_route=\/wp\/v2\/types\/post"}],"author":[{"embeddable":true,"href":"https:\/\/blogin.al\/index.php?rest_route=\/wp\/v2\/users\/2"}],"replies":[{"embeddable":true,"href":"https:\/\/blogin.al\/index.php?rest_route=%2Fwp%2Fv2%2Fcomments&post=53161"}],"version-history":[{"count":1,"href":"https:\/\/blogin.al\/index.php?rest_route=\/wp\/v2\/posts\/53161\/revisions"}],"predecessor-version":[{"id":53162,"href":"https:\/\/blogin.al\/index.php?rest_route=\/wp\/v2\/posts\/53161\/revisions\/53162"}],"wp:featuredmedia":[{"embeddable":true,"href":"https:\/\/blogin.al\/index.php?rest_route=\/wp\/v2\/media\/53167"}],"wp:attachment":[{"href":"https:\/\/blogin.al\/index.php?rest_route=%2Fwp%2Fv2%2Fmedia&parent=53161"}],"wp:term":[{"taxonomy":"category","embeddable":true,"href":"https:\/\/blogin.al\/index.php?rest_route=%2Fwp%2Fv2%2Fcategories&post=53161"},{"taxonomy":"post_tag","embeddable":true,"href":"https:\/\/blogin.al\/index.php?rest_route=%2Fwp%2Fv2%2Ftags&post=53161"}],"curies":[{"name":"wp","href":"https:\/\/api.w.org\/{rel}","templated":true}]}}