{"id":53168,"date":"2024-12-04T13:14:32","date_gmt":"2024-12-04T13:14:32","guid":{"rendered":"https:\/\/blogin.al\/?p=53168"},"modified":"2024-12-04T17:46:21","modified_gmt":"2024-12-04T17:46:21","slug":"komentet-negative-per-anen-reagon-nena-e-kevinit-shikoni-motrat-dhe-grate-tuaja","status":"publish","type":"post","link":"https:\/\/blogin.al\/?p=53168","title":{"rendered":"Komentet negative p\u00ebr An\u00ebn, reagon n\u00ebna e Kevinit: Shikoni motrat dhe grat\u00eb tuaja"},"content":{"rendered":"\n<p>Ish-banorja e \u2018<em>Big Brother VIP Kosova 3\u2032<\/em>, Ana Ejupi, ka reaguar ndaj komenteve dhe ofendimeve q\u00eb ka marr\u00eb pas krijimit t\u00eb lidhjes me Kevin Edmond brenda formatit. Ana \u00ebsht\u00eb kritikuar p\u00ebr marr\u00ebdh\u00ebnien q\u00eb ka zhvilluar n\u00eb sht\u00ebpin\u00eb e Big Brother, si dhe p\u00ebr paraqitjen e saj gjat\u00eb programit. P\u00ebrkrahjes s\u00eb saj iu bashkua edhe n\u00ebna e Kevinit, e cila ka shp\u00ebrndar\u00eb nj\u00eb postim mb\u00ebshtet\u00ebs n\u00eb InstaStory, duke dal\u00eb n\u00eb mbrojtje t\u00eb An\u00ebs.<\/p>\n\n\n\n<figure class=\"wp-block-image is-style-default\"><img decoding=\"async\" src=\"https:\/\/iconstyle.al\/wp-content\/uploads\/2024\/12\/Screenshot_11-2-300x534.jpg\" alt=\"\" class=\"wp-image-683414\"\/><\/figure>\n\n\n\n<p><em>\u201cMarre duhet me ju ardh p\u00ebr ofendimet q\u00eb ia b\u00ebni An\u00ebs, njer\u00ebz analfabeta. P\u00ebr at\u00eb ju jeni aty ku jeni\u2026Jeni msu msheftas ju n\u00ebp\u00ebr motela, si shikoni motrat dhe grat\u00eb e juve\u201d,<\/em>&nbsp;u shpreh ajo.<\/p>\n\n\n\n<p>Melita tutje theksoi: \u201c<em>Ana \u00ebsht\u00eb tash n\u00eb familjen time dhe do ta mbroj\u00eb n\u00eb maksimum si me qen\u00eb vajza ime. Shikoni familjet e juaja para se me gjyku\u201d.<\/em><\/p>\n","protected":false},"excerpt":{"rendered":"<p>Ish-banorja e \u2018Big Brother VIP Kosova 3\u2032, Ana Ejupi, ka reaguar ndaj komenteve dhe ofendimeve q\u00eb ka marr\u00eb pas krijimit t\u00eb lidhjes me Kevin Edmond brenda formatit. Ana \u00ebsht\u00eb kritikuar p\u00ebr marr\u00ebdh\u00ebnien q\u00eb ka zhvilluar n\u00eb sht\u00ebpin\u00eb e Big Brother, si dhe p\u00ebr paraqitjen e saj gjat\u00eb programit. P\u00ebrkrahjes s\u00eb saj iu bashkua edhe n\u00ebna [&hellip;]<\/p>\n","protected":false},"author":2,"featured_media":53174,"comment_status":"closed","ping_status":"closed","sticky":false,"template":"","format":"standard","meta":{"footnotes":""},"categories":[33],"tags":[],"class_list":{"0":"post-53168","1":"post","2":"type-post","3":"status-publish","4":"format-standard","5":"has-post-thumbnail","7":"category-showbiz"},"yoast_head":"<!-- This site is optimized with the Yoast SEO plugin v27.5 - https:\/\/yoast.com\/product\/yoast-seo-wordpress\/ -->\n<title>Komentet negative p\u00ebr An\u00ebn, reagon n\u00ebna e Kevinit: Shikoni motrat dhe grat\u00eb tuaja - blogin.al<\/title>\n<meta name=\"robots\" content=\"index, follow, max-snippet:-1, max-image-preview:large, max-video-preview:-1\" \/>\n<link rel=\"canonical\" href=\"https:\/\/blogin.al\/?p=53168\" \/>\n<meta property=\"og:locale\" content=\"en_US\" \/>\n<meta property=\"og:type\" content=\"article\" \/>\n<meta property=\"og:title\" content=\"Komentet negative p\u00ebr An\u00ebn, reagon n\u00ebna e Kevinit: Shikoni motrat dhe grat\u00eb tuaja - blogin.al\" \/>\n<meta property=\"og:description\" content=\"Ish-banorja e \u2018Big Brother VIP Kosova 3\u2032, Ana Ejupi, ka reaguar ndaj komenteve dhe ofendimeve q\u00eb ka marr\u00eb pas krijimit t\u00eb lidhjes me Kevin Edmond brenda formatit. Ana \u00ebsht\u00eb kritikuar p\u00ebr marr\u00ebdh\u00ebnien q\u00eb ka zhvilluar n\u00eb sht\u00ebpin\u00eb e Big Brother, si dhe p\u00ebr paraqitjen e saj gjat\u00eb programit. P\u00ebrkrahjes s\u00eb saj iu bashkua edhe n\u00ebna [&hellip;]\" \/>\n<meta property=\"og:url\" content=\"https:\/\/blogin.al\/?p=53168\" \/>\n<meta property=\"og:site_name\" content=\"blogin.al\" \/>\n<meta property=\"article:published_time\" content=\"2024-12-04T13:14:32+00:00\" \/>\n<meta property=\"article:modified_time\" content=\"2024-12-04T17:46:21+00:00\" \/>\n<meta property=\"og:image\" content=\"https:\/\/blogin.al\/wp-content\/uploads\/2024\/12\/maxresdefault.jpg\" \/>\n\t<meta property=\"og:image:width\" content=\"1280\" \/>\n\t<meta property=\"og:image:height\" content=\"720\" \/>\n\t<meta property=\"og:image:type\" content=\"image\/jpeg\" \/>\n<meta name=\"author\" content=\"Blogin al\" \/>\n<meta name=\"twitter:card\" content=\"summary_large_image\" \/>\n<meta name=\"twitter:label1\" content=\"Written by\" \/>\n\t<meta name=\"twitter:data1\" content=\"Blogin al\" \/>\n\t<meta name=\"twitter:label2\" content=\"Est. reading time\" \/>\n\t<meta name=\"twitter:data2\" content=\"1 minute\" \/>\n<script type=\"application\/ld+json\" class=\"yoast-schema-graph\">{\"@context\":\"https:\\\/\\\/schema.org\",\"@graph\":[{\"@type\":\"Article\",\"@id\":\"https:\\\/\\\/blogin.al\\\/?p=53168#article\",\"isPartOf\":{\"@id\":\"https:\\\/\\\/blogin.al\\\/?p=53168\"},\"author\":{\"name\":\"Blogin al\",\"@id\":\"https:\\\/\\\/blogin.al\\\/#\\\/schema\\\/person\\\/abdd56bc912cd511db877b852b115399\"},\"headline\":\"Komentet negative p\u00ebr An\u00ebn, reagon n\u00ebna e Kevinit: Shikoni motrat dhe grat\u00eb tuaja\",\"datePublished\":\"2024-12-04T13:14:32+00:00\",\"dateModified\":\"2024-12-04T17:46:21+00:00\",\"mainEntityOfPage\":{\"@id\":\"https:\\\/\\\/blogin.al\\\/?p=53168\"},\"wordCount\":170,\"publisher\":{\"@id\":\"https:\\\/\\\/blogin.al\\\/#organization\"},\"image\":{\"@id\":\"https:\\\/\\\/blogin.al\\\/?p=53168#primaryimage\"},\"thumbnailUrl\":\"https:\\\/\\\/blogin.al\\\/wp-content\\\/uploads\\\/2024\\\/12\\\/maxresdefault.jpg\",\"articleSection\":[\"SHOWBIZ\"],\"inLanguage\":\"en-US\"},{\"@type\":\"WebPage\",\"@id\":\"https:\\\/\\\/blogin.al\\\/?p=53168\",\"url\":\"https:\\\/\\\/blogin.al\\\/?p=53168\",\"name\":\"Komentet negative p\u00ebr An\u00ebn, reagon n\u00ebna e Kevinit: Shikoni motrat dhe grat\u00eb tuaja - blogin.al\",\"isPartOf\":{\"@id\":\"https:\\\/\\\/blogin.al\\\/#website\"},\"primaryImageOfPage\":{\"@id\":\"https:\\\/\\\/blogin.al\\\/?p=53168#primaryimage\"},\"image\":{\"@id\":\"https:\\\/\\\/blogin.al\\\/?p=53168#primaryimage\"},\"thumbnailUrl\":\"https:\\\/\\\/blogin.al\\\/wp-content\\\/uploads\\\/2024\\\/12\\\/maxresdefault.jpg\",\"datePublished\":\"2024-12-04T13:14:32+00:00\",\"dateModified\":\"2024-12-04T17:46:21+00:00\",\"breadcrumb\":{\"@id\":\"https:\\\/\\\/blogin.al\\\/?p=53168#breadcrumb\"},\"inLanguage\":\"en-US\",\"potentialAction\":[{\"@type\":\"ReadAction\",\"target\":[\"https:\\\/\\\/blogin.al\\\/?p=53168\"]}]},{\"@type\":\"ImageObject\",\"inLanguage\":\"en-US\",\"@id\":\"https:\\\/\\\/blogin.al\\\/?p=53168#primaryimage\",\"url\":\"https:\\\/\\\/blogin.al\\\/wp-content\\\/uploads\\\/2024\\\/12\\\/maxresdefault.jpg\",\"contentUrl\":\"https:\\\/\\\/blogin.al\\\/wp-content\\\/uploads\\\/2024\\\/12\\\/maxresdefault.jpg\",\"width\":1280,\"height\":720},{\"@type\":\"BreadcrumbList\",\"@id\":\"https:\\\/\\\/blogin.al\\\/?p=53168#breadcrumb\",\"itemListElement\":[{\"@type\":\"ListItem\",\"position\":1,\"name\":\"Home\",\"item\":\"https:\\\/\\\/blogin.al\\\/\"},{\"@type\":\"ListItem\",\"position\":2,\"name\":\"Komentet negative p\u00ebr An\u00ebn, reagon n\u00ebna e Kevinit: Shikoni motrat dhe grat\u00eb tuaja\"}]},{\"@type\":\"WebSite\",\"@id\":\"https:\\\/\\\/blogin.al\\\/#website\",\"url\":\"https:\\\/\\\/blogin.al\\\/\",\"name\":\"blogin.al\",\"description\":\"\",\"publisher\":{\"@id\":\"https:\\\/\\\/blogin.al\\\/#organization\"},\"potentialAction\":[{\"@type\":\"SearchAction\",\"target\":{\"@type\":\"EntryPoint\",\"urlTemplate\":\"https:\\\/\\\/blogin.al\\\/?s={search_term_string}\"},\"query-input\":{\"@type\":\"PropertyValueSpecification\",\"valueRequired\":true,\"valueName\":\"search_term_string\"}}],\"inLanguage\":\"en-US\"},{\"@type\":\"Organization\",\"@id\":\"https:\\\/\\\/blogin.al\\\/#organization\",\"name\":\"BLOGIN.al\",\"url\":\"https:\\\/\\\/blogin.al\\\/\",\"logo\":{\"@type\":\"ImageObject\",\"inLanguage\":\"en-US\",\"@id\":\"https:\\\/\\\/blogin.al\\\/#\\\/schema\\\/logo\\\/image\\\/\",\"url\":\"https:\\\/\\\/blogin.al\\\/wp-content\\\/uploads\\\/2022\\\/05\\\/Untitled-2-01-e1652084456514.png\",\"contentUrl\":\"https:\\\/\\\/blogin.al\\\/wp-content\\\/uploads\\\/2022\\\/05\\\/Untitled-2-01-e1652084456514.png\",\"width\":3723,\"height\":1698,\"caption\":\"BLOGIN.al\"},\"image\":{\"@id\":\"https:\\\/\\\/blogin.al\\\/#\\\/schema\\\/logo\\\/image\\\/\"},\"sameAs\":[\"https:\\\/\\\/instagram.com\\\/blogin.al\\\/\"]},{\"@type\":\"Person\",\"@id\":\"https:\\\/\\\/blogin.al\\\/#\\\/schema\\\/person\\\/abdd56bc912cd511db877b852b115399\",\"name\":\"Blogin al\",\"image\":{\"@type\":\"ImageObject\",\"inLanguage\":\"en-US\",\"@id\":\"https:\\\/\\\/secure.gravatar.com\\\/avatar\\\/60d5661aee6e835fb13dc75d2204cd0c1d61bef2efd137c0083e59ef831e235e?s=96&d=mm&r=g\",\"url\":\"https:\\\/\\\/secure.gravatar.com\\\/avatar\\\/60d5661aee6e835fb13dc75d2204cd0c1d61bef2efd137c0083e59ef831e235e?s=96&d=mm&r=g\",\"contentUrl\":\"https:\\\/\\\/secure.gravatar.com\\\/avatar\\\/60d5661aee6e835fb13dc75d2204cd0c1d61bef2efd137c0083e59ef831e235e?s=96&d=mm&r=g\",\"caption\":\"Blogin al\"},\"sameAs\":[\"https:\\\/\\\/blogin.al\"],\"url\":\"https:\\\/\\\/blogin.al\\\/?author=2\"}]}<\/script>\n<!-- \/ Yoast SEO plugin. -->","yoast_head_json":{"title":"Komentet negative p\u00ebr An\u00ebn, reagon n\u00ebna e Kevinit: Shikoni motrat dhe grat\u00eb tuaja - blogin.al","robots":{"index":"index","follow":"follow","max-snippet":"max-snippet:-1","max-image-preview":"max-image-preview:large","max-video-preview":"max-video-preview:-1"},"canonical":"https:\/\/blogin.al\/?p=53168","og_locale":"en_US","og_type":"article","og_title":"Komentet negative p\u00ebr An\u00ebn, reagon n\u00ebna e Kevinit: Shikoni motrat dhe grat\u00eb tuaja - blogin.al","og_description":"Ish-banorja e \u2018Big Brother VIP Kosova 3\u2032, Ana Ejupi, ka reaguar ndaj komenteve dhe ofendimeve q\u00eb ka marr\u00eb pas krijimit t\u00eb lidhjes me Kevin Edmond brenda formatit. Ana \u00ebsht\u00eb kritikuar p\u00ebr marr\u00ebdh\u00ebnien q\u00eb ka zhvilluar n\u00eb sht\u00ebpin\u00eb e Big Brother, si dhe p\u00ebr paraqitjen e saj gjat\u00eb programit. P\u00ebrkrahjes s\u00eb saj iu bashkua edhe n\u00ebna [&hellip;]","og_url":"https:\/\/blogin.al\/?p=53168","og_site_name":"blogin.al","article_published_time":"2024-12-04T13:14:32+00:00","article_modified_time":"2024-12-04T17:46:21+00:00","og_image":[{"width":1280,"height":720,"url":"https:\/\/blogin.al\/wp-content\/uploads\/2024\/12\/maxresdefault.jpg","type":"image\/jpeg"}],"author":"Blogin al","twitter_card":"summary_large_image","twitter_misc":{"Written by":"Blogin al","Est. reading time":"1 minute"},"schema":{"@context":"https:\/\/schema.org","@graph":[{"@type":"Article","@id":"https:\/\/blogin.al\/?p=53168#article","isPartOf":{"@id":"https:\/\/blogin.al\/?p=53168"},"author":{"name":"Blogin al","@id":"https:\/\/blogin.al\/#\/schema\/person\/abdd56bc912cd511db877b852b115399"},"headline":"Komentet negative p\u00ebr An\u00ebn, reagon n\u00ebna e Kevinit: Shikoni motrat dhe grat\u00eb tuaja","datePublished":"2024-12-04T13:14:32+00:00","dateModified":"2024-12-04T17:46:21+00:00","mainEntityOfPage":{"@id":"https:\/\/blogin.al\/?p=53168"},"wordCount":170,"publisher":{"@id":"https:\/\/blogin.al\/#organization"},"image":{"@id":"https:\/\/blogin.al\/?p=53168#primaryimage"},"thumbnailUrl":"https:\/\/blogin.al\/wp-content\/uploads\/2024\/12\/maxresdefault.jpg","articleSection":["SHOWBIZ"],"inLanguage":"en-US"},{"@type":"WebPage","@id":"https:\/\/blogin.al\/?p=53168","url":"https:\/\/blogin.al\/?p=53168","name":"Komentet negative p\u00ebr An\u00ebn, reagon n\u00ebna e Kevinit: Shikoni motrat dhe grat\u00eb tuaja - blogin.al","isPartOf":{"@id":"https:\/\/blogin.al\/#website"},"primaryImageOfPage":{"@id":"https:\/\/blogin.al\/?p=53168#primaryimage"},"image":{"@id":"https:\/\/blogin.al\/?p=53168#primaryimage"},"thumbnailUrl":"https:\/\/blogin.al\/wp-content\/uploads\/2024\/12\/maxresdefault.jpg","datePublished":"2024-12-04T13:14:32+00:00","dateModified":"2024-12-04T17:46:21+00:00","breadcrumb":{"@id":"https:\/\/blogin.al\/?p=53168#breadcrumb"},"inLanguage":"en-US","potentialAction":[{"@type":"ReadAction","target":["https:\/\/blogin.al\/?p=53168"]}]},{"@type":"ImageObject","inLanguage":"en-US","@id":"https:\/\/blogin.al\/?p=53168#primaryimage","url":"https:\/\/blogin.al\/wp-content\/uploads\/2024\/12\/maxresdefault.jpg","contentUrl":"https:\/\/blogin.al\/wp-content\/uploads\/2024\/12\/maxresdefault.jpg","width":1280,"height":720},{"@type":"BreadcrumbList","@id":"https:\/\/blogin.al\/?p=53168#breadcrumb","itemListElement":[{"@type":"ListItem","position":1,"name":"Home","item":"https:\/\/blogin.al\/"},{"@type":"ListItem","position":2,"name":"Komentet negative p\u00ebr An\u00ebn, reagon n\u00ebna e Kevinit: Shikoni motrat dhe grat\u00eb tuaja"}]},{"@type":"WebSite","@id":"https:\/\/blogin.al\/#website","url":"https:\/\/blogin.al\/","name":"blogin.al","description":"","publisher":{"@id":"https:\/\/blogin.al\/#organization"},"potentialAction":[{"@type":"SearchAction","target":{"@type":"EntryPoint","urlTemplate":"https:\/\/blogin.al\/?s={search_term_string}"},"query-input":{"@type":"PropertyValueSpecification","valueRequired":true,"valueName":"search_term_string"}}],"inLanguage":"en-US"},{"@type":"Organization","@id":"https:\/\/blogin.al\/#organization","name":"BLOGIN.al","url":"https:\/\/blogin.al\/","logo":{"@type":"ImageObject","inLanguage":"en-US","@id":"https:\/\/blogin.al\/#\/schema\/logo\/image\/","url":"https:\/\/blogin.al\/wp-content\/uploads\/2022\/05\/Untitled-2-01-e1652084456514.png","contentUrl":"https:\/\/blogin.al\/wp-content\/uploads\/2022\/05\/Untitled-2-01-e1652084456514.png","width":3723,"height":1698,"caption":"BLOGIN.al"},"image":{"@id":"https:\/\/blogin.al\/#\/schema\/logo\/image\/"},"sameAs":["https:\/\/instagram.com\/blogin.al\/"]},{"@type":"Person","@id":"https:\/\/blogin.al\/#\/schema\/person\/abdd56bc912cd511db877b852b115399","name":"Blogin al","image":{"@type":"ImageObject","inLanguage":"en-US","@id":"https:\/\/secure.gravatar.com\/avatar\/60d5661aee6e835fb13dc75d2204cd0c1d61bef2efd137c0083e59ef831e235e?s=96&d=mm&r=g","url":"https:\/\/secure.gravatar.com\/avatar\/60d5661aee6e835fb13dc75d2204cd0c1d61bef2efd137c0083e59ef831e235e?s=96&d=mm&r=g","contentUrl":"https:\/\/secure.gravatar.com\/avatar\/60d5661aee6e835fb13dc75d2204cd0c1d61bef2efd137c0083e59ef831e235e?s=96&d=mm&r=g","caption":"Blogin al"},"sameAs":["https:\/\/blogin.al"],"url":"https:\/\/blogin.al\/?author=2"}]}},"_links":{"self":[{"href":"https:\/\/blogin.al\/index.php?rest_route=\/wp\/v2\/posts\/53168","targetHints":{"allow":["GET"]}}],"collection":[{"href":"https:\/\/blogin.al\/index.php?rest_route=\/wp\/v2\/posts"}],"about":[{"href":"https:\/\/blogin.al\/index.php?rest_route=\/wp\/v2\/types\/post"}],"author":[{"embeddable":true,"href":"https:\/\/blogin.al\/index.php?rest_route=\/wp\/v2\/users\/2"}],"replies":[{"embeddable":true,"href":"https:\/\/blogin.al\/index.php?rest_route=%2Fwp%2Fv2%2Fcomments&post=53168"}],"version-history":[{"count":1,"href":"https:\/\/blogin.al\/index.php?rest_route=\/wp\/v2\/posts\/53168\/revisions"}],"predecessor-version":[{"id":53169,"href":"https:\/\/blogin.al\/index.php?rest_route=\/wp\/v2\/posts\/53168\/revisions\/53169"}],"wp:featuredmedia":[{"embeddable":true,"href":"https:\/\/blogin.al\/index.php?rest_route=\/wp\/v2\/media\/53174"}],"wp:attachment":[{"href":"https:\/\/blogin.al\/index.php?rest_route=%2Fwp%2Fv2%2Fmedia&parent=53168"}],"wp:term":[{"taxonomy":"category","embeddable":true,"href":"https:\/\/blogin.al\/index.php?rest_route=%2Fwp%2Fv2%2Fcategories&post=53168"},{"taxonomy":"post_tag","embeddable":true,"href":"https:\/\/blogin.al\/index.php?rest_route=%2Fwp%2Fv2%2Ftags&post=53168"}],"curies":[{"name":"wp","href":"https:\/\/api.w.org\/{rel}","templated":true}]}}