{"id":53198,"date":"2024-12-05T14:17:24","date_gmt":"2024-12-05T14:17:24","guid":{"rendered":"https:\/\/blogin.al\/?p=53198"},"modified":"2024-12-05T14:17:34","modified_gmt":"2024-12-05T14:17:34","slug":"lidhja-e-re-e-arbenites-fero-vajza-ime-po-keqperdoret-nga-burra-te-huaj","status":"publish","type":"post","link":"https:\/\/blogin.al\/?p=53198","title":{"rendered":"Lidhja e re e Arbenit\u00ebs, Fero: Vajza ime po keqp\u00ebrdoret nga burra t\u00eb huaj"},"content":{"rendered":"\n<p>Fero ka reaguar s\u00ebrish p\u00ebr fotot q\u00eb postoi n\u00eb rrjetin social \u2018Instagram\u2019, ku shfaqej Arbenita Ismajli, me vajz\u00ebn, n\u00ebn shoq\u00ebrin\u00eb e nj\u00eb mashkulli tjet\u00ebr. N\u00eb emisionin \u2018Shqip\u00ebria Live\u2019, ai tha se \u00ebsht\u00eb i shqet\u00ebsuar vet\u00ebm p\u00ebr vajz\u00ebn e tij, duke th\u00ebn\u00eb se vajza e tij po keqp\u00ebrdoret nga burra t\u00eb huaj.<\/p>\n\n\n\n<p><em>\u201cUn\u00eb kam hedhur nj\u00eb foto se aty q\u00ebndron vajza ime, un\u00eb kam argumente se vajza ime keqp\u00ebrdoret nga burra t\u00eb huaj. Ajo q\u00ebndron me burra t\u00eb huaj. \u00cbsht\u00eb shqet\u00ebsimi im p\u00ebr vajz\u00ebn. Ajo ka jet\u00ebn e vet, mundet t\u00eb b\u00ebj\u00eb \u00e7far\u00eb t\u00eb doj\u00eb. Vajza \u00ebsht\u00eb pika ime e dob\u00ebt, n\u00ebse ti vendos t\u00eb b\u00ebsh pun\u00ebt q\u00eb do t\u00eb b\u00ebsh, mos e p\u00ebrfshi vajz\u00ebn. Patjet\u00ebr q\u00eb un\u00eb jam i shqet\u00ebsuar p\u00ebr t\u00eb ardhmen e vajz\u00ebs time.<\/em>\u201c- u shpreh Fero.<\/p>\n","protected":false},"excerpt":{"rendered":"<p>Fero ka reaguar s\u00ebrish p\u00ebr fotot q\u00eb postoi n\u00eb rrjetin social \u2018Instagram\u2019, ku shfaqej Arbenita Ismajli, me vajz\u00ebn, n\u00ebn shoq\u00ebrin\u00eb e nj\u00eb mashkulli tjet\u00ebr. N\u00eb emisionin \u2018Shqip\u00ebria Live\u2019, ai tha se \u00ebsht\u00eb i shqet\u00ebsuar vet\u00ebm p\u00ebr vajz\u00ebn e tij, duke th\u00ebn\u00eb se vajza e tij po keqp\u00ebrdoret nga burra t\u00eb huaj. \u201cUn\u00eb kam hedhur nj\u00eb [&hellip;]<\/p>\n","protected":false},"author":2,"featured_media":53119,"comment_status":"closed","ping_status":"closed","sticky":false,"template":"","format":"standard","meta":{"footnotes":""},"categories":[33],"tags":[],"class_list":{"0":"post-53198","1":"post","2":"type-post","3":"status-publish","4":"format-standard","5":"has-post-thumbnail","7":"category-showbiz"},"yoast_head":"<!-- This site is optimized with the Yoast SEO plugin v27.5 - https:\/\/yoast.com\/product\/yoast-seo-wordpress\/ -->\n<title>Lidhja e re e Arbenit\u00ebs, Fero: Vajza ime po keqp\u00ebrdoret nga burra t\u00eb huaj - blogin.al<\/title>\n<meta name=\"robots\" content=\"index, follow, max-snippet:-1, max-image-preview:large, max-video-preview:-1\" \/>\n<link rel=\"canonical\" href=\"https:\/\/blogin.al\/?p=53198\" \/>\n<meta property=\"og:locale\" content=\"en_US\" \/>\n<meta property=\"og:type\" content=\"article\" \/>\n<meta property=\"og:title\" content=\"Lidhja e re e Arbenit\u00ebs, Fero: Vajza ime po keqp\u00ebrdoret nga burra t\u00eb huaj - blogin.al\" \/>\n<meta property=\"og:description\" content=\"Fero ka reaguar s\u00ebrish p\u00ebr fotot q\u00eb postoi n\u00eb rrjetin social \u2018Instagram\u2019, ku shfaqej Arbenita Ismajli, me vajz\u00ebn, n\u00ebn shoq\u00ebrin\u00eb e nj\u00eb mashkulli tjet\u00ebr. N\u00eb emisionin \u2018Shqip\u00ebria Live\u2019, ai tha se \u00ebsht\u00eb i shqet\u00ebsuar vet\u00ebm p\u00ebr vajz\u00ebn e tij, duke th\u00ebn\u00eb se vajza e tij po keqp\u00ebrdoret nga burra t\u00eb huaj. \u201cUn\u00eb kam hedhur nj\u00eb [&hellip;]\" \/>\n<meta property=\"og:url\" content=\"https:\/\/blogin.al\/?p=53198\" \/>\n<meta property=\"og:site_name\" content=\"blogin.al\" \/>\n<meta property=\"article:published_time\" content=\"2024-12-05T14:17:24+00:00\" \/>\n<meta property=\"article:modified_time\" content=\"2024-12-05T14:17:34+00:00\" \/>\n<meta property=\"og:image\" content=\"https:\/\/blogin.al\/wp-content\/uploads\/2024\/12\/640-0-6719fdb19aabe.png\" \/>\n\t<meta property=\"og:image:width\" content=\"640\" \/>\n\t<meta property=\"og:image:height\" content=\"695\" \/>\n\t<meta property=\"og:image:type\" content=\"image\/png\" \/>\n<meta name=\"author\" content=\"Blogin al\" \/>\n<meta name=\"twitter:card\" content=\"summary_large_image\" \/>\n<meta name=\"twitter:label1\" content=\"Written by\" \/>\n\t<meta name=\"twitter:data1\" content=\"Blogin al\" \/>\n\t<meta name=\"twitter:label2\" content=\"Est. reading time\" \/>\n\t<meta name=\"twitter:data2\" content=\"1 minute\" \/>\n<script type=\"application\/ld+json\" class=\"yoast-schema-graph\">{\"@context\":\"https:\\\/\\\/schema.org\",\"@graph\":[{\"@type\":\"Article\",\"@id\":\"https:\\\/\\\/blogin.al\\\/?p=53198#article\",\"isPartOf\":{\"@id\":\"https:\\\/\\\/blogin.al\\\/?p=53198\"},\"author\":{\"name\":\"Blogin al\",\"@id\":\"https:\\\/\\\/blogin.al\\\/#\\\/schema\\\/person\\\/abdd56bc912cd511db877b852b115399\"},\"headline\":\"Lidhja e re e Arbenit\u00ebs, Fero: Vajza ime po keqp\u00ebrdoret nga burra t\u00eb huaj\",\"datePublished\":\"2024-12-05T14:17:24+00:00\",\"dateModified\":\"2024-12-05T14:17:34+00:00\",\"mainEntityOfPage\":{\"@id\":\"https:\\\/\\\/blogin.al\\\/?p=53198\"},\"wordCount\":178,\"publisher\":{\"@id\":\"https:\\\/\\\/blogin.al\\\/#organization\"},\"image\":{\"@id\":\"https:\\\/\\\/blogin.al\\\/?p=53198#primaryimage\"},\"thumbnailUrl\":\"https:\\\/\\\/blogin.al\\\/wp-content\\\/uploads\\\/2024\\\/12\\\/640-0-6719fdb19aabe.png\",\"articleSection\":[\"SHOWBIZ\"],\"inLanguage\":\"en-US\"},{\"@type\":\"WebPage\",\"@id\":\"https:\\\/\\\/blogin.al\\\/?p=53198\",\"url\":\"https:\\\/\\\/blogin.al\\\/?p=53198\",\"name\":\"Lidhja e re e Arbenit\u00ebs, Fero: Vajza ime po keqp\u00ebrdoret nga burra t\u00eb huaj - blogin.al\",\"isPartOf\":{\"@id\":\"https:\\\/\\\/blogin.al\\\/#website\"},\"primaryImageOfPage\":{\"@id\":\"https:\\\/\\\/blogin.al\\\/?p=53198#primaryimage\"},\"image\":{\"@id\":\"https:\\\/\\\/blogin.al\\\/?p=53198#primaryimage\"},\"thumbnailUrl\":\"https:\\\/\\\/blogin.al\\\/wp-content\\\/uploads\\\/2024\\\/12\\\/640-0-6719fdb19aabe.png\",\"datePublished\":\"2024-12-05T14:17:24+00:00\",\"dateModified\":\"2024-12-05T14:17:34+00:00\",\"breadcrumb\":{\"@id\":\"https:\\\/\\\/blogin.al\\\/?p=53198#breadcrumb\"},\"inLanguage\":\"en-US\",\"potentialAction\":[{\"@type\":\"ReadAction\",\"target\":[\"https:\\\/\\\/blogin.al\\\/?p=53198\"]}]},{\"@type\":\"ImageObject\",\"inLanguage\":\"en-US\",\"@id\":\"https:\\\/\\\/blogin.al\\\/?p=53198#primaryimage\",\"url\":\"https:\\\/\\\/blogin.al\\\/wp-content\\\/uploads\\\/2024\\\/12\\\/640-0-6719fdb19aabe.png\",\"contentUrl\":\"https:\\\/\\\/blogin.al\\\/wp-content\\\/uploads\\\/2024\\\/12\\\/640-0-6719fdb19aabe.png\",\"width\":640,\"height\":695},{\"@type\":\"BreadcrumbList\",\"@id\":\"https:\\\/\\\/blogin.al\\\/?p=53198#breadcrumb\",\"itemListElement\":[{\"@type\":\"ListItem\",\"position\":1,\"name\":\"Home\",\"item\":\"https:\\\/\\\/blogin.al\\\/\"},{\"@type\":\"ListItem\",\"position\":2,\"name\":\"Lidhja e re e Arbenit\u00ebs, Fero: Vajza ime po keqp\u00ebrdoret nga burra t\u00eb huaj\"}]},{\"@type\":\"WebSite\",\"@id\":\"https:\\\/\\\/blogin.al\\\/#website\",\"url\":\"https:\\\/\\\/blogin.al\\\/\",\"name\":\"blogin.al\",\"description\":\"\",\"publisher\":{\"@id\":\"https:\\\/\\\/blogin.al\\\/#organization\"},\"potentialAction\":[{\"@type\":\"SearchAction\",\"target\":{\"@type\":\"EntryPoint\",\"urlTemplate\":\"https:\\\/\\\/blogin.al\\\/?s={search_term_string}\"},\"query-input\":{\"@type\":\"PropertyValueSpecification\",\"valueRequired\":true,\"valueName\":\"search_term_string\"}}],\"inLanguage\":\"en-US\"},{\"@type\":\"Organization\",\"@id\":\"https:\\\/\\\/blogin.al\\\/#organization\",\"name\":\"BLOGIN.al\",\"url\":\"https:\\\/\\\/blogin.al\\\/\",\"logo\":{\"@type\":\"ImageObject\",\"inLanguage\":\"en-US\",\"@id\":\"https:\\\/\\\/blogin.al\\\/#\\\/schema\\\/logo\\\/image\\\/\",\"url\":\"https:\\\/\\\/blogin.al\\\/wp-content\\\/uploads\\\/2022\\\/05\\\/Untitled-2-01-e1652084456514.png\",\"contentUrl\":\"https:\\\/\\\/blogin.al\\\/wp-content\\\/uploads\\\/2022\\\/05\\\/Untitled-2-01-e1652084456514.png\",\"width\":3723,\"height\":1698,\"caption\":\"BLOGIN.al\"},\"image\":{\"@id\":\"https:\\\/\\\/blogin.al\\\/#\\\/schema\\\/logo\\\/image\\\/\"},\"sameAs\":[\"https:\\\/\\\/instagram.com\\\/blogin.al\\\/\"]},{\"@type\":\"Person\",\"@id\":\"https:\\\/\\\/blogin.al\\\/#\\\/schema\\\/person\\\/abdd56bc912cd511db877b852b115399\",\"name\":\"Blogin al\",\"image\":{\"@type\":\"ImageObject\",\"inLanguage\":\"en-US\",\"@id\":\"https:\\\/\\\/secure.gravatar.com\\\/avatar\\\/60d5661aee6e835fb13dc75d2204cd0c1d61bef2efd137c0083e59ef831e235e?s=96&d=mm&r=g\",\"url\":\"https:\\\/\\\/secure.gravatar.com\\\/avatar\\\/60d5661aee6e835fb13dc75d2204cd0c1d61bef2efd137c0083e59ef831e235e?s=96&d=mm&r=g\",\"contentUrl\":\"https:\\\/\\\/secure.gravatar.com\\\/avatar\\\/60d5661aee6e835fb13dc75d2204cd0c1d61bef2efd137c0083e59ef831e235e?s=96&d=mm&r=g\",\"caption\":\"Blogin al\"},\"sameAs\":[\"https:\\\/\\\/blogin.al\"],\"url\":\"https:\\\/\\\/blogin.al\\\/?author=2\"}]}<\/script>\n<!-- \/ Yoast SEO plugin. -->","yoast_head_json":{"title":"Lidhja e re e Arbenit\u00ebs, Fero: Vajza ime po keqp\u00ebrdoret nga burra t\u00eb huaj - blogin.al","robots":{"index":"index","follow":"follow","max-snippet":"max-snippet:-1","max-image-preview":"max-image-preview:large","max-video-preview":"max-video-preview:-1"},"canonical":"https:\/\/blogin.al\/?p=53198","og_locale":"en_US","og_type":"article","og_title":"Lidhja e re e Arbenit\u00ebs, Fero: Vajza ime po keqp\u00ebrdoret nga burra t\u00eb huaj - blogin.al","og_description":"Fero ka reaguar s\u00ebrish p\u00ebr fotot q\u00eb postoi n\u00eb rrjetin social \u2018Instagram\u2019, ku shfaqej Arbenita Ismajli, me vajz\u00ebn, n\u00ebn shoq\u00ebrin\u00eb e nj\u00eb mashkulli tjet\u00ebr. N\u00eb emisionin \u2018Shqip\u00ebria Live\u2019, ai tha se \u00ebsht\u00eb i shqet\u00ebsuar vet\u00ebm p\u00ebr vajz\u00ebn e tij, duke th\u00ebn\u00eb se vajza e tij po keqp\u00ebrdoret nga burra t\u00eb huaj. \u201cUn\u00eb kam hedhur nj\u00eb [&hellip;]","og_url":"https:\/\/blogin.al\/?p=53198","og_site_name":"blogin.al","article_published_time":"2024-12-05T14:17:24+00:00","article_modified_time":"2024-12-05T14:17:34+00:00","og_image":[{"width":640,"height":695,"url":"https:\/\/blogin.al\/wp-content\/uploads\/2024\/12\/640-0-6719fdb19aabe.png","type":"image\/png"}],"author":"Blogin al","twitter_card":"summary_large_image","twitter_misc":{"Written by":"Blogin al","Est. reading time":"1 minute"},"schema":{"@context":"https:\/\/schema.org","@graph":[{"@type":"Article","@id":"https:\/\/blogin.al\/?p=53198#article","isPartOf":{"@id":"https:\/\/blogin.al\/?p=53198"},"author":{"name":"Blogin al","@id":"https:\/\/blogin.al\/#\/schema\/person\/abdd56bc912cd511db877b852b115399"},"headline":"Lidhja e re e Arbenit\u00ebs, Fero: Vajza ime po keqp\u00ebrdoret nga burra t\u00eb huaj","datePublished":"2024-12-05T14:17:24+00:00","dateModified":"2024-12-05T14:17:34+00:00","mainEntityOfPage":{"@id":"https:\/\/blogin.al\/?p=53198"},"wordCount":178,"publisher":{"@id":"https:\/\/blogin.al\/#organization"},"image":{"@id":"https:\/\/blogin.al\/?p=53198#primaryimage"},"thumbnailUrl":"https:\/\/blogin.al\/wp-content\/uploads\/2024\/12\/640-0-6719fdb19aabe.png","articleSection":["SHOWBIZ"],"inLanguage":"en-US"},{"@type":"WebPage","@id":"https:\/\/blogin.al\/?p=53198","url":"https:\/\/blogin.al\/?p=53198","name":"Lidhja e re e Arbenit\u00ebs, Fero: Vajza ime po keqp\u00ebrdoret nga burra t\u00eb huaj - blogin.al","isPartOf":{"@id":"https:\/\/blogin.al\/#website"},"primaryImageOfPage":{"@id":"https:\/\/blogin.al\/?p=53198#primaryimage"},"image":{"@id":"https:\/\/blogin.al\/?p=53198#primaryimage"},"thumbnailUrl":"https:\/\/blogin.al\/wp-content\/uploads\/2024\/12\/640-0-6719fdb19aabe.png","datePublished":"2024-12-05T14:17:24+00:00","dateModified":"2024-12-05T14:17:34+00:00","breadcrumb":{"@id":"https:\/\/blogin.al\/?p=53198#breadcrumb"},"inLanguage":"en-US","potentialAction":[{"@type":"ReadAction","target":["https:\/\/blogin.al\/?p=53198"]}]},{"@type":"ImageObject","inLanguage":"en-US","@id":"https:\/\/blogin.al\/?p=53198#primaryimage","url":"https:\/\/blogin.al\/wp-content\/uploads\/2024\/12\/640-0-6719fdb19aabe.png","contentUrl":"https:\/\/blogin.al\/wp-content\/uploads\/2024\/12\/640-0-6719fdb19aabe.png","width":640,"height":695},{"@type":"BreadcrumbList","@id":"https:\/\/blogin.al\/?p=53198#breadcrumb","itemListElement":[{"@type":"ListItem","position":1,"name":"Home","item":"https:\/\/blogin.al\/"},{"@type":"ListItem","position":2,"name":"Lidhja e re e Arbenit\u00ebs, Fero: Vajza ime po keqp\u00ebrdoret nga burra t\u00eb huaj"}]},{"@type":"WebSite","@id":"https:\/\/blogin.al\/#website","url":"https:\/\/blogin.al\/","name":"blogin.al","description":"","publisher":{"@id":"https:\/\/blogin.al\/#organization"},"potentialAction":[{"@type":"SearchAction","target":{"@type":"EntryPoint","urlTemplate":"https:\/\/blogin.al\/?s={search_term_string}"},"query-input":{"@type":"PropertyValueSpecification","valueRequired":true,"valueName":"search_term_string"}}],"inLanguage":"en-US"},{"@type":"Organization","@id":"https:\/\/blogin.al\/#organization","name":"BLOGIN.al","url":"https:\/\/blogin.al\/","logo":{"@type":"ImageObject","inLanguage":"en-US","@id":"https:\/\/blogin.al\/#\/schema\/logo\/image\/","url":"https:\/\/blogin.al\/wp-content\/uploads\/2022\/05\/Untitled-2-01-e1652084456514.png","contentUrl":"https:\/\/blogin.al\/wp-content\/uploads\/2022\/05\/Untitled-2-01-e1652084456514.png","width":3723,"height":1698,"caption":"BLOGIN.al"},"image":{"@id":"https:\/\/blogin.al\/#\/schema\/logo\/image\/"},"sameAs":["https:\/\/instagram.com\/blogin.al\/"]},{"@type":"Person","@id":"https:\/\/blogin.al\/#\/schema\/person\/abdd56bc912cd511db877b852b115399","name":"Blogin al","image":{"@type":"ImageObject","inLanguage":"en-US","@id":"https:\/\/secure.gravatar.com\/avatar\/60d5661aee6e835fb13dc75d2204cd0c1d61bef2efd137c0083e59ef831e235e?s=96&d=mm&r=g","url":"https:\/\/secure.gravatar.com\/avatar\/60d5661aee6e835fb13dc75d2204cd0c1d61bef2efd137c0083e59ef831e235e?s=96&d=mm&r=g","contentUrl":"https:\/\/secure.gravatar.com\/avatar\/60d5661aee6e835fb13dc75d2204cd0c1d61bef2efd137c0083e59ef831e235e?s=96&d=mm&r=g","caption":"Blogin al"},"sameAs":["https:\/\/blogin.al"],"url":"https:\/\/blogin.al\/?author=2"}]}},"_links":{"self":[{"href":"https:\/\/blogin.al\/index.php?rest_route=\/wp\/v2\/posts\/53198","targetHints":{"allow":["GET"]}}],"collection":[{"href":"https:\/\/blogin.al\/index.php?rest_route=\/wp\/v2\/posts"}],"about":[{"href":"https:\/\/blogin.al\/index.php?rest_route=\/wp\/v2\/types\/post"}],"author":[{"embeddable":true,"href":"https:\/\/blogin.al\/index.php?rest_route=\/wp\/v2\/users\/2"}],"replies":[{"embeddable":true,"href":"https:\/\/blogin.al\/index.php?rest_route=%2Fwp%2Fv2%2Fcomments&post=53198"}],"version-history":[{"count":1,"href":"https:\/\/blogin.al\/index.php?rest_route=\/wp\/v2\/posts\/53198\/revisions"}],"predecessor-version":[{"id":53199,"href":"https:\/\/blogin.al\/index.php?rest_route=\/wp\/v2\/posts\/53198\/revisions\/53199"}],"wp:featuredmedia":[{"embeddable":true,"href":"https:\/\/blogin.al\/index.php?rest_route=\/wp\/v2\/media\/53119"}],"wp:attachment":[{"href":"https:\/\/blogin.al\/index.php?rest_route=%2Fwp%2Fv2%2Fmedia&parent=53198"}],"wp:term":[{"taxonomy":"category","embeddable":true,"href":"https:\/\/blogin.al\/index.php?rest_route=%2Fwp%2Fv2%2Fcategories&post=53198"},{"taxonomy":"post_tag","embeddable":true,"href":"https:\/\/blogin.al\/index.php?rest_route=%2Fwp%2Fv2%2Ftags&post=53198"}],"curies":[{"name":"wp","href":"https:\/\/api.w.org\/{rel}","templated":true}]}}