{"id":53202,"date":"2024-12-05T14:24:14","date_gmt":"2024-12-05T14:24:14","guid":{"rendered":"https:\/\/blogin.al\/?p=53202"},"modified":"2024-12-05T14:24:16","modified_gmt":"2024-12-05T14:24:16","slug":"do-rikthehen-ne-skene-se-bashku-si-vdekja-tragjike-e-liam-payne-beri-bashke-grupin-one-direction","status":"publish","type":"post","link":"https:\/\/blogin.al\/?p=53202","title":{"rendered":"Do rikthehen n\u00eb sken\u00eb s\u00eb bashku? Si vdekja tragjike e Liam Payne b\u00ebri bashk\u00eb grupin \u201cOne Direction\u201d"},"content":{"rendered":"\n<p>Grupi i famsh\u00ebm \u201cOne Direction\u201d thuhet se po planifikonte nj\u00eb rikthim n\u00eb sken\u00eb p\u00ebrpara vdekjes tragjike t\u00eb k\u00ebng\u00ebtarit, Liam Payne.<\/p>\n\n\n\n<p>T\u00eb pes\u00eb an\u00ebtar\u00ebt p\u00ebrfshir\u00eb k\u00ebtu edhe Zayn Malik, i cili u largua nga grupi i djemve, kishin qen\u00eb \u201cn\u00eb bisedime p\u00ebr t\u00eb b\u00ebr\u00eb nj\u00eb shfaqje t\u00eb fundit bashk\u00eb p\u00ebrpara ngjarjes fatale t\u00eb Payne m\u00eb 16 tetor\u201d, tha nj\u00eb burim p\u00ebr \u201cUs Weekly\u201d.<\/p>\n\n\n\n<figure class=\"wp-block-image is-style-default\"><img decoding=\"async\" src=\"https:\/\/gsh.top-media.al\/media10\/one-direction.jpg\" alt=\"\" class=\"wp-image-544296\"\/><\/figure>\n\n\n\n<p>Edhe pse planet q\u00eb at\u00ebher\u00eb jan\u00eb vendosur n\u00eb pritje, burimi i brendsh\u00ebm shtoi se&nbsp;<strong>\u201cekziston mund\u00ebsia q\u00eb koncerti t\u00eb b\u00ebhet por nuk do t\u00eb jet\u00eb m\u00eb nj\u00ebsoj p\u00ebr grupin\u201d.<\/strong><\/p>\n\n\n\n<p><strong>\u201cDjemt\u00eb do t\u00eb donin t\u00eb b\u00ebnin nj\u00eb homazh p\u00ebr Liam. Ata jan\u00eb t\u00eb gjith\u00eb aq t\u00eb shkat\u00ebrruar tani saq\u00eb as q\u00eb mund ta mendojn\u00eb k\u00ebt\u00eb si nj\u00eb projekt legjitim, por \u00ebsht\u00eb diskutuar\u201d,<\/strong>&nbsp;tha burimi.<\/p>\n\n\n\n<p><strong>\u201cVdekja e papritur e Payne u ka shkaktuar djemve nj\u00eb trishtim t\u00eb jasht\u00ebzakonsh\u00ebm\u201d,<\/strong>&nbsp;sipas raportuesit, i cili e quajti humbjen&nbsp;<strong>\u201cnj\u00eb thirrje zgjimi\u201d<\/strong>&nbsp;p\u00ebr an\u00ebtar\u00ebt e mbijetuar t\u00eb grupit si Harry Styles, Niall Horan, Louis Tomlinson dhe Malik.<\/p>\n\n\n\n<p><strong>\u201cM\u00eb par\u00eb, ata mbanin kontakte sporadike, por nuk kishin fare miq\u00ebsi t\u00eb ngushta. Ata jan\u00eb t\u00eb gjith\u00eb ende n\u00eb zi, por po kontrollojn\u00eb nj\u00ebri-tjetrin dhe ndihen m\u00eb af\u00ebr se sa kan\u00eb qen\u00eb nd\u00ebr vite. Kjo ngjarje i b\u00ebri ata p\u00ebrs\u00ebri bashk\u00eb\u201d,<\/strong>&nbsp;shkruan \u201cPage Six\u201d.<\/p>\n","protected":false},"excerpt":{"rendered":"<p>Grupi i famsh\u00ebm \u201cOne Direction\u201d thuhet se po planifikonte nj\u00eb rikthim n\u00eb sken\u00eb p\u00ebrpara vdekjes tragjike t\u00eb k\u00ebng\u00ebtarit, Liam Payne. T\u00eb pes\u00eb an\u00ebtar\u00ebt p\u00ebrfshir\u00eb k\u00ebtu edhe Zayn Malik, i cili u largua nga grupi i djemve, kishin qen\u00eb \u201cn\u00eb bisedime p\u00ebr t\u00eb b\u00ebr\u00eb nj\u00eb shfaqje t\u00eb fundit bashk\u00eb p\u00ebrpara ngjarjes fatale t\u00eb Payne m\u00eb 16 [&hellip;]<\/p>\n","protected":false},"author":2,"featured_media":34176,"comment_status":"closed","ping_status":"closed","sticky":false,"template":"","format":"standard","meta":{"footnotes":""},"categories":[33],"tags":[],"class_list":{"0":"post-53202","1":"post","2":"type-post","3":"status-publish","4":"format-standard","5":"has-post-thumbnail","7":"category-showbiz"},"yoast_head":"<!-- This site is optimized with the Yoast SEO plugin v27.5 - https:\/\/yoast.com\/product\/yoast-seo-wordpress\/ -->\n<title>Do rikthehen n\u00eb sken\u00eb s\u00eb bashku? Si vdekja tragjike e Liam Payne b\u00ebri bashk\u00eb grupin \u201cOne Direction\u201d - blogin.al<\/title>\n<meta name=\"robots\" content=\"index, follow, max-snippet:-1, max-image-preview:large, max-video-preview:-1\" \/>\n<link rel=\"canonical\" href=\"https:\/\/blogin.al\/?p=53202\" \/>\n<meta property=\"og:locale\" content=\"en_US\" \/>\n<meta property=\"og:type\" content=\"article\" \/>\n<meta property=\"og:title\" content=\"Do rikthehen n\u00eb sken\u00eb s\u00eb bashku? Si vdekja tragjike e Liam Payne b\u00ebri bashk\u00eb grupin \u201cOne Direction\u201d - blogin.al\" \/>\n<meta property=\"og:description\" content=\"Grupi i famsh\u00ebm \u201cOne Direction\u201d thuhet se po planifikonte nj\u00eb rikthim n\u00eb sken\u00eb p\u00ebrpara vdekjes tragjike t\u00eb k\u00ebng\u00ebtarit, Liam Payne. T\u00eb pes\u00eb an\u00ebtar\u00ebt p\u00ebrfshir\u00eb k\u00ebtu edhe Zayn Malik, i cili u largua nga grupi i djemve, kishin qen\u00eb \u201cn\u00eb bisedime p\u00ebr t\u00eb b\u00ebr\u00eb nj\u00eb shfaqje t\u00eb fundit bashk\u00eb p\u00ebrpara ngjarjes fatale t\u00eb Payne m\u00eb 16 [&hellip;]\" \/>\n<meta property=\"og:url\" content=\"https:\/\/blogin.al\/?p=53202\" \/>\n<meta property=\"og:site_name\" content=\"blogin.al\" \/>\n<meta property=\"article:published_time\" content=\"2024-12-05T14:24:14+00:00\" \/>\n<meta property=\"article:modified_time\" content=\"2024-12-05T14:24:16+00:00\" \/>\n<meta property=\"og:image\" content=\"https:\/\/blogin.al\/wp-content\/uploads\/2023\/07\/one-direction-op.webp\" \/>\n\t<meta property=\"og:image:width\" content=\"1920\" \/>\n\t<meta property=\"og:image:height\" content=\"1333\" \/>\n\t<meta property=\"og:image:type\" content=\"image\/webp\" \/>\n<meta name=\"author\" content=\"Blogin al\" \/>\n<meta name=\"twitter:card\" content=\"summary_large_image\" \/>\n<meta name=\"twitter:label1\" content=\"Written by\" \/>\n\t<meta name=\"twitter:data1\" content=\"Blogin al\" \/>\n\t<meta name=\"twitter:label2\" content=\"Est. reading time\" \/>\n\t<meta name=\"twitter:data2\" content=\"2 minutes\" \/>\n<script type=\"application\/ld+json\" class=\"yoast-schema-graph\">{\"@context\":\"https:\\\/\\\/schema.org\",\"@graph\":[{\"@type\":\"Article\",\"@id\":\"https:\\\/\\\/blogin.al\\\/?p=53202#article\",\"isPartOf\":{\"@id\":\"https:\\\/\\\/blogin.al\\\/?p=53202\"},\"author\":{\"name\":\"Blogin al\",\"@id\":\"https:\\\/\\\/blogin.al\\\/#\\\/schema\\\/person\\\/abdd56bc912cd511db877b852b115399\"},\"headline\":\"Do rikthehen n\u00eb sken\u00eb s\u00eb bashku? Si vdekja tragjike e Liam Payne b\u00ebri bashk\u00eb grupin \u201cOne Direction\u201d\",\"datePublished\":\"2024-12-05T14:24:14+00:00\",\"dateModified\":\"2024-12-05T14:24:16+00:00\",\"mainEntityOfPage\":{\"@id\":\"https:\\\/\\\/blogin.al\\\/?p=53202\"},\"wordCount\":264,\"publisher\":{\"@id\":\"https:\\\/\\\/blogin.al\\\/#organization\"},\"image\":{\"@id\":\"https:\\\/\\\/blogin.al\\\/?p=53202#primaryimage\"},\"thumbnailUrl\":\"https:\\\/\\\/blogin.al\\\/wp-content\\\/uploads\\\/2023\\\/07\\\/one-direction-op.webp\",\"articleSection\":[\"SHOWBIZ\"],\"inLanguage\":\"en-US\"},{\"@type\":\"WebPage\",\"@id\":\"https:\\\/\\\/blogin.al\\\/?p=53202\",\"url\":\"https:\\\/\\\/blogin.al\\\/?p=53202\",\"name\":\"Do rikthehen n\u00eb sken\u00eb s\u00eb bashku? Si vdekja tragjike e Liam Payne b\u00ebri bashk\u00eb grupin \u201cOne Direction\u201d - blogin.al\",\"isPartOf\":{\"@id\":\"https:\\\/\\\/blogin.al\\\/#website\"},\"primaryImageOfPage\":{\"@id\":\"https:\\\/\\\/blogin.al\\\/?p=53202#primaryimage\"},\"image\":{\"@id\":\"https:\\\/\\\/blogin.al\\\/?p=53202#primaryimage\"},\"thumbnailUrl\":\"https:\\\/\\\/blogin.al\\\/wp-content\\\/uploads\\\/2023\\\/07\\\/one-direction-op.webp\",\"datePublished\":\"2024-12-05T14:24:14+00:00\",\"dateModified\":\"2024-12-05T14:24:16+00:00\",\"breadcrumb\":{\"@id\":\"https:\\\/\\\/blogin.al\\\/?p=53202#breadcrumb\"},\"inLanguage\":\"en-US\",\"potentialAction\":[{\"@type\":\"ReadAction\",\"target\":[\"https:\\\/\\\/blogin.al\\\/?p=53202\"]}]},{\"@type\":\"ImageObject\",\"inLanguage\":\"en-US\",\"@id\":\"https:\\\/\\\/blogin.al\\\/?p=53202#primaryimage\",\"url\":\"https:\\\/\\\/blogin.al\\\/wp-content\\\/uploads\\\/2023\\\/07\\\/one-direction-op.webp\",\"contentUrl\":\"https:\\\/\\\/blogin.al\\\/wp-content\\\/uploads\\\/2023\\\/07\\\/one-direction-op.webp\",\"width\":1920,\"height\":1333},{\"@type\":\"BreadcrumbList\",\"@id\":\"https:\\\/\\\/blogin.al\\\/?p=53202#breadcrumb\",\"itemListElement\":[{\"@type\":\"ListItem\",\"position\":1,\"name\":\"Home\",\"item\":\"https:\\\/\\\/blogin.al\\\/\"},{\"@type\":\"ListItem\",\"position\":2,\"name\":\"Do rikthehen n\u00eb sken\u00eb s\u00eb bashku? Si vdekja tragjike e Liam Payne b\u00ebri bashk\u00eb grupin \u201cOne Direction\u201d\"}]},{\"@type\":\"WebSite\",\"@id\":\"https:\\\/\\\/blogin.al\\\/#website\",\"url\":\"https:\\\/\\\/blogin.al\\\/\",\"name\":\"blogin.al\",\"description\":\"\",\"publisher\":{\"@id\":\"https:\\\/\\\/blogin.al\\\/#organization\"},\"potentialAction\":[{\"@type\":\"SearchAction\",\"target\":{\"@type\":\"EntryPoint\",\"urlTemplate\":\"https:\\\/\\\/blogin.al\\\/?s={search_term_string}\"},\"query-input\":{\"@type\":\"PropertyValueSpecification\",\"valueRequired\":true,\"valueName\":\"search_term_string\"}}],\"inLanguage\":\"en-US\"},{\"@type\":\"Organization\",\"@id\":\"https:\\\/\\\/blogin.al\\\/#organization\",\"name\":\"BLOGIN.al\",\"url\":\"https:\\\/\\\/blogin.al\\\/\",\"logo\":{\"@type\":\"ImageObject\",\"inLanguage\":\"en-US\",\"@id\":\"https:\\\/\\\/blogin.al\\\/#\\\/schema\\\/logo\\\/image\\\/\",\"url\":\"https:\\\/\\\/blogin.al\\\/wp-content\\\/uploads\\\/2022\\\/05\\\/Untitled-2-01-e1652084456514.png\",\"contentUrl\":\"https:\\\/\\\/blogin.al\\\/wp-content\\\/uploads\\\/2022\\\/05\\\/Untitled-2-01-e1652084456514.png\",\"width\":3723,\"height\":1698,\"caption\":\"BLOGIN.al\"},\"image\":{\"@id\":\"https:\\\/\\\/blogin.al\\\/#\\\/schema\\\/logo\\\/image\\\/\"},\"sameAs\":[\"https:\\\/\\\/instagram.com\\\/blogin.al\\\/\"]},{\"@type\":\"Person\",\"@id\":\"https:\\\/\\\/blogin.al\\\/#\\\/schema\\\/person\\\/abdd56bc912cd511db877b852b115399\",\"name\":\"Blogin al\",\"image\":{\"@type\":\"ImageObject\",\"inLanguage\":\"en-US\",\"@id\":\"https:\\\/\\\/secure.gravatar.com\\\/avatar\\\/60d5661aee6e835fb13dc75d2204cd0c1d61bef2efd137c0083e59ef831e235e?s=96&d=mm&r=g\",\"url\":\"https:\\\/\\\/secure.gravatar.com\\\/avatar\\\/60d5661aee6e835fb13dc75d2204cd0c1d61bef2efd137c0083e59ef831e235e?s=96&d=mm&r=g\",\"contentUrl\":\"https:\\\/\\\/secure.gravatar.com\\\/avatar\\\/60d5661aee6e835fb13dc75d2204cd0c1d61bef2efd137c0083e59ef831e235e?s=96&d=mm&r=g\",\"caption\":\"Blogin al\"},\"sameAs\":[\"https:\\\/\\\/blogin.al\"],\"url\":\"https:\\\/\\\/blogin.al\\\/?author=2\"}]}<\/script>\n<!-- \/ Yoast SEO plugin. -->","yoast_head_json":{"title":"Do rikthehen n\u00eb sken\u00eb s\u00eb bashku? Si vdekja tragjike e Liam Payne b\u00ebri bashk\u00eb grupin \u201cOne Direction\u201d - blogin.al","robots":{"index":"index","follow":"follow","max-snippet":"max-snippet:-1","max-image-preview":"max-image-preview:large","max-video-preview":"max-video-preview:-1"},"canonical":"https:\/\/blogin.al\/?p=53202","og_locale":"en_US","og_type":"article","og_title":"Do rikthehen n\u00eb sken\u00eb s\u00eb bashku? Si vdekja tragjike e Liam Payne b\u00ebri bashk\u00eb grupin \u201cOne Direction\u201d - blogin.al","og_description":"Grupi i famsh\u00ebm \u201cOne Direction\u201d thuhet se po planifikonte nj\u00eb rikthim n\u00eb sken\u00eb p\u00ebrpara vdekjes tragjike t\u00eb k\u00ebng\u00ebtarit, Liam Payne. T\u00eb pes\u00eb an\u00ebtar\u00ebt p\u00ebrfshir\u00eb k\u00ebtu edhe Zayn Malik, i cili u largua nga grupi i djemve, kishin qen\u00eb \u201cn\u00eb bisedime p\u00ebr t\u00eb b\u00ebr\u00eb nj\u00eb shfaqje t\u00eb fundit bashk\u00eb p\u00ebrpara ngjarjes fatale t\u00eb Payne m\u00eb 16 [&hellip;]","og_url":"https:\/\/blogin.al\/?p=53202","og_site_name":"blogin.al","article_published_time":"2024-12-05T14:24:14+00:00","article_modified_time":"2024-12-05T14:24:16+00:00","og_image":[{"width":1920,"height":1333,"url":"https:\/\/blogin.al\/wp-content\/uploads\/2023\/07\/one-direction-op.webp","type":"image\/webp"}],"author":"Blogin al","twitter_card":"summary_large_image","twitter_misc":{"Written by":"Blogin al","Est. reading time":"2 minutes"},"schema":{"@context":"https:\/\/schema.org","@graph":[{"@type":"Article","@id":"https:\/\/blogin.al\/?p=53202#article","isPartOf":{"@id":"https:\/\/blogin.al\/?p=53202"},"author":{"name":"Blogin al","@id":"https:\/\/blogin.al\/#\/schema\/person\/abdd56bc912cd511db877b852b115399"},"headline":"Do rikthehen n\u00eb sken\u00eb s\u00eb bashku? Si vdekja tragjike e Liam Payne b\u00ebri bashk\u00eb grupin \u201cOne Direction\u201d","datePublished":"2024-12-05T14:24:14+00:00","dateModified":"2024-12-05T14:24:16+00:00","mainEntityOfPage":{"@id":"https:\/\/blogin.al\/?p=53202"},"wordCount":264,"publisher":{"@id":"https:\/\/blogin.al\/#organization"},"image":{"@id":"https:\/\/blogin.al\/?p=53202#primaryimage"},"thumbnailUrl":"https:\/\/blogin.al\/wp-content\/uploads\/2023\/07\/one-direction-op.webp","articleSection":["SHOWBIZ"],"inLanguage":"en-US"},{"@type":"WebPage","@id":"https:\/\/blogin.al\/?p=53202","url":"https:\/\/blogin.al\/?p=53202","name":"Do rikthehen n\u00eb sken\u00eb s\u00eb bashku? Si vdekja tragjike e Liam Payne b\u00ebri bashk\u00eb grupin \u201cOne Direction\u201d - blogin.al","isPartOf":{"@id":"https:\/\/blogin.al\/#website"},"primaryImageOfPage":{"@id":"https:\/\/blogin.al\/?p=53202#primaryimage"},"image":{"@id":"https:\/\/blogin.al\/?p=53202#primaryimage"},"thumbnailUrl":"https:\/\/blogin.al\/wp-content\/uploads\/2023\/07\/one-direction-op.webp","datePublished":"2024-12-05T14:24:14+00:00","dateModified":"2024-12-05T14:24:16+00:00","breadcrumb":{"@id":"https:\/\/blogin.al\/?p=53202#breadcrumb"},"inLanguage":"en-US","potentialAction":[{"@type":"ReadAction","target":["https:\/\/blogin.al\/?p=53202"]}]},{"@type":"ImageObject","inLanguage":"en-US","@id":"https:\/\/blogin.al\/?p=53202#primaryimage","url":"https:\/\/blogin.al\/wp-content\/uploads\/2023\/07\/one-direction-op.webp","contentUrl":"https:\/\/blogin.al\/wp-content\/uploads\/2023\/07\/one-direction-op.webp","width":1920,"height":1333},{"@type":"BreadcrumbList","@id":"https:\/\/blogin.al\/?p=53202#breadcrumb","itemListElement":[{"@type":"ListItem","position":1,"name":"Home","item":"https:\/\/blogin.al\/"},{"@type":"ListItem","position":2,"name":"Do rikthehen n\u00eb sken\u00eb s\u00eb bashku? Si vdekja tragjike e Liam Payne b\u00ebri bashk\u00eb grupin \u201cOne Direction\u201d"}]},{"@type":"WebSite","@id":"https:\/\/blogin.al\/#website","url":"https:\/\/blogin.al\/","name":"blogin.al","description":"","publisher":{"@id":"https:\/\/blogin.al\/#organization"},"potentialAction":[{"@type":"SearchAction","target":{"@type":"EntryPoint","urlTemplate":"https:\/\/blogin.al\/?s={search_term_string}"},"query-input":{"@type":"PropertyValueSpecification","valueRequired":true,"valueName":"search_term_string"}}],"inLanguage":"en-US"},{"@type":"Organization","@id":"https:\/\/blogin.al\/#organization","name":"BLOGIN.al","url":"https:\/\/blogin.al\/","logo":{"@type":"ImageObject","inLanguage":"en-US","@id":"https:\/\/blogin.al\/#\/schema\/logo\/image\/","url":"https:\/\/blogin.al\/wp-content\/uploads\/2022\/05\/Untitled-2-01-e1652084456514.png","contentUrl":"https:\/\/blogin.al\/wp-content\/uploads\/2022\/05\/Untitled-2-01-e1652084456514.png","width":3723,"height":1698,"caption":"BLOGIN.al"},"image":{"@id":"https:\/\/blogin.al\/#\/schema\/logo\/image\/"},"sameAs":["https:\/\/instagram.com\/blogin.al\/"]},{"@type":"Person","@id":"https:\/\/blogin.al\/#\/schema\/person\/abdd56bc912cd511db877b852b115399","name":"Blogin al","image":{"@type":"ImageObject","inLanguage":"en-US","@id":"https:\/\/secure.gravatar.com\/avatar\/60d5661aee6e835fb13dc75d2204cd0c1d61bef2efd137c0083e59ef831e235e?s=96&d=mm&r=g","url":"https:\/\/secure.gravatar.com\/avatar\/60d5661aee6e835fb13dc75d2204cd0c1d61bef2efd137c0083e59ef831e235e?s=96&d=mm&r=g","contentUrl":"https:\/\/secure.gravatar.com\/avatar\/60d5661aee6e835fb13dc75d2204cd0c1d61bef2efd137c0083e59ef831e235e?s=96&d=mm&r=g","caption":"Blogin al"},"sameAs":["https:\/\/blogin.al"],"url":"https:\/\/blogin.al\/?author=2"}]}},"_links":{"self":[{"href":"https:\/\/blogin.al\/index.php?rest_route=\/wp\/v2\/posts\/53202","targetHints":{"allow":["GET"]}}],"collection":[{"href":"https:\/\/blogin.al\/index.php?rest_route=\/wp\/v2\/posts"}],"about":[{"href":"https:\/\/blogin.al\/index.php?rest_route=\/wp\/v2\/types\/post"}],"author":[{"embeddable":true,"href":"https:\/\/blogin.al\/index.php?rest_route=\/wp\/v2\/users\/2"}],"replies":[{"embeddable":true,"href":"https:\/\/blogin.al\/index.php?rest_route=%2Fwp%2Fv2%2Fcomments&post=53202"}],"version-history":[{"count":1,"href":"https:\/\/blogin.al\/index.php?rest_route=\/wp\/v2\/posts\/53202\/revisions"}],"predecessor-version":[{"id":53203,"href":"https:\/\/blogin.al\/index.php?rest_route=\/wp\/v2\/posts\/53202\/revisions\/53203"}],"wp:featuredmedia":[{"embeddable":true,"href":"https:\/\/blogin.al\/index.php?rest_route=\/wp\/v2\/media\/34176"}],"wp:attachment":[{"href":"https:\/\/blogin.al\/index.php?rest_route=%2Fwp%2Fv2%2Fmedia&parent=53202"}],"wp:term":[{"taxonomy":"category","embeddable":true,"href":"https:\/\/blogin.al\/index.php?rest_route=%2Fwp%2Fv2%2Fcategories&post=53202"},{"taxonomy":"post_tag","embeddable":true,"href":"https:\/\/blogin.al\/index.php?rest_route=%2Fwp%2Fv2%2Ftags&post=53202"}],"curies":[{"name":"wp","href":"https:\/\/api.w.org\/{rel}","templated":true}]}}