{"id":53219,"date":"2024-12-06T09:22:18","date_gmt":"2024-12-06T09:22:18","guid":{"rendered":"https:\/\/blogin.al\/?p=53219"},"modified":"2024-12-06T09:28:31","modified_gmt":"2024-12-06T09:28:31","slug":"sara-gjordeni-publikon-foton-e-pare-te-vogelushes-mesazhi-i-pare-pas-ardhjes-ne-jete-te-neas","status":"publish","type":"post","link":"https:\/\/blogin.al\/?p=53219","title":{"rendered":"Sara Gjordeni publikon foton e par\u00eb t\u00eb vog\u00eblushes, mesazhi i pare pas ardhjes n\u00eb jet\u00eb t\u00eb Neas"},"content":{"rendered":"\n<p>Dy ish-banor\u00ebt e Big Brother Vip, Sara Gjordeni dhe Bardh Idizi jan\u00eb b\u00ebr\u00eb prind\u00ebr p\u00ebr her\u00eb t\u00eb par\u00eb dit\u00ebn e djeshme (5 Dhjetor). Ish-Missi zbuloi lajmin n\u00eb nj\u00eb postim n\u00eb Instagram teksa publikoi nj\u00eb foto t\u00eb k\u00ebng\u00ebtarit duke mbajtur vog\u00eblushen n\u00eb krah\u00eb.<\/p>\n\n\n\n<p>Pasi tregoi se kishte ardhur n\u00eb jet\u00eb vog\u00eblushja Nea, Sara Gjordeni falenderoi ndjek\u00ebsit p\u00ebr mb\u00ebshtetjen dhe urime, teksa u shpreh se t\u00eb dyja jan\u00eb mir\u00eb.<\/p>\n\n\n\n<p>Ish-Missi shkoi se ardhja n\u00eb jet\u00eb e vajz\u00ebs, t\u00eb cil\u00ebn e quajti nj\u00eb perfeksion,&nbsp;\u00ebsht\u00eb bekim i madh nga Zoti.<\/p>\n\n\n\n<p><em>\u201cEnde jemi ne mosbesim te bekimit qe kemi marre nga Zoti diten e sotme! Doja tju falenderoja me shpirt te gjitheve per mesazhet tuaja, urimet, dhuratat dhe gjithcka tjeter. Jane mijera dhe as nuk e di a do arrij dot tju kthej te gjitheve nje e nga nje.<\/em><\/p>\n\n\n\n<p><em>Une jam shume mire! Nea gjithashtu. NJE PERFEKSION 4kg qe njeh zerin e mamit, babit prej dites pare dhe qe na dhuroi buzeqeshjen e pare qe sot.<\/em><\/p>\n\n\n\n<p><em>Ju urojme ti keni zemrat plot te gjithe, e ata qe kane vite qe perpiqen per nje mrekulli te tille, t\u2019i mbushin krahet sa me pare! Ne jemi sot me te lumtur se kurre!<\/em><\/p>\n\n\n\n<p><em>Ju duam Sara, Bardhi dhe Nea\u201d<\/em>, shkroi Sara Gjordeni.<\/p>\n\n\n<div class=\"wp-block-image is-style-default\">\n<figure class=\"aligncenter\"><img decoding=\"async\" src=\"https:\/\/www.panorama.com.al\/wp-content\/uploads\/2024\/12\/332.jpg\" alt=\"33\" class=\"wp-image-1489070\"\/><\/figure>\n<\/div>","protected":false},"excerpt":{"rendered":"<p>Dy ish-banor\u00ebt e Big Brother Vip, Sara Gjordeni dhe Bardh Idizi jan\u00eb b\u00ebr\u00eb prind\u00ebr p\u00ebr her\u00eb t\u00eb par\u00eb dit\u00ebn e djeshme (5 Dhjetor). Ish-Missi zbuloi lajmin n\u00eb nj\u00eb postim n\u00eb Instagram teksa publikoi nj\u00eb foto t\u00eb k\u00ebng\u00ebtarit duke mbajtur vog\u00eblushen n\u00eb krah\u00eb. Pasi tregoi se kishte ardhur n\u00eb jet\u00eb vog\u00eblushja Nea, Sara Gjordeni falenderoi ndjek\u00ebsit [&hellip;]<\/p>\n","protected":false},"author":2,"featured_media":53206,"comment_status":"closed","ping_status":"closed","sticky":false,"template":"","format":"standard","meta":{"footnotes":""},"categories":[33],"tags":[],"class_list":{"0":"post-53219","1":"post","2":"type-post","3":"status-publish","4":"format-standard","5":"has-post-thumbnail","7":"category-showbiz"},"yoast_head":"<!-- This site is optimized with the Yoast SEO plugin v27.5 - https:\/\/yoast.com\/product\/yoast-seo-wordpress\/ -->\n<title>Sara Gjordeni publikon foton e par\u00eb t\u00eb vog\u00eblushes, mesazhi i pare pas ardhjes n\u00eb jet\u00eb t\u00eb Neas - blogin.al<\/title>\n<meta name=\"robots\" content=\"index, follow, max-snippet:-1, max-image-preview:large, max-video-preview:-1\" \/>\n<link rel=\"canonical\" href=\"https:\/\/blogin.al\/?p=53219\" \/>\n<meta property=\"og:locale\" content=\"en_US\" \/>\n<meta property=\"og:type\" content=\"article\" \/>\n<meta property=\"og:title\" content=\"Sara Gjordeni publikon foton e par\u00eb t\u00eb vog\u00eblushes, mesazhi i pare pas ardhjes n\u00eb jet\u00eb t\u00eb Neas - blogin.al\" \/>\n<meta property=\"og:description\" content=\"Dy ish-banor\u00ebt e Big Brother Vip, Sara Gjordeni dhe Bardh Idizi jan\u00eb b\u00ebr\u00eb prind\u00ebr p\u00ebr her\u00eb t\u00eb par\u00eb dit\u00ebn e djeshme (5 Dhjetor). Ish-Missi zbuloi lajmin n\u00eb nj\u00eb postim n\u00eb Instagram teksa publikoi nj\u00eb foto t\u00eb k\u00ebng\u00ebtarit duke mbajtur vog\u00eblushen n\u00eb krah\u00eb. Pasi tregoi se kishte ardhur n\u00eb jet\u00eb vog\u00eblushja Nea, Sara Gjordeni falenderoi ndjek\u00ebsit [&hellip;]\" \/>\n<meta property=\"og:url\" content=\"https:\/\/blogin.al\/?p=53219\" \/>\n<meta property=\"og:site_name\" content=\"blogin.al\" \/>\n<meta property=\"article:published_time\" content=\"2024-12-06T09:22:18+00:00\" \/>\n<meta property=\"article:modified_time\" content=\"2024-12-06T09:28:31+00:00\" \/>\n<meta property=\"og:image\" content=\"https:\/\/blogin.al\/wp-content\/uploads\/2024\/12\/20241205_154044.jpg\" \/>\n\t<meta property=\"og:image:width\" content=\"1440\" \/>\n\t<meta property=\"og:image:height\" content=\"1629\" \/>\n\t<meta property=\"og:image:type\" content=\"image\/jpeg\" \/>\n<meta name=\"author\" content=\"Blogin al\" \/>\n<meta name=\"twitter:card\" content=\"summary_large_image\" \/>\n<meta name=\"twitter:label1\" content=\"Written by\" \/>\n\t<meta name=\"twitter:data1\" content=\"Blogin al\" \/>\n\t<meta name=\"twitter:label2\" content=\"Est. reading time\" \/>\n\t<meta name=\"twitter:data2\" content=\"2 minutes\" \/>\n<script type=\"application\/ld+json\" class=\"yoast-schema-graph\">{\"@context\":\"https:\\\/\\\/schema.org\",\"@graph\":[{\"@type\":\"Article\",\"@id\":\"https:\\\/\\\/blogin.al\\\/?p=53219#article\",\"isPartOf\":{\"@id\":\"https:\\\/\\\/blogin.al\\\/?p=53219\"},\"author\":{\"name\":\"Blogin al\",\"@id\":\"https:\\\/\\\/blogin.al\\\/#\\\/schema\\\/person\\\/abdd56bc912cd511db877b852b115399\"},\"headline\":\"Sara Gjordeni publikon foton e par\u00eb t\u00eb vog\u00eblushes, mesazhi i pare pas ardhjes n\u00eb jet\u00eb t\u00eb Neas\",\"datePublished\":\"2024-12-06T09:22:18+00:00\",\"dateModified\":\"2024-12-06T09:28:31+00:00\",\"mainEntityOfPage\":{\"@id\":\"https:\\\/\\\/blogin.al\\\/?p=53219\"},\"wordCount\":238,\"publisher\":{\"@id\":\"https:\\\/\\\/blogin.al\\\/#organization\"},\"image\":{\"@id\":\"https:\\\/\\\/blogin.al\\\/?p=53219#primaryimage\"},\"thumbnailUrl\":\"https:\\\/\\\/blogin.al\\\/wp-content\\\/uploads\\\/2024\\\/12\\\/20241205_154044.jpg\",\"articleSection\":[\"SHOWBIZ\"],\"inLanguage\":\"en-US\"},{\"@type\":\"WebPage\",\"@id\":\"https:\\\/\\\/blogin.al\\\/?p=53219\",\"url\":\"https:\\\/\\\/blogin.al\\\/?p=53219\",\"name\":\"Sara Gjordeni publikon foton e par\u00eb t\u00eb vog\u00eblushes, mesazhi i pare pas ardhjes n\u00eb jet\u00eb t\u00eb Neas - blogin.al\",\"isPartOf\":{\"@id\":\"https:\\\/\\\/blogin.al\\\/#website\"},\"primaryImageOfPage\":{\"@id\":\"https:\\\/\\\/blogin.al\\\/?p=53219#primaryimage\"},\"image\":{\"@id\":\"https:\\\/\\\/blogin.al\\\/?p=53219#primaryimage\"},\"thumbnailUrl\":\"https:\\\/\\\/blogin.al\\\/wp-content\\\/uploads\\\/2024\\\/12\\\/20241205_154044.jpg\",\"datePublished\":\"2024-12-06T09:22:18+00:00\",\"dateModified\":\"2024-12-06T09:28:31+00:00\",\"breadcrumb\":{\"@id\":\"https:\\\/\\\/blogin.al\\\/?p=53219#breadcrumb\"},\"inLanguage\":\"en-US\",\"potentialAction\":[{\"@type\":\"ReadAction\",\"target\":[\"https:\\\/\\\/blogin.al\\\/?p=53219\"]}]},{\"@type\":\"ImageObject\",\"inLanguage\":\"en-US\",\"@id\":\"https:\\\/\\\/blogin.al\\\/?p=53219#primaryimage\",\"url\":\"https:\\\/\\\/blogin.al\\\/wp-content\\\/uploads\\\/2024\\\/12\\\/20241205_154044.jpg\",\"contentUrl\":\"https:\\\/\\\/blogin.al\\\/wp-content\\\/uploads\\\/2024\\\/12\\\/20241205_154044.jpg\",\"width\":1440,\"height\":1629},{\"@type\":\"BreadcrumbList\",\"@id\":\"https:\\\/\\\/blogin.al\\\/?p=53219#breadcrumb\",\"itemListElement\":[{\"@type\":\"ListItem\",\"position\":1,\"name\":\"Home\",\"item\":\"https:\\\/\\\/blogin.al\\\/\"},{\"@type\":\"ListItem\",\"position\":2,\"name\":\"Sara Gjordeni publikon foton e par\u00eb t\u00eb vog\u00eblushes, mesazhi i pare pas ardhjes n\u00eb jet\u00eb t\u00eb Neas\"}]},{\"@type\":\"WebSite\",\"@id\":\"https:\\\/\\\/blogin.al\\\/#website\",\"url\":\"https:\\\/\\\/blogin.al\\\/\",\"name\":\"blogin.al\",\"description\":\"\",\"publisher\":{\"@id\":\"https:\\\/\\\/blogin.al\\\/#organization\"},\"potentialAction\":[{\"@type\":\"SearchAction\",\"target\":{\"@type\":\"EntryPoint\",\"urlTemplate\":\"https:\\\/\\\/blogin.al\\\/?s={search_term_string}\"},\"query-input\":{\"@type\":\"PropertyValueSpecification\",\"valueRequired\":true,\"valueName\":\"search_term_string\"}}],\"inLanguage\":\"en-US\"},{\"@type\":\"Organization\",\"@id\":\"https:\\\/\\\/blogin.al\\\/#organization\",\"name\":\"BLOGIN.al\",\"url\":\"https:\\\/\\\/blogin.al\\\/\",\"logo\":{\"@type\":\"ImageObject\",\"inLanguage\":\"en-US\",\"@id\":\"https:\\\/\\\/blogin.al\\\/#\\\/schema\\\/logo\\\/image\\\/\",\"url\":\"https:\\\/\\\/blogin.al\\\/wp-content\\\/uploads\\\/2022\\\/05\\\/Untitled-2-01-e1652084456514.png\",\"contentUrl\":\"https:\\\/\\\/blogin.al\\\/wp-content\\\/uploads\\\/2022\\\/05\\\/Untitled-2-01-e1652084456514.png\",\"width\":3723,\"height\":1698,\"caption\":\"BLOGIN.al\"},\"image\":{\"@id\":\"https:\\\/\\\/blogin.al\\\/#\\\/schema\\\/logo\\\/image\\\/\"},\"sameAs\":[\"https:\\\/\\\/instagram.com\\\/blogin.al\\\/\"]},{\"@type\":\"Person\",\"@id\":\"https:\\\/\\\/blogin.al\\\/#\\\/schema\\\/person\\\/abdd56bc912cd511db877b852b115399\",\"name\":\"Blogin al\",\"image\":{\"@type\":\"ImageObject\",\"inLanguage\":\"en-US\",\"@id\":\"https:\\\/\\\/secure.gravatar.com\\\/avatar\\\/60d5661aee6e835fb13dc75d2204cd0c1d61bef2efd137c0083e59ef831e235e?s=96&d=mm&r=g\",\"url\":\"https:\\\/\\\/secure.gravatar.com\\\/avatar\\\/60d5661aee6e835fb13dc75d2204cd0c1d61bef2efd137c0083e59ef831e235e?s=96&d=mm&r=g\",\"contentUrl\":\"https:\\\/\\\/secure.gravatar.com\\\/avatar\\\/60d5661aee6e835fb13dc75d2204cd0c1d61bef2efd137c0083e59ef831e235e?s=96&d=mm&r=g\",\"caption\":\"Blogin al\"},\"sameAs\":[\"https:\\\/\\\/blogin.al\"],\"url\":\"https:\\\/\\\/blogin.al\\\/?author=2\"}]}<\/script>\n<!-- \/ Yoast SEO plugin. -->","yoast_head_json":{"title":"Sara Gjordeni publikon foton e par\u00eb t\u00eb vog\u00eblushes, mesazhi i pare pas ardhjes n\u00eb jet\u00eb t\u00eb Neas - blogin.al","robots":{"index":"index","follow":"follow","max-snippet":"max-snippet:-1","max-image-preview":"max-image-preview:large","max-video-preview":"max-video-preview:-1"},"canonical":"https:\/\/blogin.al\/?p=53219","og_locale":"en_US","og_type":"article","og_title":"Sara Gjordeni publikon foton e par\u00eb t\u00eb vog\u00eblushes, mesazhi i pare pas ardhjes n\u00eb jet\u00eb t\u00eb Neas - blogin.al","og_description":"Dy ish-banor\u00ebt e Big Brother Vip, Sara Gjordeni dhe Bardh Idizi jan\u00eb b\u00ebr\u00eb prind\u00ebr p\u00ebr her\u00eb t\u00eb par\u00eb dit\u00ebn e djeshme (5 Dhjetor). Ish-Missi zbuloi lajmin n\u00eb nj\u00eb postim n\u00eb Instagram teksa publikoi nj\u00eb foto t\u00eb k\u00ebng\u00ebtarit duke mbajtur vog\u00eblushen n\u00eb krah\u00eb. Pasi tregoi se kishte ardhur n\u00eb jet\u00eb vog\u00eblushja Nea, Sara Gjordeni falenderoi ndjek\u00ebsit [&hellip;]","og_url":"https:\/\/blogin.al\/?p=53219","og_site_name":"blogin.al","article_published_time":"2024-12-06T09:22:18+00:00","article_modified_time":"2024-12-06T09:28:31+00:00","og_image":[{"width":1440,"height":1629,"url":"https:\/\/blogin.al\/wp-content\/uploads\/2024\/12\/20241205_154044.jpg","type":"image\/jpeg"}],"author":"Blogin al","twitter_card":"summary_large_image","twitter_misc":{"Written by":"Blogin al","Est. reading time":"2 minutes"},"schema":{"@context":"https:\/\/schema.org","@graph":[{"@type":"Article","@id":"https:\/\/blogin.al\/?p=53219#article","isPartOf":{"@id":"https:\/\/blogin.al\/?p=53219"},"author":{"name":"Blogin al","@id":"https:\/\/blogin.al\/#\/schema\/person\/abdd56bc912cd511db877b852b115399"},"headline":"Sara Gjordeni publikon foton e par\u00eb t\u00eb vog\u00eblushes, mesazhi i pare pas ardhjes n\u00eb jet\u00eb t\u00eb Neas","datePublished":"2024-12-06T09:22:18+00:00","dateModified":"2024-12-06T09:28:31+00:00","mainEntityOfPage":{"@id":"https:\/\/blogin.al\/?p=53219"},"wordCount":238,"publisher":{"@id":"https:\/\/blogin.al\/#organization"},"image":{"@id":"https:\/\/blogin.al\/?p=53219#primaryimage"},"thumbnailUrl":"https:\/\/blogin.al\/wp-content\/uploads\/2024\/12\/20241205_154044.jpg","articleSection":["SHOWBIZ"],"inLanguage":"en-US"},{"@type":"WebPage","@id":"https:\/\/blogin.al\/?p=53219","url":"https:\/\/blogin.al\/?p=53219","name":"Sara Gjordeni publikon foton e par\u00eb t\u00eb vog\u00eblushes, mesazhi i pare pas ardhjes n\u00eb jet\u00eb t\u00eb Neas - blogin.al","isPartOf":{"@id":"https:\/\/blogin.al\/#website"},"primaryImageOfPage":{"@id":"https:\/\/blogin.al\/?p=53219#primaryimage"},"image":{"@id":"https:\/\/blogin.al\/?p=53219#primaryimage"},"thumbnailUrl":"https:\/\/blogin.al\/wp-content\/uploads\/2024\/12\/20241205_154044.jpg","datePublished":"2024-12-06T09:22:18+00:00","dateModified":"2024-12-06T09:28:31+00:00","breadcrumb":{"@id":"https:\/\/blogin.al\/?p=53219#breadcrumb"},"inLanguage":"en-US","potentialAction":[{"@type":"ReadAction","target":["https:\/\/blogin.al\/?p=53219"]}]},{"@type":"ImageObject","inLanguage":"en-US","@id":"https:\/\/blogin.al\/?p=53219#primaryimage","url":"https:\/\/blogin.al\/wp-content\/uploads\/2024\/12\/20241205_154044.jpg","contentUrl":"https:\/\/blogin.al\/wp-content\/uploads\/2024\/12\/20241205_154044.jpg","width":1440,"height":1629},{"@type":"BreadcrumbList","@id":"https:\/\/blogin.al\/?p=53219#breadcrumb","itemListElement":[{"@type":"ListItem","position":1,"name":"Home","item":"https:\/\/blogin.al\/"},{"@type":"ListItem","position":2,"name":"Sara Gjordeni publikon foton e par\u00eb t\u00eb vog\u00eblushes, mesazhi i pare pas ardhjes n\u00eb jet\u00eb t\u00eb Neas"}]},{"@type":"WebSite","@id":"https:\/\/blogin.al\/#website","url":"https:\/\/blogin.al\/","name":"blogin.al","description":"","publisher":{"@id":"https:\/\/blogin.al\/#organization"},"potentialAction":[{"@type":"SearchAction","target":{"@type":"EntryPoint","urlTemplate":"https:\/\/blogin.al\/?s={search_term_string}"},"query-input":{"@type":"PropertyValueSpecification","valueRequired":true,"valueName":"search_term_string"}}],"inLanguage":"en-US"},{"@type":"Organization","@id":"https:\/\/blogin.al\/#organization","name":"BLOGIN.al","url":"https:\/\/blogin.al\/","logo":{"@type":"ImageObject","inLanguage":"en-US","@id":"https:\/\/blogin.al\/#\/schema\/logo\/image\/","url":"https:\/\/blogin.al\/wp-content\/uploads\/2022\/05\/Untitled-2-01-e1652084456514.png","contentUrl":"https:\/\/blogin.al\/wp-content\/uploads\/2022\/05\/Untitled-2-01-e1652084456514.png","width":3723,"height":1698,"caption":"BLOGIN.al"},"image":{"@id":"https:\/\/blogin.al\/#\/schema\/logo\/image\/"},"sameAs":["https:\/\/instagram.com\/blogin.al\/"]},{"@type":"Person","@id":"https:\/\/blogin.al\/#\/schema\/person\/abdd56bc912cd511db877b852b115399","name":"Blogin al","image":{"@type":"ImageObject","inLanguage":"en-US","@id":"https:\/\/secure.gravatar.com\/avatar\/60d5661aee6e835fb13dc75d2204cd0c1d61bef2efd137c0083e59ef831e235e?s=96&d=mm&r=g","url":"https:\/\/secure.gravatar.com\/avatar\/60d5661aee6e835fb13dc75d2204cd0c1d61bef2efd137c0083e59ef831e235e?s=96&d=mm&r=g","contentUrl":"https:\/\/secure.gravatar.com\/avatar\/60d5661aee6e835fb13dc75d2204cd0c1d61bef2efd137c0083e59ef831e235e?s=96&d=mm&r=g","caption":"Blogin al"},"sameAs":["https:\/\/blogin.al"],"url":"https:\/\/blogin.al\/?author=2"}]}},"_links":{"self":[{"href":"https:\/\/blogin.al\/index.php?rest_route=\/wp\/v2\/posts\/53219","targetHints":{"allow":["GET"]}}],"collection":[{"href":"https:\/\/blogin.al\/index.php?rest_route=\/wp\/v2\/posts"}],"about":[{"href":"https:\/\/blogin.al\/index.php?rest_route=\/wp\/v2\/types\/post"}],"author":[{"embeddable":true,"href":"https:\/\/blogin.al\/index.php?rest_route=\/wp\/v2\/users\/2"}],"replies":[{"embeddable":true,"href":"https:\/\/blogin.al\/index.php?rest_route=%2Fwp%2Fv2%2Fcomments&post=53219"}],"version-history":[{"count":1,"href":"https:\/\/blogin.al\/index.php?rest_route=\/wp\/v2\/posts\/53219\/revisions"}],"predecessor-version":[{"id":53220,"href":"https:\/\/blogin.al\/index.php?rest_route=\/wp\/v2\/posts\/53219\/revisions\/53220"}],"wp:featuredmedia":[{"embeddable":true,"href":"https:\/\/blogin.al\/index.php?rest_route=\/wp\/v2\/media\/53206"}],"wp:attachment":[{"href":"https:\/\/blogin.al\/index.php?rest_route=%2Fwp%2Fv2%2Fmedia&parent=53219"}],"wp:term":[{"taxonomy":"category","embeddable":true,"href":"https:\/\/blogin.al\/index.php?rest_route=%2Fwp%2Fv2%2Fcategories&post=53219"},{"taxonomy":"post_tag","embeddable":true,"href":"https:\/\/blogin.al\/index.php?rest_route=%2Fwp%2Fv2%2Ftags&post=53219"}],"curies":[{"name":"wp","href":"https:\/\/api.w.org\/{rel}","templated":true}]}}