{"id":53238,"date":"2024-12-07T10:37:38","date_gmt":"2024-12-07T10:37:38","guid":{"rendered":"https:\/\/blogin.al\/?p=53238"},"modified":"2024-12-07T10:43:35","modified_gmt":"2024-12-07T10:43:35","slug":"ish-i-dashuri-i-anes-lidhjen-e-lam-hapur-deri-kur-ajo-te-dilte-si-reagoi-kevin","status":"publish","type":"post","link":"https:\/\/blogin.al\/?p=53238","title":{"rendered":"Ish i dashuri i An\u00ebs: Lidhjen e lam hapur deri kur ajo t\u00eb dilte (Si reagoi Kevin?)"},"content":{"rendered":"\n<p>Pas zyrtarizimit t\u00eb lidhjes mes An\u00ebs dhe Kevinit n\u00eb sht\u00ebpin\u00eb e Big Brother VIP Kosova, ish-partneri i An\u00ebs, Ozi, ka reaguar p\u00ebr her\u00eb t\u00eb par\u00eb p\u00ebrmes nj\u00eb videomesazhi drejtuar produksionit dhe publikut.<\/p>\n\n\n\n<p>N\u00eb deklarat\u00ebn e tij, Ozi, nj\u00eb artist i ri, sqaroi detaje mbi marr\u00ebdh\u00ebnien e tij t\u00eb m\u00ebparshme me An\u00ebn, duke shpjeguar se lidhja e tyre ishte n\u00eb fazat fillestare dhe se gjith\u00e7ka mbeti e hapur deri n\u00eb p\u00ebrfundimin e q\u00ebndrimit t\u00eb saj n\u00eb sht\u00ebpin\u00eb e Big Brother.<\/p>\n\n\n\n<p>\u201c<em>Un\u00eb dhe Ana ishim n\u00eb fillimet e nj\u00eb lidhjeje, por pas sjelljeve t\u00eb saj t\u00eb pahijshme gjat\u00eb loj\u00ebs, vendosa t\u00eb t\u00ebrhiqem pa b\u00ebr\u00eb zhurm\u00eb. Megjithat\u00eb, pas daljes s\u00eb saj, ajo filloi t\u00eb p\u00ebrmend\u00eb emrin tim dhe t\u00eb b\u00ebj\u00eb deklarata q\u00eb nuk mund t\u00eb lija pa p\u00ebrgjigje,<\/em>\u201d u shpreh Ozi.<\/p>\n\n\n\n<p>Ai gjithashtu kritikoi An\u00ebn p\u00ebr komentet dhe publikimet n\u00eb rrjetet sociale, duke theksuar se nuk kishte nd\u00ebrhyr\u00eb n\u00eb jet\u00ebn e saj private dhe se nuk kishte p\u00ebr q\u00ebllim t\u00eb ndikonte negativisht mbi imazhin e saj.<\/p>\n\n\n\n<p><em>\u201c\u00c7do foto apo video q\u00eb qarkullon \u00ebsht\u00eb publikuar prej saj, jo prej meje. Un\u00eb nuk kam tentuar asnj\u00ebher\u00eb t\u00eb ngre ose t\u00eb ul imazhin e An\u00ebs<\/em>,\u201d p\u00ebrfundoi Ozi.<\/p>\n\n\n\n<p>Kevin ka th\u00ebn\u00eb fjal\u00ebn e fundit pasi u shfaq videoja e ish t\u00eb dashurit t\u00eb An\u00ebs, i cili pretendonte se ka l\u00ebn\u00eb lidhje t\u00eb hapur jasht\u00eb.<\/p>\n\n\n\n<p><em>\u201cP\u00ebr k\u00ebto \u00e7ka ka ndodh me An\u00ebn. Un\u00eb e shoh te Ana at\u00eb q\u00eb kam par\u00eb k\u00ebtu, jo at\u00eb q\u00eb ka ndodhur m\u00eb her\u00ebt. Un\u00eb i besoj An\u00ebs, ende, por s\u2019mund t\u00eb them a \u00ebsht\u00eb apo nuk \u00ebsht\u00eb ashtu\u201d<\/em>, tha Kevin.<\/p>\n","protected":false},"excerpt":{"rendered":"<p>Pas zyrtarizimit t\u00eb lidhjes mes An\u00ebs dhe Kevinit n\u00eb sht\u00ebpin\u00eb e Big Brother VIP Kosova, ish-partneri i An\u00ebs, Ozi, ka reaguar p\u00ebr her\u00eb t\u00eb par\u00eb p\u00ebrmes nj\u00eb videomesazhi drejtuar produksionit dhe publikut. N\u00eb deklarat\u00ebn e tij, Ozi, nj\u00eb artist i ri, sqaroi detaje mbi marr\u00ebdh\u00ebnien e tij t\u00eb m\u00ebparshme me An\u00ebn, duke shpjeguar se lidhja [&hellip;]<\/p>\n","protected":false},"author":2,"featured_media":53243,"comment_status":"closed","ping_status":"closed","sticky":false,"template":"","format":"standard","meta":{"footnotes":""},"categories":[33],"tags":[],"class_list":{"0":"post-53238","1":"post","2":"type-post","3":"status-publish","4":"format-standard","5":"has-post-thumbnail","7":"category-showbiz"},"yoast_head":"<!-- This site is optimized with the Yoast SEO plugin v27.5 - https:\/\/yoast.com\/product\/yoast-seo-wordpress\/ -->\n<title>Ish i dashuri i An\u00ebs: Lidhjen e lam hapur deri kur ajo t\u00eb dilte (Si reagoi Kevin?) - blogin.al<\/title>\n<meta name=\"robots\" content=\"index, follow, max-snippet:-1, max-image-preview:large, max-video-preview:-1\" \/>\n<link rel=\"canonical\" href=\"https:\/\/blogin.al\/?p=53238\" \/>\n<meta property=\"og:locale\" content=\"en_US\" \/>\n<meta property=\"og:type\" content=\"article\" \/>\n<meta property=\"og:title\" content=\"Ish i dashuri i An\u00ebs: Lidhjen e lam hapur deri kur ajo t\u00eb dilte (Si reagoi Kevin?) - blogin.al\" \/>\n<meta property=\"og:description\" content=\"Pas zyrtarizimit t\u00eb lidhjes mes An\u00ebs dhe Kevinit n\u00eb sht\u00ebpin\u00eb e Big Brother VIP Kosova, ish-partneri i An\u00ebs, Ozi, ka reaguar p\u00ebr her\u00eb t\u00eb par\u00eb p\u00ebrmes nj\u00eb videomesazhi drejtuar produksionit dhe publikut. N\u00eb deklarat\u00ebn e tij, Ozi, nj\u00eb artist i ri, sqaroi detaje mbi marr\u00ebdh\u00ebnien e tij t\u00eb m\u00ebparshme me An\u00ebn, duke shpjeguar se lidhja [&hellip;]\" \/>\n<meta property=\"og:url\" content=\"https:\/\/blogin.al\/?p=53238\" \/>\n<meta property=\"og:site_name\" content=\"blogin.al\" \/>\n<meta property=\"article:published_time\" content=\"2024-12-07T10:37:38+00:00\" \/>\n<meta property=\"article:modified_time\" content=\"2024-12-07T10:43:35+00:00\" \/>\n<meta property=\"og:image\" content=\"https:\/\/blogin.al\/wp-content\/uploads\/2024\/12\/hq72028229.jpg\" \/>\n\t<meta property=\"og:image:width\" content=\"686\" \/>\n\t<meta property=\"og:image:height\" content=\"386\" \/>\n\t<meta property=\"og:image:type\" content=\"image\/jpeg\" \/>\n<meta name=\"author\" content=\"Blogin al\" \/>\n<meta name=\"twitter:card\" content=\"summary_large_image\" \/>\n<meta name=\"twitter:label1\" content=\"Written by\" \/>\n\t<meta name=\"twitter:data1\" content=\"Blogin al\" \/>\n\t<meta name=\"twitter:label2\" content=\"Est. reading time\" \/>\n\t<meta name=\"twitter:data2\" content=\"2 minutes\" \/>\n<script type=\"application\/ld+json\" class=\"yoast-schema-graph\">{\"@context\":\"https:\\\/\\\/schema.org\",\"@graph\":[{\"@type\":\"Article\",\"@id\":\"https:\\\/\\\/blogin.al\\\/?p=53238#article\",\"isPartOf\":{\"@id\":\"https:\\\/\\\/blogin.al\\\/?p=53238\"},\"author\":{\"name\":\"Blogin al\",\"@id\":\"https:\\\/\\\/blogin.al\\\/#\\\/schema\\\/person\\\/abdd56bc912cd511db877b852b115399\"},\"headline\":\"Ish i dashuri i An\u00ebs: Lidhjen e lam hapur deri kur ajo t\u00eb dilte (Si reagoi Kevin?)\",\"datePublished\":\"2024-12-07T10:37:38+00:00\",\"dateModified\":\"2024-12-07T10:43:35+00:00\",\"mainEntityOfPage\":{\"@id\":\"https:\\\/\\\/blogin.al\\\/?p=53238\"},\"wordCount\":316,\"publisher\":{\"@id\":\"https:\\\/\\\/blogin.al\\\/#organization\"},\"image\":{\"@id\":\"https:\\\/\\\/blogin.al\\\/?p=53238#primaryimage\"},\"thumbnailUrl\":\"https:\\\/\\\/blogin.al\\\/wp-content\\\/uploads\\\/2024\\\/12\\\/hq72028229.jpg\",\"articleSection\":[\"SHOWBIZ\"],\"inLanguage\":\"en-US\"},{\"@type\":\"WebPage\",\"@id\":\"https:\\\/\\\/blogin.al\\\/?p=53238\",\"url\":\"https:\\\/\\\/blogin.al\\\/?p=53238\",\"name\":\"Ish i dashuri i An\u00ebs: Lidhjen e lam hapur deri kur ajo t\u00eb dilte (Si reagoi Kevin?) - blogin.al\",\"isPartOf\":{\"@id\":\"https:\\\/\\\/blogin.al\\\/#website\"},\"primaryImageOfPage\":{\"@id\":\"https:\\\/\\\/blogin.al\\\/?p=53238#primaryimage\"},\"image\":{\"@id\":\"https:\\\/\\\/blogin.al\\\/?p=53238#primaryimage\"},\"thumbnailUrl\":\"https:\\\/\\\/blogin.al\\\/wp-content\\\/uploads\\\/2024\\\/12\\\/hq72028229.jpg\",\"datePublished\":\"2024-12-07T10:37:38+00:00\",\"dateModified\":\"2024-12-07T10:43:35+00:00\",\"breadcrumb\":{\"@id\":\"https:\\\/\\\/blogin.al\\\/?p=53238#breadcrumb\"},\"inLanguage\":\"en-US\",\"potentialAction\":[{\"@type\":\"ReadAction\",\"target\":[\"https:\\\/\\\/blogin.al\\\/?p=53238\"]}]},{\"@type\":\"ImageObject\",\"inLanguage\":\"en-US\",\"@id\":\"https:\\\/\\\/blogin.al\\\/?p=53238#primaryimage\",\"url\":\"https:\\\/\\\/blogin.al\\\/wp-content\\\/uploads\\\/2024\\\/12\\\/hq72028229.jpg\",\"contentUrl\":\"https:\\\/\\\/blogin.al\\\/wp-content\\\/uploads\\\/2024\\\/12\\\/hq72028229.jpg\",\"width\":686,\"height\":386},{\"@type\":\"BreadcrumbList\",\"@id\":\"https:\\\/\\\/blogin.al\\\/?p=53238#breadcrumb\",\"itemListElement\":[{\"@type\":\"ListItem\",\"position\":1,\"name\":\"Home\",\"item\":\"https:\\\/\\\/blogin.al\\\/\"},{\"@type\":\"ListItem\",\"position\":2,\"name\":\"Ish i dashuri i An\u00ebs: Lidhjen e lam hapur deri kur ajo t\u00eb dilte (Si reagoi Kevin?)\"}]},{\"@type\":\"WebSite\",\"@id\":\"https:\\\/\\\/blogin.al\\\/#website\",\"url\":\"https:\\\/\\\/blogin.al\\\/\",\"name\":\"blogin.al\",\"description\":\"\",\"publisher\":{\"@id\":\"https:\\\/\\\/blogin.al\\\/#organization\"},\"potentialAction\":[{\"@type\":\"SearchAction\",\"target\":{\"@type\":\"EntryPoint\",\"urlTemplate\":\"https:\\\/\\\/blogin.al\\\/?s={search_term_string}\"},\"query-input\":{\"@type\":\"PropertyValueSpecification\",\"valueRequired\":true,\"valueName\":\"search_term_string\"}}],\"inLanguage\":\"en-US\"},{\"@type\":\"Organization\",\"@id\":\"https:\\\/\\\/blogin.al\\\/#organization\",\"name\":\"BLOGIN.al\",\"url\":\"https:\\\/\\\/blogin.al\\\/\",\"logo\":{\"@type\":\"ImageObject\",\"inLanguage\":\"en-US\",\"@id\":\"https:\\\/\\\/blogin.al\\\/#\\\/schema\\\/logo\\\/image\\\/\",\"url\":\"https:\\\/\\\/blogin.al\\\/wp-content\\\/uploads\\\/2022\\\/05\\\/Untitled-2-01-e1652084456514.png\",\"contentUrl\":\"https:\\\/\\\/blogin.al\\\/wp-content\\\/uploads\\\/2022\\\/05\\\/Untitled-2-01-e1652084456514.png\",\"width\":3723,\"height\":1698,\"caption\":\"BLOGIN.al\"},\"image\":{\"@id\":\"https:\\\/\\\/blogin.al\\\/#\\\/schema\\\/logo\\\/image\\\/\"},\"sameAs\":[\"https:\\\/\\\/instagram.com\\\/blogin.al\\\/\"]},{\"@type\":\"Person\",\"@id\":\"https:\\\/\\\/blogin.al\\\/#\\\/schema\\\/person\\\/abdd56bc912cd511db877b852b115399\",\"name\":\"Blogin al\",\"image\":{\"@type\":\"ImageObject\",\"inLanguage\":\"en-US\",\"@id\":\"https:\\\/\\\/secure.gravatar.com\\\/avatar\\\/60d5661aee6e835fb13dc75d2204cd0c1d61bef2efd137c0083e59ef831e235e?s=96&d=mm&r=g\",\"url\":\"https:\\\/\\\/secure.gravatar.com\\\/avatar\\\/60d5661aee6e835fb13dc75d2204cd0c1d61bef2efd137c0083e59ef831e235e?s=96&d=mm&r=g\",\"contentUrl\":\"https:\\\/\\\/secure.gravatar.com\\\/avatar\\\/60d5661aee6e835fb13dc75d2204cd0c1d61bef2efd137c0083e59ef831e235e?s=96&d=mm&r=g\",\"caption\":\"Blogin al\"},\"sameAs\":[\"https:\\\/\\\/blogin.al\"],\"url\":\"https:\\\/\\\/blogin.al\\\/?author=2\"}]}<\/script>\n<!-- \/ Yoast SEO plugin. -->","yoast_head_json":{"title":"Ish i dashuri i An\u00ebs: Lidhjen e lam hapur deri kur ajo t\u00eb dilte (Si reagoi Kevin?) - blogin.al","robots":{"index":"index","follow":"follow","max-snippet":"max-snippet:-1","max-image-preview":"max-image-preview:large","max-video-preview":"max-video-preview:-1"},"canonical":"https:\/\/blogin.al\/?p=53238","og_locale":"en_US","og_type":"article","og_title":"Ish i dashuri i An\u00ebs: Lidhjen e lam hapur deri kur ajo t\u00eb dilte (Si reagoi Kevin?) - blogin.al","og_description":"Pas zyrtarizimit t\u00eb lidhjes mes An\u00ebs dhe Kevinit n\u00eb sht\u00ebpin\u00eb e Big Brother VIP Kosova, ish-partneri i An\u00ebs, Ozi, ka reaguar p\u00ebr her\u00eb t\u00eb par\u00eb p\u00ebrmes nj\u00eb videomesazhi drejtuar produksionit dhe publikut. N\u00eb deklarat\u00ebn e tij, Ozi, nj\u00eb artist i ri, sqaroi detaje mbi marr\u00ebdh\u00ebnien e tij t\u00eb m\u00ebparshme me An\u00ebn, duke shpjeguar se lidhja [&hellip;]","og_url":"https:\/\/blogin.al\/?p=53238","og_site_name":"blogin.al","article_published_time":"2024-12-07T10:37:38+00:00","article_modified_time":"2024-12-07T10:43:35+00:00","og_image":[{"width":686,"height":386,"url":"https:\/\/blogin.al\/wp-content\/uploads\/2024\/12\/hq72028229.jpg","type":"image\/jpeg"}],"author":"Blogin al","twitter_card":"summary_large_image","twitter_misc":{"Written by":"Blogin al","Est. reading time":"2 minutes"},"schema":{"@context":"https:\/\/schema.org","@graph":[{"@type":"Article","@id":"https:\/\/blogin.al\/?p=53238#article","isPartOf":{"@id":"https:\/\/blogin.al\/?p=53238"},"author":{"name":"Blogin al","@id":"https:\/\/blogin.al\/#\/schema\/person\/abdd56bc912cd511db877b852b115399"},"headline":"Ish i dashuri i An\u00ebs: Lidhjen e lam hapur deri kur ajo t\u00eb dilte (Si reagoi Kevin?)","datePublished":"2024-12-07T10:37:38+00:00","dateModified":"2024-12-07T10:43:35+00:00","mainEntityOfPage":{"@id":"https:\/\/blogin.al\/?p=53238"},"wordCount":316,"publisher":{"@id":"https:\/\/blogin.al\/#organization"},"image":{"@id":"https:\/\/blogin.al\/?p=53238#primaryimage"},"thumbnailUrl":"https:\/\/blogin.al\/wp-content\/uploads\/2024\/12\/hq72028229.jpg","articleSection":["SHOWBIZ"],"inLanguage":"en-US"},{"@type":"WebPage","@id":"https:\/\/blogin.al\/?p=53238","url":"https:\/\/blogin.al\/?p=53238","name":"Ish i dashuri i An\u00ebs: Lidhjen e lam hapur deri kur ajo t\u00eb dilte (Si reagoi Kevin?) - blogin.al","isPartOf":{"@id":"https:\/\/blogin.al\/#website"},"primaryImageOfPage":{"@id":"https:\/\/blogin.al\/?p=53238#primaryimage"},"image":{"@id":"https:\/\/blogin.al\/?p=53238#primaryimage"},"thumbnailUrl":"https:\/\/blogin.al\/wp-content\/uploads\/2024\/12\/hq72028229.jpg","datePublished":"2024-12-07T10:37:38+00:00","dateModified":"2024-12-07T10:43:35+00:00","breadcrumb":{"@id":"https:\/\/blogin.al\/?p=53238#breadcrumb"},"inLanguage":"en-US","potentialAction":[{"@type":"ReadAction","target":["https:\/\/blogin.al\/?p=53238"]}]},{"@type":"ImageObject","inLanguage":"en-US","@id":"https:\/\/blogin.al\/?p=53238#primaryimage","url":"https:\/\/blogin.al\/wp-content\/uploads\/2024\/12\/hq72028229.jpg","contentUrl":"https:\/\/blogin.al\/wp-content\/uploads\/2024\/12\/hq72028229.jpg","width":686,"height":386},{"@type":"BreadcrumbList","@id":"https:\/\/blogin.al\/?p=53238#breadcrumb","itemListElement":[{"@type":"ListItem","position":1,"name":"Home","item":"https:\/\/blogin.al\/"},{"@type":"ListItem","position":2,"name":"Ish i dashuri i An\u00ebs: Lidhjen e lam hapur deri kur ajo t\u00eb dilte (Si reagoi Kevin?)"}]},{"@type":"WebSite","@id":"https:\/\/blogin.al\/#website","url":"https:\/\/blogin.al\/","name":"blogin.al","description":"","publisher":{"@id":"https:\/\/blogin.al\/#organization"},"potentialAction":[{"@type":"SearchAction","target":{"@type":"EntryPoint","urlTemplate":"https:\/\/blogin.al\/?s={search_term_string}"},"query-input":{"@type":"PropertyValueSpecification","valueRequired":true,"valueName":"search_term_string"}}],"inLanguage":"en-US"},{"@type":"Organization","@id":"https:\/\/blogin.al\/#organization","name":"BLOGIN.al","url":"https:\/\/blogin.al\/","logo":{"@type":"ImageObject","inLanguage":"en-US","@id":"https:\/\/blogin.al\/#\/schema\/logo\/image\/","url":"https:\/\/blogin.al\/wp-content\/uploads\/2022\/05\/Untitled-2-01-e1652084456514.png","contentUrl":"https:\/\/blogin.al\/wp-content\/uploads\/2022\/05\/Untitled-2-01-e1652084456514.png","width":3723,"height":1698,"caption":"BLOGIN.al"},"image":{"@id":"https:\/\/blogin.al\/#\/schema\/logo\/image\/"},"sameAs":["https:\/\/instagram.com\/blogin.al\/"]},{"@type":"Person","@id":"https:\/\/blogin.al\/#\/schema\/person\/abdd56bc912cd511db877b852b115399","name":"Blogin al","image":{"@type":"ImageObject","inLanguage":"en-US","@id":"https:\/\/secure.gravatar.com\/avatar\/60d5661aee6e835fb13dc75d2204cd0c1d61bef2efd137c0083e59ef831e235e?s=96&d=mm&r=g","url":"https:\/\/secure.gravatar.com\/avatar\/60d5661aee6e835fb13dc75d2204cd0c1d61bef2efd137c0083e59ef831e235e?s=96&d=mm&r=g","contentUrl":"https:\/\/secure.gravatar.com\/avatar\/60d5661aee6e835fb13dc75d2204cd0c1d61bef2efd137c0083e59ef831e235e?s=96&d=mm&r=g","caption":"Blogin al"},"sameAs":["https:\/\/blogin.al"],"url":"https:\/\/blogin.al\/?author=2"}]}},"_links":{"self":[{"href":"https:\/\/blogin.al\/index.php?rest_route=\/wp\/v2\/posts\/53238","targetHints":{"allow":["GET"]}}],"collection":[{"href":"https:\/\/blogin.al\/index.php?rest_route=\/wp\/v2\/posts"}],"about":[{"href":"https:\/\/blogin.al\/index.php?rest_route=\/wp\/v2\/types\/post"}],"author":[{"embeddable":true,"href":"https:\/\/blogin.al\/index.php?rest_route=\/wp\/v2\/users\/2"}],"replies":[{"embeddable":true,"href":"https:\/\/blogin.al\/index.php?rest_route=%2Fwp%2Fv2%2Fcomments&post=53238"}],"version-history":[{"count":1,"href":"https:\/\/blogin.al\/index.php?rest_route=\/wp\/v2\/posts\/53238\/revisions"}],"predecessor-version":[{"id":53239,"href":"https:\/\/blogin.al\/index.php?rest_route=\/wp\/v2\/posts\/53238\/revisions\/53239"}],"wp:featuredmedia":[{"embeddable":true,"href":"https:\/\/blogin.al\/index.php?rest_route=\/wp\/v2\/media\/53243"}],"wp:attachment":[{"href":"https:\/\/blogin.al\/index.php?rest_route=%2Fwp%2Fv2%2Fmedia&parent=53238"}],"wp:term":[{"taxonomy":"category","embeddable":true,"href":"https:\/\/blogin.al\/index.php?rest_route=%2Fwp%2Fv2%2Fcategories&post=53238"},{"taxonomy":"post_tag","embeddable":true,"href":"https:\/\/blogin.al\/index.php?rest_route=%2Fwp%2Fv2%2Ftags&post=53238"}],"curies":[{"name":"wp","href":"https:\/\/api.w.org\/{rel}","templated":true}]}}