{"id":53262,"date":"2024-12-08T09:58:46","date_gmt":"2024-12-08T09:58:46","guid":{"rendered":"https:\/\/blogin.al\/?p=53262"},"modified":"2024-12-08T09:58:49","modified_gmt":"2024-12-08T09:58:49","slug":"si-e-perjetoi-ndarjen-e-se-motres-rrefehet-amos-zaharia","status":"publish","type":"post","link":"https:\/\/blogin.al\/?p=53262","title":{"rendered":"Si e p\u00ebrjetoi ndarjen e s\u00eb motr\u00ebs? Rr\u00ebfehet Amos Zaharia"},"content":{"rendered":"\n<p>Nj\u00eb vit pas incidentit t\u00eb bujsh\u00ebm mes Elja Zaharias dhe Princit Leka, i cili degjeneroi n\u00eb p\u00ebrplasje fizike dhe nxiti nj\u00eb mori spekulimesh mediatike, aktori i njohur Amos Muji Zaharia ka ndar\u00eb p\u00ebrjetimet e tij n\u00eb lidhje me k\u00ebt\u00eb periudh\u00eb t\u00eb v\u00ebshtir\u00eb. I ftuar n\u00eb emisionin \u201cS\u2019e luan Topi\u201d me Erjona Rusin, Amos theksoi se, ndon\u00ebse ngjarja ishte e pak\u00ebndshme p\u00ebr t\u00eb gjith\u00eb, mb\u00ebshtetja e fort\u00eb familjare ishte e domosdoshme p\u00ebr Eljan n\u00eb at\u00eb moment t\u00eb v\u00ebshtir\u00eb. Ai gjithashtu foli p\u00ebr trysnin\u00eb e jasht\u00ebzakonshme mediatike q\u00eb ka pasuar, duke theksuar se ishte nj\u00eb periudh\u00eb e v\u00ebshtir\u00eb p\u00ebr t\u00eb dy familjet, q\u00eb p\u00ebrballeshin me presionin e vazhduesh\u00ebm t\u00eb publicitetit.<\/p>\n\n\n\n<p>\u201cNormal q\u00eb nuk e kam p\u00ebrjetuar mir\u00eb, por mendoj edhe k\u00ebt\u00eb tjetr\u00ebn: N\u00eb qoft\u00eb se rrug\u00ebtimit t\u00eb nj\u00eb \u00e7ifti i ka ardhur fundi, \u00ebsht\u00eb mbase m\u00eb mir\u00eb q\u00eb gjithsecili prej tyre t\u00eb vazhdoj\u00eb rrug\u00ebn e vet, t\u00eb p\u00ebrpiqet t\u00eb gjej\u00eb at\u00eb q\u00eb nuk e ka gjetur n\u00eb momentin q\u00eb nuk ishin bashk\u00eb. Mbase ka qen\u00eb edhe nj\u00eb lloj leht\u00ebsimi nga ana e t\u00eb dyve q\u00eb t\u00eb nd\u00ebrpritej aty dhe t\u00eb vazhdonin \u2026 Jeta nuk mbaron, \u00ebsht\u00eb plot me surpriza, jeta ka shum\u00eb momente t\u00eb bukura q\u00eb mund t\u00eb t\u00eb t\u00eb sjell\u00eb n\u00eb t\u00eb ardhmen. Nuk \u00ebsht\u00eb fundi i bot\u00ebs.<\/p>\n\n\n\n<p>Kemi folur shum\u00eb bashk\u00eb, se jam p\u00ebrpjekur t\u2019i rri af\u00ebr n\u00eb at\u00eb moment, sepse e di q\u00eb nuk \u00ebsht\u00eb i leht\u00eb, aq m\u00eb tep\u00ebr kur \u00ebsht\u00eb nj\u00eb Shqip\u00ebri e t\u00ebr\u00eb q\u00eb \u00ebsht\u00eb duke ndjekur se \u00e7far\u00eb \u00ebsht\u00eb duke ndodhur. Njer\u00ebzit, duke qen\u00eb totalisht n\u00eb anonimat, e p\u00ebrjetojn\u00eb shum\u00eb keq k\u00ebt\u00eb gj\u00eb, imagjino kur ke edhe nj\u00eb trysni shum\u00eb t\u00eb madhe q\u00eb \u00ebsht\u00eb opinioni i shoq\u00ebris\u00eb q\u00eb do jap\u00eb opininin pa i ditur mir\u00eb gj\u00ebrat. E dija q\u00eb ishte nj\u00eb moment shum\u00eb i v\u00ebshtir\u00eb p\u00ebr Eljan dhe e vetmja gj\u00eb q\u00eb mund t\u00eb b\u00ebja dhe mund t\u00eb b\u00ebj\u00eb e gjith\u00eb familja \u00ebsht\u00eb q\u00eb mund t\u2019i q\u00ebndronim pran\u00eb. Dhe ekzakt\u00ebsisht k\u00ebt\u00eb b\u00ebm\u00eb\u2026\u201d<\/p>\n","protected":false},"excerpt":{"rendered":"<p>Nj\u00eb vit pas incidentit t\u00eb bujsh\u00ebm mes Elja Zaharias dhe Princit Leka, i cili degjeneroi n\u00eb p\u00ebrplasje fizike dhe nxiti nj\u00eb mori spekulimesh mediatike, aktori i njohur Amos Muji Zaharia ka ndar\u00eb p\u00ebrjetimet e tij n\u00eb lidhje me k\u00ebt\u00eb periudh\u00eb t\u00eb v\u00ebshtir\u00eb. I ftuar n\u00eb emisionin \u201cS\u2019e luan Topi\u201d me Erjona Rusin, Amos theksoi se, [&hellip;]<\/p>\n","protected":false},"author":2,"featured_media":47496,"comment_status":"closed","ping_status":"closed","sticky":false,"template":"","format":"standard","meta":{"footnotes":""},"categories":[33],"tags":[],"class_list":{"0":"post-53262","1":"post","2":"type-post","3":"status-publish","4":"format-standard","5":"has-post-thumbnail","7":"category-showbiz"},"yoast_head":"<!-- This site is optimized with the Yoast SEO plugin v27.5 - https:\/\/yoast.com\/product\/yoast-seo-wordpress\/ -->\n<title>Si e p\u00ebrjetoi ndarjen e s\u00eb motr\u00ebs? Rr\u00ebfehet Amos Zaharia - blogin.al<\/title>\n<meta name=\"robots\" content=\"index, follow, max-snippet:-1, max-image-preview:large, max-video-preview:-1\" \/>\n<link rel=\"canonical\" href=\"https:\/\/blogin.al\/?p=53262\" \/>\n<meta property=\"og:locale\" content=\"en_US\" \/>\n<meta property=\"og:type\" content=\"article\" \/>\n<meta property=\"og:title\" content=\"Si e p\u00ebrjetoi ndarjen e s\u00eb motr\u00ebs? Rr\u00ebfehet Amos Zaharia - blogin.al\" \/>\n<meta property=\"og:description\" content=\"Nj\u00eb vit pas incidentit t\u00eb bujsh\u00ebm mes Elja Zaharias dhe Princit Leka, i cili degjeneroi n\u00eb p\u00ebrplasje fizike dhe nxiti nj\u00eb mori spekulimesh mediatike, aktori i njohur Amos Muji Zaharia ka ndar\u00eb p\u00ebrjetimet e tij n\u00eb lidhje me k\u00ebt\u00eb periudh\u00eb t\u00eb v\u00ebshtir\u00eb. I ftuar n\u00eb emisionin \u201cS\u2019e luan Topi\u201d me Erjona Rusin, Amos theksoi se, [&hellip;]\" \/>\n<meta property=\"og:url\" content=\"https:\/\/blogin.al\/?p=53262\" \/>\n<meta property=\"og:site_name\" content=\"blogin.al\" \/>\n<meta property=\"article:published_time\" content=\"2024-12-08T09:58:46+00:00\" \/>\n<meta property=\"article:modified_time\" content=\"2024-12-08T09:58:49+00:00\" \/>\n<meta property=\"og:image\" content=\"https:\/\/blogin.al\/wp-content\/uploads\/2024\/05\/image-102.png\" \/>\n\t<meta property=\"og:image:width\" content=\"900\" \/>\n\t<meta property=\"og:image:height\" content=\"472\" \/>\n\t<meta property=\"og:image:type\" content=\"image\/png\" \/>\n<meta name=\"author\" content=\"Blogin al\" \/>\n<meta name=\"twitter:card\" content=\"summary_large_image\" \/>\n<meta name=\"twitter:label1\" content=\"Written by\" \/>\n\t<meta name=\"twitter:data1\" content=\"Blogin al\" \/>\n\t<meta name=\"twitter:label2\" content=\"Est. reading time\" \/>\n\t<meta name=\"twitter:data2\" content=\"2 minutes\" \/>\n<script type=\"application\/ld+json\" class=\"yoast-schema-graph\">{\"@context\":\"https:\\\/\\\/schema.org\",\"@graph\":[{\"@type\":\"Article\",\"@id\":\"https:\\\/\\\/blogin.al\\\/?p=53262#article\",\"isPartOf\":{\"@id\":\"https:\\\/\\\/blogin.al\\\/?p=53262\"},\"author\":{\"name\":\"Blogin al\",\"@id\":\"https:\\\/\\\/blogin.al\\\/#\\\/schema\\\/person\\\/abdd56bc912cd511db877b852b115399\"},\"headline\":\"Si e p\u00ebrjetoi ndarjen e s\u00eb motr\u00ebs? Rr\u00ebfehet Amos Zaharia\",\"datePublished\":\"2024-12-08T09:58:46+00:00\",\"dateModified\":\"2024-12-08T09:58:49+00:00\",\"mainEntityOfPage\":{\"@id\":\"https:\\\/\\\/blogin.al\\\/?p=53262\"},\"wordCount\":376,\"publisher\":{\"@id\":\"https:\\\/\\\/blogin.al\\\/#organization\"},\"image\":{\"@id\":\"https:\\\/\\\/blogin.al\\\/?p=53262#primaryimage\"},\"thumbnailUrl\":\"https:\\\/\\\/blogin.al\\\/wp-content\\\/uploads\\\/2024\\\/05\\\/image-102.png\",\"articleSection\":[\"SHOWBIZ\"],\"inLanguage\":\"en-US\"},{\"@type\":\"WebPage\",\"@id\":\"https:\\\/\\\/blogin.al\\\/?p=53262\",\"url\":\"https:\\\/\\\/blogin.al\\\/?p=53262\",\"name\":\"Si e p\u00ebrjetoi ndarjen e s\u00eb motr\u00ebs? Rr\u00ebfehet Amos Zaharia - blogin.al\",\"isPartOf\":{\"@id\":\"https:\\\/\\\/blogin.al\\\/#website\"},\"primaryImageOfPage\":{\"@id\":\"https:\\\/\\\/blogin.al\\\/?p=53262#primaryimage\"},\"image\":{\"@id\":\"https:\\\/\\\/blogin.al\\\/?p=53262#primaryimage\"},\"thumbnailUrl\":\"https:\\\/\\\/blogin.al\\\/wp-content\\\/uploads\\\/2024\\\/05\\\/image-102.png\",\"datePublished\":\"2024-12-08T09:58:46+00:00\",\"dateModified\":\"2024-12-08T09:58:49+00:00\",\"breadcrumb\":{\"@id\":\"https:\\\/\\\/blogin.al\\\/?p=53262#breadcrumb\"},\"inLanguage\":\"en-US\",\"potentialAction\":[{\"@type\":\"ReadAction\",\"target\":[\"https:\\\/\\\/blogin.al\\\/?p=53262\"]}]},{\"@type\":\"ImageObject\",\"inLanguage\":\"en-US\",\"@id\":\"https:\\\/\\\/blogin.al\\\/?p=53262#primaryimage\",\"url\":\"https:\\\/\\\/blogin.al\\\/wp-content\\\/uploads\\\/2024\\\/05\\\/image-102.png\",\"contentUrl\":\"https:\\\/\\\/blogin.al\\\/wp-content\\\/uploads\\\/2024\\\/05\\\/image-102.png\",\"width\":900,\"height\":472},{\"@type\":\"BreadcrumbList\",\"@id\":\"https:\\\/\\\/blogin.al\\\/?p=53262#breadcrumb\",\"itemListElement\":[{\"@type\":\"ListItem\",\"position\":1,\"name\":\"Home\",\"item\":\"https:\\\/\\\/blogin.al\\\/\"},{\"@type\":\"ListItem\",\"position\":2,\"name\":\"Si e p\u00ebrjetoi ndarjen e s\u00eb motr\u00ebs? Rr\u00ebfehet Amos Zaharia\"}]},{\"@type\":\"WebSite\",\"@id\":\"https:\\\/\\\/blogin.al\\\/#website\",\"url\":\"https:\\\/\\\/blogin.al\\\/\",\"name\":\"blogin.al\",\"description\":\"\",\"publisher\":{\"@id\":\"https:\\\/\\\/blogin.al\\\/#organization\"},\"potentialAction\":[{\"@type\":\"SearchAction\",\"target\":{\"@type\":\"EntryPoint\",\"urlTemplate\":\"https:\\\/\\\/blogin.al\\\/?s={search_term_string}\"},\"query-input\":{\"@type\":\"PropertyValueSpecification\",\"valueRequired\":true,\"valueName\":\"search_term_string\"}}],\"inLanguage\":\"en-US\"},{\"@type\":\"Organization\",\"@id\":\"https:\\\/\\\/blogin.al\\\/#organization\",\"name\":\"BLOGIN.al\",\"url\":\"https:\\\/\\\/blogin.al\\\/\",\"logo\":{\"@type\":\"ImageObject\",\"inLanguage\":\"en-US\",\"@id\":\"https:\\\/\\\/blogin.al\\\/#\\\/schema\\\/logo\\\/image\\\/\",\"url\":\"https:\\\/\\\/blogin.al\\\/wp-content\\\/uploads\\\/2022\\\/05\\\/Untitled-2-01-e1652084456514.png\",\"contentUrl\":\"https:\\\/\\\/blogin.al\\\/wp-content\\\/uploads\\\/2022\\\/05\\\/Untitled-2-01-e1652084456514.png\",\"width\":3723,\"height\":1698,\"caption\":\"BLOGIN.al\"},\"image\":{\"@id\":\"https:\\\/\\\/blogin.al\\\/#\\\/schema\\\/logo\\\/image\\\/\"},\"sameAs\":[\"https:\\\/\\\/instagram.com\\\/blogin.al\\\/\"]},{\"@type\":\"Person\",\"@id\":\"https:\\\/\\\/blogin.al\\\/#\\\/schema\\\/person\\\/abdd56bc912cd511db877b852b115399\",\"name\":\"Blogin al\",\"image\":{\"@type\":\"ImageObject\",\"inLanguage\":\"en-US\",\"@id\":\"https:\\\/\\\/secure.gravatar.com\\\/avatar\\\/60d5661aee6e835fb13dc75d2204cd0c1d61bef2efd137c0083e59ef831e235e?s=96&d=mm&r=g\",\"url\":\"https:\\\/\\\/secure.gravatar.com\\\/avatar\\\/60d5661aee6e835fb13dc75d2204cd0c1d61bef2efd137c0083e59ef831e235e?s=96&d=mm&r=g\",\"contentUrl\":\"https:\\\/\\\/secure.gravatar.com\\\/avatar\\\/60d5661aee6e835fb13dc75d2204cd0c1d61bef2efd137c0083e59ef831e235e?s=96&d=mm&r=g\",\"caption\":\"Blogin al\"},\"sameAs\":[\"https:\\\/\\\/blogin.al\"],\"url\":\"https:\\\/\\\/blogin.al\\\/?author=2\"}]}<\/script>\n<!-- \/ Yoast SEO plugin. -->","yoast_head_json":{"title":"Si e p\u00ebrjetoi ndarjen e s\u00eb motr\u00ebs? Rr\u00ebfehet Amos Zaharia - blogin.al","robots":{"index":"index","follow":"follow","max-snippet":"max-snippet:-1","max-image-preview":"max-image-preview:large","max-video-preview":"max-video-preview:-1"},"canonical":"https:\/\/blogin.al\/?p=53262","og_locale":"en_US","og_type":"article","og_title":"Si e p\u00ebrjetoi ndarjen e s\u00eb motr\u00ebs? Rr\u00ebfehet Amos Zaharia - blogin.al","og_description":"Nj\u00eb vit pas incidentit t\u00eb bujsh\u00ebm mes Elja Zaharias dhe Princit Leka, i cili degjeneroi n\u00eb p\u00ebrplasje fizike dhe nxiti nj\u00eb mori spekulimesh mediatike, aktori i njohur Amos Muji Zaharia ka ndar\u00eb p\u00ebrjetimet e tij n\u00eb lidhje me k\u00ebt\u00eb periudh\u00eb t\u00eb v\u00ebshtir\u00eb. I ftuar n\u00eb emisionin \u201cS\u2019e luan Topi\u201d me Erjona Rusin, Amos theksoi se, [&hellip;]","og_url":"https:\/\/blogin.al\/?p=53262","og_site_name":"blogin.al","article_published_time":"2024-12-08T09:58:46+00:00","article_modified_time":"2024-12-08T09:58:49+00:00","og_image":[{"width":900,"height":472,"url":"https:\/\/blogin.al\/wp-content\/uploads\/2024\/05\/image-102.png","type":"image\/png"}],"author":"Blogin al","twitter_card":"summary_large_image","twitter_misc":{"Written by":"Blogin al","Est. reading time":"2 minutes"},"schema":{"@context":"https:\/\/schema.org","@graph":[{"@type":"Article","@id":"https:\/\/blogin.al\/?p=53262#article","isPartOf":{"@id":"https:\/\/blogin.al\/?p=53262"},"author":{"name":"Blogin al","@id":"https:\/\/blogin.al\/#\/schema\/person\/abdd56bc912cd511db877b852b115399"},"headline":"Si e p\u00ebrjetoi ndarjen e s\u00eb motr\u00ebs? Rr\u00ebfehet Amos Zaharia","datePublished":"2024-12-08T09:58:46+00:00","dateModified":"2024-12-08T09:58:49+00:00","mainEntityOfPage":{"@id":"https:\/\/blogin.al\/?p=53262"},"wordCount":376,"publisher":{"@id":"https:\/\/blogin.al\/#organization"},"image":{"@id":"https:\/\/blogin.al\/?p=53262#primaryimage"},"thumbnailUrl":"https:\/\/blogin.al\/wp-content\/uploads\/2024\/05\/image-102.png","articleSection":["SHOWBIZ"],"inLanguage":"en-US"},{"@type":"WebPage","@id":"https:\/\/blogin.al\/?p=53262","url":"https:\/\/blogin.al\/?p=53262","name":"Si e p\u00ebrjetoi ndarjen e s\u00eb motr\u00ebs? Rr\u00ebfehet Amos Zaharia - blogin.al","isPartOf":{"@id":"https:\/\/blogin.al\/#website"},"primaryImageOfPage":{"@id":"https:\/\/blogin.al\/?p=53262#primaryimage"},"image":{"@id":"https:\/\/blogin.al\/?p=53262#primaryimage"},"thumbnailUrl":"https:\/\/blogin.al\/wp-content\/uploads\/2024\/05\/image-102.png","datePublished":"2024-12-08T09:58:46+00:00","dateModified":"2024-12-08T09:58:49+00:00","breadcrumb":{"@id":"https:\/\/blogin.al\/?p=53262#breadcrumb"},"inLanguage":"en-US","potentialAction":[{"@type":"ReadAction","target":["https:\/\/blogin.al\/?p=53262"]}]},{"@type":"ImageObject","inLanguage":"en-US","@id":"https:\/\/blogin.al\/?p=53262#primaryimage","url":"https:\/\/blogin.al\/wp-content\/uploads\/2024\/05\/image-102.png","contentUrl":"https:\/\/blogin.al\/wp-content\/uploads\/2024\/05\/image-102.png","width":900,"height":472},{"@type":"BreadcrumbList","@id":"https:\/\/blogin.al\/?p=53262#breadcrumb","itemListElement":[{"@type":"ListItem","position":1,"name":"Home","item":"https:\/\/blogin.al\/"},{"@type":"ListItem","position":2,"name":"Si e p\u00ebrjetoi ndarjen e s\u00eb motr\u00ebs? Rr\u00ebfehet Amos Zaharia"}]},{"@type":"WebSite","@id":"https:\/\/blogin.al\/#website","url":"https:\/\/blogin.al\/","name":"blogin.al","description":"","publisher":{"@id":"https:\/\/blogin.al\/#organization"},"potentialAction":[{"@type":"SearchAction","target":{"@type":"EntryPoint","urlTemplate":"https:\/\/blogin.al\/?s={search_term_string}"},"query-input":{"@type":"PropertyValueSpecification","valueRequired":true,"valueName":"search_term_string"}}],"inLanguage":"en-US"},{"@type":"Organization","@id":"https:\/\/blogin.al\/#organization","name":"BLOGIN.al","url":"https:\/\/blogin.al\/","logo":{"@type":"ImageObject","inLanguage":"en-US","@id":"https:\/\/blogin.al\/#\/schema\/logo\/image\/","url":"https:\/\/blogin.al\/wp-content\/uploads\/2022\/05\/Untitled-2-01-e1652084456514.png","contentUrl":"https:\/\/blogin.al\/wp-content\/uploads\/2022\/05\/Untitled-2-01-e1652084456514.png","width":3723,"height":1698,"caption":"BLOGIN.al"},"image":{"@id":"https:\/\/blogin.al\/#\/schema\/logo\/image\/"},"sameAs":["https:\/\/instagram.com\/blogin.al\/"]},{"@type":"Person","@id":"https:\/\/blogin.al\/#\/schema\/person\/abdd56bc912cd511db877b852b115399","name":"Blogin al","image":{"@type":"ImageObject","inLanguage":"en-US","@id":"https:\/\/secure.gravatar.com\/avatar\/60d5661aee6e835fb13dc75d2204cd0c1d61bef2efd137c0083e59ef831e235e?s=96&d=mm&r=g","url":"https:\/\/secure.gravatar.com\/avatar\/60d5661aee6e835fb13dc75d2204cd0c1d61bef2efd137c0083e59ef831e235e?s=96&d=mm&r=g","contentUrl":"https:\/\/secure.gravatar.com\/avatar\/60d5661aee6e835fb13dc75d2204cd0c1d61bef2efd137c0083e59ef831e235e?s=96&d=mm&r=g","caption":"Blogin al"},"sameAs":["https:\/\/blogin.al"],"url":"https:\/\/blogin.al\/?author=2"}]}},"_links":{"self":[{"href":"https:\/\/blogin.al\/index.php?rest_route=\/wp\/v2\/posts\/53262","targetHints":{"allow":["GET"]}}],"collection":[{"href":"https:\/\/blogin.al\/index.php?rest_route=\/wp\/v2\/posts"}],"about":[{"href":"https:\/\/blogin.al\/index.php?rest_route=\/wp\/v2\/types\/post"}],"author":[{"embeddable":true,"href":"https:\/\/blogin.al\/index.php?rest_route=\/wp\/v2\/users\/2"}],"replies":[{"embeddable":true,"href":"https:\/\/blogin.al\/index.php?rest_route=%2Fwp%2Fv2%2Fcomments&post=53262"}],"version-history":[{"count":1,"href":"https:\/\/blogin.al\/index.php?rest_route=\/wp\/v2\/posts\/53262\/revisions"}],"predecessor-version":[{"id":53263,"href":"https:\/\/blogin.al\/index.php?rest_route=\/wp\/v2\/posts\/53262\/revisions\/53263"}],"wp:featuredmedia":[{"embeddable":true,"href":"https:\/\/blogin.al\/index.php?rest_route=\/wp\/v2\/media\/47496"}],"wp:attachment":[{"href":"https:\/\/blogin.al\/index.php?rest_route=%2Fwp%2Fv2%2Fmedia&parent=53262"}],"wp:term":[{"taxonomy":"category","embeddable":true,"href":"https:\/\/blogin.al\/index.php?rest_route=%2Fwp%2Fv2%2Fcategories&post=53262"},{"taxonomy":"post_tag","embeddable":true,"href":"https:\/\/blogin.al\/index.php?rest_route=%2Fwp%2Fv2%2Ftags&post=53262"}],"curies":[{"name":"wp","href":"https:\/\/api.w.org\/{rel}","templated":true}]}}