{"id":53270,"date":"2024-12-08T10:22:03","date_gmt":"2024-12-08T10:22:03","guid":{"rendered":"https:\/\/blogin.al\/?p=53270"},"modified":"2024-12-08T10:22:06","modified_gmt":"2024-12-08T10:22:06","slug":"po-perballet-me-semundjen-e-rende-cdo-dite-demi-moore-zbulon-se-si-eshte-gjendja-e-bruce-willis","status":"publish","type":"post","link":"https:\/\/blogin.al\/?p=53270","title":{"rendered":"Po p\u00ebrballet me s\u00ebmundjen e r\u00ebnd\u00eb \u00e7do dit\u00eb, Demi Moore zbulon se si \u00ebsht\u00eb gjendja e Bruce Willis\u2026"},"content":{"rendered":"\n<p>Demi Moore&nbsp;ka b\u00ebr\u00eb nj\u00eb p\u00ebrdit\u00ebsim mbi sh\u00ebndetin e ish-bashk\u00ebshortit t\u00eb saj, Bruce Willis, duke njoftuar se aktori \u00ebsht\u00eb n\u00eb nj\u00eb gjendje \u201ct\u00eb q\u00ebndrueshme\u201d&nbsp;pas diagnoz\u00ebs s\u00eb tij me demenc\u00eb.&nbsp;Willis, 69 vje\u00e7, u t\u00ebrhoq nga aktrimi n\u00eb vitin 2022 pas diagnoz\u00ebs me d\u00ebmtim frontal-temporal (FTD), nj\u00eb form\u00eb e r\u00ebnd\u00eb demence q\u00eb ndikon n\u00eb funksionet e trurit, ve\u00e7an\u00ebrisht n\u00eb lobet frontale dhe temporale.<\/p>\n\n\n\n<p>P\u00ebr disa koh\u00eb, an\u00ebtar\u00ebt e familjes s\u00eb&nbsp;Willis&nbsp;kan\u00eb dh\u00ebn\u00eb p\u00ebrdit\u00ebsime t\u00eb rregullta mbi gjendjen e tij sh\u00ebndet\u00ebsore, dhe tani ka qen\u00eb Demi Moore, ish-gruaja e tij, ajo q\u00eb ka folur p\u00ebr gjendjen e tij. Ata u martuan n\u00eb vitin 1987 dhe q\u00ebndruan s\u00eb bashku deri n\u00eb vitin 2000, duke pasur tre vajza: Rumer, 36 vje\u00e7, Scout, 33 vje\u00e7 dhe Tallulah, 30 vje\u00e7. Megjith\u00ebse jan\u00eb ndar\u00eb, Moore ka ruajtur nj\u00eb marr\u00ebdh\u00ebnie t\u00eb ngusht\u00eb me Bruce Willis dhe bashk\u00ebshorten e tij aktuale, Emma Heming.<\/p>\n\n\n\n<figure class=\"wp-block-image is-style-default\"><img decoding=\"async\" src=\"https:\/\/www.topalbaniaradio.com\/wp-content\/uploads\/2024\/12\/rs_1080x808-241206111119-bruce_body_hd.jpg\" alt=\"\"\/><\/figure>\n\n\n\n<p>N\u00eb nj\u00eb intervist\u00eb p\u00ebr CNN, Demi Moore theksoi se, duke marr\u00eb parasysh rrethanat, Willis \u00ebsht\u00eb aktualisht n\u00eb nj\u00eb \u201cvend t\u00eb q\u00ebndruesh\u00ebm\u201d. Ajo e theksoi r\u00ebnd\u00ebsin\u00eb e pranimit t\u00eb gjendjes aktuale t\u00eb nj\u00eb personi q\u00eb po lufton me nj\u00eb s\u00ebmundje t\u00eb till\u00eb,&nbsp;duke th\u00ebn\u00eb:<\/p>\n\n\n\n<blockquote class=\"wp-block-quote is-layout-flow wp-block-quote-is-layout-flow\">\n<p><em>\u00cbsht\u00eb kaq e r\u00ebnd\u00ebsishme t\u00eb takosh dik\u00eb aty ku \u00ebsht\u00eb, dhe nga ky vend ka kaq shum\u00eb dashuri dhe g\u00ebzim.<\/em><\/p>\n<\/blockquote>\n\n\n\n<p>Ajo e pranon se \u00ebsht\u00eb e dhimbshme t\u00eb shoh\u00ebsh dik\u00eb t\u00eb dashur t\u00eb vuaj\u00eb nga kjo s\u00ebmundje, por shton se ka edhe \u201cbukuri dhe dhurata\u201d q\u00eb mund t\u00eb lindin nga ky proces. Moore shprehu se p\u00ebrmes dashuris\u00eb dhe mb\u00ebshtetjes mund t\u00eb krijohet nj\u00eb mund\u00ebsi p\u00ebr t\u00eb gjetur g\u00ebzim, pavar\u00ebsisht humbjeve q\u00eb sjell s\u00ebmundja.<\/p>\n\n\n\n<p>Tallulah, vajza e Bruce Willis, gjithashtu ka folur p\u00ebr lidhjen e saj me babain, duke th\u00ebn\u00eb se \u00e7do vizit\u00eb \u00ebsht\u00eb e mbushur me dashuri. Ajo theksoi se ndon\u00ebse \u00ebsht\u00eb e dhimbshme, ajo \u00ebsht\u00eb e sigurt se babai i saj di sa shum\u00eb e do, dhe se kjo lidhje \u00ebsht\u00eb e fuqishme, pavar\u00ebsisht sfidave q\u00eb sjell s\u00ebmundja.<\/p>\n","protected":false},"excerpt":{"rendered":"<p>Demi Moore&nbsp;ka b\u00ebr\u00eb nj\u00eb p\u00ebrdit\u00ebsim mbi sh\u00ebndetin e ish-bashk\u00ebshortit t\u00eb saj, Bruce Willis, duke njoftuar se aktori \u00ebsht\u00eb n\u00eb nj\u00eb gjendje \u201ct\u00eb q\u00ebndrueshme\u201d&nbsp;pas diagnoz\u00ebs s\u00eb tij me demenc\u00eb.&nbsp;Willis, 69 vje\u00e7, u t\u00ebrhoq nga aktrimi n\u00eb vitin 2022 pas diagnoz\u00ebs me d\u00ebmtim frontal-temporal (FTD), nj\u00eb form\u00eb e r\u00ebnd\u00eb demence q\u00eb ndikon n\u00eb funksionet e trurit, ve\u00e7an\u00ebrisht [&hellip;]<\/p>\n","protected":false},"author":2,"featured_media":4852,"comment_status":"closed","ping_status":"closed","sticky":false,"template":"","format":"standard","meta":{"footnotes":""},"categories":[33],"tags":[],"class_list":{"0":"post-53270","1":"post","2":"type-post","3":"status-publish","4":"format-standard","5":"has-post-thumbnail","7":"category-showbiz"},"yoast_head":"<!-- This site is optimized with the Yoast SEO plugin v27.5 - https:\/\/yoast.com\/product\/yoast-seo-wordpress\/ -->\n<title>Po p\u00ebrballet me s\u00ebmundjen e r\u00ebnd\u00eb \u00e7do dit\u00eb, Demi Moore zbulon se si \u00ebsht\u00eb gjendja e Bruce Willis\u2026 - blogin.al<\/title>\n<meta name=\"robots\" content=\"index, follow, max-snippet:-1, max-image-preview:large, max-video-preview:-1\" \/>\n<link rel=\"canonical\" href=\"https:\/\/blogin.al\/?p=53270\" \/>\n<meta property=\"og:locale\" content=\"en_US\" \/>\n<meta property=\"og:type\" content=\"article\" \/>\n<meta property=\"og:title\" content=\"Po p\u00ebrballet me s\u00ebmundjen e r\u00ebnd\u00eb \u00e7do dit\u00eb, Demi Moore zbulon se si \u00ebsht\u00eb gjendja e Bruce Willis\u2026 - blogin.al\" \/>\n<meta property=\"og:description\" content=\"Demi Moore&nbsp;ka b\u00ebr\u00eb nj\u00eb p\u00ebrdit\u00ebsim mbi sh\u00ebndetin e ish-bashk\u00ebshortit t\u00eb saj, Bruce Willis, duke njoftuar se aktori \u00ebsht\u00eb n\u00eb nj\u00eb gjendje \u201ct\u00eb q\u00ebndrueshme\u201d&nbsp;pas diagnoz\u00ebs s\u00eb tij me demenc\u00eb.&nbsp;Willis, 69 vje\u00e7, u t\u00ebrhoq nga aktrimi n\u00eb vitin 2022 pas diagnoz\u00ebs me d\u00ebmtim frontal-temporal (FTD), nj\u00eb form\u00eb e r\u00ebnd\u00eb demence q\u00eb ndikon n\u00eb funksionet e trurit, ve\u00e7an\u00ebrisht [&hellip;]\" \/>\n<meta property=\"og:url\" content=\"https:\/\/blogin.al\/?p=53270\" \/>\n<meta property=\"og:site_name\" content=\"blogin.al\" \/>\n<meta property=\"article:published_time\" content=\"2024-12-08T10:22:03+00:00\" \/>\n<meta property=\"article:modified_time\" content=\"2024-12-08T10:22:06+00:00\" \/>\n<meta property=\"og:image\" content=\"https:\/\/blogin.al\/wp-content\/uploads\/2022\/05\/Demi-Moore-Thanks-Ex-Bruce-Willis-for-Our-Blended-Family-in-Sweet-Birthday-Tribute-Feature.webp\" \/>\n\t<meta property=\"og:image:width\" content=\"2000\" \/>\n\t<meta property=\"og:image:height\" content=\"2000\" \/>\n\t<meta property=\"og:image:type\" content=\"image\/webp\" \/>\n<meta name=\"author\" content=\"Blogin al\" \/>\n<meta name=\"twitter:card\" content=\"summary_large_image\" \/>\n<meta name=\"twitter:label1\" content=\"Written by\" \/>\n\t<meta name=\"twitter:data1\" content=\"Blogin al\" \/>\n\t<meta name=\"twitter:label2\" content=\"Est. reading time\" \/>\n\t<meta name=\"twitter:data2\" content=\"2 minutes\" \/>\n<script type=\"application\/ld+json\" class=\"yoast-schema-graph\">{\"@context\":\"https:\\\/\\\/schema.org\",\"@graph\":[{\"@type\":\"Article\",\"@id\":\"https:\\\/\\\/blogin.al\\\/?p=53270#article\",\"isPartOf\":{\"@id\":\"https:\\\/\\\/blogin.al\\\/?p=53270\"},\"author\":{\"name\":\"Blogin al\",\"@id\":\"https:\\\/\\\/blogin.al\\\/#\\\/schema\\\/person\\\/abdd56bc912cd511db877b852b115399\"},\"headline\":\"Po p\u00ebrballet me s\u00ebmundjen e r\u00ebnd\u00eb \u00e7do dit\u00eb, Demi Moore zbulon se si \u00ebsht\u00eb gjendja e Bruce Willis\u2026\",\"datePublished\":\"2024-12-08T10:22:03+00:00\",\"dateModified\":\"2024-12-08T10:22:06+00:00\",\"mainEntityOfPage\":{\"@id\":\"https:\\\/\\\/blogin.al\\\/?p=53270\"},\"wordCount\":389,\"publisher\":{\"@id\":\"https:\\\/\\\/blogin.al\\\/#organization\"},\"image\":{\"@id\":\"https:\\\/\\\/blogin.al\\\/?p=53270#primaryimage\"},\"thumbnailUrl\":\"https:\\\/\\\/blogin.al\\\/wp-content\\\/uploads\\\/2022\\\/05\\\/Demi-Moore-Thanks-Ex-Bruce-Willis-for-Our-Blended-Family-in-Sweet-Birthday-Tribute-Feature.webp\",\"articleSection\":[\"SHOWBIZ\"],\"inLanguage\":\"en-US\"},{\"@type\":\"WebPage\",\"@id\":\"https:\\\/\\\/blogin.al\\\/?p=53270\",\"url\":\"https:\\\/\\\/blogin.al\\\/?p=53270\",\"name\":\"Po p\u00ebrballet me s\u00ebmundjen e r\u00ebnd\u00eb \u00e7do dit\u00eb, Demi Moore zbulon se si \u00ebsht\u00eb gjendja e Bruce Willis\u2026 - blogin.al\",\"isPartOf\":{\"@id\":\"https:\\\/\\\/blogin.al\\\/#website\"},\"primaryImageOfPage\":{\"@id\":\"https:\\\/\\\/blogin.al\\\/?p=53270#primaryimage\"},\"image\":{\"@id\":\"https:\\\/\\\/blogin.al\\\/?p=53270#primaryimage\"},\"thumbnailUrl\":\"https:\\\/\\\/blogin.al\\\/wp-content\\\/uploads\\\/2022\\\/05\\\/Demi-Moore-Thanks-Ex-Bruce-Willis-for-Our-Blended-Family-in-Sweet-Birthday-Tribute-Feature.webp\",\"datePublished\":\"2024-12-08T10:22:03+00:00\",\"dateModified\":\"2024-12-08T10:22:06+00:00\",\"breadcrumb\":{\"@id\":\"https:\\\/\\\/blogin.al\\\/?p=53270#breadcrumb\"},\"inLanguage\":\"en-US\",\"potentialAction\":[{\"@type\":\"ReadAction\",\"target\":[\"https:\\\/\\\/blogin.al\\\/?p=53270\"]}]},{\"@type\":\"ImageObject\",\"inLanguage\":\"en-US\",\"@id\":\"https:\\\/\\\/blogin.al\\\/?p=53270#primaryimage\",\"url\":\"https:\\\/\\\/blogin.al\\\/wp-content\\\/uploads\\\/2022\\\/05\\\/Demi-Moore-Thanks-Ex-Bruce-Willis-for-Our-Blended-Family-in-Sweet-Birthday-Tribute-Feature.webp\",\"contentUrl\":\"https:\\\/\\\/blogin.al\\\/wp-content\\\/uploads\\\/2022\\\/05\\\/Demi-Moore-Thanks-Ex-Bruce-Willis-for-Our-Blended-Family-in-Sweet-Birthday-Tribute-Feature.webp\",\"width\":2000,\"height\":2000},{\"@type\":\"BreadcrumbList\",\"@id\":\"https:\\\/\\\/blogin.al\\\/?p=53270#breadcrumb\",\"itemListElement\":[{\"@type\":\"ListItem\",\"position\":1,\"name\":\"Home\",\"item\":\"https:\\\/\\\/blogin.al\\\/\"},{\"@type\":\"ListItem\",\"position\":2,\"name\":\"Po p\u00ebrballet me s\u00ebmundjen e r\u00ebnd\u00eb \u00e7do dit\u00eb, Demi Moore zbulon se si \u00ebsht\u00eb gjendja e Bruce Willis\u2026\"}]},{\"@type\":\"WebSite\",\"@id\":\"https:\\\/\\\/blogin.al\\\/#website\",\"url\":\"https:\\\/\\\/blogin.al\\\/\",\"name\":\"blogin.al\",\"description\":\"\",\"publisher\":{\"@id\":\"https:\\\/\\\/blogin.al\\\/#organization\"},\"potentialAction\":[{\"@type\":\"SearchAction\",\"target\":{\"@type\":\"EntryPoint\",\"urlTemplate\":\"https:\\\/\\\/blogin.al\\\/?s={search_term_string}\"},\"query-input\":{\"@type\":\"PropertyValueSpecification\",\"valueRequired\":true,\"valueName\":\"search_term_string\"}}],\"inLanguage\":\"en-US\"},{\"@type\":\"Organization\",\"@id\":\"https:\\\/\\\/blogin.al\\\/#organization\",\"name\":\"BLOGIN.al\",\"url\":\"https:\\\/\\\/blogin.al\\\/\",\"logo\":{\"@type\":\"ImageObject\",\"inLanguage\":\"en-US\",\"@id\":\"https:\\\/\\\/blogin.al\\\/#\\\/schema\\\/logo\\\/image\\\/\",\"url\":\"https:\\\/\\\/blogin.al\\\/wp-content\\\/uploads\\\/2022\\\/05\\\/Untitled-2-01-e1652084456514.png\",\"contentUrl\":\"https:\\\/\\\/blogin.al\\\/wp-content\\\/uploads\\\/2022\\\/05\\\/Untitled-2-01-e1652084456514.png\",\"width\":3723,\"height\":1698,\"caption\":\"BLOGIN.al\"},\"image\":{\"@id\":\"https:\\\/\\\/blogin.al\\\/#\\\/schema\\\/logo\\\/image\\\/\"},\"sameAs\":[\"https:\\\/\\\/instagram.com\\\/blogin.al\\\/\"]},{\"@type\":\"Person\",\"@id\":\"https:\\\/\\\/blogin.al\\\/#\\\/schema\\\/person\\\/abdd56bc912cd511db877b852b115399\",\"name\":\"Blogin al\",\"image\":{\"@type\":\"ImageObject\",\"inLanguage\":\"en-US\",\"@id\":\"https:\\\/\\\/secure.gravatar.com\\\/avatar\\\/60d5661aee6e835fb13dc75d2204cd0c1d61bef2efd137c0083e59ef831e235e?s=96&d=mm&r=g\",\"url\":\"https:\\\/\\\/secure.gravatar.com\\\/avatar\\\/60d5661aee6e835fb13dc75d2204cd0c1d61bef2efd137c0083e59ef831e235e?s=96&d=mm&r=g\",\"contentUrl\":\"https:\\\/\\\/secure.gravatar.com\\\/avatar\\\/60d5661aee6e835fb13dc75d2204cd0c1d61bef2efd137c0083e59ef831e235e?s=96&d=mm&r=g\",\"caption\":\"Blogin al\"},\"sameAs\":[\"https:\\\/\\\/blogin.al\"],\"url\":\"https:\\\/\\\/blogin.al\\\/?author=2\"}]}<\/script>\n<!-- \/ Yoast SEO plugin. -->","yoast_head_json":{"title":"Po p\u00ebrballet me s\u00ebmundjen e r\u00ebnd\u00eb \u00e7do dit\u00eb, Demi Moore zbulon se si \u00ebsht\u00eb gjendja e Bruce Willis\u2026 - blogin.al","robots":{"index":"index","follow":"follow","max-snippet":"max-snippet:-1","max-image-preview":"max-image-preview:large","max-video-preview":"max-video-preview:-1"},"canonical":"https:\/\/blogin.al\/?p=53270","og_locale":"en_US","og_type":"article","og_title":"Po p\u00ebrballet me s\u00ebmundjen e r\u00ebnd\u00eb \u00e7do dit\u00eb, Demi Moore zbulon se si \u00ebsht\u00eb gjendja e Bruce Willis\u2026 - blogin.al","og_description":"Demi Moore&nbsp;ka b\u00ebr\u00eb nj\u00eb p\u00ebrdit\u00ebsim mbi sh\u00ebndetin e ish-bashk\u00ebshortit t\u00eb saj, Bruce Willis, duke njoftuar se aktori \u00ebsht\u00eb n\u00eb nj\u00eb gjendje \u201ct\u00eb q\u00ebndrueshme\u201d&nbsp;pas diagnoz\u00ebs s\u00eb tij me demenc\u00eb.&nbsp;Willis, 69 vje\u00e7, u t\u00ebrhoq nga aktrimi n\u00eb vitin 2022 pas diagnoz\u00ebs me d\u00ebmtim frontal-temporal (FTD), nj\u00eb form\u00eb e r\u00ebnd\u00eb demence q\u00eb ndikon n\u00eb funksionet e trurit, ve\u00e7an\u00ebrisht [&hellip;]","og_url":"https:\/\/blogin.al\/?p=53270","og_site_name":"blogin.al","article_published_time":"2024-12-08T10:22:03+00:00","article_modified_time":"2024-12-08T10:22:06+00:00","og_image":[{"width":2000,"height":2000,"url":"https:\/\/blogin.al\/wp-content\/uploads\/2022\/05\/Demi-Moore-Thanks-Ex-Bruce-Willis-for-Our-Blended-Family-in-Sweet-Birthday-Tribute-Feature.webp","type":"image\/webp"}],"author":"Blogin al","twitter_card":"summary_large_image","twitter_misc":{"Written by":"Blogin al","Est. reading time":"2 minutes"},"schema":{"@context":"https:\/\/schema.org","@graph":[{"@type":"Article","@id":"https:\/\/blogin.al\/?p=53270#article","isPartOf":{"@id":"https:\/\/blogin.al\/?p=53270"},"author":{"name":"Blogin al","@id":"https:\/\/blogin.al\/#\/schema\/person\/abdd56bc912cd511db877b852b115399"},"headline":"Po p\u00ebrballet me s\u00ebmundjen e r\u00ebnd\u00eb \u00e7do dit\u00eb, Demi Moore zbulon se si \u00ebsht\u00eb gjendja e Bruce Willis\u2026","datePublished":"2024-12-08T10:22:03+00:00","dateModified":"2024-12-08T10:22:06+00:00","mainEntityOfPage":{"@id":"https:\/\/blogin.al\/?p=53270"},"wordCount":389,"publisher":{"@id":"https:\/\/blogin.al\/#organization"},"image":{"@id":"https:\/\/blogin.al\/?p=53270#primaryimage"},"thumbnailUrl":"https:\/\/blogin.al\/wp-content\/uploads\/2022\/05\/Demi-Moore-Thanks-Ex-Bruce-Willis-for-Our-Blended-Family-in-Sweet-Birthday-Tribute-Feature.webp","articleSection":["SHOWBIZ"],"inLanguage":"en-US"},{"@type":"WebPage","@id":"https:\/\/blogin.al\/?p=53270","url":"https:\/\/blogin.al\/?p=53270","name":"Po p\u00ebrballet me s\u00ebmundjen e r\u00ebnd\u00eb \u00e7do dit\u00eb, Demi Moore zbulon se si \u00ebsht\u00eb gjendja e Bruce Willis\u2026 - blogin.al","isPartOf":{"@id":"https:\/\/blogin.al\/#website"},"primaryImageOfPage":{"@id":"https:\/\/blogin.al\/?p=53270#primaryimage"},"image":{"@id":"https:\/\/blogin.al\/?p=53270#primaryimage"},"thumbnailUrl":"https:\/\/blogin.al\/wp-content\/uploads\/2022\/05\/Demi-Moore-Thanks-Ex-Bruce-Willis-for-Our-Blended-Family-in-Sweet-Birthday-Tribute-Feature.webp","datePublished":"2024-12-08T10:22:03+00:00","dateModified":"2024-12-08T10:22:06+00:00","breadcrumb":{"@id":"https:\/\/blogin.al\/?p=53270#breadcrumb"},"inLanguage":"en-US","potentialAction":[{"@type":"ReadAction","target":["https:\/\/blogin.al\/?p=53270"]}]},{"@type":"ImageObject","inLanguage":"en-US","@id":"https:\/\/blogin.al\/?p=53270#primaryimage","url":"https:\/\/blogin.al\/wp-content\/uploads\/2022\/05\/Demi-Moore-Thanks-Ex-Bruce-Willis-for-Our-Blended-Family-in-Sweet-Birthday-Tribute-Feature.webp","contentUrl":"https:\/\/blogin.al\/wp-content\/uploads\/2022\/05\/Demi-Moore-Thanks-Ex-Bruce-Willis-for-Our-Blended-Family-in-Sweet-Birthday-Tribute-Feature.webp","width":2000,"height":2000},{"@type":"BreadcrumbList","@id":"https:\/\/blogin.al\/?p=53270#breadcrumb","itemListElement":[{"@type":"ListItem","position":1,"name":"Home","item":"https:\/\/blogin.al\/"},{"@type":"ListItem","position":2,"name":"Po p\u00ebrballet me s\u00ebmundjen e r\u00ebnd\u00eb \u00e7do dit\u00eb, Demi Moore zbulon se si \u00ebsht\u00eb gjendja e Bruce Willis\u2026"}]},{"@type":"WebSite","@id":"https:\/\/blogin.al\/#website","url":"https:\/\/blogin.al\/","name":"blogin.al","description":"","publisher":{"@id":"https:\/\/blogin.al\/#organization"},"potentialAction":[{"@type":"SearchAction","target":{"@type":"EntryPoint","urlTemplate":"https:\/\/blogin.al\/?s={search_term_string}"},"query-input":{"@type":"PropertyValueSpecification","valueRequired":true,"valueName":"search_term_string"}}],"inLanguage":"en-US"},{"@type":"Organization","@id":"https:\/\/blogin.al\/#organization","name":"BLOGIN.al","url":"https:\/\/blogin.al\/","logo":{"@type":"ImageObject","inLanguage":"en-US","@id":"https:\/\/blogin.al\/#\/schema\/logo\/image\/","url":"https:\/\/blogin.al\/wp-content\/uploads\/2022\/05\/Untitled-2-01-e1652084456514.png","contentUrl":"https:\/\/blogin.al\/wp-content\/uploads\/2022\/05\/Untitled-2-01-e1652084456514.png","width":3723,"height":1698,"caption":"BLOGIN.al"},"image":{"@id":"https:\/\/blogin.al\/#\/schema\/logo\/image\/"},"sameAs":["https:\/\/instagram.com\/blogin.al\/"]},{"@type":"Person","@id":"https:\/\/blogin.al\/#\/schema\/person\/abdd56bc912cd511db877b852b115399","name":"Blogin al","image":{"@type":"ImageObject","inLanguage":"en-US","@id":"https:\/\/secure.gravatar.com\/avatar\/60d5661aee6e835fb13dc75d2204cd0c1d61bef2efd137c0083e59ef831e235e?s=96&d=mm&r=g","url":"https:\/\/secure.gravatar.com\/avatar\/60d5661aee6e835fb13dc75d2204cd0c1d61bef2efd137c0083e59ef831e235e?s=96&d=mm&r=g","contentUrl":"https:\/\/secure.gravatar.com\/avatar\/60d5661aee6e835fb13dc75d2204cd0c1d61bef2efd137c0083e59ef831e235e?s=96&d=mm&r=g","caption":"Blogin al"},"sameAs":["https:\/\/blogin.al"],"url":"https:\/\/blogin.al\/?author=2"}]}},"_links":{"self":[{"href":"https:\/\/blogin.al\/index.php?rest_route=\/wp\/v2\/posts\/53270","targetHints":{"allow":["GET"]}}],"collection":[{"href":"https:\/\/blogin.al\/index.php?rest_route=\/wp\/v2\/posts"}],"about":[{"href":"https:\/\/blogin.al\/index.php?rest_route=\/wp\/v2\/types\/post"}],"author":[{"embeddable":true,"href":"https:\/\/blogin.al\/index.php?rest_route=\/wp\/v2\/users\/2"}],"replies":[{"embeddable":true,"href":"https:\/\/blogin.al\/index.php?rest_route=%2Fwp%2Fv2%2Fcomments&post=53270"}],"version-history":[{"count":1,"href":"https:\/\/blogin.al\/index.php?rest_route=\/wp\/v2\/posts\/53270\/revisions"}],"predecessor-version":[{"id":53271,"href":"https:\/\/blogin.al\/index.php?rest_route=\/wp\/v2\/posts\/53270\/revisions\/53271"}],"wp:featuredmedia":[{"embeddable":true,"href":"https:\/\/blogin.al\/index.php?rest_route=\/wp\/v2\/media\/4852"}],"wp:attachment":[{"href":"https:\/\/blogin.al\/index.php?rest_route=%2Fwp%2Fv2%2Fmedia&parent=53270"}],"wp:term":[{"taxonomy":"category","embeddable":true,"href":"https:\/\/blogin.al\/index.php?rest_route=%2Fwp%2Fv2%2Fcategories&post=53270"},{"taxonomy":"post_tag","embeddable":true,"href":"https:\/\/blogin.al\/index.php?rest_route=%2Fwp%2Fv2%2Ftags&post=53270"}],"curies":[{"name":"wp","href":"https:\/\/api.w.org\/{rel}","templated":true}]}}