{"id":53285,"date":"2024-12-09T09:56:05","date_gmt":"2024-12-09T09:56:05","guid":{"rendered":"https:\/\/blogin.al\/?p=53285"},"modified":"2024-12-09T10:16:49","modified_gmt":"2024-12-09T10:16:49","slug":"jay-z-dhe-diddy-akuzohen-per-perdhunimin-e-nje-vajze-13-vjec","status":"publish","type":"post","link":"https:\/\/blogin.al\/?p=53285","title":{"rendered":"Jay-Z dhe Diddy akuzohen p\u00ebr p\u00ebrdhunimin e nj\u00eb vajze, 13 vje\u00e7"},"content":{"rendered":"\n<p>Nj\u00eb padi e re e paraqitur n\u00eb gjykat\u00ebn federale t\u00eb diel\u00ebn pretendon se repi Jay-Z dhe Sean \u201cDiddy\u201d Combs p\u00ebrdhunuan nj\u00eb vajz\u00eb 13-vje\u00e7are gjat\u00eb nj\u00eb feste n\u00eb vitin 2000.<\/p>\n\n\n\n<p>Jay-Z mohoi akuzat n\u00eb rrjetet sociale dhe ngriti padin\u00eb, duke e quajtur at\u00eb pjes\u00eb t\u00eb nj\u00eb \u201cp\u00ebrpjekje shantazhi\u201d nga avokati i padit\u00ebsit.<\/p>\n\n\n\n<p>Avokat\u00ebt e Jay-Z nuk iu p\u00ebrgjigj\u00ebn menj\u00ebher\u00eb nj\u00eb k\u00ebrkese p\u00ebr koment. Padia u ngrit fillimisht n\u00eb tetor n\u00eb Distriktin Jugor t\u00eb Nju Jorkut dhe n\u00eb at\u00eb koh\u00eb nuk p\u00ebrmendi Jay-Z si t\u00eb pandehur, megjith\u00ebse padia e ndryshuar thot\u00eb se Jay-Z ishte identifikuar si \u201cCelebrity A\u201d n\u00eb ankes\u00ebn origjinale.<\/p>\n\n\n\n<p>Combs mohoi t\u00eb gjitha akuzat kund\u00ebr tij, p\u00ebrfshir\u00eb k\u00ebt\u00eb, n\u00eb tetor. Ai \u00ebsht\u00eb n\u00eb burg p\u00ebr akuzat t\u00eb trafikimit t\u00eb seksit, p\u00ebr t\u00eb cilat ai \u00ebsht\u00eb deklaruar i pafajsh\u00ebm.<\/p>\n\n\n\n<p>Padia pretendon se vajza pa em\u00ebr u drogua dhe u p\u00ebrdhunua nga Jay-Z dhe Combs n\u00eb nj\u00eb fest\u00eb t\u00eb organizuar nga Combs pas MTV Music Awards n\u00eb 2000, t\u00eb cilat u mbajt\u00ebn n\u00eb Nju Jork.<\/p>\n\n\n\n<p>Tony Buzbee, avokati i Teksasit q\u00eb p\u00ebrfaq\u00ebson vajz\u00ebn q\u00eb ngriti padin\u00eb t\u00eb diel\u00ebn, ka ngritur t\u00eb pakt\u00ebn 20 padi civile kund\u00ebr Combs duke e akuzuar at\u00eb p\u00ebr sjellje t\u00eb pahijshme seksuale.<\/p>\n\n\n\n<p>N\u00eb nj\u00eb email p\u00ebr Reuters, Buzbee tha se padia e Jay-Z \u201cflet vet\u00eb\u201d.<\/p>\n\n\n\n<p>\u201cKjo \u00ebsht\u00eb nj\u00eb \u00e7\u00ebshtje shum\u00eb serioze q\u00eb do t\u00eb zgjidhet n\u00eb gjykat\u00eb,\u201d shkroi Buzbee. Buzbee, n\u00eb padin\u00eb e tij, thot\u00eb se firma e tij ligjore i kishte d\u00ebrguar m\u00eb par\u00eb Jay-Z nj\u00eb let\u00ebr duke k\u00ebrkuar t\u00eb nd\u00ebrmjet\u00ebsonte nj\u00eb zgjidhje.<\/p>\n","protected":false},"excerpt":{"rendered":"<p>Nj\u00eb padi e re e paraqitur n\u00eb gjykat\u00ebn federale t\u00eb diel\u00ebn pretendon se repi Jay-Z dhe Sean \u201cDiddy\u201d Combs p\u00ebrdhunuan nj\u00eb vajz\u00eb 13-vje\u00e7are gjat\u00eb nj\u00eb feste n\u00eb vitin 2000. Jay-Z mohoi akuzat n\u00eb rrjetet sociale dhe ngriti padin\u00eb, duke e quajtur at\u00eb pjes\u00eb t\u00eb nj\u00eb \u201cp\u00ebrpjekje shantazhi\u201d nga avokati i padit\u00ebsit. Avokat\u00ebt e Jay-Z nuk [&hellip;]<\/p>\n","protected":false},"author":2,"featured_media":53290,"comment_status":"closed","ping_status":"closed","sticky":false,"template":"","format":"standard","meta":{"footnotes":""},"categories":[33],"tags":[],"class_list":{"0":"post-53285","1":"post","2":"type-post","3":"status-publish","4":"format-standard","5":"has-post-thumbnail","7":"category-showbiz"},"yoast_head":"<!-- This site is optimized with the Yoast SEO plugin v27.5 - https:\/\/yoast.com\/product\/yoast-seo-wordpress\/ -->\n<title>Jay-Z dhe Diddy akuzohen p\u00ebr p\u00ebrdhunimin e nj\u00eb vajze, 13 vje\u00e7 - blogin.al<\/title>\n<meta name=\"robots\" content=\"index, follow, max-snippet:-1, max-image-preview:large, max-video-preview:-1\" \/>\n<link rel=\"canonical\" href=\"https:\/\/blogin.al\/?p=53285\" \/>\n<meta property=\"og:locale\" content=\"en_US\" \/>\n<meta property=\"og:type\" content=\"article\" \/>\n<meta property=\"og:title\" content=\"Jay-Z dhe Diddy akuzohen p\u00ebr p\u00ebrdhunimin e nj\u00eb vajze, 13 vje\u00e7 - blogin.al\" \/>\n<meta property=\"og:description\" content=\"Nj\u00eb padi e re e paraqitur n\u00eb gjykat\u00ebn federale t\u00eb diel\u00ebn pretendon se repi Jay-Z dhe Sean \u201cDiddy\u201d Combs p\u00ebrdhunuan nj\u00eb vajz\u00eb 13-vje\u00e7are gjat\u00eb nj\u00eb feste n\u00eb vitin 2000. Jay-Z mohoi akuzat n\u00eb rrjetet sociale dhe ngriti padin\u00eb, duke e quajtur at\u00eb pjes\u00eb t\u00eb nj\u00eb \u201cp\u00ebrpjekje shantazhi\u201d nga avokati i padit\u00ebsit. Avokat\u00ebt e Jay-Z nuk [&hellip;]\" \/>\n<meta property=\"og:url\" content=\"https:\/\/blogin.al\/?p=53285\" \/>\n<meta property=\"og:site_name\" content=\"blogin.al\" \/>\n<meta property=\"article:published_time\" content=\"2024-12-09T09:56:05+00:00\" \/>\n<meta property=\"article:modified_time\" content=\"2024-12-09T10:16:49+00:00\" \/>\n<meta property=\"og:image\" content=\"https:\/\/blogin.al\/wp-content\/uploads\/2024\/12\/download28329.jpeg\" \/>\n\t<meta property=\"og:image:width\" content=\"1200\" \/>\n\t<meta property=\"og:image:height\" content=\"970\" \/>\n\t<meta property=\"og:image:type\" content=\"image\/jpeg\" \/>\n<meta name=\"author\" content=\"Blogin al\" \/>\n<meta name=\"twitter:card\" content=\"summary_large_image\" \/>\n<meta name=\"twitter:label1\" content=\"Written by\" \/>\n\t<meta name=\"twitter:data1\" content=\"Blogin al\" \/>\n\t<meta name=\"twitter:label2\" content=\"Est. reading time\" \/>\n\t<meta name=\"twitter:data2\" content=\"2 minutes\" \/>\n<script type=\"application\/ld+json\" class=\"yoast-schema-graph\">{\"@context\":\"https:\\\/\\\/schema.org\",\"@graph\":[{\"@type\":\"Article\",\"@id\":\"https:\\\/\\\/blogin.al\\\/?p=53285#article\",\"isPartOf\":{\"@id\":\"https:\\\/\\\/blogin.al\\\/?p=53285\"},\"author\":{\"name\":\"Blogin al\",\"@id\":\"https:\\\/\\\/blogin.al\\\/#\\\/schema\\\/person\\\/abdd56bc912cd511db877b852b115399\"},\"headline\":\"Jay-Z dhe Diddy akuzohen p\u00ebr p\u00ebrdhunimin e nj\u00eb vajze, 13 vje\u00e7\",\"datePublished\":\"2024-12-09T09:56:05+00:00\",\"dateModified\":\"2024-12-09T10:16:49+00:00\",\"mainEntityOfPage\":{\"@id\":\"https:\\\/\\\/blogin.al\\\/?p=53285\"},\"wordCount\":292,\"publisher\":{\"@id\":\"https:\\\/\\\/blogin.al\\\/#organization\"},\"image\":{\"@id\":\"https:\\\/\\\/blogin.al\\\/?p=53285#primaryimage\"},\"thumbnailUrl\":\"https:\\\/\\\/blogin.al\\\/wp-content\\\/uploads\\\/2024\\\/12\\\/download28329.jpeg\",\"articleSection\":[\"SHOWBIZ\"],\"inLanguage\":\"en-US\"},{\"@type\":\"WebPage\",\"@id\":\"https:\\\/\\\/blogin.al\\\/?p=53285\",\"url\":\"https:\\\/\\\/blogin.al\\\/?p=53285\",\"name\":\"Jay-Z dhe Diddy akuzohen p\u00ebr p\u00ebrdhunimin e nj\u00eb vajze, 13 vje\u00e7 - blogin.al\",\"isPartOf\":{\"@id\":\"https:\\\/\\\/blogin.al\\\/#website\"},\"primaryImageOfPage\":{\"@id\":\"https:\\\/\\\/blogin.al\\\/?p=53285#primaryimage\"},\"image\":{\"@id\":\"https:\\\/\\\/blogin.al\\\/?p=53285#primaryimage\"},\"thumbnailUrl\":\"https:\\\/\\\/blogin.al\\\/wp-content\\\/uploads\\\/2024\\\/12\\\/download28329.jpeg\",\"datePublished\":\"2024-12-09T09:56:05+00:00\",\"dateModified\":\"2024-12-09T10:16:49+00:00\",\"breadcrumb\":{\"@id\":\"https:\\\/\\\/blogin.al\\\/?p=53285#breadcrumb\"},\"inLanguage\":\"en-US\",\"potentialAction\":[{\"@type\":\"ReadAction\",\"target\":[\"https:\\\/\\\/blogin.al\\\/?p=53285\"]}]},{\"@type\":\"ImageObject\",\"inLanguage\":\"en-US\",\"@id\":\"https:\\\/\\\/blogin.al\\\/?p=53285#primaryimage\",\"url\":\"https:\\\/\\\/blogin.al\\\/wp-content\\\/uploads\\\/2024\\\/12\\\/download28329.jpeg\",\"contentUrl\":\"https:\\\/\\\/blogin.al\\\/wp-content\\\/uploads\\\/2024\\\/12\\\/download28329.jpeg\",\"width\":1200,\"height\":970},{\"@type\":\"BreadcrumbList\",\"@id\":\"https:\\\/\\\/blogin.al\\\/?p=53285#breadcrumb\",\"itemListElement\":[{\"@type\":\"ListItem\",\"position\":1,\"name\":\"Home\",\"item\":\"https:\\\/\\\/blogin.al\\\/\"},{\"@type\":\"ListItem\",\"position\":2,\"name\":\"Jay-Z dhe Diddy akuzohen p\u00ebr p\u00ebrdhunimin e nj\u00eb vajze, 13 vje\u00e7\"}]},{\"@type\":\"WebSite\",\"@id\":\"https:\\\/\\\/blogin.al\\\/#website\",\"url\":\"https:\\\/\\\/blogin.al\\\/\",\"name\":\"blogin.al\",\"description\":\"\",\"publisher\":{\"@id\":\"https:\\\/\\\/blogin.al\\\/#organization\"},\"potentialAction\":[{\"@type\":\"SearchAction\",\"target\":{\"@type\":\"EntryPoint\",\"urlTemplate\":\"https:\\\/\\\/blogin.al\\\/?s={search_term_string}\"},\"query-input\":{\"@type\":\"PropertyValueSpecification\",\"valueRequired\":true,\"valueName\":\"search_term_string\"}}],\"inLanguage\":\"en-US\"},{\"@type\":\"Organization\",\"@id\":\"https:\\\/\\\/blogin.al\\\/#organization\",\"name\":\"BLOGIN.al\",\"url\":\"https:\\\/\\\/blogin.al\\\/\",\"logo\":{\"@type\":\"ImageObject\",\"inLanguage\":\"en-US\",\"@id\":\"https:\\\/\\\/blogin.al\\\/#\\\/schema\\\/logo\\\/image\\\/\",\"url\":\"https:\\\/\\\/blogin.al\\\/wp-content\\\/uploads\\\/2022\\\/05\\\/Untitled-2-01-e1652084456514.png\",\"contentUrl\":\"https:\\\/\\\/blogin.al\\\/wp-content\\\/uploads\\\/2022\\\/05\\\/Untitled-2-01-e1652084456514.png\",\"width\":3723,\"height\":1698,\"caption\":\"BLOGIN.al\"},\"image\":{\"@id\":\"https:\\\/\\\/blogin.al\\\/#\\\/schema\\\/logo\\\/image\\\/\"},\"sameAs\":[\"https:\\\/\\\/instagram.com\\\/blogin.al\\\/\"]},{\"@type\":\"Person\",\"@id\":\"https:\\\/\\\/blogin.al\\\/#\\\/schema\\\/person\\\/abdd56bc912cd511db877b852b115399\",\"name\":\"Blogin al\",\"image\":{\"@type\":\"ImageObject\",\"inLanguage\":\"en-US\",\"@id\":\"https:\\\/\\\/secure.gravatar.com\\\/avatar\\\/60d5661aee6e835fb13dc75d2204cd0c1d61bef2efd137c0083e59ef831e235e?s=96&d=mm&r=g\",\"url\":\"https:\\\/\\\/secure.gravatar.com\\\/avatar\\\/60d5661aee6e835fb13dc75d2204cd0c1d61bef2efd137c0083e59ef831e235e?s=96&d=mm&r=g\",\"contentUrl\":\"https:\\\/\\\/secure.gravatar.com\\\/avatar\\\/60d5661aee6e835fb13dc75d2204cd0c1d61bef2efd137c0083e59ef831e235e?s=96&d=mm&r=g\",\"caption\":\"Blogin al\"},\"sameAs\":[\"https:\\\/\\\/blogin.al\"],\"url\":\"https:\\\/\\\/blogin.al\\\/?author=2\"}]}<\/script>\n<!-- \/ Yoast SEO plugin. -->","yoast_head_json":{"title":"Jay-Z dhe Diddy akuzohen p\u00ebr p\u00ebrdhunimin e nj\u00eb vajze, 13 vje\u00e7 - blogin.al","robots":{"index":"index","follow":"follow","max-snippet":"max-snippet:-1","max-image-preview":"max-image-preview:large","max-video-preview":"max-video-preview:-1"},"canonical":"https:\/\/blogin.al\/?p=53285","og_locale":"en_US","og_type":"article","og_title":"Jay-Z dhe Diddy akuzohen p\u00ebr p\u00ebrdhunimin e nj\u00eb vajze, 13 vje\u00e7 - blogin.al","og_description":"Nj\u00eb padi e re e paraqitur n\u00eb gjykat\u00ebn federale t\u00eb diel\u00ebn pretendon se repi Jay-Z dhe Sean \u201cDiddy\u201d Combs p\u00ebrdhunuan nj\u00eb vajz\u00eb 13-vje\u00e7are gjat\u00eb nj\u00eb feste n\u00eb vitin 2000. Jay-Z mohoi akuzat n\u00eb rrjetet sociale dhe ngriti padin\u00eb, duke e quajtur at\u00eb pjes\u00eb t\u00eb nj\u00eb \u201cp\u00ebrpjekje shantazhi\u201d nga avokati i padit\u00ebsit. Avokat\u00ebt e Jay-Z nuk [&hellip;]","og_url":"https:\/\/blogin.al\/?p=53285","og_site_name":"blogin.al","article_published_time":"2024-12-09T09:56:05+00:00","article_modified_time":"2024-12-09T10:16:49+00:00","og_image":[{"width":1200,"height":970,"url":"https:\/\/blogin.al\/wp-content\/uploads\/2024\/12\/download28329.jpeg","type":"image\/jpeg"}],"author":"Blogin al","twitter_card":"summary_large_image","twitter_misc":{"Written by":"Blogin al","Est. reading time":"2 minutes"},"schema":{"@context":"https:\/\/schema.org","@graph":[{"@type":"Article","@id":"https:\/\/blogin.al\/?p=53285#article","isPartOf":{"@id":"https:\/\/blogin.al\/?p=53285"},"author":{"name":"Blogin al","@id":"https:\/\/blogin.al\/#\/schema\/person\/abdd56bc912cd511db877b852b115399"},"headline":"Jay-Z dhe Diddy akuzohen p\u00ebr p\u00ebrdhunimin e nj\u00eb vajze, 13 vje\u00e7","datePublished":"2024-12-09T09:56:05+00:00","dateModified":"2024-12-09T10:16:49+00:00","mainEntityOfPage":{"@id":"https:\/\/blogin.al\/?p=53285"},"wordCount":292,"publisher":{"@id":"https:\/\/blogin.al\/#organization"},"image":{"@id":"https:\/\/blogin.al\/?p=53285#primaryimage"},"thumbnailUrl":"https:\/\/blogin.al\/wp-content\/uploads\/2024\/12\/download28329.jpeg","articleSection":["SHOWBIZ"],"inLanguage":"en-US"},{"@type":"WebPage","@id":"https:\/\/blogin.al\/?p=53285","url":"https:\/\/blogin.al\/?p=53285","name":"Jay-Z dhe Diddy akuzohen p\u00ebr p\u00ebrdhunimin e nj\u00eb vajze, 13 vje\u00e7 - blogin.al","isPartOf":{"@id":"https:\/\/blogin.al\/#website"},"primaryImageOfPage":{"@id":"https:\/\/blogin.al\/?p=53285#primaryimage"},"image":{"@id":"https:\/\/blogin.al\/?p=53285#primaryimage"},"thumbnailUrl":"https:\/\/blogin.al\/wp-content\/uploads\/2024\/12\/download28329.jpeg","datePublished":"2024-12-09T09:56:05+00:00","dateModified":"2024-12-09T10:16:49+00:00","breadcrumb":{"@id":"https:\/\/blogin.al\/?p=53285#breadcrumb"},"inLanguage":"en-US","potentialAction":[{"@type":"ReadAction","target":["https:\/\/blogin.al\/?p=53285"]}]},{"@type":"ImageObject","inLanguage":"en-US","@id":"https:\/\/blogin.al\/?p=53285#primaryimage","url":"https:\/\/blogin.al\/wp-content\/uploads\/2024\/12\/download28329.jpeg","contentUrl":"https:\/\/blogin.al\/wp-content\/uploads\/2024\/12\/download28329.jpeg","width":1200,"height":970},{"@type":"BreadcrumbList","@id":"https:\/\/blogin.al\/?p=53285#breadcrumb","itemListElement":[{"@type":"ListItem","position":1,"name":"Home","item":"https:\/\/blogin.al\/"},{"@type":"ListItem","position":2,"name":"Jay-Z dhe Diddy akuzohen p\u00ebr p\u00ebrdhunimin e nj\u00eb vajze, 13 vje\u00e7"}]},{"@type":"WebSite","@id":"https:\/\/blogin.al\/#website","url":"https:\/\/blogin.al\/","name":"blogin.al","description":"","publisher":{"@id":"https:\/\/blogin.al\/#organization"},"potentialAction":[{"@type":"SearchAction","target":{"@type":"EntryPoint","urlTemplate":"https:\/\/blogin.al\/?s={search_term_string}"},"query-input":{"@type":"PropertyValueSpecification","valueRequired":true,"valueName":"search_term_string"}}],"inLanguage":"en-US"},{"@type":"Organization","@id":"https:\/\/blogin.al\/#organization","name":"BLOGIN.al","url":"https:\/\/blogin.al\/","logo":{"@type":"ImageObject","inLanguage":"en-US","@id":"https:\/\/blogin.al\/#\/schema\/logo\/image\/","url":"https:\/\/blogin.al\/wp-content\/uploads\/2022\/05\/Untitled-2-01-e1652084456514.png","contentUrl":"https:\/\/blogin.al\/wp-content\/uploads\/2022\/05\/Untitled-2-01-e1652084456514.png","width":3723,"height":1698,"caption":"BLOGIN.al"},"image":{"@id":"https:\/\/blogin.al\/#\/schema\/logo\/image\/"},"sameAs":["https:\/\/instagram.com\/blogin.al\/"]},{"@type":"Person","@id":"https:\/\/blogin.al\/#\/schema\/person\/abdd56bc912cd511db877b852b115399","name":"Blogin al","image":{"@type":"ImageObject","inLanguage":"en-US","@id":"https:\/\/secure.gravatar.com\/avatar\/60d5661aee6e835fb13dc75d2204cd0c1d61bef2efd137c0083e59ef831e235e?s=96&d=mm&r=g","url":"https:\/\/secure.gravatar.com\/avatar\/60d5661aee6e835fb13dc75d2204cd0c1d61bef2efd137c0083e59ef831e235e?s=96&d=mm&r=g","contentUrl":"https:\/\/secure.gravatar.com\/avatar\/60d5661aee6e835fb13dc75d2204cd0c1d61bef2efd137c0083e59ef831e235e?s=96&d=mm&r=g","caption":"Blogin al"},"sameAs":["https:\/\/blogin.al"],"url":"https:\/\/blogin.al\/?author=2"}]}},"_links":{"self":[{"href":"https:\/\/blogin.al\/index.php?rest_route=\/wp\/v2\/posts\/53285","targetHints":{"allow":["GET"]}}],"collection":[{"href":"https:\/\/blogin.al\/index.php?rest_route=\/wp\/v2\/posts"}],"about":[{"href":"https:\/\/blogin.al\/index.php?rest_route=\/wp\/v2\/types\/post"}],"author":[{"embeddable":true,"href":"https:\/\/blogin.al\/index.php?rest_route=\/wp\/v2\/users\/2"}],"replies":[{"embeddable":true,"href":"https:\/\/blogin.al\/index.php?rest_route=%2Fwp%2Fv2%2Fcomments&post=53285"}],"version-history":[{"count":1,"href":"https:\/\/blogin.al\/index.php?rest_route=\/wp\/v2\/posts\/53285\/revisions"}],"predecessor-version":[{"id":53286,"href":"https:\/\/blogin.al\/index.php?rest_route=\/wp\/v2\/posts\/53285\/revisions\/53286"}],"wp:featuredmedia":[{"embeddable":true,"href":"https:\/\/blogin.al\/index.php?rest_route=\/wp\/v2\/media\/53290"}],"wp:attachment":[{"href":"https:\/\/blogin.al\/index.php?rest_route=%2Fwp%2Fv2%2Fmedia&parent=53285"}],"wp:term":[{"taxonomy":"category","embeddable":true,"href":"https:\/\/blogin.al\/index.php?rest_route=%2Fwp%2Fv2%2Fcategories&post=53285"},{"taxonomy":"post_tag","embeddable":true,"href":"https:\/\/blogin.al\/index.php?rest_route=%2Fwp%2Fv2%2Ftags&post=53285"}],"curies":[{"name":"wp","href":"https:\/\/api.w.org\/{rel}","templated":true}]}}