{"id":53323,"date":"2024-12-10T11:48:18","date_gmt":"2024-12-10T11:48:18","guid":{"rendered":"https:\/\/blogin.al\/?p=53323"},"modified":"2024-12-10T11:48:20","modified_gmt":"2024-12-10T11:48:20","slug":"eni-jani-tregon-momentin-e-veshtire-me-genc-fugen-me-dha-zoti-force","status":"publish","type":"post","link":"https:\/\/blogin.al\/?p=53323","title":{"rendered":"Eni Jani tregon momentin e v\u00ebshtir\u00eb me Genc Fug\u00ebn: M\u00eb dha Zoti forc\u00eb"},"content":{"rendered":"\n<p>Aktorja Eni Jani ka rr\u00ebfyer momentet e v\u00ebshtira kur bashk\u00ebshorti i saj, Genci Fuga pari probleme sh\u00ebndet\u00ebsore.<\/p>\n\n\n\n<p>N\u00eb nj\u00eb intervist\u00eb p\u00ebr \u201cInterview\u201d n\u00eb Euronews Albania ajo ka treguar se Zoti i ka dh\u00ebn\u00eb forc\u00eb p\u00ebr ta p\u00ebrballuar at\u00eb v\u00ebshtir\u00ebsi. Po ashtu ajo \u00ebsht\u00eb shprehur se gjat\u00eb gjith\u00eb koh\u00ebs i fliste Gencit, q\u00eb ai t\u00eb d\u00ebgjonte z\u00ebrin e saj.<\/p>\n\n\n\n<p>\u201cI kam marr gj\u00ebrat hap pas hapi. Jam p\u00ebrpjekur t\u00eb ruaj qet\u00ebsin\u00eb dhe mendoj se e kam ruajtur ashtu si duhet. Nuk kam qen\u00eb problematike p\u00ebr mjek\u00ebt, kam ruajtur qet\u00ebsin\u00eb edhe te ata, se un\u00eb nuk doja t\u00eb m\u00eb qet\u00ebsonin mua, un\u00eb doja t\u00eb kuptoja. Ishte shok shum\u00eb i madh.<\/p>\n\n\n\n<p>N\u00eb momentin q\u00eb un\u00eb jam takuar me mjek\u00ebt pas nd\u00ebrhyrjes kisha kaluar nj\u00eb dit\u00eb t\u00eb t\u00ebr\u00eb pran\u00eb Gencit, q\u00eb Genci her\u00eb ishte e her\u00eb nuk ishte. Dhe un\u00eb mendoja q\u00eb duhet ti flisja q\u00eb ai t\u00eb d\u00ebgjonte gjith\u00eb koh\u00ebn z\u00ebrin tim, nga ora 11 e paradites deri n\u00eb or\u00ebn 10 t\u00eb mbr\u00ebmjes, un\u00eb vet\u00ebm i flisja. Kur ai m\u00eb shikonte lumturohesha.<\/p>\n\n\n\n<p>Kur e vum\u00eb te skaneri, un\u00eb i shpjegoja \u00e7do gj\u00eb, gjat\u00eb gjith\u00eb koh\u00ebs nuk i jam ndar\u00eb, sepse doja t\u00eb isha gjith\u00eb koh\u00ebn me t\u00eb. Un\u00eb jam shum\u00eb e ndjeshme si natyr\u00eb, por n\u00eb situata t\u00eb tilla m\u00eb jep Zoti forc\u00eb\u201d,-tha Eni Jani.<\/p>\n\n\n\n<p>Kujtojm\u00eb q\u00eb vera e 2023-shit ishte e v\u00ebshtir\u00eb p\u00ebr aktorin, i cili pati probleme sh\u00ebndet\u00ebsore dhe ju n\u00ebnshtrua j\u00eb nd\u00ebrhyrje kirurgjikale t\u00eb v\u00ebshtir\u00eb pas nj\u00eb ishemie n\u00eb tru.<\/p>\n","protected":false},"excerpt":{"rendered":"<p>Aktorja Eni Jani ka rr\u00ebfyer momentet e v\u00ebshtira kur bashk\u00ebshorti i saj, Genci Fuga pari probleme sh\u00ebndet\u00ebsore. N\u00eb nj\u00eb intervist\u00eb p\u00ebr \u201cInterview\u201d n\u00eb Euronews Albania ajo ka treguar se Zoti i ka dh\u00ebn\u00eb forc\u00eb p\u00ebr ta p\u00ebrballuar at\u00eb v\u00ebshtir\u00ebsi. Po ashtu ajo \u00ebsht\u00eb shprehur se gjat\u00eb gjith\u00eb koh\u00ebs i fliste Gencit, q\u00eb ai t\u00eb d\u00ebgjonte [&hellip;]<\/p>\n","protected":false},"author":2,"featured_media":35229,"comment_status":"closed","ping_status":"closed","sticky":false,"template":"","format":"standard","meta":{"footnotes":""},"categories":[33],"tags":[],"class_list":{"0":"post-53323","1":"post","2":"type-post","3":"status-publish","4":"format-standard","5":"has-post-thumbnail","7":"category-showbiz"},"yoast_head":"<!-- This site is optimized with the Yoast SEO plugin v27.5 - https:\/\/yoast.com\/product\/yoast-seo-wordpress\/ -->\n<title>Eni Jani tregon momentin e v\u00ebshtir\u00eb me Genc Fug\u00ebn: M\u00eb dha Zoti forc\u00eb - blogin.al<\/title>\n<meta name=\"robots\" content=\"index, follow, max-snippet:-1, max-image-preview:large, max-video-preview:-1\" \/>\n<link rel=\"canonical\" href=\"https:\/\/blogin.al\/?p=53323\" \/>\n<meta property=\"og:locale\" content=\"en_US\" \/>\n<meta property=\"og:type\" content=\"article\" \/>\n<meta property=\"og:title\" content=\"Eni Jani tregon momentin e v\u00ebshtir\u00eb me Genc Fug\u00ebn: M\u00eb dha Zoti forc\u00eb - blogin.al\" \/>\n<meta property=\"og:description\" content=\"Aktorja Eni Jani ka rr\u00ebfyer momentet e v\u00ebshtira kur bashk\u00ebshorti i saj, Genci Fuga pari probleme sh\u00ebndet\u00ebsore. N\u00eb nj\u00eb intervist\u00eb p\u00ebr \u201cInterview\u201d n\u00eb Euronews Albania ajo ka treguar se Zoti i ka dh\u00ebn\u00eb forc\u00eb p\u00ebr ta p\u00ebrballuar at\u00eb v\u00ebshtir\u00ebsi. Po ashtu ajo \u00ebsht\u00eb shprehur se gjat\u00eb gjith\u00eb koh\u00ebs i fliste Gencit, q\u00eb ai t\u00eb d\u00ebgjonte [&hellip;]\" \/>\n<meta property=\"og:url\" content=\"https:\/\/blogin.al\/?p=53323\" \/>\n<meta property=\"og:site_name\" content=\"blogin.al\" \/>\n<meta property=\"article:published_time\" content=\"2024-12-10T11:48:18+00:00\" \/>\n<meta property=\"article:modified_time\" content=\"2024-12-10T11:48:20+00:00\" \/>\n<meta property=\"og:image\" content=\"https:\/\/blogin.al\/wp-content\/uploads\/2023\/08\/genc-fuga-eni.jpg\" \/>\n\t<meta property=\"og:image:width\" content=\"940\" \/>\n\t<meta property=\"og:image:height\" content=\"571\" \/>\n\t<meta property=\"og:image:type\" content=\"image\/jpeg\" \/>\n<meta name=\"author\" content=\"Blogin al\" \/>\n<meta name=\"twitter:card\" content=\"summary_large_image\" \/>\n<meta name=\"twitter:label1\" content=\"Written by\" \/>\n\t<meta name=\"twitter:data1\" content=\"Blogin al\" \/>\n\t<meta name=\"twitter:label2\" content=\"Est. reading time\" \/>\n\t<meta name=\"twitter:data2\" content=\"2 minutes\" \/>\n<script type=\"application\/ld+json\" class=\"yoast-schema-graph\">{\"@context\":\"https:\\\/\\\/schema.org\",\"@graph\":[{\"@type\":\"Article\",\"@id\":\"https:\\\/\\\/blogin.al\\\/?p=53323#article\",\"isPartOf\":{\"@id\":\"https:\\\/\\\/blogin.al\\\/?p=53323\"},\"author\":{\"name\":\"Blogin al\",\"@id\":\"https:\\\/\\\/blogin.al\\\/#\\\/schema\\\/person\\\/abdd56bc912cd511db877b852b115399\"},\"headline\":\"Eni Jani tregon momentin e v\u00ebshtir\u00eb me Genc Fug\u00ebn: M\u00eb dha Zoti forc\u00eb\",\"datePublished\":\"2024-12-10T11:48:18+00:00\",\"dateModified\":\"2024-12-10T11:48:20+00:00\",\"mainEntityOfPage\":{\"@id\":\"https:\\\/\\\/blogin.al\\\/?p=53323\"},\"wordCount\":293,\"publisher\":{\"@id\":\"https:\\\/\\\/blogin.al\\\/#organization\"},\"image\":{\"@id\":\"https:\\\/\\\/blogin.al\\\/?p=53323#primaryimage\"},\"thumbnailUrl\":\"https:\\\/\\\/blogin.al\\\/wp-content\\\/uploads\\\/2023\\\/08\\\/genc-fuga-eni.jpg\",\"articleSection\":[\"SHOWBIZ\"],\"inLanguage\":\"en-US\"},{\"@type\":\"WebPage\",\"@id\":\"https:\\\/\\\/blogin.al\\\/?p=53323\",\"url\":\"https:\\\/\\\/blogin.al\\\/?p=53323\",\"name\":\"Eni Jani tregon momentin e v\u00ebshtir\u00eb me Genc Fug\u00ebn: M\u00eb dha Zoti forc\u00eb - blogin.al\",\"isPartOf\":{\"@id\":\"https:\\\/\\\/blogin.al\\\/#website\"},\"primaryImageOfPage\":{\"@id\":\"https:\\\/\\\/blogin.al\\\/?p=53323#primaryimage\"},\"image\":{\"@id\":\"https:\\\/\\\/blogin.al\\\/?p=53323#primaryimage\"},\"thumbnailUrl\":\"https:\\\/\\\/blogin.al\\\/wp-content\\\/uploads\\\/2023\\\/08\\\/genc-fuga-eni.jpg\",\"datePublished\":\"2024-12-10T11:48:18+00:00\",\"dateModified\":\"2024-12-10T11:48:20+00:00\",\"breadcrumb\":{\"@id\":\"https:\\\/\\\/blogin.al\\\/?p=53323#breadcrumb\"},\"inLanguage\":\"en-US\",\"potentialAction\":[{\"@type\":\"ReadAction\",\"target\":[\"https:\\\/\\\/blogin.al\\\/?p=53323\"]}]},{\"@type\":\"ImageObject\",\"inLanguage\":\"en-US\",\"@id\":\"https:\\\/\\\/blogin.al\\\/?p=53323#primaryimage\",\"url\":\"https:\\\/\\\/blogin.al\\\/wp-content\\\/uploads\\\/2023\\\/08\\\/genc-fuga-eni.jpg\",\"contentUrl\":\"https:\\\/\\\/blogin.al\\\/wp-content\\\/uploads\\\/2023\\\/08\\\/genc-fuga-eni.jpg\",\"width\":940,\"height\":571},{\"@type\":\"BreadcrumbList\",\"@id\":\"https:\\\/\\\/blogin.al\\\/?p=53323#breadcrumb\",\"itemListElement\":[{\"@type\":\"ListItem\",\"position\":1,\"name\":\"Home\",\"item\":\"https:\\\/\\\/blogin.al\\\/\"},{\"@type\":\"ListItem\",\"position\":2,\"name\":\"Eni Jani tregon momentin e v\u00ebshtir\u00eb me Genc Fug\u00ebn: M\u00eb dha Zoti forc\u00eb\"}]},{\"@type\":\"WebSite\",\"@id\":\"https:\\\/\\\/blogin.al\\\/#website\",\"url\":\"https:\\\/\\\/blogin.al\\\/\",\"name\":\"blogin.al\",\"description\":\"\",\"publisher\":{\"@id\":\"https:\\\/\\\/blogin.al\\\/#organization\"},\"potentialAction\":[{\"@type\":\"SearchAction\",\"target\":{\"@type\":\"EntryPoint\",\"urlTemplate\":\"https:\\\/\\\/blogin.al\\\/?s={search_term_string}\"},\"query-input\":{\"@type\":\"PropertyValueSpecification\",\"valueRequired\":true,\"valueName\":\"search_term_string\"}}],\"inLanguage\":\"en-US\"},{\"@type\":\"Organization\",\"@id\":\"https:\\\/\\\/blogin.al\\\/#organization\",\"name\":\"BLOGIN.al\",\"url\":\"https:\\\/\\\/blogin.al\\\/\",\"logo\":{\"@type\":\"ImageObject\",\"inLanguage\":\"en-US\",\"@id\":\"https:\\\/\\\/blogin.al\\\/#\\\/schema\\\/logo\\\/image\\\/\",\"url\":\"https:\\\/\\\/blogin.al\\\/wp-content\\\/uploads\\\/2022\\\/05\\\/Untitled-2-01-e1652084456514.png\",\"contentUrl\":\"https:\\\/\\\/blogin.al\\\/wp-content\\\/uploads\\\/2022\\\/05\\\/Untitled-2-01-e1652084456514.png\",\"width\":3723,\"height\":1698,\"caption\":\"BLOGIN.al\"},\"image\":{\"@id\":\"https:\\\/\\\/blogin.al\\\/#\\\/schema\\\/logo\\\/image\\\/\"},\"sameAs\":[\"https:\\\/\\\/instagram.com\\\/blogin.al\\\/\"]},{\"@type\":\"Person\",\"@id\":\"https:\\\/\\\/blogin.al\\\/#\\\/schema\\\/person\\\/abdd56bc912cd511db877b852b115399\",\"name\":\"Blogin al\",\"image\":{\"@type\":\"ImageObject\",\"inLanguage\":\"en-US\",\"@id\":\"https:\\\/\\\/secure.gravatar.com\\\/avatar\\\/60d5661aee6e835fb13dc75d2204cd0c1d61bef2efd137c0083e59ef831e235e?s=96&d=mm&r=g\",\"url\":\"https:\\\/\\\/secure.gravatar.com\\\/avatar\\\/60d5661aee6e835fb13dc75d2204cd0c1d61bef2efd137c0083e59ef831e235e?s=96&d=mm&r=g\",\"contentUrl\":\"https:\\\/\\\/secure.gravatar.com\\\/avatar\\\/60d5661aee6e835fb13dc75d2204cd0c1d61bef2efd137c0083e59ef831e235e?s=96&d=mm&r=g\",\"caption\":\"Blogin al\"},\"sameAs\":[\"https:\\\/\\\/blogin.al\"],\"url\":\"https:\\\/\\\/blogin.al\\\/?author=2\"}]}<\/script>\n<!-- \/ Yoast SEO plugin. -->","yoast_head_json":{"title":"Eni Jani tregon momentin e v\u00ebshtir\u00eb me Genc Fug\u00ebn: M\u00eb dha Zoti forc\u00eb - blogin.al","robots":{"index":"index","follow":"follow","max-snippet":"max-snippet:-1","max-image-preview":"max-image-preview:large","max-video-preview":"max-video-preview:-1"},"canonical":"https:\/\/blogin.al\/?p=53323","og_locale":"en_US","og_type":"article","og_title":"Eni Jani tregon momentin e v\u00ebshtir\u00eb me Genc Fug\u00ebn: M\u00eb dha Zoti forc\u00eb - blogin.al","og_description":"Aktorja Eni Jani ka rr\u00ebfyer momentet e v\u00ebshtira kur bashk\u00ebshorti i saj, Genci Fuga pari probleme sh\u00ebndet\u00ebsore. N\u00eb nj\u00eb intervist\u00eb p\u00ebr \u201cInterview\u201d n\u00eb Euronews Albania ajo ka treguar se Zoti i ka dh\u00ebn\u00eb forc\u00eb p\u00ebr ta p\u00ebrballuar at\u00eb v\u00ebshtir\u00ebsi. Po ashtu ajo \u00ebsht\u00eb shprehur se gjat\u00eb gjith\u00eb koh\u00ebs i fliste Gencit, q\u00eb ai t\u00eb d\u00ebgjonte [&hellip;]","og_url":"https:\/\/blogin.al\/?p=53323","og_site_name":"blogin.al","article_published_time":"2024-12-10T11:48:18+00:00","article_modified_time":"2024-12-10T11:48:20+00:00","og_image":[{"width":940,"height":571,"url":"https:\/\/blogin.al\/wp-content\/uploads\/2023\/08\/genc-fuga-eni.jpg","type":"image\/jpeg"}],"author":"Blogin al","twitter_card":"summary_large_image","twitter_misc":{"Written by":"Blogin al","Est. reading time":"2 minutes"},"schema":{"@context":"https:\/\/schema.org","@graph":[{"@type":"Article","@id":"https:\/\/blogin.al\/?p=53323#article","isPartOf":{"@id":"https:\/\/blogin.al\/?p=53323"},"author":{"name":"Blogin al","@id":"https:\/\/blogin.al\/#\/schema\/person\/abdd56bc912cd511db877b852b115399"},"headline":"Eni Jani tregon momentin e v\u00ebshtir\u00eb me Genc Fug\u00ebn: M\u00eb dha Zoti forc\u00eb","datePublished":"2024-12-10T11:48:18+00:00","dateModified":"2024-12-10T11:48:20+00:00","mainEntityOfPage":{"@id":"https:\/\/blogin.al\/?p=53323"},"wordCount":293,"publisher":{"@id":"https:\/\/blogin.al\/#organization"},"image":{"@id":"https:\/\/blogin.al\/?p=53323#primaryimage"},"thumbnailUrl":"https:\/\/blogin.al\/wp-content\/uploads\/2023\/08\/genc-fuga-eni.jpg","articleSection":["SHOWBIZ"],"inLanguage":"en-US"},{"@type":"WebPage","@id":"https:\/\/blogin.al\/?p=53323","url":"https:\/\/blogin.al\/?p=53323","name":"Eni Jani tregon momentin e v\u00ebshtir\u00eb me Genc Fug\u00ebn: M\u00eb dha Zoti forc\u00eb - blogin.al","isPartOf":{"@id":"https:\/\/blogin.al\/#website"},"primaryImageOfPage":{"@id":"https:\/\/blogin.al\/?p=53323#primaryimage"},"image":{"@id":"https:\/\/blogin.al\/?p=53323#primaryimage"},"thumbnailUrl":"https:\/\/blogin.al\/wp-content\/uploads\/2023\/08\/genc-fuga-eni.jpg","datePublished":"2024-12-10T11:48:18+00:00","dateModified":"2024-12-10T11:48:20+00:00","breadcrumb":{"@id":"https:\/\/blogin.al\/?p=53323#breadcrumb"},"inLanguage":"en-US","potentialAction":[{"@type":"ReadAction","target":["https:\/\/blogin.al\/?p=53323"]}]},{"@type":"ImageObject","inLanguage":"en-US","@id":"https:\/\/blogin.al\/?p=53323#primaryimage","url":"https:\/\/blogin.al\/wp-content\/uploads\/2023\/08\/genc-fuga-eni.jpg","contentUrl":"https:\/\/blogin.al\/wp-content\/uploads\/2023\/08\/genc-fuga-eni.jpg","width":940,"height":571},{"@type":"BreadcrumbList","@id":"https:\/\/blogin.al\/?p=53323#breadcrumb","itemListElement":[{"@type":"ListItem","position":1,"name":"Home","item":"https:\/\/blogin.al\/"},{"@type":"ListItem","position":2,"name":"Eni Jani tregon momentin e v\u00ebshtir\u00eb me Genc Fug\u00ebn: M\u00eb dha Zoti forc\u00eb"}]},{"@type":"WebSite","@id":"https:\/\/blogin.al\/#website","url":"https:\/\/blogin.al\/","name":"blogin.al","description":"","publisher":{"@id":"https:\/\/blogin.al\/#organization"},"potentialAction":[{"@type":"SearchAction","target":{"@type":"EntryPoint","urlTemplate":"https:\/\/blogin.al\/?s={search_term_string}"},"query-input":{"@type":"PropertyValueSpecification","valueRequired":true,"valueName":"search_term_string"}}],"inLanguage":"en-US"},{"@type":"Organization","@id":"https:\/\/blogin.al\/#organization","name":"BLOGIN.al","url":"https:\/\/blogin.al\/","logo":{"@type":"ImageObject","inLanguage":"en-US","@id":"https:\/\/blogin.al\/#\/schema\/logo\/image\/","url":"https:\/\/blogin.al\/wp-content\/uploads\/2022\/05\/Untitled-2-01-e1652084456514.png","contentUrl":"https:\/\/blogin.al\/wp-content\/uploads\/2022\/05\/Untitled-2-01-e1652084456514.png","width":3723,"height":1698,"caption":"BLOGIN.al"},"image":{"@id":"https:\/\/blogin.al\/#\/schema\/logo\/image\/"},"sameAs":["https:\/\/instagram.com\/blogin.al\/"]},{"@type":"Person","@id":"https:\/\/blogin.al\/#\/schema\/person\/abdd56bc912cd511db877b852b115399","name":"Blogin al","image":{"@type":"ImageObject","inLanguage":"en-US","@id":"https:\/\/secure.gravatar.com\/avatar\/60d5661aee6e835fb13dc75d2204cd0c1d61bef2efd137c0083e59ef831e235e?s=96&d=mm&r=g","url":"https:\/\/secure.gravatar.com\/avatar\/60d5661aee6e835fb13dc75d2204cd0c1d61bef2efd137c0083e59ef831e235e?s=96&d=mm&r=g","contentUrl":"https:\/\/secure.gravatar.com\/avatar\/60d5661aee6e835fb13dc75d2204cd0c1d61bef2efd137c0083e59ef831e235e?s=96&d=mm&r=g","caption":"Blogin al"},"sameAs":["https:\/\/blogin.al"],"url":"https:\/\/blogin.al\/?author=2"}]}},"_links":{"self":[{"href":"https:\/\/blogin.al\/index.php?rest_route=\/wp\/v2\/posts\/53323","targetHints":{"allow":["GET"]}}],"collection":[{"href":"https:\/\/blogin.al\/index.php?rest_route=\/wp\/v2\/posts"}],"about":[{"href":"https:\/\/blogin.al\/index.php?rest_route=\/wp\/v2\/types\/post"}],"author":[{"embeddable":true,"href":"https:\/\/blogin.al\/index.php?rest_route=\/wp\/v2\/users\/2"}],"replies":[{"embeddable":true,"href":"https:\/\/blogin.al\/index.php?rest_route=%2Fwp%2Fv2%2Fcomments&post=53323"}],"version-history":[{"count":1,"href":"https:\/\/blogin.al\/index.php?rest_route=\/wp\/v2\/posts\/53323\/revisions"}],"predecessor-version":[{"id":53324,"href":"https:\/\/blogin.al\/index.php?rest_route=\/wp\/v2\/posts\/53323\/revisions\/53324"}],"wp:featuredmedia":[{"embeddable":true,"href":"https:\/\/blogin.al\/index.php?rest_route=\/wp\/v2\/media\/35229"}],"wp:attachment":[{"href":"https:\/\/blogin.al\/index.php?rest_route=%2Fwp%2Fv2%2Fmedia&parent=53323"}],"wp:term":[{"taxonomy":"category","embeddable":true,"href":"https:\/\/blogin.al\/index.php?rest_route=%2Fwp%2Fv2%2Fcategories&post=53323"},{"taxonomy":"post_tag","embeddable":true,"href":"https:\/\/blogin.al\/index.php?rest_route=%2Fwp%2Fv2%2Ftags&post=53323"}],"curies":[{"name":"wp","href":"https:\/\/api.w.org\/{rel}","templated":true}]}}